{"id":3782,"date":"2022-10-09T11:35:50","date_gmt":"2022-10-09T09:35:50","guid":{"rendered":"https:\/\/hierostrasbourg.com\/index.php\/2022\/10\/09\/ladamirenforce-son-soutien-direct-aux-artistes-2\/"},"modified":"2022-10-09T11:35:50","modified_gmt":"2022-10-09T09:35:50","slug":"ladamirenforce-son-soutien-direct-aux-artistes-2","status":"publish","type":"post","link":"https:\/\/hierostrasbourg.com\/index.php\/2022\/10\/09\/ladamirenforce-son-soutien-direct-aux-artistes-2\/","title":{"rendered":"L\u2019ADAMIrenforce son soutien direct aux artistes"},"content":{"rendered":"<p><a href=\"https:\/\/musiquesactuelles.alsace\/ladamirenforce-son-soutien-direct-aux-artistes\/\" title=\"L\u2019ADAMIrenforce son soutien direct aux artistes\"><\/a><\/p>\n<p>communiqu\u00e9 Notre soutien direct aux artistes Face au succ\u00e8s rencontr\u00e9 par le dispositif \u00ab\u2009D\u00e9clencheur projet th\u00e9\u00e2tre\u2009\u00bb et pour faire \u00e9cho \u00e0 vos sollicitations, l\u2019Adami compl\u00e8te sa palette d\u2019aides destin\u00e9es aux artistes-interpr\u00e8tes. C\u00f4t\u00e9 cour, des programmes \u00e9labor\u00e9s pour vous accompagner tout au long de votre carri\u00e8re voient ainsi le jour. Mais ce n\u2019est pas tout. C\u00f4t\u00e9 jardin, de nouvelles aides aux projets port\u00e9s par des artistes entrent \u00e9galement dans la danse.\u00a0Tour d\u2019horizon de ces nouvelles opportunit\u00e9s \u00e0 saisir sans attendre. \ufeff [\u2026]<\/p>\n<p>L\u2019article <a href=\"https:\/\/musiquesactuelles.alsace\/ladamirenforce-son-soutien-direct-aux-artistes\/\">L\u2019ADAMIrenforce son soutien direct aux artistes<\/a> est apparu en premier sur <a href=\"https:\/\/musiquesactuelles.alsace\/\">Musiques Actuelles en Alsace<\/a>.<\/p>\n<p>L\u2019article <a href=\"https:\/\/popburo.fr\/ladamirenforce-son-soutien-direct-aux-artistes-2\/\">L\u2019ADAMIrenforce son soutien direct aux artistes<\/a> est apparu en premier sur <a href=\"https:\/\/popburo.fr\/\">POP B\u00dcRO<\/a>.<\/p>\n","protected":false},"excerpt":{"rendered":"<p>communiqu\u00e9 Notre soutien direct aux artistes Face au succ\u00e8s rencontr\u00e9 par le dispositif \u00ab\u2009D\u00e9clencheur projet th\u00e9\u00e2tre\u2009\u00bb et pour faire \u00e9cho \u00e0 vos sollicitations, l\u2019Adami compl\u00e8te sa palette d\u2019aides destin\u00e9es aux artistes-interpr\u00e8tes. C\u00f4t\u00e9 cour, des programmes \u00e9labor\u00e9s pour vous accompagner tout au long de votre carri\u00e8re voient ainsi le jour. Mais ce n\u2019est pas tout. C\u00f4t\u00e9 jardin, de nouvelles aides aux projets port\u00e9s par des artistes entrent \u00e9galement dans la danse.\u00a0Tour d\u2019horizon de ces nouvelles opportunit\u00e9s \u00e0 saisir sans attendre. \ufeff [&hellip;]<\/p>\n","protected":false},"author":0,"featured_media":0,"comment_status":"closed","ping_status":"open","sticky":false,"template":"","format":"standard","meta":{"footnotes":""},"categories":[1],"tags":[],"class_list":["post-3782","post","type-post","status-publish","format-standard","hentry","category-non-classe"],"yoast_head":"<!-- This site is optimized with the Yoast SEO plugin v27.5 - https:\/\/yoast.com\/product\/yoast-seo-wordpress\/ -->\n<title>L\u2019ADAMIrenforce son soutien direct aux artistes - HIERO STRASBOURG<\/title>\n<meta name=\"robots\" content=\"index, follow, max-snippet:-1, max-image-preview:large, max-video-preview:-1\" \/>\n<link rel=\"canonical\" href=\"https:\/\/hierostrasbourg.com\/index.php\/2022\/10\/09\/ladamirenforce-son-soutien-direct-aux-artistes-2\/\" \/>\n<meta property=\"og:locale\" content=\"fr_FR\" \/>\n<meta property=\"og:type\" content=\"article\" \/>\n<meta property=\"og:title\" content=\"L\u2019ADAMIrenforce son soutien direct aux artistes - HIERO STRASBOURG\" \/>\n<meta property=\"og:description\" content=\"communiqu\u00e9 Notre soutien direct aux artistes Face au succ\u00e8s rencontr\u00e9 par le dispositif \u00ab\u2009D\u00e9clencheur projet th\u00e9\u00e2tre\u2009\u00bb et pour faire \u00e9cho \u00e0 vos sollicitations, l\u2019Adami compl\u00e8te sa palette d\u2019aides destin\u00e9es aux artistes-interpr\u00e8tes. C\u00f4t\u00e9 cour, des programmes \u00e9labor\u00e9s pour vous accompagner tout au long de votre carri\u00e8re voient ainsi le jour. Mais ce n\u2019est pas tout. C\u00f4t\u00e9 jardin, de nouvelles aides aux projets port\u00e9s par des artistes entrent \u00e9galement dans la danse.\u00a0Tour d\u2019horizon de ces nouvelles opportunit\u00e9s \u00e0 saisir sans attendre. \ufeff [&hellip;]\" \/>\n<meta property=\"og:url\" content=\"https:\/\/hierostrasbourg.com\/index.php\/2022\/10\/09\/ladamirenforce-son-soutien-direct-aux-artistes-2\/\" \/>\n<meta property=\"og:site_name\" content=\"HIERO STRASBOURG\" \/>\n<meta property=\"article:publisher\" content=\"https:\/\/www.facebook.com\/fedehierostrasbourg\" \/>\n<meta property=\"article:published_time\" content=\"2022-10-09T09:35:50+00:00\" \/>\n<meta name=\"twitter:card\" content=\"summary_large_image\" \/>\n<meta name=\"twitter:creator\" content=\"@hierostrasbourg\" \/>\n<meta name=\"twitter:site\" content=\"@hierostrasbourg\" \/>\n<meta name=\"twitter:label1\" content=\"Dur\u00e9e de lecture estim\u00e9e\" \/>\n\t<meta name=\"twitter:data1\" content=\"1 minute\" \/>\n<script type=\"application\/ld+json\" class=\"yoast-schema-graph\">{\"@context\":\"https:\\\/\\\/schema.org\",\"@graph\":[{\"@type\":\"Article\",\"@id\":\"https:\\\/\\\/hierostrasbourg.com\\\/index.php\\\/2022\\\/10\\\/09\\\/ladamirenforce-son-soutien-direct-aux-artistes-2\\\/#article\",\"isPartOf\":{\"@id\":\"https:\\\/\\\/hierostrasbourg.com\\\/index.php\\\/2022\\\/10\\\/09\\\/ladamirenforce-son-soutien-direct-aux-artistes-2\\\/\"},\"author\":{\"name\":\"\",\"@id\":\"\"},\"headline\":\"L\u2019ADAMIrenforce son soutien direct aux artistes\",\"datePublished\":\"2022-10-09T09:35:50+00:00\",\"mainEntityOfPage\":{\"@id\":\"https:\\\/\\\/hierostrasbourg.com\\\/index.php\\\/2022\\\/10\\\/09\\\/ladamirenforce-son-soutien-direct-aux-artistes-2\\\/\"},\"wordCount\":136,\"publisher\":{\"@id\":\"https:\\\/\\\/hierostrasbourg.com\\\/#organization\"},\"inLanguage\":\"fr-FR\"},{\"@type\":\"WebPage\",\"@id\":\"https:\\\/\\\/hierostrasbourg.com\\\/index.php\\\/2022\\\/10\\\/09\\\/ladamirenforce-son-soutien-direct-aux-artistes-2\\\/\",\"url\":\"https:\\\/\\\/hierostrasbourg.com\\\/index.php\\\/2022\\\/10\\\/09\\\/ladamirenforce-son-soutien-direct-aux-artistes-2\\\/\",\"name\":\"L\u2019ADAMIrenforce son soutien direct aux artistes - HIERO STRASBOURG\",\"isPartOf\":{\"@id\":\"https:\\\/\\\/hierostrasbourg.com\\\/#website\"},\"datePublished\":\"2022-10-09T09:35:50+00:00\",\"breadcrumb\":{\"@id\":\"https:\\\/\\\/hierostrasbourg.com\\\/index.php\\\/2022\\\/10\\\/09\\\/ladamirenforce-son-soutien-direct-aux-artistes-2\\\/#breadcrumb\"},\"inLanguage\":\"fr-FR\",\"potentialAction\":[{\"@type\":\"ReadAction\",\"target\":[\"https:\\\/\\\/hierostrasbourg.com\\\/index.php\\\/2022\\\/10\\\/09\\\/ladamirenforce-son-soutien-direct-aux-artistes-2\\\/\"]}]},{\"@type\":\"BreadcrumbList\",\"@id\":\"https:\\\/\\\/hierostrasbourg.com\\\/index.php\\\/2022\\\/10\\\/09\\\/ladamirenforce-son-soutien-direct-aux-artistes-2\\\/#breadcrumb\",\"itemListElement\":[{\"@type\":\"ListItem\",\"position\":1,\"name\":\"Accueil\",\"item\":\"https:\\\/\\\/hierostrasbourg.com\\\/\"},{\"@type\":\"ListItem\",\"position\":2,\"name\":\"L\u2019ADAMIrenforce son soutien direct aux artistes\"}]},{\"@type\":\"WebSite\",\"@id\":\"https:\\\/\\\/hierostrasbourg.com\\\/#website\",\"url\":\"https:\\\/\\\/hierostrasbourg.com\\\/\",\"name\":\"HIERO STRASBOURG\",\"description\":\"Centre de Ressources Musiques Actuelles\",\"publisher\":{\"@id\":\"https:\\\/\\\/hierostrasbourg.com\\\/#organization\"},\"potentialAction\":[{\"@type\":\"SearchAction\",\"target\":{\"@type\":\"EntryPoint\",\"urlTemplate\":\"https:\\\/\\\/hierostrasbourg.com\\\/?s={search_term_string}\"},\"query-input\":{\"@type\":\"PropertyValueSpecification\",\"valueRequired\":true,\"valueName\":\"search_term_string\"}}],\"inLanguage\":\"fr-FR\"},{\"@type\":\"Organization\",\"@id\":\"https:\\\/\\\/hierostrasbourg.com\\\/#organization\",\"name\":\"F\u00e9d\u00e9ration Hi\u00e9ro Strasbourg\",\"url\":\"https:\\\/\\\/hierostrasbourg.com\\\/\",\"logo\":{\"@type\":\"ImageObject\",\"inLanguage\":\"fr-FR\",\"@id\":\"https:\\\/\\\/hierostrasbourg.com\\\/#\\\/schema\\\/logo\\\/image\\\/\",\"url\":\"https:\\\/\\\/hierostrasbourg.com\\\/wp-content\\\/uploads\\\/2026\\\/04\\\/logo-hiero-strasbourg.jpg\",\"contentUrl\":\"https:\\\/\\\/hierostrasbourg.com\\\/wp-content\\\/uploads\\\/2026\\\/04\\\/logo-hiero-strasbourg.jpg\",\"width\":204,\"height\":192,\"caption\":\"F\u00e9d\u00e9ration Hi\u00e9ro Strasbourg\"},\"image\":{\"@id\":\"https:\\\/\\\/hierostrasbourg.com\\\/#\\\/schema\\\/logo\\\/image\\\/\"},\"sameAs\":[\"https:\\\/\\\/www.facebook.com\\\/fedehierostrasbourg\",\"https:\\\/\\\/x.com\\\/hierostrasbourg\"]}]}<\/script>\n<!-- \/ Yoast SEO plugin. -->","yoast_head_json":{"title":"L\u2019ADAMIrenforce son soutien direct aux artistes - HIERO STRASBOURG","robots":{"index":"index","follow":"follow","max-snippet":"max-snippet:-1","max-image-preview":"max-image-preview:large","max-video-preview":"max-video-preview:-1"},"canonical":"https:\/\/hierostrasbourg.com\/index.php\/2022\/10\/09\/ladamirenforce-son-soutien-direct-aux-artistes-2\/","og_locale":"fr_FR","og_type":"article","og_title":"L\u2019ADAMIrenforce son soutien direct aux artistes - HIERO STRASBOURG","og_description":"communiqu\u00e9 Notre soutien direct aux artistes Face au succ\u00e8s rencontr\u00e9 par le dispositif \u00ab\u2009D\u00e9clencheur projet th\u00e9\u00e2tre\u2009\u00bb et pour faire \u00e9cho \u00e0 vos sollicitations, l\u2019Adami compl\u00e8te sa palette d\u2019aides destin\u00e9es aux artistes-interpr\u00e8tes. C\u00f4t\u00e9 cour, des programmes \u00e9labor\u00e9s pour vous accompagner tout au long de votre carri\u00e8re voient ainsi le jour. Mais ce n\u2019est pas tout. C\u00f4t\u00e9 jardin, de nouvelles aides aux projets port\u00e9s par des artistes entrent \u00e9galement dans la danse.\u00a0Tour d\u2019horizon de ces nouvelles opportunit\u00e9s \u00e0 saisir sans attendre. \ufeff [&hellip;]","og_url":"https:\/\/hierostrasbourg.com\/index.php\/2022\/10\/09\/ladamirenforce-son-soutien-direct-aux-artistes-2\/","og_site_name":"HIERO STRASBOURG","article_publisher":"https:\/\/www.facebook.com\/fedehierostrasbourg","article_published_time":"2022-10-09T09:35:50+00:00","twitter_card":"summary_large_image","twitter_creator":"@hierostrasbourg","twitter_site":"@hierostrasbourg","twitter_misc":{"Dur\u00e9e de lecture estim\u00e9e":"1 minute"},"schema":{"@context":"https:\/\/schema.org","@graph":[{"@type":"Article","@id":"https:\/\/hierostrasbourg.com\/index.php\/2022\/10\/09\/ladamirenforce-son-soutien-direct-aux-artistes-2\/#article","isPartOf":{"@id":"https:\/\/hierostrasbourg.com\/index.php\/2022\/10\/09\/ladamirenforce-son-soutien-direct-aux-artistes-2\/"},"author":{"name":"","@id":""},"headline":"L\u2019ADAMIrenforce son soutien direct aux artistes","datePublished":"2022-10-09T09:35:50+00:00","mainEntityOfPage":{"@id":"https:\/\/hierostrasbourg.com\/index.php\/2022\/10\/09\/ladamirenforce-son-soutien-direct-aux-artistes-2\/"},"wordCount":136,"publisher":{"@id":"https:\/\/hierostrasbourg.com\/#organization"},"inLanguage":"fr-FR"},{"@type":"WebPage","@id":"https:\/\/hierostrasbourg.com\/index.php\/2022\/10\/09\/ladamirenforce-son-soutien-direct-aux-artistes-2\/","url":"https:\/\/hierostrasbourg.com\/index.php\/2022\/10\/09\/ladamirenforce-son-soutien-direct-aux-artistes-2\/","name":"L\u2019ADAMIrenforce son soutien direct aux artistes - HIERO STRASBOURG","isPartOf":{"@id":"https:\/\/hierostrasbourg.com\/#website"},"datePublished":"2022-10-09T09:35:50+00:00","breadcrumb":{"@id":"https:\/\/hierostrasbourg.com\/index.php\/2022\/10\/09\/ladamirenforce-son-soutien-direct-aux-artistes-2\/#breadcrumb"},"inLanguage":"fr-FR","potentialAction":[{"@type":"ReadAction","target":["https:\/\/hierostrasbourg.com\/index.php\/2022\/10\/09\/ladamirenforce-son-soutien-direct-aux-artistes-2\/"]}]},{"@type":"BreadcrumbList","@id":"https:\/\/hierostrasbourg.com\/index.php\/2022\/10\/09\/ladamirenforce-son-soutien-direct-aux-artistes-2\/#breadcrumb","itemListElement":[{"@type":"ListItem","position":1,"name":"Accueil","item":"https:\/\/hierostrasbourg.com\/"},{"@type":"ListItem","position":2,"name":"L\u2019ADAMIrenforce son soutien direct aux artistes"}]},{"@type":"WebSite","@id":"https:\/\/hierostrasbourg.com\/#website","url":"https:\/\/hierostrasbourg.com\/","name":"HIERO STRASBOURG","description":"Centre de Ressources Musiques Actuelles","publisher":{"@id":"https:\/\/hierostrasbourg.com\/#organization"},"potentialAction":[{"@type":"SearchAction","target":{"@type":"EntryPoint","urlTemplate":"https:\/\/hierostrasbourg.com\/?s={search_term_string}"},"query-input":{"@type":"PropertyValueSpecification","valueRequired":true,"valueName":"search_term_string"}}],"inLanguage":"fr-FR"},{"@type":"Organization","@id":"https:\/\/hierostrasbourg.com\/#organization","name":"F\u00e9d\u00e9ration Hi\u00e9ro Strasbourg","url":"https:\/\/hierostrasbourg.com\/","logo":{"@type":"ImageObject","inLanguage":"fr-FR","@id":"https:\/\/hierostrasbourg.com\/#\/schema\/logo\/image\/","url":"https:\/\/hierostrasbourg.com\/wp-content\/uploads\/2026\/04\/logo-hiero-strasbourg.jpg","contentUrl":"https:\/\/hierostrasbourg.com\/wp-content\/uploads\/2026\/04\/logo-hiero-strasbourg.jpg","width":204,"height":192,"caption":"F\u00e9d\u00e9ration Hi\u00e9ro Strasbourg"},"image":{"@id":"https:\/\/hierostrasbourg.com\/#\/schema\/logo\/image\/"},"sameAs":["https:\/\/www.facebook.com\/fedehierostrasbourg","https:\/\/x.com\/hierostrasbourg"]}]}},"_links":{"self":[{"href":"https:\/\/hierostrasbourg.com\/index.php\/wp-json\/wp\/v2\/posts\/3782","targetHints":{"allow":["GET"]}}],"collection":[{"href":"https:\/\/hierostrasbourg.com\/index.php\/wp-json\/wp\/v2\/posts"}],"about":[{"href":"https:\/\/hierostrasbourg.com\/index.php\/wp-json\/wp\/v2\/types\/post"}],"replies":[{"embeddable":true,"href":"https:\/\/hierostrasbourg.com\/index.php\/wp-json\/wp\/v2\/comments?post=3782"}],"version-history":[{"count":0,"href":"https:\/\/hierostrasbourg.com\/index.php\/wp-json\/wp\/v2\/posts\/3782\/revisions"}],"wp:attachment":[{"href":"https:\/\/hierostrasbourg.com\/index.php\/wp-json\/wp\/v2\/media?parent=3782"}],"wp:term":[{"taxonomy":"category","embeddable":true,"href":"https:\/\/hierostrasbourg.com\/index.php\/wp-json\/wp\/v2\/categories?post=3782"},{"taxonomy":"post_tag","embeddable":true,"href":"https:\/\/hierostrasbourg.com\/index.php\/wp-json\/wp\/v2\/tags?post=3782"}],"curies":[{"name":"wp","href":"https:\/\/api.w.org\/{rel}","templated":true}]}}