{"id":3779,"date":"2022-10-09T10:38:26","date_gmt":"2022-10-09T08:38:26","guid":{"rendered":"https:\/\/hierostrasbourg.com\/index.php\/2022\/10\/09\/ladamirenforce-son-soutien-direct-aux-artistes\/"},"modified":"2022-10-09T10:38:26","modified_gmt":"2022-10-09T08:38:26","slug":"ladamirenforce-son-soutien-direct-aux-artistes","status":"publish","type":"post","link":"https:\/\/hierostrasbourg.com\/index.php\/2022\/10\/09\/ladamirenforce-son-soutien-direct-aux-artistes\/","title":{"rendered":"L\u2019ADAMIrenforce son soutien direct aux artistes"},"content":{"rendered":"<p><span>communiqu\u00e9<\/span><\/p>\n<h1><em>Notre soutien direct aux artistes<\/em><\/h1>\n<p><em>Face au succ\u00e8s rencontr\u00e9 par le dispositif \u00ab\u2009D\u00e9clencheur projet th\u00e9\u00e2tre\u2009\u00bb et pour faire \u00e9cho \u00e0 vos sollicitations, l\u2019Adami compl\u00e8te sa palette d\u2019aides destin\u00e9es aux artistes-interpr\u00e8tes.<\/em><\/p>\n<p><em>C\u00f4t\u00e9 cour, des programmes \u00e9labor\u00e9s pour vous accompagner tout au long de votre carri\u00e8re voient ainsi le jour. Mais ce n\u2019est pas tout. C\u00f4t\u00e9 jardin, de nouvelles aides aux projets port\u00e9s par des artistes entrent \u00e9galement dans la danse.\u00a0Tour d\u2019horizon de ces nouvelles opportunit\u00e9s \u00e0 saisir sans attendre.<\/em><\/p>\n<p><span class=\"mce_SELRES_start\">\ufeff<\/span><\/p>\n<h4><em>Un nouveau programme pour donner vie \u00e0 vos projets de spectacle et de cr\u00e9ation audiovisuelle<\/em><\/h4>\n<p><em>Lanc\u00e9 fin 2017, le programme \u2009<a href=\"https:\/\/www.adami.fr\/que-fait-ladami-pour-moi\/cherche-financement-projet-artistique\/aide-directe-pour-les-artistes-comediens\/\" target=\"_blank\" rel=\"noopener\">Adami d\u00e9clencheur projet th\u00e9\u00e2tre\u2009<\/a>\u00a0a \u00e9t\u00e9 pl\u00e9biscit\u00e9 par les com\u00e9diennes, com\u00e9diens, marionnettistes, circassiennes et circassiens associ\u00e9s de l\u2019Adami.<\/em><\/p>\n<p><em>En t\u00e9moignent notamment les retours d\u2019exp\u00e9rience positifs formul\u00e9s par les com\u00e9diennes et com\u00e9diens \u00e0 l\u2019occasion de la saison 2022 du Festival Off d\u2019Avignon.<\/em><\/p>\n<p><em>Ce dispositif, qui replace\u00a0<strong>l\u2019artiste au centre du processus de cr\u00e9ation<\/strong>\u00a0et de production, a en effet permis \u00e0\u00a0<strong>220 artistes-interpr\u00e8tes<\/strong>\u00a0d\u2019initier un projet de spectacle de th\u00e9\u00e2tre ou de danse qui leur tenait \u00e0 c\u0153ur.<\/em><\/p>\n<p><em>En r\u00e9ponse \u00e0 l\u2019engouement provoqu\u00e9 par la premi\u00e8re version de cette aide, l\u2019Adami propose aujourd\u2019hui un nouvel accompagnement : le\u00a0<a href=\"https:\/\/www.adami.fr\/que-fait-ladami-pour-moi\/cherche-financement-projet-artistique\/mon-projet-audiovisuel\/\" target=\"_blank\" rel=\"noopener\">d\u00e9clencheur projet audiovisuel<\/a>\u2009.<\/em><\/p>\n<p><em>Ce dernier s\u2019adresse \u00e0 un large public. Il est en effet accessible (sous conditions) aux danseuses, danseurs, mimes, com\u00e9diennes, com\u00e9diens, circassiennes, circassiens et marionnettistes\u00a0<a href=\"https:\/\/www.adami.fr\/aide\/devenir-membre\/\" target=\"_blank\" rel=\"noopener\">associ\u00e9s<\/a>\u00a0de l\u2019Adami.<\/em><\/p>\n<p><em>Cette nouvelle aide servira de tremplin aux artistes-interpr\u00e8tes qui souhaitent se lancer dans la conception, la production et la diffusion d\u2019un court-m\u00e9trage, d\u2019une vid\u00e9odanse ou d\u2019une webcr\u00e9ation.<\/em><\/p>\n<p><em>Si une id\u00e9e de cr\u00e9ation audiovisuelle mature dans votre esprit, mais que vous ne savez pas comment la concr\u00e9tiser, le \u00ab\u2009d\u00e9clencheur projet audiovisuel\u2009\u00bb est donc peut-\u00eatre fait pour vous.<\/em><\/p>\n<p><em>D\u00e9couvrez d\u00e8s maintenant ce\u00a0<a href=\"https:\/\/www.adami.fr\/que-fait-ladami-pour-moi\/cherche-financement-projet-artistique\/mon-projet-audiovisuel\/\" target=\"_blank\" rel=\"noopener\">dispositif de financement.<\/a><\/em><\/p>\n<p><em><a href=\"https:\/\/www.adami.fr\/agenda\/seance-de-pitchs-adami-declencheurs-projets-audiovisuels-festival-de-la-fiction-de-la-rochelle\/\" target=\"_blank\" rel=\"noopener\">&gt; voir les projets de courts m\u00e9trages pr\u00e9sent\u00e9s par les artistes au Festival de la fiction La Rochelle 2022<\/a><\/em><\/p>\n<p><em><a href=\"https:\/\/youtube.com\/playlist?list=PLMvMbmXZ4GNUdTLCbtEiiW8FDMbf4HkK0\" target=\"_blank\" rel=\"noopener\">&gt; voir les vid\u00e9os de pr\u00e9sentation des spectacles port\u00e9s par les artistes au festival Off Avignon 2022<\/a><\/em><\/p>\n<h4><em>Une aide pour amplifier votre pr\u00e9sence num\u00e9rique<\/em><\/h4>\n<p><em>Nombre d\u2019entre vous sont pr\u00e9sents sur internet et sur les r\u00e9seaux sociaux et utilisent ces m\u00e9dias pour annoncer la sortie de leurs albums, de leurs films ou de leurs spectacles.<\/em><\/p>\n<p><em>Pour d\u00e9velopper votre pr\u00e9sence en ligne au-del\u00e0 de ces \u00e9v\u00e9nements ponctuels, nous vous proposons un nouveau dispositif :\u00a0<a href=\"https:\/\/www.adami.fr\/que-fait-ladami-pour-moi\/cherche-financement-projet-artistique\/aide-contenus-numeriques\/\" target=\"_blank\" rel=\"noopener\">l\u2019aide aux contenus num\u00e9riques<\/a>.<\/em><\/p>\n<p><em>Derri\u00e8re cette nouveaut\u00e9 se cache un financement destin\u00e9 aux artistes qui envisagent de produire un\u00a0<strong>contenu num\u00e9rique artistique de qualit\u00e9<\/strong>\u00a0pour animer leur communaut\u00e9 en dehors des temps de cr\u00e9ation.<\/em><\/p>\n<p><em>Vous souhaitez promouvoir votre carri\u00e8re et<strong>\u00a0accro\u00eetre votre visibilit\u00e9 sur la toile<\/strong>\u00a0gr\u00e2ce \u00e0 des contenus audios, vid\u00e9os ou au format innovant diffus\u00e9s exclusivement par voie num\u00e9rique\u2009?<\/em><\/p>\n<p><em>L\u2019aide aux contenus num\u00e9riques de l\u2019Adami vous int\u00e9ressera certainement.<\/em><\/p>\n<p><em>Rendez-vous sur la\u00a0<a href=\"https:\/\/www.adami.fr\/que-fait-ladami-pour-moi\/cherche-financement-projet-artistique\/aide-contenus-numeriques\/\" target=\"_blank\" rel=\"noopener\">page de pr\u00e9sentation<\/a>\u00a0de cette aide pour en apprendre plus et postuler depuis votre compte personnel Adami.<\/em><\/p>\n<h4><em>Les bourses \u00ab\u2009parcours d\u2019artiste\u2009\u00bb entrent en sc\u00e8ne<\/em><\/h4>\n<p><em>Dans le cadre de sa politique d\u2019accompagnement et de soutien, l\u2019Adami introduit un programme in\u00e9dit qui s\u2019adresse directement aux artistes : les bourses \u00ab\u2009parcours d\u2019artiste\u2009\u00bb.<\/em><\/p>\n<p><em>Conform\u00e9ment \u00e0 la volont\u00e9 de l\u2019Adami de placer l\u2019artiste au centre, ces aides financi\u00e8res ont vocation \u00e0 accompagner les artistes dans les diff\u00e9rentes \u00e9tapes de leur carri\u00e8re.<\/em><\/p>\n<p><em>Les bourses \u00ab\u2009parcours d\u2019artiste\u2009\u00bb correspondent \u00e0 diff\u00e9rents temps forts de la trajectoire professionnelle d\u2019un artiste-interpr\u00e8te :<\/em><\/p>\n<p><em>\u25cf\u00a0<a href=\"https:\/\/www.adami.fr\/que-fait-ladami-pour-moi\/cherche-financement-projet-artistique\/bourse-compagnonnage\/\" target=\"_blank\" rel=\"noopener\">Bourse compagnonnage<\/a>\u00a0: faire appel \u00e0 un artiste \u00e9m\u00e9rite pour profiter de son exp\u00e9rience<\/em><br \/><em>\u25cf\u00a0<a href=\"https:\/\/www.adami.fr\/que-fait-ladami-pour-moi\/cherche-financement-projet-artistique\/bourse-inspiration\/\" target=\"_blank\" rel=\"noopener\">Bourse inspiration<\/a>\u00a0: prendre du recul sur sa d\u00e9marche artistique<\/em><br \/><em>\u25cf\u00a0<a href=\"https:\/\/www.adami.fr\/que-fait-ladami-pour-moi\/cherche-financement-projet-artistique\/bourse-nouveaux-horizons\/\" target=\"_blank\" rel=\"noopener\">Bourse nouveaux horizons<\/a>\u00a0: faire un pas de c\u00f4t\u00e9 afin de d\u00e9velopper sa pratique artistique<\/em><\/p>\n<p><em>Enfin, si votre cheminement professionnel en est \u00e0 ses pr\u00e9mices, la\u00a0<a href=\"https:\/\/www.adami.fr\/que-fait-ladami-pour-moi\/cherche-financement-projet-artistique\/bourse-premiere-fois\/\" target=\"_blank\" rel=\"noopener\">Bourse premi\u00e8re fois<\/a>\u00a0devrait tout particuli\u00e8rement attirer votre attention.<\/em><\/p>\n<p><em>Cette aide \u00e0 la pr\u00e9production repr\u00e9sente une opportunit\u00e9 de taille pour les artistes et collectifs qui d\u00e9butent leur carri\u00e8re. Elle leur permet en effet de concevoir leur premier projet de spectacle de th\u00e9\u00e2tre ou de danse.<\/em><\/p>\n<h4><em>Dernier rappel\u2026<\/em><\/h4>\n<p><em>Comme vous l\u2019aurez compris \u00e0 l\u2019\u00e9vocation de ces nouveaux programmes, l\u2019Adami enrichit son offre d\u2019aides directes aux artistes et \u00e0 leurs projets.<\/em><\/p>\n<p><em>N\u2019h\u00e9sitez pas \u00e0\u00a0<a href=\"https:\/\/www.adami.fr\/que-fait-ladami-pour-moi\/cherche-financement-projet-artistique\/\" target=\"_blank\" rel=\"noopener\">consulter nos programmes<\/a>\u00a0afin d\u2019identifier des financements qui correspondent \u00e0 vos ambitions et \u00e0 vos besoins, d\u2019en\u00a0<strong>v\u00e9rifier les conditions d\u2019obtention<\/strong>, et de postuler.<\/em><\/p>\n<p><em>\u00c0 vous de jouer\u2009!<\/em><\/p>\n<p>Source \/ Lire la suite :<a href=\"https:\/\/www.adami.fr\/soutien-direct-aux-artistes\/\"> L\u2019Adami renforce son soutien direct aux artistes<\/a><\/p>\n<p>L\u2019article <a href=\"https:\/\/popburo.fr\/ladamirenforce-son-soutien-direct-aux-artistes\/\">L\u2019ADAMIrenforce son soutien direct aux artistes<\/a> est apparu en premier sur <a href=\"https:\/\/popburo.fr\/\">POP B\u00dcRO<\/a>.<\/p>\n","protected":false},"excerpt":{"rendered":"<p>communiqu\u00e9 Notre soutien direct aux artistes Face au succ\u00e8s rencontr\u00e9 par le dispositif \u00ab\u2009D\u00e9clencheur projet th\u00e9\u00e2tre\u2009\u00bb et pour faire \u00e9cho \u00e0 vos sollicitations, l\u2019Adami compl\u00e8te sa palette d\u2019aides destin\u00e9es aux artistes-interpr\u00e8tes. C\u00f4t\u00e9 cour, des programmes \u00e9labor\u00e9s pour vous accompagner tout au long de votre carri\u00e8re voient ainsi le jour. Mais ce n\u2019est pas tout. C\u00f4t\u00e9 jardin, de nouvelles aides aux projets port\u00e9s par des artistes entrent \u00e9galement dans la danse.\u00a0Tour d\u2019horizon de ces nouvelles opportunit\u00e9s \u00e0 saisir sans attendre. \ufeff [&hellip;]<\/p>\n","protected":false},"author":0,"featured_media":0,"comment_status":"closed","ping_status":"open","sticky":false,"template":"","format":"standard","meta":{"footnotes":""},"categories":[1],"tags":[],"class_list":["post-3779","post","type-post","status-publish","format-standard","hentry","category-non-classe"],"yoast_head":"<!-- This site is optimized with the Yoast SEO plugin v27.5 - https:\/\/yoast.com\/product\/yoast-seo-wordpress\/ -->\n<title>L\u2019ADAMIrenforce son soutien direct aux artistes - HIERO STRASBOURG<\/title>\n<meta name=\"robots\" content=\"index, follow, max-snippet:-1, max-image-preview:large, max-video-preview:-1\" \/>\n<link rel=\"canonical\" href=\"https:\/\/hierostrasbourg.com\/index.php\/2022\/10\/09\/ladamirenforce-son-soutien-direct-aux-artistes\/\" \/>\n<meta property=\"og:locale\" content=\"fr_FR\" \/>\n<meta property=\"og:type\" content=\"article\" \/>\n<meta property=\"og:title\" content=\"L\u2019ADAMIrenforce son soutien direct aux artistes - HIERO STRASBOURG\" \/>\n<meta property=\"og:description\" content=\"communiqu\u00e9 Notre soutien direct aux artistes Face au succ\u00e8s rencontr\u00e9 par le dispositif \u00ab\u2009D\u00e9clencheur projet th\u00e9\u00e2tre\u2009\u00bb et pour faire \u00e9cho \u00e0 vos sollicitations, l\u2019Adami compl\u00e8te sa palette d\u2019aides destin\u00e9es aux artistes-interpr\u00e8tes. C\u00f4t\u00e9 cour, des programmes \u00e9labor\u00e9s pour vous accompagner tout au long de votre carri\u00e8re voient ainsi le jour. Mais ce n\u2019est pas tout. C\u00f4t\u00e9 jardin, de nouvelles aides aux projets port\u00e9s par des artistes entrent \u00e9galement dans la danse.\u00a0Tour d\u2019horizon de ces nouvelles opportunit\u00e9s \u00e0 saisir sans attendre. \ufeff [&hellip;]\" \/>\n<meta property=\"og:url\" content=\"https:\/\/hierostrasbourg.com\/index.php\/2022\/10\/09\/ladamirenforce-son-soutien-direct-aux-artistes\/\" \/>\n<meta property=\"og:site_name\" content=\"HIERO STRASBOURG\" \/>\n<meta property=\"article:publisher\" content=\"https:\/\/www.facebook.com\/fedehierostrasbourg\" \/>\n<meta property=\"article:published_time\" content=\"2022-10-09T08:38:26+00:00\" \/>\n<meta name=\"twitter:card\" content=\"summary_large_image\" \/>\n<meta name=\"twitter:creator\" content=\"@hierostrasbourg\" \/>\n<meta name=\"twitter:site\" content=\"@hierostrasbourg\" \/>\n<meta name=\"twitter:label1\" content=\"Dur\u00e9e de lecture estim\u00e9e\" \/>\n\t<meta name=\"twitter:data1\" content=\"4 minutes\" \/>\n<script type=\"application\/ld+json\" class=\"yoast-schema-graph\">{\"@context\":\"https:\\\/\\\/schema.org\",\"@graph\":[{\"@type\":\"Article\",\"@id\":\"https:\\\/\\\/hierostrasbourg.com\\\/index.php\\\/2022\\\/10\\\/09\\\/ladamirenforce-son-soutien-direct-aux-artistes\\\/#article\",\"isPartOf\":{\"@id\":\"https:\\\/\\\/hierostrasbourg.com\\\/index.php\\\/2022\\\/10\\\/09\\\/ladamirenforce-son-soutien-direct-aux-artistes\\\/\"},\"author\":{\"name\":\"\",\"@id\":\"\"},\"headline\":\"L\u2019ADAMIrenforce son soutien direct aux artistes\",\"datePublished\":\"2022-10-09T08:38:26+00:00\",\"mainEntityOfPage\":{\"@id\":\"https:\\\/\\\/hierostrasbourg.com\\\/index.php\\\/2022\\\/10\\\/09\\\/ladamirenforce-son-soutien-direct-aux-artistes\\\/\"},\"wordCount\":833,\"publisher\":{\"@id\":\"https:\\\/\\\/hierostrasbourg.com\\\/#organization\"},\"inLanguage\":\"fr-FR\"},{\"@type\":\"WebPage\",\"@id\":\"https:\\\/\\\/hierostrasbourg.com\\\/index.php\\\/2022\\\/10\\\/09\\\/ladamirenforce-son-soutien-direct-aux-artistes\\\/\",\"url\":\"https:\\\/\\\/hierostrasbourg.com\\\/index.php\\\/2022\\\/10\\\/09\\\/ladamirenforce-son-soutien-direct-aux-artistes\\\/\",\"name\":\"L\u2019ADAMIrenforce son soutien direct aux artistes - HIERO STRASBOURG\",\"isPartOf\":{\"@id\":\"https:\\\/\\\/hierostrasbourg.com\\\/#website\"},\"datePublished\":\"2022-10-09T08:38:26+00:00\",\"breadcrumb\":{\"@id\":\"https:\\\/\\\/hierostrasbourg.com\\\/index.php\\\/2022\\\/10\\\/09\\\/ladamirenforce-son-soutien-direct-aux-artistes\\\/#breadcrumb\"},\"inLanguage\":\"fr-FR\",\"potentialAction\":[{\"@type\":\"ReadAction\",\"target\":[\"https:\\\/\\\/hierostrasbourg.com\\\/index.php\\\/2022\\\/10\\\/09\\\/ladamirenforce-son-soutien-direct-aux-artistes\\\/\"]}]},{\"@type\":\"BreadcrumbList\",\"@id\":\"https:\\\/\\\/hierostrasbourg.com\\\/index.php\\\/2022\\\/10\\\/09\\\/ladamirenforce-son-soutien-direct-aux-artistes\\\/#breadcrumb\",\"itemListElement\":[{\"@type\":\"ListItem\",\"position\":1,\"name\":\"Accueil\",\"item\":\"https:\\\/\\\/hierostrasbourg.com\\\/\"},{\"@type\":\"ListItem\",\"position\":2,\"name\":\"L\u2019ADAMIrenforce son soutien direct aux artistes\"}]},{\"@type\":\"WebSite\",\"@id\":\"https:\\\/\\\/hierostrasbourg.com\\\/#website\",\"url\":\"https:\\\/\\\/hierostrasbourg.com\\\/\",\"name\":\"HIERO STRASBOURG\",\"description\":\"Centre de Ressources Musiques Actuelles\",\"publisher\":{\"@id\":\"https:\\\/\\\/hierostrasbourg.com\\\/#organization\"},\"potentialAction\":[{\"@type\":\"SearchAction\",\"target\":{\"@type\":\"EntryPoint\",\"urlTemplate\":\"https:\\\/\\\/hierostrasbourg.com\\\/?s={search_term_string}\"},\"query-input\":{\"@type\":\"PropertyValueSpecification\",\"valueRequired\":true,\"valueName\":\"search_term_string\"}}],\"inLanguage\":\"fr-FR\"},{\"@type\":\"Organization\",\"@id\":\"https:\\\/\\\/hierostrasbourg.com\\\/#organization\",\"name\":\"F\u00e9d\u00e9ration Hi\u00e9ro Strasbourg\",\"url\":\"https:\\\/\\\/hierostrasbourg.com\\\/\",\"logo\":{\"@type\":\"ImageObject\",\"inLanguage\":\"fr-FR\",\"@id\":\"https:\\\/\\\/hierostrasbourg.com\\\/#\\\/schema\\\/logo\\\/image\\\/\",\"url\":\"https:\\\/\\\/hierostrasbourg.com\\\/wp-content\\\/uploads\\\/2026\\\/04\\\/logo-hiero-strasbourg.jpg\",\"contentUrl\":\"https:\\\/\\\/hierostrasbourg.com\\\/wp-content\\\/uploads\\\/2026\\\/04\\\/logo-hiero-strasbourg.jpg\",\"width\":204,\"height\":192,\"caption\":\"F\u00e9d\u00e9ration Hi\u00e9ro Strasbourg\"},\"image\":{\"@id\":\"https:\\\/\\\/hierostrasbourg.com\\\/#\\\/schema\\\/logo\\\/image\\\/\"},\"sameAs\":[\"https:\\\/\\\/www.facebook.com\\\/fedehierostrasbourg\",\"https:\\\/\\\/x.com\\\/hierostrasbourg\"]}]}<\/script>\n<!-- \/ Yoast SEO plugin. -->","yoast_head_json":{"title":"L\u2019ADAMIrenforce son soutien direct aux artistes - HIERO STRASBOURG","robots":{"index":"index","follow":"follow","max-snippet":"max-snippet:-1","max-image-preview":"max-image-preview:large","max-video-preview":"max-video-preview:-1"},"canonical":"https:\/\/hierostrasbourg.com\/index.php\/2022\/10\/09\/ladamirenforce-son-soutien-direct-aux-artistes\/","og_locale":"fr_FR","og_type":"article","og_title":"L\u2019ADAMIrenforce son soutien direct aux artistes - HIERO STRASBOURG","og_description":"communiqu\u00e9 Notre soutien direct aux artistes Face au succ\u00e8s rencontr\u00e9 par le dispositif \u00ab\u2009D\u00e9clencheur projet th\u00e9\u00e2tre\u2009\u00bb et pour faire \u00e9cho \u00e0 vos sollicitations, l\u2019Adami compl\u00e8te sa palette d\u2019aides destin\u00e9es aux artistes-interpr\u00e8tes. C\u00f4t\u00e9 cour, des programmes \u00e9labor\u00e9s pour vous accompagner tout au long de votre carri\u00e8re voient ainsi le jour. Mais ce n\u2019est pas tout. C\u00f4t\u00e9 jardin, de nouvelles aides aux projets port\u00e9s par des artistes entrent \u00e9galement dans la danse.\u00a0Tour d\u2019horizon de ces nouvelles opportunit\u00e9s \u00e0 saisir sans attendre. \ufeff [&hellip;]","og_url":"https:\/\/hierostrasbourg.com\/index.php\/2022\/10\/09\/ladamirenforce-son-soutien-direct-aux-artistes\/","og_site_name":"HIERO STRASBOURG","article_publisher":"https:\/\/www.facebook.com\/fedehierostrasbourg","article_published_time":"2022-10-09T08:38:26+00:00","twitter_card":"summary_large_image","twitter_creator":"@hierostrasbourg","twitter_site":"@hierostrasbourg","twitter_misc":{"Dur\u00e9e de lecture estim\u00e9e":"4 minutes"},"schema":{"@context":"https:\/\/schema.org","@graph":[{"@type":"Article","@id":"https:\/\/hierostrasbourg.com\/index.php\/2022\/10\/09\/ladamirenforce-son-soutien-direct-aux-artistes\/#article","isPartOf":{"@id":"https:\/\/hierostrasbourg.com\/index.php\/2022\/10\/09\/ladamirenforce-son-soutien-direct-aux-artistes\/"},"author":{"name":"","@id":""},"headline":"L\u2019ADAMIrenforce son soutien direct aux artistes","datePublished":"2022-10-09T08:38:26+00:00","mainEntityOfPage":{"@id":"https:\/\/hierostrasbourg.com\/index.php\/2022\/10\/09\/ladamirenforce-son-soutien-direct-aux-artistes\/"},"wordCount":833,"publisher":{"@id":"https:\/\/hierostrasbourg.com\/#organization"},"inLanguage":"fr-FR"},{"@type":"WebPage","@id":"https:\/\/hierostrasbourg.com\/index.php\/2022\/10\/09\/ladamirenforce-son-soutien-direct-aux-artistes\/","url":"https:\/\/hierostrasbourg.com\/index.php\/2022\/10\/09\/ladamirenforce-son-soutien-direct-aux-artistes\/","name":"L\u2019ADAMIrenforce son soutien direct aux artistes - HIERO STRASBOURG","isPartOf":{"@id":"https:\/\/hierostrasbourg.com\/#website"},"datePublished":"2022-10-09T08:38:26+00:00","breadcrumb":{"@id":"https:\/\/hierostrasbourg.com\/index.php\/2022\/10\/09\/ladamirenforce-son-soutien-direct-aux-artistes\/#breadcrumb"},"inLanguage":"fr-FR","potentialAction":[{"@type":"ReadAction","target":["https:\/\/hierostrasbourg.com\/index.php\/2022\/10\/09\/ladamirenforce-son-soutien-direct-aux-artistes\/"]}]},{"@type":"BreadcrumbList","@id":"https:\/\/hierostrasbourg.com\/index.php\/2022\/10\/09\/ladamirenforce-son-soutien-direct-aux-artistes\/#breadcrumb","itemListElement":[{"@type":"ListItem","position":1,"name":"Accueil","item":"https:\/\/hierostrasbourg.com\/"},{"@type":"ListItem","position":2,"name":"L\u2019ADAMIrenforce son soutien direct aux artistes"}]},{"@type":"WebSite","@id":"https:\/\/hierostrasbourg.com\/#website","url":"https:\/\/hierostrasbourg.com\/","name":"HIERO STRASBOURG","description":"Centre de Ressources Musiques Actuelles","publisher":{"@id":"https:\/\/hierostrasbourg.com\/#organization"},"potentialAction":[{"@type":"SearchAction","target":{"@type":"EntryPoint","urlTemplate":"https:\/\/hierostrasbourg.com\/?s={search_term_string}"},"query-input":{"@type":"PropertyValueSpecification","valueRequired":true,"valueName":"search_term_string"}}],"inLanguage":"fr-FR"},{"@type":"Organization","@id":"https:\/\/hierostrasbourg.com\/#organization","name":"F\u00e9d\u00e9ration Hi\u00e9ro Strasbourg","url":"https:\/\/hierostrasbourg.com\/","logo":{"@type":"ImageObject","inLanguage":"fr-FR","@id":"https:\/\/hierostrasbourg.com\/#\/schema\/logo\/image\/","url":"https:\/\/hierostrasbourg.com\/wp-content\/uploads\/2026\/04\/logo-hiero-strasbourg.jpg","contentUrl":"https:\/\/hierostrasbourg.com\/wp-content\/uploads\/2026\/04\/logo-hiero-strasbourg.jpg","width":204,"height":192,"caption":"F\u00e9d\u00e9ration Hi\u00e9ro Strasbourg"},"image":{"@id":"https:\/\/hierostrasbourg.com\/#\/schema\/logo\/image\/"},"sameAs":["https:\/\/www.facebook.com\/fedehierostrasbourg","https:\/\/x.com\/hierostrasbourg"]}]}},"_links":{"self":[{"href":"https:\/\/hierostrasbourg.com\/index.php\/wp-json\/wp\/v2\/posts\/3779","targetHints":{"allow":["GET"]}}],"collection":[{"href":"https:\/\/hierostrasbourg.com\/index.php\/wp-json\/wp\/v2\/posts"}],"about":[{"href":"https:\/\/hierostrasbourg.com\/index.php\/wp-json\/wp\/v2\/types\/post"}],"replies":[{"embeddable":true,"href":"https:\/\/hierostrasbourg.com\/index.php\/wp-json\/wp\/v2\/comments?post=3779"}],"version-history":[{"count":0,"href":"https:\/\/hierostrasbourg.com\/index.php\/wp-json\/wp\/v2\/posts\/3779\/revisions"}],"wp:attachment":[{"href":"https:\/\/hierostrasbourg.com\/index.php\/wp-json\/wp\/v2\/media?parent=3779"}],"wp:term":[{"taxonomy":"category","embeddable":true,"href":"https:\/\/hierostrasbourg.com\/index.php\/wp-json\/wp\/v2\/categories?post=3779"},{"taxonomy":"post_tag","embeddable":true,"href":"https:\/\/hierostrasbourg.com\/index.php\/wp-json\/wp\/v2\/tags?post=3779"}],"curies":[{"name":"wp","href":"https:\/\/api.w.org\/{rel}","templated":true}]}}