{"id":3772,"date":"2022-10-07T21:36:47","date_gmt":"2022-10-07T19:36:47","guid":{"rendered":"https:\/\/hierostrasbourg.com\/index.php\/2022\/10\/07\/rapport-lapplication-du-decret-son-dans-les-festivals\/"},"modified":"2022-10-07T21:36:47","modified_gmt":"2022-10-07T19:36:47","slug":"rapport-lapplication-du-decret-son-dans-les-festivals","status":"publish","type":"post","link":"https:\/\/hierostrasbourg.com\/index.php\/2022\/10\/07\/rapport-lapplication-du-decret-son-dans-les-festivals\/","title":{"rendered":"Rapport \u201cL\u2019\u2019application du d\u00e9cret \u201cson\u201d dans les festivals\u201d"},"content":{"rendered":"<p><a href=\"https:\/\/musiquesactuelles.alsace\/rapport-lapplication-du-decret-son-dans-les-festivals\/\" title=\"Rapport \u201cL\u2019\u2019application du d\u00e9cret \u201cson\u201d dans les festivals\u201d\"><\/a><\/p>\n<p>Contexte Depuis la parution du d\u00e9cret 2017-1244 du 7 ao\u00fbt 2017, dit d\u00e9cret \u00abSon\u00bb, AGI-SON a alert\u00e9 sur les difficult\u00e9s techniques d\u2019application de la r\u00e9glementation et tout particuli\u00e8rement pour le plein air. Si une n\u00e9cessaire prise en compte du territoire et de l\u2019environnement sur lequel un festival s\u2019implante s\u2019impose, il est \u00e0 noter que les niveaux d\u2019\u00e9mergences demand\u00e9s par la r\u00e9glementation sont extr\u00eamement contraignants, voire intenables pour les \u00e9v\u00e9nements intra urbains. Par ailleurs, les p\u00e9riodes de confinements de la crise [\u2026]<\/p>\n<p>L\u2019article <a href=\"https:\/\/musiquesactuelles.alsace\/rapport-lapplication-du-decret-son-dans-les-festivals\/\">Rapport \u201cL\u2019\u2019application du d\u00e9cret \u201cson\u201d dans les festivals\u201d<\/a> est apparu en premier sur <a href=\"https:\/\/musiquesactuelles.alsace\/\">Musiques Actuelles en Alsace<\/a>.<\/p>\n<p>L\u2019article <a href=\"https:\/\/popburo.fr\/rapport-lapplication-du-decret-son-dans-les-festivals\/\">Rapport \u201cL\u2019\u2019application du d\u00e9cret \u201cson\u201d dans les festivals\u201d<\/a> est apparu en premier sur <a href=\"https:\/\/popburo.fr\/\">POP B\u00dcRO<\/a>.<\/p>\n","protected":false},"excerpt":{"rendered":"<p>Contexte Depuis la parution du d\u00e9cret 2017-1244 du 7 ao\u00fbt 2017, dit d\u00e9cret \u00abSon\u00bb, AGI-SON a alert\u00e9 sur les difficult\u00e9s techniques d\u2019application de la r\u00e9glementation et tout particuli\u00e8rement pour le plein air. Si une n\u00e9cessaire prise en compte du territoire et de l\u2019environnement sur lequel un festival s\u2019implante s\u2019impose, il est \u00e0 noter que les niveaux d\u2019\u00e9mergences demand\u00e9s par la r\u00e9glementation sont extr\u00eamement contraignants, voire intenables pour les \u00e9v\u00e9nements intra urbains. Par ailleurs, les p\u00e9riodes de confinements de la crise [&hellip;]<\/p>\n","protected":false},"author":0,"featured_media":0,"comment_status":"closed","ping_status":"open","sticky":false,"template":"","format":"standard","meta":{"footnotes":""},"categories":[1],"tags":[],"class_list":["post-3772","post","type-post","status-publish","format-standard","hentry","category-non-classe"],"yoast_head":"<!-- This site is optimized with the Yoast SEO plugin v27.5 - https:\/\/yoast.com\/product\/yoast-seo-wordpress\/ -->\n<title>Rapport \u201cL\u2019\u2019application du d\u00e9cret \u201cson\u201d dans les festivals\u201d - HIERO STRASBOURG<\/title>\n<meta name=\"robots\" content=\"index, follow, max-snippet:-1, max-image-preview:large, max-video-preview:-1\" \/>\n<link rel=\"canonical\" href=\"https:\/\/hierostrasbourg.com\/index.php\/2022\/10\/07\/rapport-lapplication-du-decret-son-dans-les-festivals\/\" \/>\n<meta property=\"og:locale\" content=\"fr_FR\" \/>\n<meta property=\"og:type\" content=\"article\" \/>\n<meta property=\"og:title\" content=\"Rapport \u201cL\u2019\u2019application du d\u00e9cret \u201cson\u201d dans les festivals\u201d - HIERO STRASBOURG\" \/>\n<meta property=\"og:description\" content=\"Contexte Depuis la parution du d\u00e9cret 2017-1244 du 7 ao\u00fbt 2017, dit d\u00e9cret \u00abSon\u00bb, AGI-SON a alert\u00e9 sur les difficult\u00e9s techniques d\u2019application de la r\u00e9glementation et tout particuli\u00e8rement pour le plein air. Si une n\u00e9cessaire prise en compte du territoire et de l\u2019environnement sur lequel un festival s\u2019implante s\u2019impose, il est \u00e0 noter que les niveaux d\u2019\u00e9mergences demand\u00e9s par la r\u00e9glementation sont extr\u00eamement contraignants, voire intenables pour les \u00e9v\u00e9nements intra urbains. Par ailleurs, les p\u00e9riodes de confinements de la crise [&hellip;]\" \/>\n<meta property=\"og:url\" content=\"https:\/\/hierostrasbourg.com\/index.php\/2022\/10\/07\/rapport-lapplication-du-decret-son-dans-les-festivals\/\" \/>\n<meta property=\"og:site_name\" content=\"HIERO STRASBOURG\" \/>\n<meta property=\"article:publisher\" content=\"https:\/\/www.facebook.com\/fedehierostrasbourg\" \/>\n<meta property=\"article:published_time\" content=\"2022-10-07T19:36:47+00:00\" \/>\n<meta name=\"twitter:card\" content=\"summary_large_image\" \/>\n<meta name=\"twitter:creator\" content=\"@hierostrasbourg\" \/>\n<meta name=\"twitter:site\" content=\"@hierostrasbourg\" \/>\n<meta name=\"twitter:label1\" content=\"Dur\u00e9e de lecture estim\u00e9e\" \/>\n\t<meta name=\"twitter:data1\" content=\"1 minute\" \/>\n<script type=\"application\/ld+json\" class=\"yoast-schema-graph\">{\"@context\":\"https:\\\/\\\/schema.org\",\"@graph\":[{\"@type\":\"Article\",\"@id\":\"https:\\\/\\\/hierostrasbourg.com\\\/index.php\\\/2022\\\/10\\\/07\\\/rapport-lapplication-du-decret-son-dans-les-festivals\\\/#article\",\"isPartOf\":{\"@id\":\"https:\\\/\\\/hierostrasbourg.com\\\/index.php\\\/2022\\\/10\\\/07\\\/rapport-lapplication-du-decret-son-dans-les-festivals\\\/\"},\"author\":{\"name\":\"\",\"@id\":\"\"},\"headline\":\"Rapport \u201cL\u2019\u2019application du d\u00e9cret \u201cson\u201d dans les festivals\u201d\",\"datePublished\":\"2022-10-07T19:36:47+00:00\",\"mainEntityOfPage\":{\"@id\":\"https:\\\/\\\/hierostrasbourg.com\\\/index.php\\\/2022\\\/10\\\/07\\\/rapport-lapplication-du-decret-son-dans-les-festivals\\\/\"},\"wordCount\":145,\"publisher\":{\"@id\":\"https:\\\/\\\/hierostrasbourg.com\\\/#organization\"},\"inLanguage\":\"fr-FR\"},{\"@type\":\"WebPage\",\"@id\":\"https:\\\/\\\/hierostrasbourg.com\\\/index.php\\\/2022\\\/10\\\/07\\\/rapport-lapplication-du-decret-son-dans-les-festivals\\\/\",\"url\":\"https:\\\/\\\/hierostrasbourg.com\\\/index.php\\\/2022\\\/10\\\/07\\\/rapport-lapplication-du-decret-son-dans-les-festivals\\\/\",\"name\":\"Rapport \u201cL\u2019\u2019application du d\u00e9cret \u201cson\u201d dans les festivals\u201d - HIERO STRASBOURG\",\"isPartOf\":{\"@id\":\"https:\\\/\\\/hierostrasbourg.com\\\/#website\"},\"datePublished\":\"2022-10-07T19:36:47+00:00\",\"breadcrumb\":{\"@id\":\"https:\\\/\\\/hierostrasbourg.com\\\/index.php\\\/2022\\\/10\\\/07\\\/rapport-lapplication-du-decret-son-dans-les-festivals\\\/#breadcrumb\"},\"inLanguage\":\"fr-FR\",\"potentialAction\":[{\"@type\":\"ReadAction\",\"target\":[\"https:\\\/\\\/hierostrasbourg.com\\\/index.php\\\/2022\\\/10\\\/07\\\/rapport-lapplication-du-decret-son-dans-les-festivals\\\/\"]}]},{\"@type\":\"BreadcrumbList\",\"@id\":\"https:\\\/\\\/hierostrasbourg.com\\\/index.php\\\/2022\\\/10\\\/07\\\/rapport-lapplication-du-decret-son-dans-les-festivals\\\/#breadcrumb\",\"itemListElement\":[{\"@type\":\"ListItem\",\"position\":1,\"name\":\"Accueil\",\"item\":\"https:\\\/\\\/hierostrasbourg.com\\\/\"},{\"@type\":\"ListItem\",\"position\":2,\"name\":\"Rapport \u201cL\u2019\u2019application du d\u00e9cret \u201cson\u201d dans les festivals\u201d\"}]},{\"@type\":\"WebSite\",\"@id\":\"https:\\\/\\\/hierostrasbourg.com\\\/#website\",\"url\":\"https:\\\/\\\/hierostrasbourg.com\\\/\",\"name\":\"HIERO STRASBOURG\",\"description\":\"Centre de Ressources Musiques Actuelles\",\"publisher\":{\"@id\":\"https:\\\/\\\/hierostrasbourg.com\\\/#organization\"},\"potentialAction\":[{\"@type\":\"SearchAction\",\"target\":{\"@type\":\"EntryPoint\",\"urlTemplate\":\"https:\\\/\\\/hierostrasbourg.com\\\/?s={search_term_string}\"},\"query-input\":{\"@type\":\"PropertyValueSpecification\",\"valueRequired\":true,\"valueName\":\"search_term_string\"}}],\"inLanguage\":\"fr-FR\"},{\"@type\":\"Organization\",\"@id\":\"https:\\\/\\\/hierostrasbourg.com\\\/#organization\",\"name\":\"F\u00e9d\u00e9ration Hi\u00e9ro Strasbourg\",\"url\":\"https:\\\/\\\/hierostrasbourg.com\\\/\",\"logo\":{\"@type\":\"ImageObject\",\"inLanguage\":\"fr-FR\",\"@id\":\"https:\\\/\\\/hierostrasbourg.com\\\/#\\\/schema\\\/logo\\\/image\\\/\",\"url\":\"https:\\\/\\\/hierostrasbourg.com\\\/wp-content\\\/uploads\\\/2026\\\/04\\\/logo-hiero-strasbourg.jpg\",\"contentUrl\":\"https:\\\/\\\/hierostrasbourg.com\\\/wp-content\\\/uploads\\\/2026\\\/04\\\/logo-hiero-strasbourg.jpg\",\"width\":204,\"height\":192,\"caption\":\"F\u00e9d\u00e9ration Hi\u00e9ro Strasbourg\"},\"image\":{\"@id\":\"https:\\\/\\\/hierostrasbourg.com\\\/#\\\/schema\\\/logo\\\/image\\\/\"},\"sameAs\":[\"https:\\\/\\\/www.facebook.com\\\/fedehierostrasbourg\",\"https:\\\/\\\/x.com\\\/hierostrasbourg\"]}]}<\/script>\n<!-- \/ Yoast SEO plugin. -->","yoast_head_json":{"title":"Rapport \u201cL\u2019\u2019application du d\u00e9cret \u201cson\u201d dans les festivals\u201d - HIERO STRASBOURG","robots":{"index":"index","follow":"follow","max-snippet":"max-snippet:-1","max-image-preview":"max-image-preview:large","max-video-preview":"max-video-preview:-1"},"canonical":"https:\/\/hierostrasbourg.com\/index.php\/2022\/10\/07\/rapport-lapplication-du-decret-son-dans-les-festivals\/","og_locale":"fr_FR","og_type":"article","og_title":"Rapport \u201cL\u2019\u2019application du d\u00e9cret \u201cson\u201d dans les festivals\u201d - HIERO STRASBOURG","og_description":"Contexte Depuis la parution du d\u00e9cret 2017-1244 du 7 ao\u00fbt 2017, dit d\u00e9cret \u00abSon\u00bb, AGI-SON a alert\u00e9 sur les difficult\u00e9s techniques d\u2019application de la r\u00e9glementation et tout particuli\u00e8rement pour le plein air. Si une n\u00e9cessaire prise en compte du territoire et de l\u2019environnement sur lequel un festival s\u2019implante s\u2019impose, il est \u00e0 noter que les niveaux d\u2019\u00e9mergences demand\u00e9s par la r\u00e9glementation sont extr\u00eamement contraignants, voire intenables pour les \u00e9v\u00e9nements intra urbains. Par ailleurs, les p\u00e9riodes de confinements de la crise [&hellip;]","og_url":"https:\/\/hierostrasbourg.com\/index.php\/2022\/10\/07\/rapport-lapplication-du-decret-son-dans-les-festivals\/","og_site_name":"HIERO STRASBOURG","article_publisher":"https:\/\/www.facebook.com\/fedehierostrasbourg","article_published_time":"2022-10-07T19:36:47+00:00","twitter_card":"summary_large_image","twitter_creator":"@hierostrasbourg","twitter_site":"@hierostrasbourg","twitter_misc":{"Dur\u00e9e de lecture estim\u00e9e":"1 minute"},"schema":{"@context":"https:\/\/schema.org","@graph":[{"@type":"Article","@id":"https:\/\/hierostrasbourg.com\/index.php\/2022\/10\/07\/rapport-lapplication-du-decret-son-dans-les-festivals\/#article","isPartOf":{"@id":"https:\/\/hierostrasbourg.com\/index.php\/2022\/10\/07\/rapport-lapplication-du-decret-son-dans-les-festivals\/"},"author":{"name":"","@id":""},"headline":"Rapport \u201cL\u2019\u2019application du d\u00e9cret \u201cson\u201d dans les festivals\u201d","datePublished":"2022-10-07T19:36:47+00:00","mainEntityOfPage":{"@id":"https:\/\/hierostrasbourg.com\/index.php\/2022\/10\/07\/rapport-lapplication-du-decret-son-dans-les-festivals\/"},"wordCount":145,"publisher":{"@id":"https:\/\/hierostrasbourg.com\/#organization"},"inLanguage":"fr-FR"},{"@type":"WebPage","@id":"https:\/\/hierostrasbourg.com\/index.php\/2022\/10\/07\/rapport-lapplication-du-decret-son-dans-les-festivals\/","url":"https:\/\/hierostrasbourg.com\/index.php\/2022\/10\/07\/rapport-lapplication-du-decret-son-dans-les-festivals\/","name":"Rapport \u201cL\u2019\u2019application du d\u00e9cret \u201cson\u201d dans les festivals\u201d - HIERO STRASBOURG","isPartOf":{"@id":"https:\/\/hierostrasbourg.com\/#website"},"datePublished":"2022-10-07T19:36:47+00:00","breadcrumb":{"@id":"https:\/\/hierostrasbourg.com\/index.php\/2022\/10\/07\/rapport-lapplication-du-decret-son-dans-les-festivals\/#breadcrumb"},"inLanguage":"fr-FR","potentialAction":[{"@type":"ReadAction","target":["https:\/\/hierostrasbourg.com\/index.php\/2022\/10\/07\/rapport-lapplication-du-decret-son-dans-les-festivals\/"]}]},{"@type":"BreadcrumbList","@id":"https:\/\/hierostrasbourg.com\/index.php\/2022\/10\/07\/rapport-lapplication-du-decret-son-dans-les-festivals\/#breadcrumb","itemListElement":[{"@type":"ListItem","position":1,"name":"Accueil","item":"https:\/\/hierostrasbourg.com\/"},{"@type":"ListItem","position":2,"name":"Rapport \u201cL\u2019\u2019application du d\u00e9cret \u201cson\u201d dans les festivals\u201d"}]},{"@type":"WebSite","@id":"https:\/\/hierostrasbourg.com\/#website","url":"https:\/\/hierostrasbourg.com\/","name":"HIERO STRASBOURG","description":"Centre de Ressources Musiques Actuelles","publisher":{"@id":"https:\/\/hierostrasbourg.com\/#organization"},"potentialAction":[{"@type":"SearchAction","target":{"@type":"EntryPoint","urlTemplate":"https:\/\/hierostrasbourg.com\/?s={search_term_string}"},"query-input":{"@type":"PropertyValueSpecification","valueRequired":true,"valueName":"search_term_string"}}],"inLanguage":"fr-FR"},{"@type":"Organization","@id":"https:\/\/hierostrasbourg.com\/#organization","name":"F\u00e9d\u00e9ration Hi\u00e9ro Strasbourg","url":"https:\/\/hierostrasbourg.com\/","logo":{"@type":"ImageObject","inLanguage":"fr-FR","@id":"https:\/\/hierostrasbourg.com\/#\/schema\/logo\/image\/","url":"https:\/\/hierostrasbourg.com\/wp-content\/uploads\/2026\/04\/logo-hiero-strasbourg.jpg","contentUrl":"https:\/\/hierostrasbourg.com\/wp-content\/uploads\/2026\/04\/logo-hiero-strasbourg.jpg","width":204,"height":192,"caption":"F\u00e9d\u00e9ration Hi\u00e9ro Strasbourg"},"image":{"@id":"https:\/\/hierostrasbourg.com\/#\/schema\/logo\/image\/"},"sameAs":["https:\/\/www.facebook.com\/fedehierostrasbourg","https:\/\/x.com\/hierostrasbourg"]}]}},"_links":{"self":[{"href":"https:\/\/hierostrasbourg.com\/index.php\/wp-json\/wp\/v2\/posts\/3772","targetHints":{"allow":["GET"]}}],"collection":[{"href":"https:\/\/hierostrasbourg.com\/index.php\/wp-json\/wp\/v2\/posts"}],"about":[{"href":"https:\/\/hierostrasbourg.com\/index.php\/wp-json\/wp\/v2\/types\/post"}],"replies":[{"embeddable":true,"href":"https:\/\/hierostrasbourg.com\/index.php\/wp-json\/wp\/v2\/comments?post=3772"}],"version-history":[{"count":0,"href":"https:\/\/hierostrasbourg.com\/index.php\/wp-json\/wp\/v2\/posts\/3772\/revisions"}],"wp:attachment":[{"href":"https:\/\/hierostrasbourg.com\/index.php\/wp-json\/wp\/v2\/media?parent=3772"}],"wp:term":[{"taxonomy":"category","embeddable":true,"href":"https:\/\/hierostrasbourg.com\/index.php\/wp-json\/wp\/v2\/categories?post=3772"},{"taxonomy":"post_tag","embeddable":true,"href":"https:\/\/hierostrasbourg.com\/index.php\/wp-json\/wp\/v2\/tags?post=3772"}],"curies":[{"name":"wp","href":"https:\/\/api.w.org\/{rel}","templated":true}]}}