{"id":3768,"date":"2022-10-07T16:36:03","date_gmt":"2022-10-07T14:36:03","guid":{"rendered":"https:\/\/hierostrasbourg.com\/index.php\/2022\/10\/07\/le-festival-meteo-mulhouse-recrute-un-administrateur-f-h-2\/"},"modified":"2022-10-07T16:36:03","modified_gmt":"2022-10-07T14:36:03","slug":"le-festival-meteo-mulhouse-recrute-un-administrateur-f-h-2","status":"publish","type":"post","link":"https:\/\/hierostrasbourg.com\/index.php\/2022\/10\/07\/le-festival-meteo-mulhouse-recrute-un-administrateur-f-h-2\/","title":{"rendered":"le festival METEO [Mulhouse] recrute un administrateur [F\/H]"},"content":{"rendered":"<p>M\u00e9t\u00e9o est un festival de musiques exp\u00e9rimentales et improvis\u00e9es qui se tient \u00e0 Mulhouse tous les ans \u00e0 la fin du mois d\u2019ao\u00fbt. Mathieu Schoenahl en assure la direction depuis 2019. Pendant 5 jours, ce sont environ 30 concerts dans une dizaine de lieux de la ville qui sont pr\u00e9sent\u00e9s \u00e0 un public venu de toute l\u2019Europe et des quatre coins de France, mais aussi plusieurs workshops, des concerts jeune public, de nombreuses premi\u00e8res fran\u00e7aises et cr\u00e9ations. Le festival, qui s\u2019est d\u2019abord d\u00e9velopp\u00e9 sous le nom de Jazz \u00e0 Mulhouse, f\u00eatera sa quaranti\u00e8me \u00e9dition en 2023.<br \/>\nM\u00e9t\u00e9o est aussi pr\u00e9sent tout au long du mois d\u2019ao\u00fbt dans le d\u00e9partement avec les rendez-vous de M\u00e9t\u00e9o Campagne dans une dizaine de communes autour de Mulhouse.<br \/>\nDes concerts ont lieu ponctuellement en saison en partenariat avec des structures culturelles du territoire.<br \/>\n\u00c0 l\u2019horizon 2024 et avec le soutien des collectivit\u00e9s partenaires, M\u00e9t\u00e9o a pour projet le d\u00e9veloppement de son activit\u00e9 avec des concerts tout au long de l\u2019ann\u00e9e, des accueils en r\u00e9sidence et des actions de m\u00e9diation autour des musiques exp\u00e9rimentales et improvis\u00e9es.<\/p>\n<p>Les bureaux du Festival M\u00e9t\u00e9o sont h\u00e9berg\u00e9s par La Filature, Sc\u00e8ne Nationale de Mulhouse.<br \/>\nC\u2019est l\u2019association Jazz \u00e0 Mulhouse, actuellement constitu\u00e9e de de 11 membres, qui est porteuse du projet M\u00e9t\u00e9o.<\/p>\n<p>L\u2019\u00e9quipe de M\u00e9t\u00e9o est aujourd\u2019hui compos\u00e9e d\u2019un directeur salari\u00e9 permanent \u00e0 l\u2019ann\u00e9e et d\u2019une charg\u00e9e de production-logistique salari\u00e9e en CDD d\u2019avril \u00e0 septembre. L\u2019\u00e9quipe est renforc\u00e9e par un directeur technique pendant la p\u00e9riode de production du festival (juin-septembre).<\/p>\n<p>Le projet de M\u00e9t\u00e9o se d\u00e9cline \u00e0 travers diff\u00e9rents axes\u00a0:<\/p>\n<h4>LE FESTIVAL M\u00c9T\u00c9O<\/h4>\n<p>Pendant 5 jours \u00e0 la fin du mois d\u2019ao\u00fbt, M\u00e9t\u00e9o propose trente concerts dans une dizaine de lieux de la ville (La Filature, Biblioth\u00e8que Grand\u2019Rue, la Kunsthalle, Le S\u00e9choir, le Conservatoire de Mulhouse\u2026). Depuis 2021, les soir\u00e9es du festival se d\u00e9roulent \u00e0 Motoco. C\u2019est l\u00e0 l\u2019\u00e9picentre du festival, qui regroupe l\u2019espace catering, les loges, les bureaux de production, technique et administratif, le bar public, les disquaires et Fr\u00e9quence M\u00e9t\u00e9o.<br \/>\nM\u00e9t\u00e9o, c\u2019est aussi plusieurs workshops d\u2019improvisation tout au long de la semaine au Conservatoire de Mulhouse.<br \/>\nM\u00e9t\u00e9o est un rendez-vous incontournable pour les amateur\u00b7trices de musiques exp\u00e9rimentales et improvis\u00e9es, en t\u00e9moigne un public qui vient chaque ann\u00e9e d\u2019Italie, de Belgique, d\u2019Allemagne, de Suisse et des quatre coins de France.<\/p>\n<h4>M\u00c9T\u00c9O CAMPAGNE<\/h4>\n<p>Pendant trois semaines au mois d\u2019ao\u00fbt, M\u00e9t\u00e9o bat la campagne avec une dizaine de rendez-vous dans des communes du d\u00e9partement. Avec une programmation ouverte mais d\u00e9sireuse d\u2019amener les publics vers la d\u00e9couverte.<\/p>\n<h4>CONCERTS ET ACTIONS DE M\u00c9DIATION EN SAISON<\/h4>\n<p>De mani\u00e8re plus ponctuelle, M\u00e9t\u00e9o donne rendez-vous en cours de saison, avec des concerts en partenariat avec des structures culturelles du territoire\u00a0: La Filature-Sc\u00e8ne Nationale de Mulhouse, le festival Musica, le festival Strasbourg-M\u00e9diterran\u00e9e, la F\u00eate de la Musique en partenariat avec la Ville de Mulhouse\u2026<br \/>\nAu gr\u00e9 de ses moyens, M\u00e9t\u00e9o met \u00e9galement en place des actions de m\u00e9diation\u00a0: interventions artistiques en milieu carc\u00e9ral, masterclasses au Conservatoire de Mulhouse, concerts en milieu scolaire ou universitaire\u2026<\/p>\n<p>Le projet actuel doit mener \u00e0 un d\u00e9veloppement de cette activit\u00e9 en saison, avec au moins un.e salari\u00e9.e permanent.e suppl\u00e9mentaire.<\/p>\n<h2>MISSIONS<\/h2>\n<p>Elle ou il assure la responsabilit\u00e9 des missions r\u00e9parties dans les cinq chapitres ci-dessous\u00a0:<br \/>\nAu sein d\u2019une \u00e9quipe actuellement constitu\u00e9e d\u2019un salari\u00e9 permanent \u00e0 l\u2019ann\u00e9e et de deux salari\u00e9.es permaneent.es d\u2019avril \u00e0 septembre et sous la responsabilit\u00e9 du directeur, l\u2019administrateur.trice assure la gestion administrative, budg\u00e9taire, financi\u00e8re, juridique et sociale de l\u2019association Jazz \u00e0 Mulhouse \/ Festival M\u00e9t\u00e9o.<\/p>\n<p>L\u2019administrateur.trice occupe un r\u00f4le d\u2019appui de la direction dans la d\u00e9finition du projet culturel de l\u2019association, de la strat\u00e9gie et de l\u2019organisation n\u00e9cessaire \u00e0 son d\u00e9ploiement.<\/p>\n<h4>1 \/ ADMINISTRATION<\/h4>\n<p>Temps de travail estim\u00e9 : 3 jours par mois en moyenne = 36 jours dans l\u2019ann\u00e9e<\/p>\n<p>Elaboration et suivi des budgets pr\u00e9visionnels et annuels (budget g\u00e9n\u00e9ral, budgets artistiques et techniques) en ad\u00e9quation avec le projet artistique et culturel et le programme pr\u00e9visionnel des activit\u00e9s.<br \/>\nEtablissement, suivi et cl\u00f4ture des dossiers de demandes de subventions : Minist\u00e8re de la Culture-DRAC Grand Est, Collectivit\u00e9s Territoriales (Ville, R\u00e9gion, D\u00e9partement\u2026), Soci\u00e9t\u00e9s Civiles (Sacem, Spedidam\u2026.) en relation avec le directeur.<\/p>\n<h4>2 \/ GESTION DU PERSONNEL<\/h4>\n<p>Temps de travail estim\u00e9 : 1 jour par mois<\/p>\n<p>R\u00e9daction des contrats de travail du personnel administratif, technique et artistique.<br \/>\nV\u00e9rification de la situation sociale des artistes \u00e9trangers.<br \/>\nDPAE personnel embauch\u00e9 (+100 personnes\/an)<br \/>\nEdition des fiches de paie et d\u00e9clarations sociales p\u00e9riodiques et annuelles.<\/p>\n<h3>3 \/ GESTION COMPTABLE<\/h3>\n<p>Temps de travail estim\u00e9\u00a0: 1 mois reparti dans l\u2019ann\u00e9e<br \/>\nSelon le profil, la gestion comptable pourra \u00eatre externalis\u00e9e.<\/p>\n<p>Suivi et \u00e9laboration des factures (paiement des factures re\u00e7ues, \u00e9mission des factures M\u00e9t\u00e9o Campagne, F\u00eate de la Musique\u2026)<br \/>\nCollecte des pi\u00e8ces comptables, saisie des \u00e9critures, tenue d\u2019une comptabilit\u00e9 analytique et budg\u00e9taire.<br \/>\nEtablissement du bilan, compte de r\u00e9sultat et plaquette financi\u00e8re.<br \/>\nEtablissement et transmission de la liasse fiscale.<br \/>\nD\u00e9claration de TVA p\u00e9riodique.<br \/>\nRelation avec le Commissaire aux Comptes.<\/p>\n<h4>4 \/ FESTIVAL M\u00c9T\u00c9O<\/h4>\n<p>Temps de travail estim\u00e9 : 8 jours sur place, 3 semaines de pr\u00e9paration.<\/p>\n<p>Pr\u00e9sence sur le festival pendant 8 jours non-stop.<br \/>\nSupervision de la billetterie et des caisses.<br \/>\nR\u00e8glement des artistes et techniciens, suivi des contrats.<br \/>\nEtablissement des \u00e9tats de billetterie.<br \/>\nRelev\u00e9 des repas (catering) et suivi des recettes du bar.<br \/>\nD\u00e9clarations SACEM et taxe fiscale (CNM)<br \/>\nD\u00e9claration de la billetterie sur SIBIL.<\/p>\n<h4>5 \/ AUTRES MISSIONS<\/h4>\n<p>Participe \u00e0 la r\u00e9flexion et \u00e0 l\u2019\u00e9criture du projet artistique et culturel de l\u2019association.<br \/>\nParticipe \u00e0 la d\u00e9finition de la strat\u00e9gie en mati\u00e8re de moyens et d\u2019organisation.<br \/>\nPeut \u00eatre amen\u00e9.e \u00e0 repr\u00e9senter avec la direction la structure \u00e0 l\u2019ext\u00e9rieur (rendez-vous avec les tutelles).<\/p>\n<h2>PROFIL RECHERCH\u00c9<\/h2>\n<p>Formation sup\u00e9rieure en gestion et administration de projets culturels.<br \/>\nSolides connaissances en gestion comptable et financi\u00e8re.<br \/>\nBonne connaissance du secteur culturel et des politiques culturelles.<br \/>\nInt\u00e9r\u00eat prononc\u00e9 pour les musiques cr\u00e9atives (cr\u00e9atives, exp\u00e9rimentales, improvis\u00e9es).<br \/>\nSens des responsabilit\u00e9s et esprit de d\u00e9cision<br \/>\nOrganisation, rigueur, m\u00e9thode et souplesse.<br \/>\nAnglais indispensable.<br \/>\nPermis B.<\/p>\n<h2>EXP\u00c9RIENCE RECHERCH\u00c9E<\/h2>\n<p>Exp\u00e9rience professionnelle significative dans un poste similaire.<\/p>\n<p>Date de prise de fonction : 1er d\u00e9cembre 2022<br \/>\nDate limite de candidature : 18\/11\/2022<br \/>\nR\u00e9mun\u00e9ration \u00e0 convenir selon exp\u00e9rience et missions d\u00e9finies.<\/p>\n<p class=\"p1\">CV et lettre de candidature \u00e0 adresser par mail \u00e0\u00a0: <a href=\"mailto:mathieu.schoenahl@festival-meteo.fr\"><span class=\"s1\">mathieu.schoenahl@festival-meteo.fr<\/span><\/a><span class=\"Apple-converted-space\">\u00a0<\/span><\/p>\n<p>Festival M\u00e9t\u00e9o<br \/>\nB\u00e2timent La Filature<br \/>\n20 All\u00e9e Nathan Katz<br \/>\n68100 Mulhouse<\/p>\n<p><a href=\"https:\/\/www.festival-meteo.fr\/\">www.festival-meteo.fr<\/a><\/p>\n<p>L\u2019article <a href=\"https:\/\/popburo.fr\/le-festival-meteo-mulhouse-recrute-un-administrateur-f-h\/\">le festival METEO [Mulhouse] recrute un administrateur [F\/H]<\/a> est apparu en premier sur <a href=\"https:\/\/popburo.fr\/\">POP B\u00dcRO<\/a>.<\/p>\n","protected":false},"excerpt":{"rendered":"<p>M\u00e9t\u00e9o est un festival de musiques exp\u00e9rimentales et improvis\u00e9es qui se tient \u00e0 Mulhouse tous les ans \u00e0 la fin du mois d\u2019ao\u00fbt. Mathieu Schoenahl en assure la direction depuis 2019. Pendant 5 jours, ce sont environ 30 concerts dans une dizaine de lieux de la ville qui sont pr\u00e9sent\u00e9s \u00e0 un public venu de toute l\u2019Europe et des quatre coins de France, mais aussi plusieurs workshops, des concerts jeune public, de nombreuses premi\u00e8res fran\u00e7aises et cr\u00e9ations. Le festival, qui [&hellip;]<\/p>\n","protected":false},"author":0,"featured_media":0,"comment_status":"closed","ping_status":"open","sticky":false,"template":"","format":"standard","meta":{"footnotes":""},"categories":[1],"tags":[],"class_list":["post-3768","post","type-post","status-publish","format-standard","hentry","category-non-classe"],"yoast_head":"<!-- This site is optimized with the Yoast SEO plugin v27.5 - https:\/\/yoast.com\/product\/yoast-seo-wordpress\/ -->\n<title>le festival METEO [Mulhouse] recrute un administrateur [F\/H] - HIERO STRASBOURG<\/title>\n<meta name=\"robots\" content=\"index, follow, max-snippet:-1, max-image-preview:large, max-video-preview:-1\" \/>\n<link rel=\"canonical\" href=\"https:\/\/hierostrasbourg.com\/index.php\/2022\/10\/07\/le-festival-meteo-mulhouse-recrute-un-administrateur-f-h-2\/\" \/>\n<meta property=\"og:locale\" content=\"fr_FR\" \/>\n<meta property=\"og:type\" content=\"article\" \/>\n<meta property=\"og:title\" content=\"le festival METEO [Mulhouse] recrute un administrateur [F\/H] - HIERO STRASBOURG\" \/>\n<meta property=\"og:description\" content=\"M\u00e9t\u00e9o est un festival de musiques exp\u00e9rimentales et improvis\u00e9es qui se tient \u00e0 Mulhouse tous les ans \u00e0 la fin du mois d\u2019ao\u00fbt. Mathieu Schoenahl en assure la direction depuis 2019. Pendant 5 jours, ce sont environ 30 concerts dans une dizaine de lieux de la ville qui sont pr\u00e9sent\u00e9s \u00e0 un public venu de toute l\u2019Europe et des quatre coins de France, mais aussi plusieurs workshops, des concerts jeune public, de nombreuses premi\u00e8res fran\u00e7aises et cr\u00e9ations. Le festival, qui [&hellip;]\" \/>\n<meta property=\"og:url\" content=\"https:\/\/hierostrasbourg.com\/index.php\/2022\/10\/07\/le-festival-meteo-mulhouse-recrute-un-administrateur-f-h-2\/\" \/>\n<meta property=\"og:site_name\" content=\"HIERO STRASBOURG\" \/>\n<meta property=\"article:publisher\" content=\"https:\/\/www.facebook.com\/fedehierostrasbourg\" \/>\n<meta property=\"article:published_time\" content=\"2022-10-07T14:36:03+00:00\" \/>\n<meta name=\"twitter:card\" content=\"summary_large_image\" \/>\n<meta name=\"twitter:creator\" content=\"@hierostrasbourg\" \/>\n<meta name=\"twitter:site\" content=\"@hierostrasbourg\" \/>\n<meta name=\"twitter:label1\" content=\"Dur\u00e9e de lecture estim\u00e9e\" \/>\n\t<meta name=\"twitter:data1\" content=\"6 minutes\" \/>\n<script type=\"application\/ld+json\" class=\"yoast-schema-graph\">{\"@context\":\"https:\\\/\\\/schema.org\",\"@graph\":[{\"@type\":\"Article\",\"@id\":\"https:\\\/\\\/hierostrasbourg.com\\\/index.php\\\/2022\\\/10\\\/07\\\/le-festival-meteo-mulhouse-recrute-un-administrateur-f-h-2\\\/#article\",\"isPartOf\":{\"@id\":\"https:\\\/\\\/hierostrasbourg.com\\\/index.php\\\/2022\\\/10\\\/07\\\/le-festival-meteo-mulhouse-recrute-un-administrateur-f-h-2\\\/\"},\"author\":{\"name\":\"\",\"@id\":\"\"},\"headline\":\"le festival METEO [Mulhouse] recrute un administrateur [F\\\/H]\",\"datePublished\":\"2022-10-07T14:36:03+00:00\",\"mainEntityOfPage\":{\"@id\":\"https:\\\/\\\/hierostrasbourg.com\\\/index.php\\\/2022\\\/10\\\/07\\\/le-festival-meteo-mulhouse-recrute-un-administrateur-f-h-2\\\/\"},\"wordCount\":1221,\"publisher\":{\"@id\":\"https:\\\/\\\/hierostrasbourg.com\\\/#organization\"},\"inLanguage\":\"fr-FR\"},{\"@type\":\"WebPage\",\"@id\":\"https:\\\/\\\/hierostrasbourg.com\\\/index.php\\\/2022\\\/10\\\/07\\\/le-festival-meteo-mulhouse-recrute-un-administrateur-f-h-2\\\/\",\"url\":\"https:\\\/\\\/hierostrasbourg.com\\\/index.php\\\/2022\\\/10\\\/07\\\/le-festival-meteo-mulhouse-recrute-un-administrateur-f-h-2\\\/\",\"name\":\"le festival METEO [Mulhouse] recrute un administrateur [F\\\/H] - HIERO STRASBOURG\",\"isPartOf\":{\"@id\":\"https:\\\/\\\/hierostrasbourg.com\\\/#website\"},\"datePublished\":\"2022-10-07T14:36:03+00:00\",\"breadcrumb\":{\"@id\":\"https:\\\/\\\/hierostrasbourg.com\\\/index.php\\\/2022\\\/10\\\/07\\\/le-festival-meteo-mulhouse-recrute-un-administrateur-f-h-2\\\/#breadcrumb\"},\"inLanguage\":\"fr-FR\",\"potentialAction\":[{\"@type\":\"ReadAction\",\"target\":[\"https:\\\/\\\/hierostrasbourg.com\\\/index.php\\\/2022\\\/10\\\/07\\\/le-festival-meteo-mulhouse-recrute-un-administrateur-f-h-2\\\/\"]}]},{\"@type\":\"BreadcrumbList\",\"@id\":\"https:\\\/\\\/hierostrasbourg.com\\\/index.php\\\/2022\\\/10\\\/07\\\/le-festival-meteo-mulhouse-recrute-un-administrateur-f-h-2\\\/#breadcrumb\",\"itemListElement\":[{\"@type\":\"ListItem\",\"position\":1,\"name\":\"Accueil\",\"item\":\"https:\\\/\\\/hierostrasbourg.com\\\/\"},{\"@type\":\"ListItem\",\"position\":2,\"name\":\"le festival METEO [Mulhouse] recrute un administrateur [F\\\/H]\"}]},{\"@type\":\"WebSite\",\"@id\":\"https:\\\/\\\/hierostrasbourg.com\\\/#website\",\"url\":\"https:\\\/\\\/hierostrasbourg.com\\\/\",\"name\":\"HIERO STRASBOURG\",\"description\":\"Centre de Ressources Musiques Actuelles\",\"publisher\":{\"@id\":\"https:\\\/\\\/hierostrasbourg.com\\\/#organization\"},\"potentialAction\":[{\"@type\":\"SearchAction\",\"target\":{\"@type\":\"EntryPoint\",\"urlTemplate\":\"https:\\\/\\\/hierostrasbourg.com\\\/?s={search_term_string}\"},\"query-input\":{\"@type\":\"PropertyValueSpecification\",\"valueRequired\":true,\"valueName\":\"search_term_string\"}}],\"inLanguage\":\"fr-FR\"},{\"@type\":\"Organization\",\"@id\":\"https:\\\/\\\/hierostrasbourg.com\\\/#organization\",\"name\":\"F\u00e9d\u00e9ration Hi\u00e9ro Strasbourg\",\"url\":\"https:\\\/\\\/hierostrasbourg.com\\\/\",\"logo\":{\"@type\":\"ImageObject\",\"inLanguage\":\"fr-FR\",\"@id\":\"https:\\\/\\\/hierostrasbourg.com\\\/#\\\/schema\\\/logo\\\/image\\\/\",\"url\":\"https:\\\/\\\/hierostrasbourg.com\\\/wp-content\\\/uploads\\\/2026\\\/04\\\/logo-hiero-strasbourg.jpg\",\"contentUrl\":\"https:\\\/\\\/hierostrasbourg.com\\\/wp-content\\\/uploads\\\/2026\\\/04\\\/logo-hiero-strasbourg.jpg\",\"width\":204,\"height\":192,\"caption\":\"F\u00e9d\u00e9ration Hi\u00e9ro Strasbourg\"},\"image\":{\"@id\":\"https:\\\/\\\/hierostrasbourg.com\\\/#\\\/schema\\\/logo\\\/image\\\/\"},\"sameAs\":[\"https:\\\/\\\/www.facebook.com\\\/fedehierostrasbourg\",\"https:\\\/\\\/x.com\\\/hierostrasbourg\"]}]}<\/script>\n<!-- \/ Yoast SEO plugin. -->","yoast_head_json":{"title":"le festival METEO [Mulhouse] recrute un administrateur [F\/H] - HIERO STRASBOURG","robots":{"index":"index","follow":"follow","max-snippet":"max-snippet:-1","max-image-preview":"max-image-preview:large","max-video-preview":"max-video-preview:-1"},"canonical":"https:\/\/hierostrasbourg.com\/index.php\/2022\/10\/07\/le-festival-meteo-mulhouse-recrute-un-administrateur-f-h-2\/","og_locale":"fr_FR","og_type":"article","og_title":"le festival METEO [Mulhouse] recrute un administrateur [F\/H] - HIERO STRASBOURG","og_description":"M\u00e9t\u00e9o est un festival de musiques exp\u00e9rimentales et improvis\u00e9es qui se tient \u00e0 Mulhouse tous les ans \u00e0 la fin du mois d\u2019ao\u00fbt. Mathieu Schoenahl en assure la direction depuis 2019. Pendant 5 jours, ce sont environ 30 concerts dans une dizaine de lieux de la ville qui sont pr\u00e9sent\u00e9s \u00e0 un public venu de toute l\u2019Europe et des quatre coins de France, mais aussi plusieurs workshops, des concerts jeune public, de nombreuses premi\u00e8res fran\u00e7aises et cr\u00e9ations. Le festival, qui [&hellip;]","og_url":"https:\/\/hierostrasbourg.com\/index.php\/2022\/10\/07\/le-festival-meteo-mulhouse-recrute-un-administrateur-f-h-2\/","og_site_name":"HIERO STRASBOURG","article_publisher":"https:\/\/www.facebook.com\/fedehierostrasbourg","article_published_time":"2022-10-07T14:36:03+00:00","twitter_card":"summary_large_image","twitter_creator":"@hierostrasbourg","twitter_site":"@hierostrasbourg","twitter_misc":{"Dur\u00e9e de lecture estim\u00e9e":"6 minutes"},"schema":{"@context":"https:\/\/schema.org","@graph":[{"@type":"Article","@id":"https:\/\/hierostrasbourg.com\/index.php\/2022\/10\/07\/le-festival-meteo-mulhouse-recrute-un-administrateur-f-h-2\/#article","isPartOf":{"@id":"https:\/\/hierostrasbourg.com\/index.php\/2022\/10\/07\/le-festival-meteo-mulhouse-recrute-un-administrateur-f-h-2\/"},"author":{"name":"","@id":""},"headline":"le festival METEO [Mulhouse] recrute un administrateur [F\/H]","datePublished":"2022-10-07T14:36:03+00:00","mainEntityOfPage":{"@id":"https:\/\/hierostrasbourg.com\/index.php\/2022\/10\/07\/le-festival-meteo-mulhouse-recrute-un-administrateur-f-h-2\/"},"wordCount":1221,"publisher":{"@id":"https:\/\/hierostrasbourg.com\/#organization"},"inLanguage":"fr-FR"},{"@type":"WebPage","@id":"https:\/\/hierostrasbourg.com\/index.php\/2022\/10\/07\/le-festival-meteo-mulhouse-recrute-un-administrateur-f-h-2\/","url":"https:\/\/hierostrasbourg.com\/index.php\/2022\/10\/07\/le-festival-meteo-mulhouse-recrute-un-administrateur-f-h-2\/","name":"le festival METEO [Mulhouse] recrute un administrateur [F\/H] - HIERO STRASBOURG","isPartOf":{"@id":"https:\/\/hierostrasbourg.com\/#website"},"datePublished":"2022-10-07T14:36:03+00:00","breadcrumb":{"@id":"https:\/\/hierostrasbourg.com\/index.php\/2022\/10\/07\/le-festival-meteo-mulhouse-recrute-un-administrateur-f-h-2\/#breadcrumb"},"inLanguage":"fr-FR","potentialAction":[{"@type":"ReadAction","target":["https:\/\/hierostrasbourg.com\/index.php\/2022\/10\/07\/le-festival-meteo-mulhouse-recrute-un-administrateur-f-h-2\/"]}]},{"@type":"BreadcrumbList","@id":"https:\/\/hierostrasbourg.com\/index.php\/2022\/10\/07\/le-festival-meteo-mulhouse-recrute-un-administrateur-f-h-2\/#breadcrumb","itemListElement":[{"@type":"ListItem","position":1,"name":"Accueil","item":"https:\/\/hierostrasbourg.com\/"},{"@type":"ListItem","position":2,"name":"le festival METEO [Mulhouse] recrute un administrateur [F\/H]"}]},{"@type":"WebSite","@id":"https:\/\/hierostrasbourg.com\/#website","url":"https:\/\/hierostrasbourg.com\/","name":"HIERO STRASBOURG","description":"Centre de Ressources Musiques Actuelles","publisher":{"@id":"https:\/\/hierostrasbourg.com\/#organization"},"potentialAction":[{"@type":"SearchAction","target":{"@type":"EntryPoint","urlTemplate":"https:\/\/hierostrasbourg.com\/?s={search_term_string}"},"query-input":{"@type":"PropertyValueSpecification","valueRequired":true,"valueName":"search_term_string"}}],"inLanguage":"fr-FR"},{"@type":"Organization","@id":"https:\/\/hierostrasbourg.com\/#organization","name":"F\u00e9d\u00e9ration Hi\u00e9ro Strasbourg","url":"https:\/\/hierostrasbourg.com\/","logo":{"@type":"ImageObject","inLanguage":"fr-FR","@id":"https:\/\/hierostrasbourg.com\/#\/schema\/logo\/image\/","url":"https:\/\/hierostrasbourg.com\/wp-content\/uploads\/2026\/04\/logo-hiero-strasbourg.jpg","contentUrl":"https:\/\/hierostrasbourg.com\/wp-content\/uploads\/2026\/04\/logo-hiero-strasbourg.jpg","width":204,"height":192,"caption":"F\u00e9d\u00e9ration Hi\u00e9ro Strasbourg"},"image":{"@id":"https:\/\/hierostrasbourg.com\/#\/schema\/logo\/image\/"},"sameAs":["https:\/\/www.facebook.com\/fedehierostrasbourg","https:\/\/x.com\/hierostrasbourg"]}]}},"_links":{"self":[{"href":"https:\/\/hierostrasbourg.com\/index.php\/wp-json\/wp\/v2\/posts\/3768","targetHints":{"allow":["GET"]}}],"collection":[{"href":"https:\/\/hierostrasbourg.com\/index.php\/wp-json\/wp\/v2\/posts"}],"about":[{"href":"https:\/\/hierostrasbourg.com\/index.php\/wp-json\/wp\/v2\/types\/post"}],"replies":[{"embeddable":true,"href":"https:\/\/hierostrasbourg.com\/index.php\/wp-json\/wp\/v2\/comments?post=3768"}],"version-history":[{"count":0,"href":"https:\/\/hierostrasbourg.com\/index.php\/wp-json\/wp\/v2\/posts\/3768\/revisions"}],"wp:attachment":[{"href":"https:\/\/hierostrasbourg.com\/index.php\/wp-json\/wp\/v2\/media?parent=3768"}],"wp:term":[{"taxonomy":"category","embeddable":true,"href":"https:\/\/hierostrasbourg.com\/index.php\/wp-json\/wp\/v2\/categories?post=3768"},{"taxonomy":"post_tag","embeddable":true,"href":"https:\/\/hierostrasbourg.com\/index.php\/wp-json\/wp\/v2\/tags?post=3768"}],"curies":[{"name":"wp","href":"https:\/\/api.w.org\/{rel}","templated":true}]}}