{"id":3766,"date":"2022-10-06T21:36:32","date_gmt":"2022-10-06T19:36:32","guid":{"rendered":"https:\/\/hierostrasbourg.com\/index.php\/2022\/10\/06\/les-amants-du-midi-nouvel-album-de-danicher-chanson-pop-strasbourg-2\/"},"modified":"2022-10-06T21:36:32","modified_gmt":"2022-10-06T19:36:32","slug":"les-amants-du-midi-nouvel-album-de-danicher-chanson-pop-strasbourg-2","status":"publish","type":"post","link":"https:\/\/hierostrasbourg.com\/index.php\/2022\/10\/06\/les-amants-du-midi-nouvel-album-de-danicher-chanson-pop-strasbourg-2\/","title":{"rendered":"\u201cLes amants du midi\u201d, nouvel album de DANICHER [chanson pop \/ Strasbourg]"},"content":{"rendered":"<p><a href=\"https:\/\/musiquesactuelles.alsace\/les-amants-du-midi-nouvel-album-de-danicher-chanson-pop-strasbourg\/\" title=\"\u201cLes amants du midi\u201d, nouvel album de DANICHER [chanson pop \/ Strasbourg]\"><\/a><\/p>\n<p>autoportrait Ce pourrait e\u0302tre comme dans tous les westerns : un gentil et un me\u0301chant, la loi ou la marge, une affaire de proie (un peu) et d\u2019ombre (beaucoup). Un type e\u0301gare\u0301 la\u0300 ou\u0300 rien ne le re\u0301clamait pourtant. Sauf que s\u2019y trouve cette fille, celle-la\u0300 et pas une autre : le ve\u0301ritable enjeu de ce duel au soleil, dans la poussie\u0300re et la de\u0301raison, toute honte assume\u0301e et toute trouille bue. C\u2019est l\u2019e\u0301ternite\u0301 de la conque\u0302te, a\u0300 l\u2019Ouest comme [\u2026]<\/p>\n<p>L\u2019article <a href=\"https:\/\/musiquesactuelles.alsace\/les-amants-du-midi-nouvel-album-de-danicher-chanson-pop-strasbourg\/\">\u201cLes amants du midi\u201d, nouvel album de DANICHER [chanson pop \/ Strasbourg]<\/a> est apparu en premier sur <a href=\"https:\/\/musiquesactuelles.alsace\/\">Musiques Actuelles en Alsace<\/a>.<\/p>\n<p>L\u2019article <a href=\"https:\/\/popburo.fr\/les-amants-du-midi-nouvel-album-de-danicher-chanson-pop-strasbourg\/\">\u201cLes amants du midi\u201d, nouvel album de DANICHER [chanson pop \/ Strasbourg]<\/a> est apparu en premier sur <a href=\"https:\/\/popburo.fr\/\">POP B\u00dcRO<\/a>.<\/p>\n","protected":false},"excerpt":{"rendered":"<p>autoportrait Ce pourrait e\u0302tre comme dans tous les westerns : un gentil et un me\u0301chant, la loi ou la marge, une affaire de proie (un peu) et d\u2019ombre (beaucoup). Un type e\u0301gare\u0301 la\u0300 ou\u0300 rien ne le re\u0301clamait pourtant. Sauf que s\u2019y trouve cette fille, celle-la\u0300 et pas une autre : le ve\u0301ritable enjeu de ce duel au soleil, dans la poussie\u0300re et la de\u0301raison, toute honte assume\u0301e et toute trouille bue. C\u2019est l\u2019e\u0301ternite\u0301 de la conque\u0302te, a\u0300 l\u2019Ouest comme [&hellip;]<\/p>\n","protected":false},"author":0,"featured_media":0,"comment_status":"closed","ping_status":"open","sticky":false,"template":"","format":"standard","meta":{"footnotes":""},"categories":[1],"tags":[],"class_list":["post-3766","post","type-post","status-publish","format-standard","hentry","category-non-classe"],"yoast_head":"<!-- This site is optimized with the Yoast SEO plugin v27.5 - https:\/\/yoast.com\/product\/yoast-seo-wordpress\/ -->\n<title>\u201cLes amants du midi\u201d, nouvel album de DANICHER [chanson pop \/ Strasbourg] - HIERO STRASBOURG<\/title>\n<meta name=\"robots\" content=\"index, follow, max-snippet:-1, max-image-preview:large, max-video-preview:-1\" \/>\n<link rel=\"canonical\" href=\"https:\/\/hierostrasbourg.com\/index.php\/2022\/10\/06\/les-amants-du-midi-nouvel-album-de-danicher-chanson-pop-strasbourg-2\/\" \/>\n<meta property=\"og:locale\" content=\"fr_FR\" \/>\n<meta property=\"og:type\" content=\"article\" \/>\n<meta property=\"og:title\" content=\"\u201cLes amants du midi\u201d, nouvel album de DANICHER [chanson pop \/ Strasbourg] - HIERO STRASBOURG\" \/>\n<meta property=\"og:description\" content=\"autoportrait Ce pourrait e\u0302tre comme dans tous les westerns : un gentil et un me\u0301chant, la loi ou la marge, une affaire de proie (un peu) et d\u2019ombre (beaucoup). Un type e\u0301gare\u0301 la\u0300 ou\u0300 rien ne le re\u0301clamait pourtant. Sauf que s\u2019y trouve cette fille, celle-la\u0300 et pas une autre : le ve\u0301ritable enjeu de ce duel au soleil, dans la poussie\u0300re et la de\u0301raison, toute honte assume\u0301e et toute trouille bue. C\u2019est l\u2019e\u0301ternite\u0301 de la conque\u0302te, a\u0300 l\u2019Ouest comme [&hellip;]\" \/>\n<meta property=\"og:url\" content=\"https:\/\/hierostrasbourg.com\/index.php\/2022\/10\/06\/les-amants-du-midi-nouvel-album-de-danicher-chanson-pop-strasbourg-2\/\" \/>\n<meta property=\"og:site_name\" content=\"HIERO STRASBOURG\" \/>\n<meta property=\"article:publisher\" content=\"https:\/\/www.facebook.com\/fedehierostrasbourg\" \/>\n<meta property=\"article:published_time\" content=\"2022-10-06T19:36:32+00:00\" \/>\n<meta name=\"twitter:card\" content=\"summary_large_image\" \/>\n<meta name=\"twitter:creator\" content=\"@hierostrasbourg\" \/>\n<meta name=\"twitter:site\" content=\"@hierostrasbourg\" \/>\n<meta name=\"twitter:label1\" content=\"Dur\u00e9e de lecture estim\u00e9e\" \/>\n\t<meta name=\"twitter:data1\" content=\"1 minute\" \/>\n<script type=\"application\/ld+json\" class=\"yoast-schema-graph\">{\"@context\":\"https:\\\/\\\/schema.org\",\"@graph\":[{\"@type\":\"Article\",\"@id\":\"https:\\\/\\\/hierostrasbourg.com\\\/index.php\\\/2022\\\/10\\\/06\\\/les-amants-du-midi-nouvel-album-de-danicher-chanson-pop-strasbourg-2\\\/#article\",\"isPartOf\":{\"@id\":\"https:\\\/\\\/hierostrasbourg.com\\\/index.php\\\/2022\\\/10\\\/06\\\/les-amants-du-midi-nouvel-album-de-danicher-chanson-pop-strasbourg-2\\\/\"},\"author\":{\"name\":\"\",\"@id\":\"\"},\"headline\":\"\u201cLes amants du midi\u201d, nouvel album de DANICHER [chanson pop \\\/ Strasbourg]\",\"datePublished\":\"2022-10-06T19:36:32+00:00\",\"mainEntityOfPage\":{\"@id\":\"https:\\\/\\\/hierostrasbourg.com\\\/index.php\\\/2022\\\/10\\\/06\\\/les-amants-du-midi-nouvel-album-de-danicher-chanson-pop-strasbourg-2\\\/\"},\"wordCount\":147,\"publisher\":{\"@id\":\"https:\\\/\\\/hierostrasbourg.com\\\/#organization\"},\"inLanguage\":\"fr-FR\"},{\"@type\":\"WebPage\",\"@id\":\"https:\\\/\\\/hierostrasbourg.com\\\/index.php\\\/2022\\\/10\\\/06\\\/les-amants-du-midi-nouvel-album-de-danicher-chanson-pop-strasbourg-2\\\/\",\"url\":\"https:\\\/\\\/hierostrasbourg.com\\\/index.php\\\/2022\\\/10\\\/06\\\/les-amants-du-midi-nouvel-album-de-danicher-chanson-pop-strasbourg-2\\\/\",\"name\":\"\u201cLes amants du midi\u201d, nouvel album de DANICHER [chanson pop \\\/ Strasbourg] - HIERO STRASBOURG\",\"isPartOf\":{\"@id\":\"https:\\\/\\\/hierostrasbourg.com\\\/#website\"},\"datePublished\":\"2022-10-06T19:36:32+00:00\",\"breadcrumb\":{\"@id\":\"https:\\\/\\\/hierostrasbourg.com\\\/index.php\\\/2022\\\/10\\\/06\\\/les-amants-du-midi-nouvel-album-de-danicher-chanson-pop-strasbourg-2\\\/#breadcrumb\"},\"inLanguage\":\"fr-FR\",\"potentialAction\":[{\"@type\":\"ReadAction\",\"target\":[\"https:\\\/\\\/hierostrasbourg.com\\\/index.php\\\/2022\\\/10\\\/06\\\/les-amants-du-midi-nouvel-album-de-danicher-chanson-pop-strasbourg-2\\\/\"]}]},{\"@type\":\"BreadcrumbList\",\"@id\":\"https:\\\/\\\/hierostrasbourg.com\\\/index.php\\\/2022\\\/10\\\/06\\\/les-amants-du-midi-nouvel-album-de-danicher-chanson-pop-strasbourg-2\\\/#breadcrumb\",\"itemListElement\":[{\"@type\":\"ListItem\",\"position\":1,\"name\":\"Accueil\",\"item\":\"https:\\\/\\\/hierostrasbourg.com\\\/\"},{\"@type\":\"ListItem\",\"position\":2,\"name\":\"\u201cLes amants du midi\u201d, nouvel album de DANICHER [chanson pop \\\/ Strasbourg]\"}]},{\"@type\":\"WebSite\",\"@id\":\"https:\\\/\\\/hierostrasbourg.com\\\/#website\",\"url\":\"https:\\\/\\\/hierostrasbourg.com\\\/\",\"name\":\"HIERO STRASBOURG\",\"description\":\"Centre de Ressources Musiques Actuelles\",\"publisher\":{\"@id\":\"https:\\\/\\\/hierostrasbourg.com\\\/#organization\"},\"potentialAction\":[{\"@type\":\"SearchAction\",\"target\":{\"@type\":\"EntryPoint\",\"urlTemplate\":\"https:\\\/\\\/hierostrasbourg.com\\\/?s={search_term_string}\"},\"query-input\":{\"@type\":\"PropertyValueSpecification\",\"valueRequired\":true,\"valueName\":\"search_term_string\"}}],\"inLanguage\":\"fr-FR\"},{\"@type\":\"Organization\",\"@id\":\"https:\\\/\\\/hierostrasbourg.com\\\/#organization\",\"name\":\"F\u00e9d\u00e9ration Hi\u00e9ro Strasbourg\",\"url\":\"https:\\\/\\\/hierostrasbourg.com\\\/\",\"logo\":{\"@type\":\"ImageObject\",\"inLanguage\":\"fr-FR\",\"@id\":\"https:\\\/\\\/hierostrasbourg.com\\\/#\\\/schema\\\/logo\\\/image\\\/\",\"url\":\"https:\\\/\\\/hierostrasbourg.com\\\/wp-content\\\/uploads\\\/2026\\\/04\\\/logo-hiero-strasbourg.jpg\",\"contentUrl\":\"https:\\\/\\\/hierostrasbourg.com\\\/wp-content\\\/uploads\\\/2026\\\/04\\\/logo-hiero-strasbourg.jpg\",\"width\":204,\"height\":192,\"caption\":\"F\u00e9d\u00e9ration Hi\u00e9ro Strasbourg\"},\"image\":{\"@id\":\"https:\\\/\\\/hierostrasbourg.com\\\/#\\\/schema\\\/logo\\\/image\\\/\"},\"sameAs\":[\"https:\\\/\\\/www.facebook.com\\\/fedehierostrasbourg\",\"https:\\\/\\\/x.com\\\/hierostrasbourg\"]}]}<\/script>\n<!-- \/ Yoast SEO plugin. -->","yoast_head_json":{"title":"\u201cLes amants du midi\u201d, nouvel album de DANICHER [chanson pop \/ Strasbourg] - HIERO STRASBOURG","robots":{"index":"index","follow":"follow","max-snippet":"max-snippet:-1","max-image-preview":"max-image-preview:large","max-video-preview":"max-video-preview:-1"},"canonical":"https:\/\/hierostrasbourg.com\/index.php\/2022\/10\/06\/les-amants-du-midi-nouvel-album-de-danicher-chanson-pop-strasbourg-2\/","og_locale":"fr_FR","og_type":"article","og_title":"\u201cLes amants du midi\u201d, nouvel album de DANICHER [chanson pop \/ Strasbourg] - HIERO STRASBOURG","og_description":"autoportrait Ce pourrait e\u0302tre comme dans tous les westerns : un gentil et un me\u0301chant, la loi ou la marge, une affaire de proie (un peu) et d\u2019ombre (beaucoup). Un type e\u0301gare\u0301 la\u0300 ou\u0300 rien ne le re\u0301clamait pourtant. Sauf que s\u2019y trouve cette fille, celle-la\u0300 et pas une autre : le ve\u0301ritable enjeu de ce duel au soleil, dans la poussie\u0300re et la de\u0301raison, toute honte assume\u0301e et toute trouille bue. C\u2019est l\u2019e\u0301ternite\u0301 de la conque\u0302te, a\u0300 l\u2019Ouest comme [&hellip;]","og_url":"https:\/\/hierostrasbourg.com\/index.php\/2022\/10\/06\/les-amants-du-midi-nouvel-album-de-danicher-chanson-pop-strasbourg-2\/","og_site_name":"HIERO STRASBOURG","article_publisher":"https:\/\/www.facebook.com\/fedehierostrasbourg","article_published_time":"2022-10-06T19:36:32+00:00","twitter_card":"summary_large_image","twitter_creator":"@hierostrasbourg","twitter_site":"@hierostrasbourg","twitter_misc":{"Dur\u00e9e de lecture estim\u00e9e":"1 minute"},"schema":{"@context":"https:\/\/schema.org","@graph":[{"@type":"Article","@id":"https:\/\/hierostrasbourg.com\/index.php\/2022\/10\/06\/les-amants-du-midi-nouvel-album-de-danicher-chanson-pop-strasbourg-2\/#article","isPartOf":{"@id":"https:\/\/hierostrasbourg.com\/index.php\/2022\/10\/06\/les-amants-du-midi-nouvel-album-de-danicher-chanson-pop-strasbourg-2\/"},"author":{"name":"","@id":""},"headline":"\u201cLes amants du midi\u201d, nouvel album de DANICHER [chanson pop \/ Strasbourg]","datePublished":"2022-10-06T19:36:32+00:00","mainEntityOfPage":{"@id":"https:\/\/hierostrasbourg.com\/index.php\/2022\/10\/06\/les-amants-du-midi-nouvel-album-de-danicher-chanson-pop-strasbourg-2\/"},"wordCount":147,"publisher":{"@id":"https:\/\/hierostrasbourg.com\/#organization"},"inLanguage":"fr-FR"},{"@type":"WebPage","@id":"https:\/\/hierostrasbourg.com\/index.php\/2022\/10\/06\/les-amants-du-midi-nouvel-album-de-danicher-chanson-pop-strasbourg-2\/","url":"https:\/\/hierostrasbourg.com\/index.php\/2022\/10\/06\/les-amants-du-midi-nouvel-album-de-danicher-chanson-pop-strasbourg-2\/","name":"\u201cLes amants du midi\u201d, nouvel album de DANICHER [chanson pop \/ Strasbourg] - HIERO STRASBOURG","isPartOf":{"@id":"https:\/\/hierostrasbourg.com\/#website"},"datePublished":"2022-10-06T19:36:32+00:00","breadcrumb":{"@id":"https:\/\/hierostrasbourg.com\/index.php\/2022\/10\/06\/les-amants-du-midi-nouvel-album-de-danicher-chanson-pop-strasbourg-2\/#breadcrumb"},"inLanguage":"fr-FR","potentialAction":[{"@type":"ReadAction","target":["https:\/\/hierostrasbourg.com\/index.php\/2022\/10\/06\/les-amants-du-midi-nouvel-album-de-danicher-chanson-pop-strasbourg-2\/"]}]},{"@type":"BreadcrumbList","@id":"https:\/\/hierostrasbourg.com\/index.php\/2022\/10\/06\/les-amants-du-midi-nouvel-album-de-danicher-chanson-pop-strasbourg-2\/#breadcrumb","itemListElement":[{"@type":"ListItem","position":1,"name":"Accueil","item":"https:\/\/hierostrasbourg.com\/"},{"@type":"ListItem","position":2,"name":"\u201cLes amants du midi\u201d, nouvel album de DANICHER [chanson pop \/ Strasbourg]"}]},{"@type":"WebSite","@id":"https:\/\/hierostrasbourg.com\/#website","url":"https:\/\/hierostrasbourg.com\/","name":"HIERO STRASBOURG","description":"Centre de Ressources Musiques Actuelles","publisher":{"@id":"https:\/\/hierostrasbourg.com\/#organization"},"potentialAction":[{"@type":"SearchAction","target":{"@type":"EntryPoint","urlTemplate":"https:\/\/hierostrasbourg.com\/?s={search_term_string}"},"query-input":{"@type":"PropertyValueSpecification","valueRequired":true,"valueName":"search_term_string"}}],"inLanguage":"fr-FR"},{"@type":"Organization","@id":"https:\/\/hierostrasbourg.com\/#organization","name":"F\u00e9d\u00e9ration Hi\u00e9ro Strasbourg","url":"https:\/\/hierostrasbourg.com\/","logo":{"@type":"ImageObject","inLanguage":"fr-FR","@id":"https:\/\/hierostrasbourg.com\/#\/schema\/logo\/image\/","url":"https:\/\/hierostrasbourg.com\/wp-content\/uploads\/2026\/04\/logo-hiero-strasbourg.jpg","contentUrl":"https:\/\/hierostrasbourg.com\/wp-content\/uploads\/2026\/04\/logo-hiero-strasbourg.jpg","width":204,"height":192,"caption":"F\u00e9d\u00e9ration Hi\u00e9ro Strasbourg"},"image":{"@id":"https:\/\/hierostrasbourg.com\/#\/schema\/logo\/image\/"},"sameAs":["https:\/\/www.facebook.com\/fedehierostrasbourg","https:\/\/x.com\/hierostrasbourg"]}]}},"_links":{"self":[{"href":"https:\/\/hierostrasbourg.com\/index.php\/wp-json\/wp\/v2\/posts\/3766","targetHints":{"allow":["GET"]}}],"collection":[{"href":"https:\/\/hierostrasbourg.com\/index.php\/wp-json\/wp\/v2\/posts"}],"about":[{"href":"https:\/\/hierostrasbourg.com\/index.php\/wp-json\/wp\/v2\/types\/post"}],"replies":[{"embeddable":true,"href":"https:\/\/hierostrasbourg.com\/index.php\/wp-json\/wp\/v2\/comments?post=3766"}],"version-history":[{"count":0,"href":"https:\/\/hierostrasbourg.com\/index.php\/wp-json\/wp\/v2\/posts\/3766\/revisions"}],"wp:attachment":[{"href":"https:\/\/hierostrasbourg.com\/index.php\/wp-json\/wp\/v2\/media?parent=3766"}],"wp:term":[{"taxonomy":"category","embeddable":true,"href":"https:\/\/hierostrasbourg.com\/index.php\/wp-json\/wp\/v2\/categories?post=3766"},{"taxonomy":"post_tag","embeddable":true,"href":"https:\/\/hierostrasbourg.com\/index.php\/wp-json\/wp\/v2\/tags?post=3766"}],"curies":[{"name":"wp","href":"https:\/\/api.w.org\/{rel}","templated":true}]}}