{"id":3759,"date":"2022-10-06T19:37:04","date_gmt":"2022-10-06T17:37:04","guid":{"rendered":"https:\/\/hierostrasbourg.com\/index.php\/2022\/10\/06\/appels-a-projets-developpement-de-documentaires-musicaux\/"},"modified":"2022-10-06T19:37:04","modified_gmt":"2022-10-06T17:37:04","slug":"appels-a-projets-developpement-de-documentaires-musicaux","status":"publish","type":"post","link":"https:\/\/hierostrasbourg.com\/index.php\/2022\/10\/06\/appels-a-projets-developpement-de-documentaires-musicaux\/","title":{"rendered":"Appels \u00e0 projets \u201cD\u00e9veloppement de documentaires musicaux\u201d"},"content":{"rendered":"<div class=\"meaObjectifs bgdUniv mb3 pa2\">\n<h2 class=\"txtUpp txtB mb1\">OBJECTIF<\/h2>\n<p>Permettre \u00e0 des auteurs-r\u00e9alisateurs d\u2019initier des projets et de les accompagner pendant le processus d\u2019\u00e9criture.<br \/>\nStimuler le d\u00e9veloppement de documentaires musicaux ambitieux sortant des formats traditionnels.<br \/>\nCette aide s\u2019adresse \u00e0 l\u2019auteur-r\u00e9alisateur et au producteur du documentaire.\n<\/p><\/div>\n<div class=\"eligibilite mb3\">\n<h2 class=\"cUniv mb1 txtUpp txtB\">CRIT\u00c8RES D\u2019\u00c9LIGIBILIT\u00c9<\/h2>\n<div class=\"whiteBlc\">\nLa demande d\u2019aide est \u00e9mise uniquement par un auteur-r\u00e9alisateur ou un producteur pouvant justifier d\u2019une exp\u00e9rience confirm\u00e9e de production d\u2019\u0153uvre audiovisuelle.<br \/>\nLa priorit\u00e9 est donn\u00e9e aux projets valorisant la cr\u00e9ation ou les nouvelles interpr\u00e9tations, tous r\u00e9pertoires confondus (\u00e0 l\u2019exception du domaine public) et\/ou particuli\u00e8rement ambitieux (courant musical majeur, histoire d\u2019une \u0153uvre, r\u00e9pertoire de niche).<br \/>\nLe projet doit pouvoir justifier de sa singularit\u00e9 et de son originalit\u00e9, d\u2019une ligne \u00e9ditoriale coh\u00e9rente et ax\u00e9e sur la valorisation de la musique et notamment ses cr\u00e9ateurs.<br \/>\nLe projet doit \u00eatre au stade de l\u2019\u00e9criture.<br \/>\nUne structure \/ un auteur-r\u00e9alisateur ne peut pr\u00e9senter qu\u2019un seul projet.\n<\/div>\n<\/div>\n<div class=\"montantSubvention mb3\">\n<h2 class=\"cUniv mb1 txtUpp txtB\">MONTANT DE L\u2019AIDE<\/h2>\n<div class=\"whiteBlc mod\">\n<p>Le montant de l\u2019aide est plafonn\u00e9 \u00e0 5000 euros.<\/p>\n<\/div>\n<\/div>\n<div class=\"instructionDossiers mb3\">\n<h2 class=\"cUniv mb1 txtUpp txtB\">INSTRUCTION DES DOSSIERS<\/h2>\n<div class=\"whiteBlc\">\nLe dossier complet, une fois soumis de fa\u00e7on d\u00e9mat\u00e9rialis\u00e9e, est \u00e9tudi\u00e9 et agr\u00e9\u00e9 par la Direction de l\u2019Action Culturelle par d\u00e9l\u00e9gation du Conseil d\u2019administration.<br \/>\nLes r\u00e9sultats sont communiqu\u00e9s au minimum 1 mois apr\u00e8s la date butoir du d\u00e9p\u00f4t du dossier (voir le calendrier de d\u00e9p\u00f4t des dossiers).<br \/>\nAucune demande d\u2019aide par courrier ne sera \u00e9tudi\u00e9e.<br \/>\nLa d\u00e9cision, positive ou non, est signifi\u00e9e par \u00e9crit.<br \/>\nCette d\u00e9cision est sans appel et un dossier refus\u00e9 ne peut \u00eatre soumis \u00e0 nouveau.<br \/>\nLes dossiers incomplets ou re\u00e7us hors d\u00e9lais ne seront pas examin\u00e9s (voir calendrier de d\u00e9p\u00f4t des dossiers).\n<\/div>\n<\/div>\n<div class=\"versementSubvention mb3\">\n<h2 class=\"cUniv mb1 txtUpp txtB\">VERSEMENT DE L\u2019AIDE<\/h2>\n<div class=\"whiteBlc\">\nA l\u2019accord de l\u2019aide, une convention est \u00e9tablie entre le b\u00e9n\u00e9ficiaire (auteur-r\u00e9alisateur ou producteur) de l\u2019aide et la Sacem.<br \/>\nL\u2019aide est vers\u00e9e \u00e0 la signature de cette convention et \u00e0 la r\u00e9ception d\u2019une demande de versement de l\u2019auteur r\u00e9alisateur ou d\u2019une facture de la structure de production.<br \/>\nLe porteur de projet s\u2019engage \u00e0 faire figurer \u00ab avec le soutien de la Sacem \u00bb, ainsi que le logo de la Sacem et de la copie priv\u00e9e sur l\u2019ensemble des communications relatives \u00e0 leur projet, aux g\u00e9n\u00e9riques du d\u00e9but et de fin du film.<br \/>\nLa non-communication de ces documents entra\u00eene l\u2019ajournement de l\u2019examen de toute nouvelle demande pr\u00e9sent\u00e9e par le porteur de projet.\n<\/div>\n<\/div>\n<div class=\"pieces mb3\">\n<h2 class=\"cUniv mb1 txtUpp txtB\">CONSTITUTION DE VOTRE DOSSIER<\/h2>\n<div class=\"whiteBlc\">\n<p>Le dossier constitu\u00e9 des pi\u00e8ces-ci-dessous, est soumis en ligne en s\u00e9lectionnant \u00ab\u00a0d\u00e9poser une demande d\u2019aide\u00a0\u00bb, en se cr\u00e9ant un espace membre en qualit\u00e9 de professionnel de la fili\u00e8re.<\/p>\n<p>Formulaire \u00e0 t\u00e9l\u00e9charger<br \/>\nNote d\u2019intention de l\u2019auteur-r\u00e9alisateur et du producteur le cas \u00e9ch\u00e9ant<\/p>\n<p>Selon l\u2019\u00e9tat d\u2019avancement du projet :<\/p>\n<p>Dossier artistique<br \/>\nBudget du film<br \/>\nNote de production<br \/>\nEt tout \u00e9l\u00e9ment permettant une meilleure appr\u00e9ciation du projet.<\/p>\n<p>Pour mieux vous guider, une\u00a0<a href=\"https:\/\/aide-aux-projets.sacem.fr\/sites\/default\/files\/export\/files\/contributed\/v4\/Aide-aux-projets\/les_fabriques_a_musique_2022_2023\/FAQ_appel_a_projets_FAM_22_23_0.pdf\" target=\"_blank\" rel=\"noopener\">Foire Aux Questions<\/a>\u00a0est disponible ici, ainsi qu\u2019un\u00a0<a href=\"https:\/\/aide-aux-projets.sacem.fr\/sites\/default\/files\/export\/files\/contributed\/v4\/Aide-aux-projets\/les_fabriques_a_musique_2022_2023\/Formulaire_Comment_deposer_aide_FAM22_0.pdf\" target=\"_blank\" rel=\"noopener\">guide pour le d\u00e9p\u00f4t d\u2019une demande d\u2019aide en ligne<\/a>.<\/p>\n<\/div>\n<\/div>\n<div class=\"calendrierDepot mb3\">\n<h2 class=\"cUniv mb1 txtUpp txtB\">CALENDRIER DE D\u00c9P\u00d4T DES DOSSIERS<\/h2>\n<div class=\"whiteBlc\">\n<p>Date de d\u00e9p\u00f4t des dossiers : entre le 3 octobre 2022 au 28 octobre 2022.<br \/>\nR\u00e9sultat : mi-d\u00e9cembre 2022.<\/p>\n<\/div>\n<\/div>\n<p>L\u2019article <a href=\"https:\/\/popburo.fr\/appels-a-projets-developpement-de-documentaires-musicaux\/\">Appels \u00e0 projets \u201cD\u00e9veloppement de documentaires musicaux\u201d<\/a> est apparu en premier sur <a href=\"https:\/\/popburo.fr\/\">POP B\u00dcRO<\/a>.<\/p>\n","protected":false},"excerpt":{"rendered":"<p>OBJECTIF Permettre \u00e0 des auteurs-r\u00e9alisateurs d\u2019initier des projets et de les accompagner pendant le processus d\u2019\u00e9criture. Stimuler le d\u00e9veloppement de documentaires musicaux ambitieux sortant des formats traditionnels. Cette aide s\u2019adresse \u00e0 l\u2019auteur-r\u00e9alisateur et au producteur du documentaire. CRIT\u00c8RES D\u2019\u00c9LIGIBILIT\u00c9 La demande d\u2019aide est \u00e9mise uniquement par un auteur-r\u00e9alisateur ou un producteur pouvant justifier d\u2019une exp\u00e9rience confirm\u00e9e de production d\u2019\u0153uvre audiovisuelle. La priorit\u00e9 est donn\u00e9e aux projets valorisant la cr\u00e9ation ou les nouvelles interpr\u00e9tations, tous r\u00e9pertoires confondus (\u00e0 l\u2019exception du domaine [&hellip;]<\/p>\n","protected":false},"author":0,"featured_media":0,"comment_status":"closed","ping_status":"open","sticky":false,"template":"","format":"standard","meta":{"footnotes":""},"categories":[1],"tags":[],"class_list":["post-3759","post","type-post","status-publish","format-standard","hentry","category-non-classe"],"yoast_head":"<!-- This site is optimized with the Yoast SEO plugin v27.5 - https:\/\/yoast.com\/product\/yoast-seo-wordpress\/ -->\n<title>Appels \u00e0 projets \u201cD\u00e9veloppement de documentaires musicaux\u201d - HIERO STRASBOURG<\/title>\n<meta name=\"robots\" content=\"index, follow, max-snippet:-1, max-image-preview:large, max-video-preview:-1\" \/>\n<link rel=\"canonical\" href=\"https:\/\/hierostrasbourg.com\/index.php\/2022\/10\/06\/appels-a-projets-developpement-de-documentaires-musicaux\/\" \/>\n<meta property=\"og:locale\" content=\"fr_FR\" \/>\n<meta property=\"og:type\" content=\"article\" \/>\n<meta property=\"og:title\" content=\"Appels \u00e0 projets \u201cD\u00e9veloppement de documentaires musicaux\u201d - HIERO STRASBOURG\" \/>\n<meta property=\"og:description\" content=\"OBJECTIF Permettre \u00e0 des auteurs-r\u00e9alisateurs d\u2019initier des projets et de les accompagner pendant le processus d\u2019\u00e9criture. Stimuler le d\u00e9veloppement de documentaires musicaux ambitieux sortant des formats traditionnels. Cette aide s\u2019adresse \u00e0 l\u2019auteur-r\u00e9alisateur et au producteur du documentaire. CRIT\u00c8RES D\u2019\u00c9LIGIBILIT\u00c9 La demande d\u2019aide est \u00e9mise uniquement par un auteur-r\u00e9alisateur ou un producteur pouvant justifier d\u2019une exp\u00e9rience confirm\u00e9e de production d\u2019\u0153uvre audiovisuelle. La priorit\u00e9 est donn\u00e9e aux projets valorisant la cr\u00e9ation ou les nouvelles interpr\u00e9tations, tous r\u00e9pertoires confondus (\u00e0 l\u2019exception du domaine [&hellip;]\" \/>\n<meta property=\"og:url\" content=\"https:\/\/hierostrasbourg.com\/index.php\/2022\/10\/06\/appels-a-projets-developpement-de-documentaires-musicaux\/\" \/>\n<meta property=\"og:site_name\" content=\"HIERO STRASBOURG\" \/>\n<meta property=\"article:publisher\" content=\"https:\/\/www.facebook.com\/fedehierostrasbourg\" \/>\n<meta property=\"article:published_time\" content=\"2022-10-06T17:37:04+00:00\" \/>\n<meta name=\"twitter:card\" content=\"summary_large_image\" \/>\n<meta name=\"twitter:creator\" content=\"@hierostrasbourg\" \/>\n<meta name=\"twitter:site\" content=\"@hierostrasbourg\" \/>\n<meta name=\"twitter:label1\" content=\"Dur\u00e9e de lecture estim\u00e9e\" \/>\n\t<meta name=\"twitter:data1\" content=\"3 minutes\" \/>\n<script type=\"application\/ld+json\" class=\"yoast-schema-graph\">{\"@context\":\"https:\\\/\\\/schema.org\",\"@graph\":[{\"@type\":\"Article\",\"@id\":\"https:\\\/\\\/hierostrasbourg.com\\\/index.php\\\/2022\\\/10\\\/06\\\/appels-a-projets-developpement-de-documentaires-musicaux\\\/#article\",\"isPartOf\":{\"@id\":\"https:\\\/\\\/hierostrasbourg.com\\\/index.php\\\/2022\\\/10\\\/06\\\/appels-a-projets-developpement-de-documentaires-musicaux\\\/\"},\"author\":{\"name\":\"\",\"@id\":\"\"},\"headline\":\"Appels \u00e0 projets \u201cD\u00e9veloppement de documentaires musicaux\u201d\",\"datePublished\":\"2022-10-06T17:37:04+00:00\",\"mainEntityOfPage\":{\"@id\":\"https:\\\/\\\/hierostrasbourg.com\\\/index.php\\\/2022\\\/10\\\/06\\\/appels-a-projets-developpement-de-documentaires-musicaux\\\/\"},\"wordCount\":591,\"publisher\":{\"@id\":\"https:\\\/\\\/hierostrasbourg.com\\\/#organization\"},\"inLanguage\":\"fr-FR\"},{\"@type\":\"WebPage\",\"@id\":\"https:\\\/\\\/hierostrasbourg.com\\\/index.php\\\/2022\\\/10\\\/06\\\/appels-a-projets-developpement-de-documentaires-musicaux\\\/\",\"url\":\"https:\\\/\\\/hierostrasbourg.com\\\/index.php\\\/2022\\\/10\\\/06\\\/appels-a-projets-developpement-de-documentaires-musicaux\\\/\",\"name\":\"Appels \u00e0 projets \u201cD\u00e9veloppement de documentaires musicaux\u201d - HIERO STRASBOURG\",\"isPartOf\":{\"@id\":\"https:\\\/\\\/hierostrasbourg.com\\\/#website\"},\"datePublished\":\"2022-10-06T17:37:04+00:00\",\"breadcrumb\":{\"@id\":\"https:\\\/\\\/hierostrasbourg.com\\\/index.php\\\/2022\\\/10\\\/06\\\/appels-a-projets-developpement-de-documentaires-musicaux\\\/#breadcrumb\"},\"inLanguage\":\"fr-FR\",\"potentialAction\":[{\"@type\":\"ReadAction\",\"target\":[\"https:\\\/\\\/hierostrasbourg.com\\\/index.php\\\/2022\\\/10\\\/06\\\/appels-a-projets-developpement-de-documentaires-musicaux\\\/\"]}]},{\"@type\":\"BreadcrumbList\",\"@id\":\"https:\\\/\\\/hierostrasbourg.com\\\/index.php\\\/2022\\\/10\\\/06\\\/appels-a-projets-developpement-de-documentaires-musicaux\\\/#breadcrumb\",\"itemListElement\":[{\"@type\":\"ListItem\",\"position\":1,\"name\":\"Accueil\",\"item\":\"https:\\\/\\\/hierostrasbourg.com\\\/\"},{\"@type\":\"ListItem\",\"position\":2,\"name\":\"Appels \u00e0 projets \u201cD\u00e9veloppement de documentaires musicaux\u201d\"}]},{\"@type\":\"WebSite\",\"@id\":\"https:\\\/\\\/hierostrasbourg.com\\\/#website\",\"url\":\"https:\\\/\\\/hierostrasbourg.com\\\/\",\"name\":\"HIERO STRASBOURG\",\"description\":\"Centre de Ressources Musiques Actuelles\",\"publisher\":{\"@id\":\"https:\\\/\\\/hierostrasbourg.com\\\/#organization\"},\"potentialAction\":[{\"@type\":\"SearchAction\",\"target\":{\"@type\":\"EntryPoint\",\"urlTemplate\":\"https:\\\/\\\/hierostrasbourg.com\\\/?s={search_term_string}\"},\"query-input\":{\"@type\":\"PropertyValueSpecification\",\"valueRequired\":true,\"valueName\":\"search_term_string\"}}],\"inLanguage\":\"fr-FR\"},{\"@type\":\"Organization\",\"@id\":\"https:\\\/\\\/hierostrasbourg.com\\\/#organization\",\"name\":\"F\u00e9d\u00e9ration Hi\u00e9ro Strasbourg\",\"url\":\"https:\\\/\\\/hierostrasbourg.com\\\/\",\"logo\":{\"@type\":\"ImageObject\",\"inLanguage\":\"fr-FR\",\"@id\":\"https:\\\/\\\/hierostrasbourg.com\\\/#\\\/schema\\\/logo\\\/image\\\/\",\"url\":\"https:\\\/\\\/hierostrasbourg.com\\\/wp-content\\\/uploads\\\/2026\\\/04\\\/logo-hiero-strasbourg.jpg\",\"contentUrl\":\"https:\\\/\\\/hierostrasbourg.com\\\/wp-content\\\/uploads\\\/2026\\\/04\\\/logo-hiero-strasbourg.jpg\",\"width\":204,\"height\":192,\"caption\":\"F\u00e9d\u00e9ration Hi\u00e9ro Strasbourg\"},\"image\":{\"@id\":\"https:\\\/\\\/hierostrasbourg.com\\\/#\\\/schema\\\/logo\\\/image\\\/\"},\"sameAs\":[\"https:\\\/\\\/www.facebook.com\\\/fedehierostrasbourg\",\"https:\\\/\\\/x.com\\\/hierostrasbourg\"]}]}<\/script>\n<!-- \/ Yoast SEO plugin. -->","yoast_head_json":{"title":"Appels \u00e0 projets \u201cD\u00e9veloppement de documentaires musicaux\u201d - HIERO STRASBOURG","robots":{"index":"index","follow":"follow","max-snippet":"max-snippet:-1","max-image-preview":"max-image-preview:large","max-video-preview":"max-video-preview:-1"},"canonical":"https:\/\/hierostrasbourg.com\/index.php\/2022\/10\/06\/appels-a-projets-developpement-de-documentaires-musicaux\/","og_locale":"fr_FR","og_type":"article","og_title":"Appels \u00e0 projets \u201cD\u00e9veloppement de documentaires musicaux\u201d - HIERO STRASBOURG","og_description":"OBJECTIF Permettre \u00e0 des auteurs-r\u00e9alisateurs d\u2019initier des projets et de les accompagner pendant le processus d\u2019\u00e9criture. Stimuler le d\u00e9veloppement de documentaires musicaux ambitieux sortant des formats traditionnels. Cette aide s\u2019adresse \u00e0 l\u2019auteur-r\u00e9alisateur et au producteur du documentaire. CRIT\u00c8RES D\u2019\u00c9LIGIBILIT\u00c9 La demande d\u2019aide est \u00e9mise uniquement par un auteur-r\u00e9alisateur ou un producteur pouvant justifier d\u2019une exp\u00e9rience confirm\u00e9e de production d\u2019\u0153uvre audiovisuelle. La priorit\u00e9 est donn\u00e9e aux projets valorisant la cr\u00e9ation ou les nouvelles interpr\u00e9tations, tous r\u00e9pertoires confondus (\u00e0 l\u2019exception du domaine [&hellip;]","og_url":"https:\/\/hierostrasbourg.com\/index.php\/2022\/10\/06\/appels-a-projets-developpement-de-documentaires-musicaux\/","og_site_name":"HIERO STRASBOURG","article_publisher":"https:\/\/www.facebook.com\/fedehierostrasbourg","article_published_time":"2022-10-06T17:37:04+00:00","twitter_card":"summary_large_image","twitter_creator":"@hierostrasbourg","twitter_site":"@hierostrasbourg","twitter_misc":{"Dur\u00e9e de lecture estim\u00e9e":"3 minutes"},"schema":{"@context":"https:\/\/schema.org","@graph":[{"@type":"Article","@id":"https:\/\/hierostrasbourg.com\/index.php\/2022\/10\/06\/appels-a-projets-developpement-de-documentaires-musicaux\/#article","isPartOf":{"@id":"https:\/\/hierostrasbourg.com\/index.php\/2022\/10\/06\/appels-a-projets-developpement-de-documentaires-musicaux\/"},"author":{"name":"","@id":""},"headline":"Appels \u00e0 projets \u201cD\u00e9veloppement de documentaires musicaux\u201d","datePublished":"2022-10-06T17:37:04+00:00","mainEntityOfPage":{"@id":"https:\/\/hierostrasbourg.com\/index.php\/2022\/10\/06\/appels-a-projets-developpement-de-documentaires-musicaux\/"},"wordCount":591,"publisher":{"@id":"https:\/\/hierostrasbourg.com\/#organization"},"inLanguage":"fr-FR"},{"@type":"WebPage","@id":"https:\/\/hierostrasbourg.com\/index.php\/2022\/10\/06\/appels-a-projets-developpement-de-documentaires-musicaux\/","url":"https:\/\/hierostrasbourg.com\/index.php\/2022\/10\/06\/appels-a-projets-developpement-de-documentaires-musicaux\/","name":"Appels \u00e0 projets \u201cD\u00e9veloppement de documentaires musicaux\u201d - HIERO STRASBOURG","isPartOf":{"@id":"https:\/\/hierostrasbourg.com\/#website"},"datePublished":"2022-10-06T17:37:04+00:00","breadcrumb":{"@id":"https:\/\/hierostrasbourg.com\/index.php\/2022\/10\/06\/appels-a-projets-developpement-de-documentaires-musicaux\/#breadcrumb"},"inLanguage":"fr-FR","potentialAction":[{"@type":"ReadAction","target":["https:\/\/hierostrasbourg.com\/index.php\/2022\/10\/06\/appels-a-projets-developpement-de-documentaires-musicaux\/"]}]},{"@type":"BreadcrumbList","@id":"https:\/\/hierostrasbourg.com\/index.php\/2022\/10\/06\/appels-a-projets-developpement-de-documentaires-musicaux\/#breadcrumb","itemListElement":[{"@type":"ListItem","position":1,"name":"Accueil","item":"https:\/\/hierostrasbourg.com\/"},{"@type":"ListItem","position":2,"name":"Appels \u00e0 projets \u201cD\u00e9veloppement de documentaires musicaux\u201d"}]},{"@type":"WebSite","@id":"https:\/\/hierostrasbourg.com\/#website","url":"https:\/\/hierostrasbourg.com\/","name":"HIERO STRASBOURG","description":"Centre de Ressources Musiques Actuelles","publisher":{"@id":"https:\/\/hierostrasbourg.com\/#organization"},"potentialAction":[{"@type":"SearchAction","target":{"@type":"EntryPoint","urlTemplate":"https:\/\/hierostrasbourg.com\/?s={search_term_string}"},"query-input":{"@type":"PropertyValueSpecification","valueRequired":true,"valueName":"search_term_string"}}],"inLanguage":"fr-FR"},{"@type":"Organization","@id":"https:\/\/hierostrasbourg.com\/#organization","name":"F\u00e9d\u00e9ration Hi\u00e9ro Strasbourg","url":"https:\/\/hierostrasbourg.com\/","logo":{"@type":"ImageObject","inLanguage":"fr-FR","@id":"https:\/\/hierostrasbourg.com\/#\/schema\/logo\/image\/","url":"https:\/\/hierostrasbourg.com\/wp-content\/uploads\/2026\/04\/logo-hiero-strasbourg.jpg","contentUrl":"https:\/\/hierostrasbourg.com\/wp-content\/uploads\/2026\/04\/logo-hiero-strasbourg.jpg","width":204,"height":192,"caption":"F\u00e9d\u00e9ration Hi\u00e9ro Strasbourg"},"image":{"@id":"https:\/\/hierostrasbourg.com\/#\/schema\/logo\/image\/"},"sameAs":["https:\/\/www.facebook.com\/fedehierostrasbourg","https:\/\/x.com\/hierostrasbourg"]}]}},"_links":{"self":[{"href":"https:\/\/hierostrasbourg.com\/index.php\/wp-json\/wp\/v2\/posts\/3759","targetHints":{"allow":["GET"]}}],"collection":[{"href":"https:\/\/hierostrasbourg.com\/index.php\/wp-json\/wp\/v2\/posts"}],"about":[{"href":"https:\/\/hierostrasbourg.com\/index.php\/wp-json\/wp\/v2\/types\/post"}],"replies":[{"embeddable":true,"href":"https:\/\/hierostrasbourg.com\/index.php\/wp-json\/wp\/v2\/comments?post=3759"}],"version-history":[{"count":0,"href":"https:\/\/hierostrasbourg.com\/index.php\/wp-json\/wp\/v2\/posts\/3759\/revisions"}],"wp:attachment":[{"href":"https:\/\/hierostrasbourg.com\/index.php\/wp-json\/wp\/v2\/media?parent=3759"}],"wp:term":[{"taxonomy":"category","embeddable":true,"href":"https:\/\/hierostrasbourg.com\/index.php\/wp-json\/wp\/v2\/categories?post=3759"},{"taxonomy":"post_tag","embeddable":true,"href":"https:\/\/hierostrasbourg.com\/index.php\/wp-json\/wp\/v2\/tags?post=3759"}],"curies":[{"name":"wp","href":"https:\/\/api.w.org\/{rel}","templated":true}]}}