{"id":3756,"date":"2022-10-06T01:36:21","date_gmt":"2022-10-05T23:36:21","guid":{"rendered":"https:\/\/hierostrasbourg.com\/index.php\/2022\/10\/06\/appel-a-candidatures-pour-le-dispositif-generation-spedidam\/"},"modified":"2022-10-06T01:36:21","modified_gmt":"2022-10-05T23:36:21","slug":"appel-a-candidatures-pour-le-dispositif-generation-spedidam","status":"publish","type":"post","link":"https:\/\/hierostrasbourg.com\/index.php\/2022\/10\/06\/appel-a-candidatures-pour-le-dispositif-generation-spedidam\/","title":{"rendered":"Appel \u00e0 candidatures pour le dispositif G\u00c9N\u00c9RATION SPEDIDAM"},"content":{"rendered":"<p><a href=\"https:\/\/musiquesactuelles.alsace\/appel-a-candidatures-pour-le-dispositif-generation-spedidam\/\" title=\"Appel \u00e0 candidatures pour le dispositif G\u00c9N\u00c9RATION SPEDIDAM\"><\/a><\/p>\n<p>Les candidatures au programme \u201cG\u00e9n\u00e9ration SPEDIDAM\u201d dans la cat\u00e9gorie Jazz &amp; Musique du monde sont ouvertes Postulez avant le 15 octobre \u00c0 travers le dispositif d\u2019accompagnement \u00ab G\u00e9n\u00e9ration SPEDIDAM \u00bb, la SPEDIDAM met en valeur des artistes de toutes g\u00e9n\u00e9rations qui ont en commun un talent de niveau international, un go\u00fbt de la recherche et un sens affirm\u00e9 de la relation entre l\u2019artiste et le public. La SPEDIDAM accompagne durant trois ann\u00e9es ces artistes de premier plan et leur offre [\u2026]<\/p>\n<p>L\u2019article <a href=\"https:\/\/musiquesactuelles.alsace\/appel-a-candidatures-pour-le-dispositif-generation-spedidam\/\">Appel \u00e0 candidatures pour le dispositif G\u00c9N\u00c9RATION SPEDIDAM<\/a> est apparu en premier sur <a href=\"https:\/\/musiquesactuelles.alsace\/\">Musiques Actuelles en Alsace<\/a>.<\/p>\n<p>L\u2019article <a href=\"https:\/\/popburo.fr\/appel-a-candidatures-pour-le-dispositif-generation-spedidam\/\">Appel \u00e0 candidatures pour le dispositif G\u00c9N\u00c9RATION SPEDIDAM<\/a> est apparu en premier sur <a href=\"https:\/\/popburo.fr\/\">POP B\u00dcRO<\/a>.<\/p>\n","protected":false},"excerpt":{"rendered":"<p>Les candidatures au programme \u201cG\u00e9n\u00e9ration SPEDIDAM\u201d dans la cat\u00e9gorie Jazz &amp; Musique du monde sont ouvertes Postulez avant le 15 octobre \u00c0 travers le dispositif d\u2019accompagnement \u00ab G\u00e9n\u00e9ration SPEDIDAM \u00bb, la SPEDIDAM met en valeur des artistes de toutes g\u00e9n\u00e9rations qui ont en commun un talent de niveau international, un go\u00fbt de la recherche et un sens affirm\u00e9 de la relation entre l\u2019artiste et le public. La SPEDIDAM accompagne durant trois ann\u00e9es ces artistes de premier plan et leur offre [&hellip;]<\/p>\n","protected":false},"author":0,"featured_media":0,"comment_status":"closed","ping_status":"open","sticky":false,"template":"","format":"standard","meta":{"footnotes":""},"categories":[1],"tags":[],"class_list":["post-3756","post","type-post","status-publish","format-standard","hentry","category-non-classe"],"yoast_head":"<!-- This site is optimized with the Yoast SEO plugin v27.5 - https:\/\/yoast.com\/product\/yoast-seo-wordpress\/ -->\n<title>Appel \u00e0 candidatures pour le dispositif G\u00c9N\u00c9RATION SPEDIDAM - HIERO STRASBOURG<\/title>\n<meta name=\"robots\" content=\"index, follow, max-snippet:-1, max-image-preview:large, max-video-preview:-1\" \/>\n<link rel=\"canonical\" href=\"https:\/\/hierostrasbourg.com\/index.php\/2022\/10\/06\/appel-a-candidatures-pour-le-dispositif-generation-spedidam\/\" \/>\n<meta property=\"og:locale\" content=\"fr_FR\" \/>\n<meta property=\"og:type\" content=\"article\" \/>\n<meta property=\"og:title\" content=\"Appel \u00e0 candidatures pour le dispositif G\u00c9N\u00c9RATION SPEDIDAM - HIERO STRASBOURG\" \/>\n<meta property=\"og:description\" content=\"Les candidatures au programme \u201cG\u00e9n\u00e9ration SPEDIDAM\u201d dans la cat\u00e9gorie Jazz &amp; Musique du monde sont ouvertes Postulez avant le 15 octobre \u00c0 travers le dispositif d\u2019accompagnement \u00ab G\u00e9n\u00e9ration SPEDIDAM \u00bb, la SPEDIDAM met en valeur des artistes de toutes g\u00e9n\u00e9rations qui ont en commun un talent de niveau international, un go\u00fbt de la recherche et un sens affirm\u00e9 de la relation entre l\u2019artiste et le public. La SPEDIDAM accompagne durant trois ann\u00e9es ces artistes de premier plan et leur offre [&hellip;]\" \/>\n<meta property=\"og:url\" content=\"https:\/\/hierostrasbourg.com\/index.php\/2022\/10\/06\/appel-a-candidatures-pour-le-dispositif-generation-spedidam\/\" \/>\n<meta property=\"og:site_name\" content=\"HIERO STRASBOURG\" \/>\n<meta property=\"article:publisher\" content=\"https:\/\/www.facebook.com\/fedehierostrasbourg\" \/>\n<meta property=\"article:published_time\" content=\"2022-10-05T23:36:21+00:00\" \/>\n<meta name=\"twitter:card\" content=\"summary_large_image\" \/>\n<meta name=\"twitter:creator\" content=\"@hierostrasbourg\" \/>\n<meta name=\"twitter:site\" content=\"@hierostrasbourg\" \/>\n<meta name=\"twitter:label1\" content=\"Dur\u00e9e de lecture estim\u00e9e\" \/>\n\t<meta name=\"twitter:data1\" content=\"1 minute\" \/>\n<script type=\"application\/ld+json\" class=\"yoast-schema-graph\">{\"@context\":\"https:\\\/\\\/schema.org\",\"@graph\":[{\"@type\":\"Article\",\"@id\":\"https:\\\/\\\/hierostrasbourg.com\\\/index.php\\\/2022\\\/10\\\/06\\\/appel-a-candidatures-pour-le-dispositif-generation-spedidam\\\/#article\",\"isPartOf\":{\"@id\":\"https:\\\/\\\/hierostrasbourg.com\\\/index.php\\\/2022\\\/10\\\/06\\\/appel-a-candidatures-pour-le-dispositif-generation-spedidam\\\/\"},\"author\":{\"name\":\"\",\"@id\":\"\"},\"headline\":\"Appel \u00e0 candidatures pour le dispositif G\u00c9N\u00c9RATION SPEDIDAM\",\"datePublished\":\"2022-10-05T23:36:21+00:00\",\"mainEntityOfPage\":{\"@id\":\"https:\\\/\\\/hierostrasbourg.com\\\/index.php\\\/2022\\\/10\\\/06\\\/appel-a-candidatures-pour-le-dispositif-generation-spedidam\\\/\"},\"wordCount\":135,\"publisher\":{\"@id\":\"https:\\\/\\\/hierostrasbourg.com\\\/#organization\"},\"inLanguage\":\"fr-FR\"},{\"@type\":\"WebPage\",\"@id\":\"https:\\\/\\\/hierostrasbourg.com\\\/index.php\\\/2022\\\/10\\\/06\\\/appel-a-candidatures-pour-le-dispositif-generation-spedidam\\\/\",\"url\":\"https:\\\/\\\/hierostrasbourg.com\\\/index.php\\\/2022\\\/10\\\/06\\\/appel-a-candidatures-pour-le-dispositif-generation-spedidam\\\/\",\"name\":\"Appel \u00e0 candidatures pour le dispositif G\u00c9N\u00c9RATION SPEDIDAM - HIERO STRASBOURG\",\"isPartOf\":{\"@id\":\"https:\\\/\\\/hierostrasbourg.com\\\/#website\"},\"datePublished\":\"2022-10-05T23:36:21+00:00\",\"breadcrumb\":{\"@id\":\"https:\\\/\\\/hierostrasbourg.com\\\/index.php\\\/2022\\\/10\\\/06\\\/appel-a-candidatures-pour-le-dispositif-generation-spedidam\\\/#breadcrumb\"},\"inLanguage\":\"fr-FR\",\"potentialAction\":[{\"@type\":\"ReadAction\",\"target\":[\"https:\\\/\\\/hierostrasbourg.com\\\/index.php\\\/2022\\\/10\\\/06\\\/appel-a-candidatures-pour-le-dispositif-generation-spedidam\\\/\"]}]},{\"@type\":\"BreadcrumbList\",\"@id\":\"https:\\\/\\\/hierostrasbourg.com\\\/index.php\\\/2022\\\/10\\\/06\\\/appel-a-candidatures-pour-le-dispositif-generation-spedidam\\\/#breadcrumb\",\"itemListElement\":[{\"@type\":\"ListItem\",\"position\":1,\"name\":\"Accueil\",\"item\":\"https:\\\/\\\/hierostrasbourg.com\\\/\"},{\"@type\":\"ListItem\",\"position\":2,\"name\":\"Appel \u00e0 candidatures pour le dispositif G\u00c9N\u00c9RATION SPEDIDAM\"}]},{\"@type\":\"WebSite\",\"@id\":\"https:\\\/\\\/hierostrasbourg.com\\\/#website\",\"url\":\"https:\\\/\\\/hierostrasbourg.com\\\/\",\"name\":\"HIERO STRASBOURG\",\"description\":\"Centre de Ressources Musiques Actuelles\",\"publisher\":{\"@id\":\"https:\\\/\\\/hierostrasbourg.com\\\/#organization\"},\"potentialAction\":[{\"@type\":\"SearchAction\",\"target\":{\"@type\":\"EntryPoint\",\"urlTemplate\":\"https:\\\/\\\/hierostrasbourg.com\\\/?s={search_term_string}\"},\"query-input\":{\"@type\":\"PropertyValueSpecification\",\"valueRequired\":true,\"valueName\":\"search_term_string\"}}],\"inLanguage\":\"fr-FR\"},{\"@type\":\"Organization\",\"@id\":\"https:\\\/\\\/hierostrasbourg.com\\\/#organization\",\"name\":\"F\u00e9d\u00e9ration Hi\u00e9ro Strasbourg\",\"url\":\"https:\\\/\\\/hierostrasbourg.com\\\/\",\"logo\":{\"@type\":\"ImageObject\",\"inLanguage\":\"fr-FR\",\"@id\":\"https:\\\/\\\/hierostrasbourg.com\\\/#\\\/schema\\\/logo\\\/image\\\/\",\"url\":\"https:\\\/\\\/hierostrasbourg.com\\\/wp-content\\\/uploads\\\/2026\\\/04\\\/logo-hiero-strasbourg.jpg\",\"contentUrl\":\"https:\\\/\\\/hierostrasbourg.com\\\/wp-content\\\/uploads\\\/2026\\\/04\\\/logo-hiero-strasbourg.jpg\",\"width\":204,\"height\":192,\"caption\":\"F\u00e9d\u00e9ration Hi\u00e9ro Strasbourg\"},\"image\":{\"@id\":\"https:\\\/\\\/hierostrasbourg.com\\\/#\\\/schema\\\/logo\\\/image\\\/\"},\"sameAs\":[\"https:\\\/\\\/www.facebook.com\\\/fedehierostrasbourg\",\"https:\\\/\\\/x.com\\\/hierostrasbourg\"]}]}<\/script>\n<!-- \/ Yoast SEO plugin. -->","yoast_head_json":{"title":"Appel \u00e0 candidatures pour le dispositif G\u00c9N\u00c9RATION SPEDIDAM - HIERO STRASBOURG","robots":{"index":"index","follow":"follow","max-snippet":"max-snippet:-1","max-image-preview":"max-image-preview:large","max-video-preview":"max-video-preview:-1"},"canonical":"https:\/\/hierostrasbourg.com\/index.php\/2022\/10\/06\/appel-a-candidatures-pour-le-dispositif-generation-spedidam\/","og_locale":"fr_FR","og_type":"article","og_title":"Appel \u00e0 candidatures pour le dispositif G\u00c9N\u00c9RATION SPEDIDAM - HIERO STRASBOURG","og_description":"Les candidatures au programme \u201cG\u00e9n\u00e9ration SPEDIDAM\u201d dans la cat\u00e9gorie Jazz &amp; Musique du monde sont ouvertes Postulez avant le 15 octobre \u00c0 travers le dispositif d\u2019accompagnement \u00ab G\u00e9n\u00e9ration SPEDIDAM \u00bb, la SPEDIDAM met en valeur des artistes de toutes g\u00e9n\u00e9rations qui ont en commun un talent de niveau international, un go\u00fbt de la recherche et un sens affirm\u00e9 de la relation entre l\u2019artiste et le public. La SPEDIDAM accompagne durant trois ann\u00e9es ces artistes de premier plan et leur offre [&hellip;]","og_url":"https:\/\/hierostrasbourg.com\/index.php\/2022\/10\/06\/appel-a-candidatures-pour-le-dispositif-generation-spedidam\/","og_site_name":"HIERO STRASBOURG","article_publisher":"https:\/\/www.facebook.com\/fedehierostrasbourg","article_published_time":"2022-10-05T23:36:21+00:00","twitter_card":"summary_large_image","twitter_creator":"@hierostrasbourg","twitter_site":"@hierostrasbourg","twitter_misc":{"Dur\u00e9e de lecture estim\u00e9e":"1 minute"},"schema":{"@context":"https:\/\/schema.org","@graph":[{"@type":"Article","@id":"https:\/\/hierostrasbourg.com\/index.php\/2022\/10\/06\/appel-a-candidatures-pour-le-dispositif-generation-spedidam\/#article","isPartOf":{"@id":"https:\/\/hierostrasbourg.com\/index.php\/2022\/10\/06\/appel-a-candidatures-pour-le-dispositif-generation-spedidam\/"},"author":{"name":"","@id":""},"headline":"Appel \u00e0 candidatures pour le dispositif G\u00c9N\u00c9RATION SPEDIDAM","datePublished":"2022-10-05T23:36:21+00:00","mainEntityOfPage":{"@id":"https:\/\/hierostrasbourg.com\/index.php\/2022\/10\/06\/appel-a-candidatures-pour-le-dispositif-generation-spedidam\/"},"wordCount":135,"publisher":{"@id":"https:\/\/hierostrasbourg.com\/#organization"},"inLanguage":"fr-FR"},{"@type":"WebPage","@id":"https:\/\/hierostrasbourg.com\/index.php\/2022\/10\/06\/appel-a-candidatures-pour-le-dispositif-generation-spedidam\/","url":"https:\/\/hierostrasbourg.com\/index.php\/2022\/10\/06\/appel-a-candidatures-pour-le-dispositif-generation-spedidam\/","name":"Appel \u00e0 candidatures pour le dispositif G\u00c9N\u00c9RATION SPEDIDAM - HIERO STRASBOURG","isPartOf":{"@id":"https:\/\/hierostrasbourg.com\/#website"},"datePublished":"2022-10-05T23:36:21+00:00","breadcrumb":{"@id":"https:\/\/hierostrasbourg.com\/index.php\/2022\/10\/06\/appel-a-candidatures-pour-le-dispositif-generation-spedidam\/#breadcrumb"},"inLanguage":"fr-FR","potentialAction":[{"@type":"ReadAction","target":["https:\/\/hierostrasbourg.com\/index.php\/2022\/10\/06\/appel-a-candidatures-pour-le-dispositif-generation-spedidam\/"]}]},{"@type":"BreadcrumbList","@id":"https:\/\/hierostrasbourg.com\/index.php\/2022\/10\/06\/appel-a-candidatures-pour-le-dispositif-generation-spedidam\/#breadcrumb","itemListElement":[{"@type":"ListItem","position":1,"name":"Accueil","item":"https:\/\/hierostrasbourg.com\/"},{"@type":"ListItem","position":2,"name":"Appel \u00e0 candidatures pour le dispositif G\u00c9N\u00c9RATION SPEDIDAM"}]},{"@type":"WebSite","@id":"https:\/\/hierostrasbourg.com\/#website","url":"https:\/\/hierostrasbourg.com\/","name":"HIERO STRASBOURG","description":"Centre de Ressources Musiques Actuelles","publisher":{"@id":"https:\/\/hierostrasbourg.com\/#organization"},"potentialAction":[{"@type":"SearchAction","target":{"@type":"EntryPoint","urlTemplate":"https:\/\/hierostrasbourg.com\/?s={search_term_string}"},"query-input":{"@type":"PropertyValueSpecification","valueRequired":true,"valueName":"search_term_string"}}],"inLanguage":"fr-FR"},{"@type":"Organization","@id":"https:\/\/hierostrasbourg.com\/#organization","name":"F\u00e9d\u00e9ration Hi\u00e9ro Strasbourg","url":"https:\/\/hierostrasbourg.com\/","logo":{"@type":"ImageObject","inLanguage":"fr-FR","@id":"https:\/\/hierostrasbourg.com\/#\/schema\/logo\/image\/","url":"https:\/\/hierostrasbourg.com\/wp-content\/uploads\/2026\/04\/logo-hiero-strasbourg.jpg","contentUrl":"https:\/\/hierostrasbourg.com\/wp-content\/uploads\/2026\/04\/logo-hiero-strasbourg.jpg","width":204,"height":192,"caption":"F\u00e9d\u00e9ration Hi\u00e9ro Strasbourg"},"image":{"@id":"https:\/\/hierostrasbourg.com\/#\/schema\/logo\/image\/"},"sameAs":["https:\/\/www.facebook.com\/fedehierostrasbourg","https:\/\/x.com\/hierostrasbourg"]}]}},"_links":{"self":[{"href":"https:\/\/hierostrasbourg.com\/index.php\/wp-json\/wp\/v2\/posts\/3756","targetHints":{"allow":["GET"]}}],"collection":[{"href":"https:\/\/hierostrasbourg.com\/index.php\/wp-json\/wp\/v2\/posts"}],"about":[{"href":"https:\/\/hierostrasbourg.com\/index.php\/wp-json\/wp\/v2\/types\/post"}],"replies":[{"embeddable":true,"href":"https:\/\/hierostrasbourg.com\/index.php\/wp-json\/wp\/v2\/comments?post=3756"}],"version-history":[{"count":0,"href":"https:\/\/hierostrasbourg.com\/index.php\/wp-json\/wp\/v2\/posts\/3756\/revisions"}],"wp:attachment":[{"href":"https:\/\/hierostrasbourg.com\/index.php\/wp-json\/wp\/v2\/media?parent=3756"}],"wp:term":[{"taxonomy":"category","embeddable":true,"href":"https:\/\/hierostrasbourg.com\/index.php\/wp-json\/wp\/v2\/categories?post=3756"},{"taxonomy":"post_tag","embeddable":true,"href":"https:\/\/hierostrasbourg.com\/index.php\/wp-json\/wp\/v2\/tags?post=3756"}],"curies":[{"name":"wp","href":"https:\/\/api.w.org\/{rel}","templated":true}]}}