{"id":3754,"date":"2022-10-05T22:40:24","date_gmt":"2022-10-05T20:40:24","guid":{"rendered":"https:\/\/hierostrasbourg.com\/index.php\/2022\/10\/05\/le-centre-national-de-la-musique-veut-conjurer-le-risque-de-deserts-musicaux\/"},"modified":"2022-10-05T22:40:24","modified_gmt":"2022-10-05T20:40:24","slug":"le-centre-national-de-la-musique-veut-conjurer-le-risque-de-deserts-musicaux","status":"publish","type":"post","link":"https:\/\/hierostrasbourg.com\/index.php\/2022\/10\/05\/le-centre-national-de-la-musique-veut-conjurer-le-risque-de-deserts-musicaux\/","title":{"rendered":"Le Centre national de la musique veut conjurer le risque de \u00ab d\u00e9serts musicaux \u00bb"},"content":{"rendered":"<p><a href=\"https:\/\/musiquesactuelles.alsace\/le-centre-national-de-la-musique-veut-conjurer-le-risque-de-deserts-musicaux\/\" title=\"Le Centre national de la musique veut conjurer le risque de \u00ab d\u00e9serts musicaux \u00bb\"><\/a><\/p>\n<p>Auditionn\u00e9 par la commission des affaires culturelles et de l\u2019\u00e9ducation de l\u2019Assembl\u00e9e nationale, le 5 octobre, le pr\u00e9sident du Centre national de la musique, Jean-Philippe Thiellay a multipli\u00e9 les appels aux \u00e9lus pour qu\u2019ils saisissent les opportunit\u00e9s propos\u00e9es par l\u2019\u00e9tablissement public. Source \/ Lire la suite : Le Centre national de la musique veut conjurer le risque de \u00ab d\u00e9serts musicaux \u00bb<\/p>\n<p>L\u2019article <a href=\"https:\/\/musiquesactuelles.alsace\/le-centre-national-de-la-musique-veut-conjurer-le-risque-de-deserts-musicaux\/\">Le Centre national de la musique veut conjurer le risque de \u00ab d\u00e9serts musicaux \u00bb<\/a> est apparu en premier sur <a href=\"https:\/\/musiquesactuelles.alsace\/\">Musiques Actuelles en Alsace<\/a>.<\/p>\n<p>L\u2019article <a href=\"https:\/\/popburo.fr\/le-centre-national-de-la-musique-veut-conjurer-le-risque-de-deserts-musicaux\/\">Le Centre national de la musique veut conjurer le risque de \u00ab d\u00e9serts musicaux \u00bb<\/a> est apparu en premier sur <a href=\"https:\/\/popburo.fr\/\">POP B\u00dcRO<\/a>.<\/p>\n","protected":false},"excerpt":{"rendered":"<p>Auditionn\u00e9 par la commission des affaires culturelles et de l\u2019\u00e9ducation de l\u2019Assembl\u00e9e nationale, le 5 octobre, le pr\u00e9sident du Centre national de la musique, Jean-Philippe Thiellay a multipli\u00e9 les appels aux \u00e9lus pour qu\u2019ils saisissent les opportunit\u00e9s propos\u00e9es par l\u2019\u00e9tablissement public. Source \/ Lire la suite : Le Centre national de la musique veut conjurer le risque de \u00ab d\u00e9serts musicaux \u00bb L\u2019article Le Centre national de la musique veut conjurer le risque de \u00ab d\u00e9serts musicaux \u00bb est apparu [&hellip;]<\/p>\n","protected":false},"author":0,"featured_media":0,"comment_status":"closed","ping_status":"open","sticky":false,"template":"","format":"standard","meta":{"footnotes":""},"categories":[1],"tags":[],"class_list":["post-3754","post","type-post","status-publish","format-standard","hentry","category-non-classe"],"yoast_head":"<!-- This site is optimized with the Yoast SEO plugin v27.5 - https:\/\/yoast.com\/product\/yoast-seo-wordpress\/ -->\n<title>Le Centre national de la musique veut conjurer le risque de \u00ab d\u00e9serts musicaux \u00bb - HIERO STRASBOURG<\/title>\n<meta name=\"robots\" content=\"index, follow, max-snippet:-1, max-image-preview:large, max-video-preview:-1\" \/>\n<link rel=\"canonical\" href=\"https:\/\/hierostrasbourg.com\/index.php\/2022\/10\/05\/le-centre-national-de-la-musique-veut-conjurer-le-risque-de-deserts-musicaux\/\" \/>\n<meta property=\"og:locale\" content=\"fr_FR\" \/>\n<meta property=\"og:type\" content=\"article\" \/>\n<meta property=\"og:title\" content=\"Le Centre national de la musique veut conjurer le risque de \u00ab d\u00e9serts musicaux \u00bb - HIERO STRASBOURG\" \/>\n<meta property=\"og:description\" content=\"Auditionn\u00e9 par la commission des affaires culturelles et de l\u2019\u00e9ducation de l\u2019Assembl\u00e9e nationale, le 5 octobre, le pr\u00e9sident du Centre national de la musique, Jean-Philippe Thiellay a multipli\u00e9 les appels aux \u00e9lus pour qu\u2019ils saisissent les opportunit\u00e9s propos\u00e9es par l\u2019\u00e9tablissement public. Source \/ Lire la suite : Le Centre national de la musique veut conjurer le risque de \u00ab d\u00e9serts musicaux \u00bb L\u2019article Le Centre national de la musique veut conjurer le risque de \u00ab d\u00e9serts musicaux \u00bb est apparu [&hellip;]\" \/>\n<meta property=\"og:url\" content=\"https:\/\/hierostrasbourg.com\/index.php\/2022\/10\/05\/le-centre-national-de-la-musique-veut-conjurer-le-risque-de-deserts-musicaux\/\" \/>\n<meta property=\"og:site_name\" content=\"HIERO STRASBOURG\" \/>\n<meta property=\"article:publisher\" content=\"https:\/\/www.facebook.com\/fedehierostrasbourg\" \/>\n<meta property=\"article:published_time\" content=\"2022-10-05T20:40:24+00:00\" \/>\n<meta name=\"twitter:card\" content=\"summary_large_image\" \/>\n<meta name=\"twitter:creator\" content=\"@hierostrasbourg\" \/>\n<meta name=\"twitter:site\" content=\"@hierostrasbourg\" \/>\n<meta name=\"twitter:label1\" content=\"Dur\u00e9e de lecture estim\u00e9e\" \/>\n\t<meta name=\"twitter:data1\" content=\"1 minute\" \/>\n<script type=\"application\/ld+json\" class=\"yoast-schema-graph\">{\"@context\":\"https:\\\/\\\/schema.org\",\"@graph\":[{\"@type\":\"Article\",\"@id\":\"https:\\\/\\\/hierostrasbourg.com\\\/index.php\\\/2022\\\/10\\\/05\\\/le-centre-national-de-la-musique-veut-conjurer-le-risque-de-deserts-musicaux\\\/#article\",\"isPartOf\":{\"@id\":\"https:\\\/\\\/hierostrasbourg.com\\\/index.php\\\/2022\\\/10\\\/05\\\/le-centre-national-de-la-musique-veut-conjurer-le-risque-de-deserts-musicaux\\\/\"},\"author\":{\"name\":\"\",\"@id\":\"\"},\"headline\":\"Le Centre national de la musique veut conjurer le risque de \u00ab d\u00e9serts musicaux \u00bb\",\"datePublished\":\"2022-10-05T20:40:24+00:00\",\"mainEntityOfPage\":{\"@id\":\"https:\\\/\\\/hierostrasbourg.com\\\/index.php\\\/2022\\\/10\\\/05\\\/le-centre-national-de-la-musique-veut-conjurer-le-risque-de-deserts-musicaux\\\/\"},\"wordCount\":129,\"publisher\":{\"@id\":\"https:\\\/\\\/hierostrasbourg.com\\\/#organization\"},\"inLanguage\":\"fr-FR\"},{\"@type\":\"WebPage\",\"@id\":\"https:\\\/\\\/hierostrasbourg.com\\\/index.php\\\/2022\\\/10\\\/05\\\/le-centre-national-de-la-musique-veut-conjurer-le-risque-de-deserts-musicaux\\\/\",\"url\":\"https:\\\/\\\/hierostrasbourg.com\\\/index.php\\\/2022\\\/10\\\/05\\\/le-centre-national-de-la-musique-veut-conjurer-le-risque-de-deserts-musicaux\\\/\",\"name\":\"Le Centre national de la musique veut conjurer le risque de \u00ab d\u00e9serts musicaux \u00bb - HIERO STRASBOURG\",\"isPartOf\":{\"@id\":\"https:\\\/\\\/hierostrasbourg.com\\\/#website\"},\"datePublished\":\"2022-10-05T20:40:24+00:00\",\"breadcrumb\":{\"@id\":\"https:\\\/\\\/hierostrasbourg.com\\\/index.php\\\/2022\\\/10\\\/05\\\/le-centre-national-de-la-musique-veut-conjurer-le-risque-de-deserts-musicaux\\\/#breadcrumb\"},\"inLanguage\":\"fr-FR\",\"potentialAction\":[{\"@type\":\"ReadAction\",\"target\":[\"https:\\\/\\\/hierostrasbourg.com\\\/index.php\\\/2022\\\/10\\\/05\\\/le-centre-national-de-la-musique-veut-conjurer-le-risque-de-deserts-musicaux\\\/\"]}]},{\"@type\":\"BreadcrumbList\",\"@id\":\"https:\\\/\\\/hierostrasbourg.com\\\/index.php\\\/2022\\\/10\\\/05\\\/le-centre-national-de-la-musique-veut-conjurer-le-risque-de-deserts-musicaux\\\/#breadcrumb\",\"itemListElement\":[{\"@type\":\"ListItem\",\"position\":1,\"name\":\"Accueil\",\"item\":\"https:\\\/\\\/hierostrasbourg.com\\\/\"},{\"@type\":\"ListItem\",\"position\":2,\"name\":\"Le Centre national de la musique veut conjurer le risque de \u00ab d\u00e9serts musicaux \u00bb\"}]},{\"@type\":\"WebSite\",\"@id\":\"https:\\\/\\\/hierostrasbourg.com\\\/#website\",\"url\":\"https:\\\/\\\/hierostrasbourg.com\\\/\",\"name\":\"HIERO STRASBOURG\",\"description\":\"Centre de Ressources Musiques Actuelles\",\"publisher\":{\"@id\":\"https:\\\/\\\/hierostrasbourg.com\\\/#organization\"},\"potentialAction\":[{\"@type\":\"SearchAction\",\"target\":{\"@type\":\"EntryPoint\",\"urlTemplate\":\"https:\\\/\\\/hierostrasbourg.com\\\/?s={search_term_string}\"},\"query-input\":{\"@type\":\"PropertyValueSpecification\",\"valueRequired\":true,\"valueName\":\"search_term_string\"}}],\"inLanguage\":\"fr-FR\"},{\"@type\":\"Organization\",\"@id\":\"https:\\\/\\\/hierostrasbourg.com\\\/#organization\",\"name\":\"F\u00e9d\u00e9ration Hi\u00e9ro Strasbourg\",\"url\":\"https:\\\/\\\/hierostrasbourg.com\\\/\",\"logo\":{\"@type\":\"ImageObject\",\"inLanguage\":\"fr-FR\",\"@id\":\"https:\\\/\\\/hierostrasbourg.com\\\/#\\\/schema\\\/logo\\\/image\\\/\",\"url\":\"https:\\\/\\\/hierostrasbourg.com\\\/wp-content\\\/uploads\\\/2026\\\/04\\\/logo-hiero-strasbourg.jpg\",\"contentUrl\":\"https:\\\/\\\/hierostrasbourg.com\\\/wp-content\\\/uploads\\\/2026\\\/04\\\/logo-hiero-strasbourg.jpg\",\"width\":204,\"height\":192,\"caption\":\"F\u00e9d\u00e9ration Hi\u00e9ro Strasbourg\"},\"image\":{\"@id\":\"https:\\\/\\\/hierostrasbourg.com\\\/#\\\/schema\\\/logo\\\/image\\\/\"},\"sameAs\":[\"https:\\\/\\\/www.facebook.com\\\/fedehierostrasbourg\",\"https:\\\/\\\/x.com\\\/hierostrasbourg\"]}]}<\/script>\n<!-- \/ Yoast SEO plugin. -->","yoast_head_json":{"title":"Le Centre national de la musique veut conjurer le risque de \u00ab d\u00e9serts musicaux \u00bb - HIERO STRASBOURG","robots":{"index":"index","follow":"follow","max-snippet":"max-snippet:-1","max-image-preview":"max-image-preview:large","max-video-preview":"max-video-preview:-1"},"canonical":"https:\/\/hierostrasbourg.com\/index.php\/2022\/10\/05\/le-centre-national-de-la-musique-veut-conjurer-le-risque-de-deserts-musicaux\/","og_locale":"fr_FR","og_type":"article","og_title":"Le Centre national de la musique veut conjurer le risque de \u00ab d\u00e9serts musicaux \u00bb - HIERO STRASBOURG","og_description":"Auditionn\u00e9 par la commission des affaires culturelles et de l\u2019\u00e9ducation de l\u2019Assembl\u00e9e nationale, le 5 octobre, le pr\u00e9sident du Centre national de la musique, Jean-Philippe Thiellay a multipli\u00e9 les appels aux \u00e9lus pour qu\u2019ils saisissent les opportunit\u00e9s propos\u00e9es par l\u2019\u00e9tablissement public. Source \/ Lire la suite : Le Centre national de la musique veut conjurer le risque de \u00ab d\u00e9serts musicaux \u00bb L\u2019article Le Centre national de la musique veut conjurer le risque de \u00ab d\u00e9serts musicaux \u00bb est apparu [&hellip;]","og_url":"https:\/\/hierostrasbourg.com\/index.php\/2022\/10\/05\/le-centre-national-de-la-musique-veut-conjurer-le-risque-de-deserts-musicaux\/","og_site_name":"HIERO STRASBOURG","article_publisher":"https:\/\/www.facebook.com\/fedehierostrasbourg","article_published_time":"2022-10-05T20:40:24+00:00","twitter_card":"summary_large_image","twitter_creator":"@hierostrasbourg","twitter_site":"@hierostrasbourg","twitter_misc":{"Dur\u00e9e de lecture estim\u00e9e":"1 minute"},"schema":{"@context":"https:\/\/schema.org","@graph":[{"@type":"Article","@id":"https:\/\/hierostrasbourg.com\/index.php\/2022\/10\/05\/le-centre-national-de-la-musique-veut-conjurer-le-risque-de-deserts-musicaux\/#article","isPartOf":{"@id":"https:\/\/hierostrasbourg.com\/index.php\/2022\/10\/05\/le-centre-national-de-la-musique-veut-conjurer-le-risque-de-deserts-musicaux\/"},"author":{"name":"","@id":""},"headline":"Le Centre national de la musique veut conjurer le risque de \u00ab d\u00e9serts musicaux \u00bb","datePublished":"2022-10-05T20:40:24+00:00","mainEntityOfPage":{"@id":"https:\/\/hierostrasbourg.com\/index.php\/2022\/10\/05\/le-centre-national-de-la-musique-veut-conjurer-le-risque-de-deserts-musicaux\/"},"wordCount":129,"publisher":{"@id":"https:\/\/hierostrasbourg.com\/#organization"},"inLanguage":"fr-FR"},{"@type":"WebPage","@id":"https:\/\/hierostrasbourg.com\/index.php\/2022\/10\/05\/le-centre-national-de-la-musique-veut-conjurer-le-risque-de-deserts-musicaux\/","url":"https:\/\/hierostrasbourg.com\/index.php\/2022\/10\/05\/le-centre-national-de-la-musique-veut-conjurer-le-risque-de-deserts-musicaux\/","name":"Le Centre national de la musique veut conjurer le risque de \u00ab d\u00e9serts musicaux \u00bb - HIERO STRASBOURG","isPartOf":{"@id":"https:\/\/hierostrasbourg.com\/#website"},"datePublished":"2022-10-05T20:40:24+00:00","breadcrumb":{"@id":"https:\/\/hierostrasbourg.com\/index.php\/2022\/10\/05\/le-centre-national-de-la-musique-veut-conjurer-le-risque-de-deserts-musicaux\/#breadcrumb"},"inLanguage":"fr-FR","potentialAction":[{"@type":"ReadAction","target":["https:\/\/hierostrasbourg.com\/index.php\/2022\/10\/05\/le-centre-national-de-la-musique-veut-conjurer-le-risque-de-deserts-musicaux\/"]}]},{"@type":"BreadcrumbList","@id":"https:\/\/hierostrasbourg.com\/index.php\/2022\/10\/05\/le-centre-national-de-la-musique-veut-conjurer-le-risque-de-deserts-musicaux\/#breadcrumb","itemListElement":[{"@type":"ListItem","position":1,"name":"Accueil","item":"https:\/\/hierostrasbourg.com\/"},{"@type":"ListItem","position":2,"name":"Le Centre national de la musique veut conjurer le risque de \u00ab d\u00e9serts musicaux \u00bb"}]},{"@type":"WebSite","@id":"https:\/\/hierostrasbourg.com\/#website","url":"https:\/\/hierostrasbourg.com\/","name":"HIERO STRASBOURG","description":"Centre de Ressources Musiques Actuelles","publisher":{"@id":"https:\/\/hierostrasbourg.com\/#organization"},"potentialAction":[{"@type":"SearchAction","target":{"@type":"EntryPoint","urlTemplate":"https:\/\/hierostrasbourg.com\/?s={search_term_string}"},"query-input":{"@type":"PropertyValueSpecification","valueRequired":true,"valueName":"search_term_string"}}],"inLanguage":"fr-FR"},{"@type":"Organization","@id":"https:\/\/hierostrasbourg.com\/#organization","name":"F\u00e9d\u00e9ration Hi\u00e9ro Strasbourg","url":"https:\/\/hierostrasbourg.com\/","logo":{"@type":"ImageObject","inLanguage":"fr-FR","@id":"https:\/\/hierostrasbourg.com\/#\/schema\/logo\/image\/","url":"https:\/\/hierostrasbourg.com\/wp-content\/uploads\/2026\/04\/logo-hiero-strasbourg.jpg","contentUrl":"https:\/\/hierostrasbourg.com\/wp-content\/uploads\/2026\/04\/logo-hiero-strasbourg.jpg","width":204,"height":192,"caption":"F\u00e9d\u00e9ration Hi\u00e9ro Strasbourg"},"image":{"@id":"https:\/\/hierostrasbourg.com\/#\/schema\/logo\/image\/"},"sameAs":["https:\/\/www.facebook.com\/fedehierostrasbourg","https:\/\/x.com\/hierostrasbourg"]}]}},"_links":{"self":[{"href":"https:\/\/hierostrasbourg.com\/index.php\/wp-json\/wp\/v2\/posts\/3754","targetHints":{"allow":["GET"]}}],"collection":[{"href":"https:\/\/hierostrasbourg.com\/index.php\/wp-json\/wp\/v2\/posts"}],"about":[{"href":"https:\/\/hierostrasbourg.com\/index.php\/wp-json\/wp\/v2\/types\/post"}],"replies":[{"embeddable":true,"href":"https:\/\/hierostrasbourg.com\/index.php\/wp-json\/wp\/v2\/comments?post=3754"}],"version-history":[{"count":0,"href":"https:\/\/hierostrasbourg.com\/index.php\/wp-json\/wp\/v2\/posts\/3754\/revisions"}],"wp:attachment":[{"href":"https:\/\/hierostrasbourg.com\/index.php\/wp-json\/wp\/v2\/media?parent=3754"}],"wp:term":[{"taxonomy":"category","embeddable":true,"href":"https:\/\/hierostrasbourg.com\/index.php\/wp-json\/wp\/v2\/categories?post=3754"},{"taxonomy":"post_tag","embeddable":true,"href":"https:\/\/hierostrasbourg.com\/index.php\/wp-json\/wp\/v2\/tags?post=3754"}],"curies":[{"name":"wp","href":"https:\/\/api.w.org\/{rel}","templated":true}]}}