{"id":3753,"date":"2022-10-05T15:41:20","date_gmt":"2022-10-05T13:41:20","guid":{"rendered":"https:\/\/hierostrasbourg.com\/index.php\/2022\/10\/05\/appel-a-projets-leau-comme-bien-commun-a-entendre-par-la-place-au-son\/"},"modified":"2022-10-05T15:41:20","modified_gmt":"2022-10-05T13:41:20","slug":"appel-a-projets-leau-comme-bien-commun-a-entendre-par-la-place-au-son","status":"publish","type":"post","link":"https:\/\/hierostrasbourg.com\/index.php\/2022\/10\/05\/appel-a-projets-leau-comme-bien-commun-a-entendre-par-la-place-au-son\/","title":{"rendered":"Appel \u00e0 projets \u201cL\u2019eau comme bien commun \u00e0 entendre\u201d par la PLACE AU SON"},"content":{"rendered":"<p><a href=\"https:\/\/musiquesactuelles.alsace\/appel-a-projets-leau-comme-bien-commun-a-entendre-par-la-place-au-son\/\" title=\"Appel \u00e0 projets \u201cL\u2019eau comme bien commun \u00e0 entendre\u201d par la PLACE AU SON\"><\/a><\/p>\n<p>Le concours propose de r\u00e9aliser une vid\u00e9o de 3 minutes maximum sur l\u2019ambiance sonore d\u2019une place publique de votre choix. Dans un premier temps, la vid\u00e9o pr\u00e9sente l\u2019\u00e9tat de l\u2019environnement sonore actuel. Dans un second temps, elle imagine les transformations physiques et atmosph\u00e9riques de la place dans un futur proche. C\u00e9cile Regnault et Gilles Pat\u00e9, initiateurs et organisateurs du concours Th\u00e8me : L\u2019EAU COMME BIEN COMMUN A ENTENDRE De la rivi\u00e8re aux plans d\u2019eau artificiel, des fontaines classiques aux brumisateurs, [\u2026]<\/p>\n<p>L\u2019article <a href=\"https:\/\/musiquesactuelles.alsace\/appel-a-projets-leau-comme-bien-commun-a-entendre-par-la-place-au-son\/\">Appel \u00e0 projets \u201cL\u2019eau comme bien commun \u00e0 entendre\u201d par la PLACE AU SON<\/a> est apparu en premier sur <a href=\"https:\/\/musiquesactuelles.alsace\/\">Musiques Actuelles en Alsace<\/a>.<\/p>\n<p>L\u2019article <a href=\"https:\/\/popburo.fr\/appel-a-projets-leau-comme-bien-commun-a-entendre-par-la-place-au-son\/\">Appel \u00e0 projets \u201cL\u2019eau comme bien commun \u00e0 entendre\u201d par la PLACE AU SON<\/a> est apparu en premier sur <a href=\"https:\/\/popburo.fr\/\">POP B\u00dcRO<\/a>.<\/p>\n","protected":false},"excerpt":{"rendered":"<p>Le concours propose de r\u00e9aliser une vid\u00e9o de 3 minutes maximum sur l\u2019ambiance sonore d\u2019une place publique de votre choix. Dans un premier temps, la vid\u00e9o pr\u00e9sente l\u2019\u00e9tat de l\u2019environnement sonore actuel. Dans un second temps, elle imagine les transformations physiques et atmosph\u00e9riques de la place dans un futur proche. C\u00e9cile Regnault et Gilles Pat\u00e9, initiateurs et organisateurs du concours Th\u00e8me : L\u2019EAU COMME BIEN COMMUN A ENTENDRE De la rivi\u00e8re aux plans d\u2019eau artificiel, des fontaines classiques aux brumisateurs, [&hellip;]<\/p>\n","protected":false},"author":0,"featured_media":0,"comment_status":"closed","ping_status":"open","sticky":false,"template":"","format":"standard","meta":{"footnotes":""},"categories":[1],"tags":[],"class_list":["post-3753","post","type-post","status-publish","format-standard","hentry","category-non-classe"],"yoast_head":"<!-- This site is optimized with the Yoast SEO plugin v27.5 - https:\/\/yoast.com\/product\/yoast-seo-wordpress\/ -->\n<title>Appel \u00e0 projets \u201cL\u2019eau comme bien commun \u00e0 entendre\u201d par la PLACE AU SON - HIERO STRASBOURG<\/title>\n<meta name=\"robots\" content=\"index, follow, max-snippet:-1, max-image-preview:large, max-video-preview:-1\" \/>\n<link rel=\"canonical\" href=\"https:\/\/hierostrasbourg.com\/index.php\/2022\/10\/05\/appel-a-projets-leau-comme-bien-commun-a-entendre-par-la-place-au-son\/\" \/>\n<meta property=\"og:locale\" content=\"fr_FR\" \/>\n<meta property=\"og:type\" content=\"article\" \/>\n<meta property=\"og:title\" content=\"Appel \u00e0 projets \u201cL\u2019eau comme bien commun \u00e0 entendre\u201d par la PLACE AU SON - HIERO STRASBOURG\" \/>\n<meta property=\"og:description\" content=\"Le concours propose de r\u00e9aliser une vid\u00e9o de 3 minutes maximum sur l\u2019ambiance sonore d\u2019une place publique de votre choix. Dans un premier temps, la vid\u00e9o pr\u00e9sente l\u2019\u00e9tat de l\u2019environnement sonore actuel. Dans un second temps, elle imagine les transformations physiques et atmosph\u00e9riques de la place dans un futur proche. C\u00e9cile Regnault et Gilles Pat\u00e9, initiateurs et organisateurs du concours Th\u00e8me : L\u2019EAU COMME BIEN COMMUN A ENTENDRE De la rivi\u00e8re aux plans d\u2019eau artificiel, des fontaines classiques aux brumisateurs, [&hellip;]\" \/>\n<meta property=\"og:url\" content=\"https:\/\/hierostrasbourg.com\/index.php\/2022\/10\/05\/appel-a-projets-leau-comme-bien-commun-a-entendre-par-la-place-au-son\/\" \/>\n<meta property=\"og:site_name\" content=\"HIERO STRASBOURG\" \/>\n<meta property=\"article:publisher\" content=\"https:\/\/www.facebook.com\/fedehierostrasbourg\" \/>\n<meta property=\"article:published_time\" content=\"2022-10-05T13:41:20+00:00\" \/>\n<meta name=\"twitter:card\" content=\"summary_large_image\" \/>\n<meta name=\"twitter:creator\" content=\"@hierostrasbourg\" \/>\n<meta name=\"twitter:site\" content=\"@hierostrasbourg\" \/>\n<meta name=\"twitter:label1\" content=\"Dur\u00e9e de lecture estim\u00e9e\" \/>\n\t<meta name=\"twitter:data1\" content=\"1 minute\" \/>\n<script type=\"application\/ld+json\" class=\"yoast-schema-graph\">{\"@context\":\"https:\\\/\\\/schema.org\",\"@graph\":[{\"@type\":\"Article\",\"@id\":\"https:\\\/\\\/hierostrasbourg.com\\\/index.php\\\/2022\\\/10\\\/05\\\/appel-a-projets-leau-comme-bien-commun-a-entendre-par-la-place-au-son\\\/#article\",\"isPartOf\":{\"@id\":\"https:\\\/\\\/hierostrasbourg.com\\\/index.php\\\/2022\\\/10\\\/05\\\/appel-a-projets-leau-comme-bien-commun-a-entendre-par-la-place-au-son\\\/\"},\"author\":{\"name\":\"\",\"@id\":\"\"},\"headline\":\"Appel \u00e0 projets \u201cL\u2019eau comme bien commun \u00e0 entendre\u201d par la PLACE AU SON\",\"datePublished\":\"2022-10-05T13:41:20+00:00\",\"mainEntityOfPage\":{\"@id\":\"https:\\\/\\\/hierostrasbourg.com\\\/index.php\\\/2022\\\/10\\\/05\\\/appel-a-projets-leau-comme-bien-commun-a-entendre-par-la-place-au-son\\\/\"},\"wordCount\":152,\"publisher\":{\"@id\":\"https:\\\/\\\/hierostrasbourg.com\\\/#organization\"},\"inLanguage\":\"fr-FR\"},{\"@type\":\"WebPage\",\"@id\":\"https:\\\/\\\/hierostrasbourg.com\\\/index.php\\\/2022\\\/10\\\/05\\\/appel-a-projets-leau-comme-bien-commun-a-entendre-par-la-place-au-son\\\/\",\"url\":\"https:\\\/\\\/hierostrasbourg.com\\\/index.php\\\/2022\\\/10\\\/05\\\/appel-a-projets-leau-comme-bien-commun-a-entendre-par-la-place-au-son\\\/\",\"name\":\"Appel \u00e0 projets \u201cL\u2019eau comme bien commun \u00e0 entendre\u201d par la PLACE AU SON - HIERO STRASBOURG\",\"isPartOf\":{\"@id\":\"https:\\\/\\\/hierostrasbourg.com\\\/#website\"},\"datePublished\":\"2022-10-05T13:41:20+00:00\",\"breadcrumb\":{\"@id\":\"https:\\\/\\\/hierostrasbourg.com\\\/index.php\\\/2022\\\/10\\\/05\\\/appel-a-projets-leau-comme-bien-commun-a-entendre-par-la-place-au-son\\\/#breadcrumb\"},\"inLanguage\":\"fr-FR\",\"potentialAction\":[{\"@type\":\"ReadAction\",\"target\":[\"https:\\\/\\\/hierostrasbourg.com\\\/index.php\\\/2022\\\/10\\\/05\\\/appel-a-projets-leau-comme-bien-commun-a-entendre-par-la-place-au-son\\\/\"]}]},{\"@type\":\"BreadcrumbList\",\"@id\":\"https:\\\/\\\/hierostrasbourg.com\\\/index.php\\\/2022\\\/10\\\/05\\\/appel-a-projets-leau-comme-bien-commun-a-entendre-par-la-place-au-son\\\/#breadcrumb\",\"itemListElement\":[{\"@type\":\"ListItem\",\"position\":1,\"name\":\"Accueil\",\"item\":\"https:\\\/\\\/hierostrasbourg.com\\\/\"},{\"@type\":\"ListItem\",\"position\":2,\"name\":\"Appel \u00e0 projets \u201cL\u2019eau comme bien commun \u00e0 entendre\u201d par la PLACE AU SON\"}]},{\"@type\":\"WebSite\",\"@id\":\"https:\\\/\\\/hierostrasbourg.com\\\/#website\",\"url\":\"https:\\\/\\\/hierostrasbourg.com\\\/\",\"name\":\"HIERO STRASBOURG\",\"description\":\"Centre de Ressources Musiques Actuelles\",\"publisher\":{\"@id\":\"https:\\\/\\\/hierostrasbourg.com\\\/#organization\"},\"potentialAction\":[{\"@type\":\"SearchAction\",\"target\":{\"@type\":\"EntryPoint\",\"urlTemplate\":\"https:\\\/\\\/hierostrasbourg.com\\\/?s={search_term_string}\"},\"query-input\":{\"@type\":\"PropertyValueSpecification\",\"valueRequired\":true,\"valueName\":\"search_term_string\"}}],\"inLanguage\":\"fr-FR\"},{\"@type\":\"Organization\",\"@id\":\"https:\\\/\\\/hierostrasbourg.com\\\/#organization\",\"name\":\"F\u00e9d\u00e9ration Hi\u00e9ro Strasbourg\",\"url\":\"https:\\\/\\\/hierostrasbourg.com\\\/\",\"logo\":{\"@type\":\"ImageObject\",\"inLanguage\":\"fr-FR\",\"@id\":\"https:\\\/\\\/hierostrasbourg.com\\\/#\\\/schema\\\/logo\\\/image\\\/\",\"url\":\"https:\\\/\\\/hierostrasbourg.com\\\/wp-content\\\/uploads\\\/2026\\\/04\\\/logo-hiero-strasbourg.jpg\",\"contentUrl\":\"https:\\\/\\\/hierostrasbourg.com\\\/wp-content\\\/uploads\\\/2026\\\/04\\\/logo-hiero-strasbourg.jpg\",\"width\":204,\"height\":192,\"caption\":\"F\u00e9d\u00e9ration Hi\u00e9ro Strasbourg\"},\"image\":{\"@id\":\"https:\\\/\\\/hierostrasbourg.com\\\/#\\\/schema\\\/logo\\\/image\\\/\"},\"sameAs\":[\"https:\\\/\\\/www.facebook.com\\\/fedehierostrasbourg\",\"https:\\\/\\\/x.com\\\/hierostrasbourg\"]}]}<\/script>\n<!-- \/ Yoast SEO plugin. -->","yoast_head_json":{"title":"Appel \u00e0 projets \u201cL\u2019eau comme bien commun \u00e0 entendre\u201d par la PLACE AU SON - HIERO STRASBOURG","robots":{"index":"index","follow":"follow","max-snippet":"max-snippet:-1","max-image-preview":"max-image-preview:large","max-video-preview":"max-video-preview:-1"},"canonical":"https:\/\/hierostrasbourg.com\/index.php\/2022\/10\/05\/appel-a-projets-leau-comme-bien-commun-a-entendre-par-la-place-au-son\/","og_locale":"fr_FR","og_type":"article","og_title":"Appel \u00e0 projets \u201cL\u2019eau comme bien commun \u00e0 entendre\u201d par la PLACE AU SON - HIERO STRASBOURG","og_description":"Le concours propose de r\u00e9aliser une vid\u00e9o de 3 minutes maximum sur l\u2019ambiance sonore d\u2019une place publique de votre choix. Dans un premier temps, la vid\u00e9o pr\u00e9sente l\u2019\u00e9tat de l\u2019environnement sonore actuel. Dans un second temps, elle imagine les transformations physiques et atmosph\u00e9riques de la place dans un futur proche. C\u00e9cile Regnault et Gilles Pat\u00e9, initiateurs et organisateurs du concours Th\u00e8me : L\u2019EAU COMME BIEN COMMUN A ENTENDRE De la rivi\u00e8re aux plans d\u2019eau artificiel, des fontaines classiques aux brumisateurs, [&hellip;]","og_url":"https:\/\/hierostrasbourg.com\/index.php\/2022\/10\/05\/appel-a-projets-leau-comme-bien-commun-a-entendre-par-la-place-au-son\/","og_site_name":"HIERO STRASBOURG","article_publisher":"https:\/\/www.facebook.com\/fedehierostrasbourg","article_published_time":"2022-10-05T13:41:20+00:00","twitter_card":"summary_large_image","twitter_creator":"@hierostrasbourg","twitter_site":"@hierostrasbourg","twitter_misc":{"Dur\u00e9e de lecture estim\u00e9e":"1 minute"},"schema":{"@context":"https:\/\/schema.org","@graph":[{"@type":"Article","@id":"https:\/\/hierostrasbourg.com\/index.php\/2022\/10\/05\/appel-a-projets-leau-comme-bien-commun-a-entendre-par-la-place-au-son\/#article","isPartOf":{"@id":"https:\/\/hierostrasbourg.com\/index.php\/2022\/10\/05\/appel-a-projets-leau-comme-bien-commun-a-entendre-par-la-place-au-son\/"},"author":{"name":"","@id":""},"headline":"Appel \u00e0 projets \u201cL\u2019eau comme bien commun \u00e0 entendre\u201d par la PLACE AU SON","datePublished":"2022-10-05T13:41:20+00:00","mainEntityOfPage":{"@id":"https:\/\/hierostrasbourg.com\/index.php\/2022\/10\/05\/appel-a-projets-leau-comme-bien-commun-a-entendre-par-la-place-au-son\/"},"wordCount":152,"publisher":{"@id":"https:\/\/hierostrasbourg.com\/#organization"},"inLanguage":"fr-FR"},{"@type":"WebPage","@id":"https:\/\/hierostrasbourg.com\/index.php\/2022\/10\/05\/appel-a-projets-leau-comme-bien-commun-a-entendre-par-la-place-au-son\/","url":"https:\/\/hierostrasbourg.com\/index.php\/2022\/10\/05\/appel-a-projets-leau-comme-bien-commun-a-entendre-par-la-place-au-son\/","name":"Appel \u00e0 projets \u201cL\u2019eau comme bien commun \u00e0 entendre\u201d par la PLACE AU SON - HIERO STRASBOURG","isPartOf":{"@id":"https:\/\/hierostrasbourg.com\/#website"},"datePublished":"2022-10-05T13:41:20+00:00","breadcrumb":{"@id":"https:\/\/hierostrasbourg.com\/index.php\/2022\/10\/05\/appel-a-projets-leau-comme-bien-commun-a-entendre-par-la-place-au-son\/#breadcrumb"},"inLanguage":"fr-FR","potentialAction":[{"@type":"ReadAction","target":["https:\/\/hierostrasbourg.com\/index.php\/2022\/10\/05\/appel-a-projets-leau-comme-bien-commun-a-entendre-par-la-place-au-son\/"]}]},{"@type":"BreadcrumbList","@id":"https:\/\/hierostrasbourg.com\/index.php\/2022\/10\/05\/appel-a-projets-leau-comme-bien-commun-a-entendre-par-la-place-au-son\/#breadcrumb","itemListElement":[{"@type":"ListItem","position":1,"name":"Accueil","item":"https:\/\/hierostrasbourg.com\/"},{"@type":"ListItem","position":2,"name":"Appel \u00e0 projets \u201cL\u2019eau comme bien commun \u00e0 entendre\u201d par la PLACE AU SON"}]},{"@type":"WebSite","@id":"https:\/\/hierostrasbourg.com\/#website","url":"https:\/\/hierostrasbourg.com\/","name":"HIERO STRASBOURG","description":"Centre de Ressources Musiques Actuelles","publisher":{"@id":"https:\/\/hierostrasbourg.com\/#organization"},"potentialAction":[{"@type":"SearchAction","target":{"@type":"EntryPoint","urlTemplate":"https:\/\/hierostrasbourg.com\/?s={search_term_string}"},"query-input":{"@type":"PropertyValueSpecification","valueRequired":true,"valueName":"search_term_string"}}],"inLanguage":"fr-FR"},{"@type":"Organization","@id":"https:\/\/hierostrasbourg.com\/#organization","name":"F\u00e9d\u00e9ration Hi\u00e9ro Strasbourg","url":"https:\/\/hierostrasbourg.com\/","logo":{"@type":"ImageObject","inLanguage":"fr-FR","@id":"https:\/\/hierostrasbourg.com\/#\/schema\/logo\/image\/","url":"https:\/\/hierostrasbourg.com\/wp-content\/uploads\/2026\/04\/logo-hiero-strasbourg.jpg","contentUrl":"https:\/\/hierostrasbourg.com\/wp-content\/uploads\/2026\/04\/logo-hiero-strasbourg.jpg","width":204,"height":192,"caption":"F\u00e9d\u00e9ration Hi\u00e9ro Strasbourg"},"image":{"@id":"https:\/\/hierostrasbourg.com\/#\/schema\/logo\/image\/"},"sameAs":["https:\/\/www.facebook.com\/fedehierostrasbourg","https:\/\/x.com\/hierostrasbourg"]}]}},"_links":{"self":[{"href":"https:\/\/hierostrasbourg.com\/index.php\/wp-json\/wp\/v2\/posts\/3753","targetHints":{"allow":["GET"]}}],"collection":[{"href":"https:\/\/hierostrasbourg.com\/index.php\/wp-json\/wp\/v2\/posts"}],"about":[{"href":"https:\/\/hierostrasbourg.com\/index.php\/wp-json\/wp\/v2\/types\/post"}],"replies":[{"embeddable":true,"href":"https:\/\/hierostrasbourg.com\/index.php\/wp-json\/wp\/v2\/comments?post=3753"}],"version-history":[{"count":0,"href":"https:\/\/hierostrasbourg.com\/index.php\/wp-json\/wp\/v2\/posts\/3753\/revisions"}],"wp:attachment":[{"href":"https:\/\/hierostrasbourg.com\/index.php\/wp-json\/wp\/v2\/media?parent=3753"}],"wp:term":[{"taxonomy":"category","embeddable":true,"href":"https:\/\/hierostrasbourg.com\/index.php\/wp-json\/wp\/v2\/categories?post=3753"},{"taxonomy":"post_tag","embeddable":true,"href":"https:\/\/hierostrasbourg.com\/index.php\/wp-json\/wp\/v2\/tags?post=3753"}],"curies":[{"name":"wp","href":"https:\/\/api.w.org\/{rel}","templated":true}]}}