{"id":3747,"date":"2022-10-04T20:36:40","date_gmt":"2022-10-04T18:36:40","guid":{"rendered":"https:\/\/hierostrasbourg.com\/index.php\/2022\/10\/04\/la-france-associative-en-mouvement-20eme-edition\/"},"modified":"2022-10-04T20:36:40","modified_gmt":"2022-10-04T18:36:40","slug":"la-france-associative-en-mouvement-20eme-edition","status":"publish","type":"post","link":"https:\/\/hierostrasbourg.com\/index.php\/2022\/10\/04\/la-france-associative-en-mouvement-20eme-edition\/","title":{"rendered":"La France associative en mouvement \u2013 20\u00e8me \u00e9dition"},"content":{"rendered":"<p><a href=\"https:\/\/musiquesactuelles.alsace\/la-france-associative-en-mouvement-20eme-edition\/\" title=\"La France associative en mouvement \u2013 20\u00e8me \u00e9dition\"><\/a><\/p>\n<p>communiqu\u00e9 La France associative en mouvement \u2013 20\u00e8me \u00e9dition Cette \u00e9tude dresse, comme chaque ann\u00e9e, l\u2019\u00e9tat des lieux de la vie associative \u00e0 partir des donn\u00e9es chiffr\u00e9es les plus r\u00e9centes, issues de sources officielles1 : 66 500 associations cr\u00e9\u00e9es entre juillet 2021 et juin 2022 Entre 1,4 et 1,5 million d\u2019associations en activit\u00e9 145 000 volontaires en service civique 146 740 associations employant 1,8 million de salari\u00e9s : pr\u00e8s d\u2019un salari\u00e9 sur dix du secteur priv\u00e9 (9,2%) Perc\u00e9e de l\u2019alternance [\u2026]<\/p>\n<p>L\u2019article <a href=\"https:\/\/musiquesactuelles.alsace\/la-france-associative-en-mouvement-20eme-edition\/\">La France associative en mouvement \u2013 20\u00e8me \u00e9dition<\/a> est apparu en premier sur <a href=\"https:\/\/musiquesactuelles.alsace\/\">Musiques Actuelles en Alsace<\/a>.<\/p>\n<p>L\u2019article <a href=\"https:\/\/popburo.fr\/la-france-associative-en-mouvement-20eme-edition\/\">La France associative en mouvement \u2013 20\u00e8me \u00e9dition<\/a> est apparu en premier sur <a href=\"https:\/\/popburo.fr\/\">POP B\u00dcRO<\/a>.<\/p>\n","protected":false},"excerpt":{"rendered":"<p>communiqu\u00e9 La France associative en mouvement \u2013 20\u00e8me \u00e9dition Cette \u00e9tude dresse, comme chaque ann\u00e9e, l\u2019\u00e9tat des lieux de la vie associative \u00e0 partir des donn\u00e9es chiffr\u00e9es les plus r\u00e9centes, issues de sources officielles1 : 66 500 associations cr\u00e9\u00e9es entre juillet 2021 et juin 2022 Entre 1,4 et 1,5 million d\u2019associations en activit\u00e9 145 000 volontaires en service civique 146 740 associations employant 1,8 million de salari\u00e9s : pr\u00e8s d\u2019un salari\u00e9 sur dix du secteur priv\u00e9 (9,2%) Perc\u00e9e de l\u2019alternance [&hellip;]<\/p>\n","protected":false},"author":0,"featured_media":0,"comment_status":"closed","ping_status":"open","sticky":false,"template":"","format":"standard","meta":{"footnotes":""},"categories":[1],"tags":[],"class_list":["post-3747","post","type-post","status-publish","format-standard","hentry","category-non-classe"],"yoast_head":"<!-- This site is optimized with the Yoast SEO plugin v27.5 - https:\/\/yoast.com\/product\/yoast-seo-wordpress\/ -->\n<title>La France associative en mouvement \u2013 20\u00e8me \u00e9dition - HIERO STRASBOURG<\/title>\n<meta name=\"robots\" content=\"index, follow, max-snippet:-1, max-image-preview:large, max-video-preview:-1\" \/>\n<link rel=\"canonical\" href=\"https:\/\/hierostrasbourg.com\/index.php\/2022\/10\/04\/la-france-associative-en-mouvement-20eme-edition\/\" \/>\n<meta property=\"og:locale\" content=\"fr_FR\" \/>\n<meta property=\"og:type\" content=\"article\" \/>\n<meta property=\"og:title\" content=\"La France associative en mouvement \u2013 20\u00e8me \u00e9dition - HIERO STRASBOURG\" \/>\n<meta property=\"og:description\" content=\"communiqu\u00e9 La France associative en mouvement \u2013 20\u00e8me \u00e9dition Cette \u00e9tude dresse, comme chaque ann\u00e9e, l\u2019\u00e9tat des lieux de la vie associative \u00e0 partir des donn\u00e9es chiffr\u00e9es les plus r\u00e9centes, issues de sources officielles1 : 66 500 associations cr\u00e9\u00e9es entre juillet 2021 et juin 2022 Entre 1,4 et 1,5 million d\u2019associations en activit\u00e9 145 000 volontaires en service civique 146 740 associations employant 1,8 million de salari\u00e9s : pr\u00e8s d\u2019un salari\u00e9 sur dix du secteur priv\u00e9 (9,2%) Perc\u00e9e de l\u2019alternance [&hellip;]\" \/>\n<meta property=\"og:url\" content=\"https:\/\/hierostrasbourg.com\/index.php\/2022\/10\/04\/la-france-associative-en-mouvement-20eme-edition\/\" \/>\n<meta property=\"og:site_name\" content=\"HIERO STRASBOURG\" \/>\n<meta property=\"article:publisher\" content=\"https:\/\/www.facebook.com\/fedehierostrasbourg\" \/>\n<meta property=\"article:published_time\" content=\"2022-10-04T18:36:40+00:00\" \/>\n<meta name=\"twitter:card\" content=\"summary_large_image\" \/>\n<meta name=\"twitter:creator\" content=\"@hierostrasbourg\" \/>\n<meta name=\"twitter:site\" content=\"@hierostrasbourg\" \/>\n<meta name=\"twitter:label1\" content=\"Dur\u00e9e de lecture estim\u00e9e\" \/>\n\t<meta name=\"twitter:data1\" content=\"1 minute\" \/>\n<script type=\"application\/ld+json\" class=\"yoast-schema-graph\">{\"@context\":\"https:\\\/\\\/schema.org\",\"@graph\":[{\"@type\":\"Article\",\"@id\":\"https:\\\/\\\/hierostrasbourg.com\\\/index.php\\\/2022\\\/10\\\/04\\\/la-france-associative-en-mouvement-20eme-edition\\\/#article\",\"isPartOf\":{\"@id\":\"https:\\\/\\\/hierostrasbourg.com\\\/index.php\\\/2022\\\/10\\\/04\\\/la-france-associative-en-mouvement-20eme-edition\\\/\"},\"author\":{\"name\":\"\",\"@id\":\"\"},\"headline\":\"La France associative en mouvement \u2013 20\u00e8me \u00e9dition\",\"datePublished\":\"2022-10-04T18:36:40+00:00\",\"mainEntityOfPage\":{\"@id\":\"https:\\\/\\\/hierostrasbourg.com\\\/index.php\\\/2022\\\/10\\\/04\\\/la-france-associative-en-mouvement-20eme-edition\\\/\"},\"wordCount\":118,\"publisher\":{\"@id\":\"https:\\\/\\\/hierostrasbourg.com\\\/#organization\"},\"inLanguage\":\"fr-FR\"},{\"@type\":\"WebPage\",\"@id\":\"https:\\\/\\\/hierostrasbourg.com\\\/index.php\\\/2022\\\/10\\\/04\\\/la-france-associative-en-mouvement-20eme-edition\\\/\",\"url\":\"https:\\\/\\\/hierostrasbourg.com\\\/index.php\\\/2022\\\/10\\\/04\\\/la-france-associative-en-mouvement-20eme-edition\\\/\",\"name\":\"La France associative en mouvement \u2013 20\u00e8me \u00e9dition - HIERO STRASBOURG\",\"isPartOf\":{\"@id\":\"https:\\\/\\\/hierostrasbourg.com\\\/#website\"},\"datePublished\":\"2022-10-04T18:36:40+00:00\",\"breadcrumb\":{\"@id\":\"https:\\\/\\\/hierostrasbourg.com\\\/index.php\\\/2022\\\/10\\\/04\\\/la-france-associative-en-mouvement-20eme-edition\\\/#breadcrumb\"},\"inLanguage\":\"fr-FR\",\"potentialAction\":[{\"@type\":\"ReadAction\",\"target\":[\"https:\\\/\\\/hierostrasbourg.com\\\/index.php\\\/2022\\\/10\\\/04\\\/la-france-associative-en-mouvement-20eme-edition\\\/\"]}]},{\"@type\":\"BreadcrumbList\",\"@id\":\"https:\\\/\\\/hierostrasbourg.com\\\/index.php\\\/2022\\\/10\\\/04\\\/la-france-associative-en-mouvement-20eme-edition\\\/#breadcrumb\",\"itemListElement\":[{\"@type\":\"ListItem\",\"position\":1,\"name\":\"Accueil\",\"item\":\"https:\\\/\\\/hierostrasbourg.com\\\/\"},{\"@type\":\"ListItem\",\"position\":2,\"name\":\"La France associative en mouvement \u2013 20\u00e8me \u00e9dition\"}]},{\"@type\":\"WebSite\",\"@id\":\"https:\\\/\\\/hierostrasbourg.com\\\/#website\",\"url\":\"https:\\\/\\\/hierostrasbourg.com\\\/\",\"name\":\"HIERO STRASBOURG\",\"description\":\"Centre de Ressources Musiques Actuelles\",\"publisher\":{\"@id\":\"https:\\\/\\\/hierostrasbourg.com\\\/#organization\"},\"potentialAction\":[{\"@type\":\"SearchAction\",\"target\":{\"@type\":\"EntryPoint\",\"urlTemplate\":\"https:\\\/\\\/hierostrasbourg.com\\\/?s={search_term_string}\"},\"query-input\":{\"@type\":\"PropertyValueSpecification\",\"valueRequired\":true,\"valueName\":\"search_term_string\"}}],\"inLanguage\":\"fr-FR\"},{\"@type\":\"Organization\",\"@id\":\"https:\\\/\\\/hierostrasbourg.com\\\/#organization\",\"name\":\"F\u00e9d\u00e9ration Hi\u00e9ro Strasbourg\",\"url\":\"https:\\\/\\\/hierostrasbourg.com\\\/\",\"logo\":{\"@type\":\"ImageObject\",\"inLanguage\":\"fr-FR\",\"@id\":\"https:\\\/\\\/hierostrasbourg.com\\\/#\\\/schema\\\/logo\\\/image\\\/\",\"url\":\"https:\\\/\\\/hierostrasbourg.com\\\/wp-content\\\/uploads\\\/2026\\\/04\\\/logo-hiero-strasbourg.jpg\",\"contentUrl\":\"https:\\\/\\\/hierostrasbourg.com\\\/wp-content\\\/uploads\\\/2026\\\/04\\\/logo-hiero-strasbourg.jpg\",\"width\":204,\"height\":192,\"caption\":\"F\u00e9d\u00e9ration Hi\u00e9ro Strasbourg\"},\"image\":{\"@id\":\"https:\\\/\\\/hierostrasbourg.com\\\/#\\\/schema\\\/logo\\\/image\\\/\"},\"sameAs\":[\"https:\\\/\\\/www.facebook.com\\\/fedehierostrasbourg\",\"https:\\\/\\\/x.com\\\/hierostrasbourg\"]}]}<\/script>\n<!-- \/ Yoast SEO plugin. -->","yoast_head_json":{"title":"La France associative en mouvement \u2013 20\u00e8me \u00e9dition - HIERO STRASBOURG","robots":{"index":"index","follow":"follow","max-snippet":"max-snippet:-1","max-image-preview":"max-image-preview:large","max-video-preview":"max-video-preview:-1"},"canonical":"https:\/\/hierostrasbourg.com\/index.php\/2022\/10\/04\/la-france-associative-en-mouvement-20eme-edition\/","og_locale":"fr_FR","og_type":"article","og_title":"La France associative en mouvement \u2013 20\u00e8me \u00e9dition - HIERO STRASBOURG","og_description":"communiqu\u00e9 La France associative en mouvement \u2013 20\u00e8me \u00e9dition Cette \u00e9tude dresse, comme chaque ann\u00e9e, l\u2019\u00e9tat des lieux de la vie associative \u00e0 partir des donn\u00e9es chiffr\u00e9es les plus r\u00e9centes, issues de sources officielles1 : 66 500 associations cr\u00e9\u00e9es entre juillet 2021 et juin 2022 Entre 1,4 et 1,5 million d\u2019associations en activit\u00e9 145 000 volontaires en service civique 146 740 associations employant 1,8 million de salari\u00e9s : pr\u00e8s d\u2019un salari\u00e9 sur dix du secteur priv\u00e9 (9,2%) Perc\u00e9e de l\u2019alternance [&hellip;]","og_url":"https:\/\/hierostrasbourg.com\/index.php\/2022\/10\/04\/la-france-associative-en-mouvement-20eme-edition\/","og_site_name":"HIERO STRASBOURG","article_publisher":"https:\/\/www.facebook.com\/fedehierostrasbourg","article_published_time":"2022-10-04T18:36:40+00:00","twitter_card":"summary_large_image","twitter_creator":"@hierostrasbourg","twitter_site":"@hierostrasbourg","twitter_misc":{"Dur\u00e9e de lecture estim\u00e9e":"1 minute"},"schema":{"@context":"https:\/\/schema.org","@graph":[{"@type":"Article","@id":"https:\/\/hierostrasbourg.com\/index.php\/2022\/10\/04\/la-france-associative-en-mouvement-20eme-edition\/#article","isPartOf":{"@id":"https:\/\/hierostrasbourg.com\/index.php\/2022\/10\/04\/la-france-associative-en-mouvement-20eme-edition\/"},"author":{"name":"","@id":""},"headline":"La France associative en mouvement \u2013 20\u00e8me \u00e9dition","datePublished":"2022-10-04T18:36:40+00:00","mainEntityOfPage":{"@id":"https:\/\/hierostrasbourg.com\/index.php\/2022\/10\/04\/la-france-associative-en-mouvement-20eme-edition\/"},"wordCount":118,"publisher":{"@id":"https:\/\/hierostrasbourg.com\/#organization"},"inLanguage":"fr-FR"},{"@type":"WebPage","@id":"https:\/\/hierostrasbourg.com\/index.php\/2022\/10\/04\/la-france-associative-en-mouvement-20eme-edition\/","url":"https:\/\/hierostrasbourg.com\/index.php\/2022\/10\/04\/la-france-associative-en-mouvement-20eme-edition\/","name":"La France associative en mouvement \u2013 20\u00e8me \u00e9dition - HIERO STRASBOURG","isPartOf":{"@id":"https:\/\/hierostrasbourg.com\/#website"},"datePublished":"2022-10-04T18:36:40+00:00","breadcrumb":{"@id":"https:\/\/hierostrasbourg.com\/index.php\/2022\/10\/04\/la-france-associative-en-mouvement-20eme-edition\/#breadcrumb"},"inLanguage":"fr-FR","potentialAction":[{"@type":"ReadAction","target":["https:\/\/hierostrasbourg.com\/index.php\/2022\/10\/04\/la-france-associative-en-mouvement-20eme-edition\/"]}]},{"@type":"BreadcrumbList","@id":"https:\/\/hierostrasbourg.com\/index.php\/2022\/10\/04\/la-france-associative-en-mouvement-20eme-edition\/#breadcrumb","itemListElement":[{"@type":"ListItem","position":1,"name":"Accueil","item":"https:\/\/hierostrasbourg.com\/"},{"@type":"ListItem","position":2,"name":"La France associative en mouvement \u2013 20\u00e8me \u00e9dition"}]},{"@type":"WebSite","@id":"https:\/\/hierostrasbourg.com\/#website","url":"https:\/\/hierostrasbourg.com\/","name":"HIERO STRASBOURG","description":"Centre de Ressources Musiques Actuelles","publisher":{"@id":"https:\/\/hierostrasbourg.com\/#organization"},"potentialAction":[{"@type":"SearchAction","target":{"@type":"EntryPoint","urlTemplate":"https:\/\/hierostrasbourg.com\/?s={search_term_string}"},"query-input":{"@type":"PropertyValueSpecification","valueRequired":true,"valueName":"search_term_string"}}],"inLanguage":"fr-FR"},{"@type":"Organization","@id":"https:\/\/hierostrasbourg.com\/#organization","name":"F\u00e9d\u00e9ration Hi\u00e9ro Strasbourg","url":"https:\/\/hierostrasbourg.com\/","logo":{"@type":"ImageObject","inLanguage":"fr-FR","@id":"https:\/\/hierostrasbourg.com\/#\/schema\/logo\/image\/","url":"https:\/\/hierostrasbourg.com\/wp-content\/uploads\/2026\/04\/logo-hiero-strasbourg.jpg","contentUrl":"https:\/\/hierostrasbourg.com\/wp-content\/uploads\/2026\/04\/logo-hiero-strasbourg.jpg","width":204,"height":192,"caption":"F\u00e9d\u00e9ration Hi\u00e9ro Strasbourg"},"image":{"@id":"https:\/\/hierostrasbourg.com\/#\/schema\/logo\/image\/"},"sameAs":["https:\/\/www.facebook.com\/fedehierostrasbourg","https:\/\/x.com\/hierostrasbourg"]}]}},"_links":{"self":[{"href":"https:\/\/hierostrasbourg.com\/index.php\/wp-json\/wp\/v2\/posts\/3747","targetHints":{"allow":["GET"]}}],"collection":[{"href":"https:\/\/hierostrasbourg.com\/index.php\/wp-json\/wp\/v2\/posts"}],"about":[{"href":"https:\/\/hierostrasbourg.com\/index.php\/wp-json\/wp\/v2\/types\/post"}],"replies":[{"embeddable":true,"href":"https:\/\/hierostrasbourg.com\/index.php\/wp-json\/wp\/v2\/comments?post=3747"}],"version-history":[{"count":0,"href":"https:\/\/hierostrasbourg.com\/index.php\/wp-json\/wp\/v2\/posts\/3747\/revisions"}],"wp:attachment":[{"href":"https:\/\/hierostrasbourg.com\/index.php\/wp-json\/wp\/v2\/media?parent=3747"}],"wp:term":[{"taxonomy":"category","embeddable":true,"href":"https:\/\/hierostrasbourg.com\/index.php\/wp-json\/wp\/v2\/categories?post=3747"},{"taxonomy":"post_tag","embeddable":true,"href":"https:\/\/hierostrasbourg.com\/index.php\/wp-json\/wp\/v2\/tags?post=3747"}],"curies":[{"name":"wp","href":"https:\/\/api.w.org\/{rel}","templated":true}]}}