{"id":3735,"date":"2022-10-02T11:40:51","date_gmt":"2022-10-02T09:40:51","guid":{"rendered":"https:\/\/hierostrasbourg.com\/index.php\/2022\/10\/02\/la-culture-doit-elle-aussi-contribuer-a-la-transition-ecologique\/"},"modified":"2022-10-02T11:40:51","modified_gmt":"2022-10-02T09:40:51","slug":"la-culture-doit-elle-aussi-contribuer-a-la-transition-ecologique","status":"publish","type":"post","link":"https:\/\/hierostrasbourg.com\/index.php\/2022\/10\/02\/la-culture-doit-elle-aussi-contribuer-a-la-transition-ecologique\/","title":{"rendered":"\u201cLa culture doit elle aussi contribuer \u00e0 la transition \u00e9cologique\u201d"},"content":{"rendered":"<p><a href=\"https:\/\/musiquesactuelles.alsace\/la-culture-doit-elle-aussi-contribuer-a-la-transition-ecologique\/\" title=\"\u201cLa culture doit elle aussi contribuer \u00e0 la transition \u00e9cologique\u201d\"><\/a><\/p>\n<p>Face aux enjeux climatiques, il est essentiel que le secteur culturel apporte lui aussi sa pierre \u00e0 l\u2019\u00e9difice pour favoriser l\u2019\u00e9mergence de nouvelles mani\u00e8res d\u2019habiter notre plan\u00e8te affirme, dans une tribune au \u00ab Monde \u00bb, le chercheur Guillaume Log\u00e9. Source \/ Lire la suite : \u00ab La culture doit elle aussi contribuer \u00e0 la transition \u00e9cologique \u00bb<\/p>\n<p>L\u2019article <a href=\"https:\/\/musiquesactuelles.alsace\/la-culture-doit-elle-aussi-contribuer-a-la-transition-ecologique\/\">\u201cLa culture doit elle aussi contribuer \u00e0 la transition \u00e9cologique\u201d<\/a> est apparu en premier sur <a href=\"https:\/\/musiquesactuelles.alsace\/\">Musiques Actuelles en Alsace<\/a>.<\/p>\n<p>L\u2019article <a href=\"https:\/\/popburo.fr\/la-culture-doit-elle-aussi-contribuer-a-la-transition-ecologique\/\">\u201cLa culture doit elle aussi contribuer \u00e0 la transition \u00e9cologique\u201d<\/a> est apparu en premier sur <a href=\"https:\/\/popburo.fr\/\">POP B\u00dcRO<\/a>.<\/p>\n","protected":false},"excerpt":{"rendered":"<p>Face aux enjeux climatiques, il est essentiel que le secteur culturel apporte lui aussi sa pierre \u00e0 l\u2019\u00e9difice pour favoriser l\u2019\u00e9mergence de nouvelles mani\u00e8res d\u2019habiter notre plan\u00e8te affirme, dans une tribune au \u00ab Monde \u00bb, le chercheur Guillaume Log\u00e9. Source \/ Lire la suite : \u00ab La culture doit elle aussi contribuer \u00e0 la transition \u00e9cologique \u00bb L\u2019article \u201cLa culture doit elle aussi contribuer \u00e0 la transition \u00e9cologique\u201d est apparu en premier sur Musiques Actuelles en Alsace. L\u2019article \u201cLa culture [&hellip;]<\/p>\n","protected":false},"author":0,"featured_media":0,"comment_status":"closed","ping_status":"open","sticky":false,"template":"","format":"standard","meta":{"footnotes":""},"categories":[1],"tags":[],"class_list":["post-3735","post","type-post","status-publish","format-standard","hentry","category-non-classe"],"yoast_head":"<!-- This site is optimized with the Yoast SEO plugin v27.5 - https:\/\/yoast.com\/product\/yoast-seo-wordpress\/ -->\n<title>\u201cLa culture doit elle aussi contribuer \u00e0 la transition \u00e9cologique\u201d - HIERO STRASBOURG<\/title>\n<meta name=\"robots\" content=\"index, follow, max-snippet:-1, max-image-preview:large, max-video-preview:-1\" \/>\n<link rel=\"canonical\" href=\"https:\/\/hierostrasbourg.com\/index.php\/2022\/10\/02\/la-culture-doit-elle-aussi-contribuer-a-la-transition-ecologique\/\" \/>\n<meta property=\"og:locale\" content=\"fr_FR\" \/>\n<meta property=\"og:type\" content=\"article\" \/>\n<meta property=\"og:title\" content=\"\u201cLa culture doit elle aussi contribuer \u00e0 la transition \u00e9cologique\u201d - HIERO STRASBOURG\" \/>\n<meta property=\"og:description\" content=\"Face aux enjeux climatiques, il est essentiel que le secteur culturel apporte lui aussi sa pierre \u00e0 l\u2019\u00e9difice pour favoriser l\u2019\u00e9mergence de nouvelles mani\u00e8res d\u2019habiter notre plan\u00e8te affirme, dans une tribune au \u00ab Monde \u00bb, le chercheur Guillaume Log\u00e9. Source \/ Lire la suite : \u00ab La culture doit elle aussi contribuer \u00e0 la transition \u00e9cologique \u00bb L\u2019article \u201cLa culture doit elle aussi contribuer \u00e0 la transition \u00e9cologique\u201d est apparu en premier sur Musiques Actuelles en Alsace. L\u2019article \u201cLa culture [&hellip;]\" \/>\n<meta property=\"og:url\" content=\"https:\/\/hierostrasbourg.com\/index.php\/2022\/10\/02\/la-culture-doit-elle-aussi-contribuer-a-la-transition-ecologique\/\" \/>\n<meta property=\"og:site_name\" content=\"HIERO STRASBOURG\" \/>\n<meta property=\"article:publisher\" content=\"https:\/\/www.facebook.com\/fedehierostrasbourg\" \/>\n<meta property=\"article:published_time\" content=\"2022-10-02T09:40:51+00:00\" \/>\n<meta name=\"twitter:card\" content=\"summary_large_image\" \/>\n<meta name=\"twitter:creator\" content=\"@hierostrasbourg\" \/>\n<meta name=\"twitter:site\" content=\"@hierostrasbourg\" \/>\n<script type=\"application\/ld+json\" class=\"yoast-schema-graph\">{\"@context\":\"https:\\\/\\\/schema.org\",\"@graph\":[{\"@type\":\"Article\",\"@id\":\"https:\\\/\\\/hierostrasbourg.com\\\/index.php\\\/2022\\\/10\\\/02\\\/la-culture-doit-elle-aussi-contribuer-a-la-transition-ecologique\\\/#article\",\"isPartOf\":{\"@id\":\"https:\\\/\\\/hierostrasbourg.com\\\/index.php\\\/2022\\\/10\\\/02\\\/la-culture-doit-elle-aussi-contribuer-a-la-transition-ecologique\\\/\"},\"author\":{\"name\":\"\",\"@id\":\"\"},\"headline\":\"\u201cLa culture doit elle aussi contribuer \u00e0 la transition \u00e9cologique\u201d\",\"datePublished\":\"2022-10-02T09:40:51+00:00\",\"mainEntityOfPage\":{\"@id\":\"https:\\\/\\\/hierostrasbourg.com\\\/index.php\\\/2022\\\/10\\\/02\\\/la-culture-doit-elle-aussi-contribuer-a-la-transition-ecologique\\\/\"},\"wordCount\":102,\"publisher\":{\"@id\":\"https:\\\/\\\/hierostrasbourg.com\\\/#organization\"},\"inLanguage\":\"fr-FR\"},{\"@type\":\"WebPage\",\"@id\":\"https:\\\/\\\/hierostrasbourg.com\\\/index.php\\\/2022\\\/10\\\/02\\\/la-culture-doit-elle-aussi-contribuer-a-la-transition-ecologique\\\/\",\"url\":\"https:\\\/\\\/hierostrasbourg.com\\\/index.php\\\/2022\\\/10\\\/02\\\/la-culture-doit-elle-aussi-contribuer-a-la-transition-ecologique\\\/\",\"name\":\"\u201cLa culture doit elle aussi contribuer \u00e0 la transition \u00e9cologique\u201d - HIERO STRASBOURG\",\"isPartOf\":{\"@id\":\"https:\\\/\\\/hierostrasbourg.com\\\/#website\"},\"datePublished\":\"2022-10-02T09:40:51+00:00\",\"breadcrumb\":{\"@id\":\"https:\\\/\\\/hierostrasbourg.com\\\/index.php\\\/2022\\\/10\\\/02\\\/la-culture-doit-elle-aussi-contribuer-a-la-transition-ecologique\\\/#breadcrumb\"},\"inLanguage\":\"fr-FR\",\"potentialAction\":[{\"@type\":\"ReadAction\",\"target\":[\"https:\\\/\\\/hierostrasbourg.com\\\/index.php\\\/2022\\\/10\\\/02\\\/la-culture-doit-elle-aussi-contribuer-a-la-transition-ecologique\\\/\"]}]},{\"@type\":\"BreadcrumbList\",\"@id\":\"https:\\\/\\\/hierostrasbourg.com\\\/index.php\\\/2022\\\/10\\\/02\\\/la-culture-doit-elle-aussi-contribuer-a-la-transition-ecologique\\\/#breadcrumb\",\"itemListElement\":[{\"@type\":\"ListItem\",\"position\":1,\"name\":\"Accueil\",\"item\":\"https:\\\/\\\/hierostrasbourg.com\\\/\"},{\"@type\":\"ListItem\",\"position\":2,\"name\":\"\u201cLa culture doit elle aussi contribuer \u00e0 la transition \u00e9cologique\u201d\"}]},{\"@type\":\"WebSite\",\"@id\":\"https:\\\/\\\/hierostrasbourg.com\\\/#website\",\"url\":\"https:\\\/\\\/hierostrasbourg.com\\\/\",\"name\":\"HIERO STRASBOURG\",\"description\":\"Centre de Ressources Musiques Actuelles\",\"publisher\":{\"@id\":\"https:\\\/\\\/hierostrasbourg.com\\\/#organization\"},\"potentialAction\":[{\"@type\":\"SearchAction\",\"target\":{\"@type\":\"EntryPoint\",\"urlTemplate\":\"https:\\\/\\\/hierostrasbourg.com\\\/?s={search_term_string}\"},\"query-input\":{\"@type\":\"PropertyValueSpecification\",\"valueRequired\":true,\"valueName\":\"search_term_string\"}}],\"inLanguage\":\"fr-FR\"},{\"@type\":\"Organization\",\"@id\":\"https:\\\/\\\/hierostrasbourg.com\\\/#organization\",\"name\":\"F\u00e9d\u00e9ration Hi\u00e9ro Strasbourg\",\"url\":\"https:\\\/\\\/hierostrasbourg.com\\\/\",\"logo\":{\"@type\":\"ImageObject\",\"inLanguage\":\"fr-FR\",\"@id\":\"https:\\\/\\\/hierostrasbourg.com\\\/#\\\/schema\\\/logo\\\/image\\\/\",\"url\":\"https:\\\/\\\/hierostrasbourg.com\\\/wp-content\\\/uploads\\\/2026\\\/04\\\/logo-hiero-strasbourg.jpg\",\"contentUrl\":\"https:\\\/\\\/hierostrasbourg.com\\\/wp-content\\\/uploads\\\/2026\\\/04\\\/logo-hiero-strasbourg.jpg\",\"width\":204,\"height\":192,\"caption\":\"F\u00e9d\u00e9ration Hi\u00e9ro Strasbourg\"},\"image\":{\"@id\":\"https:\\\/\\\/hierostrasbourg.com\\\/#\\\/schema\\\/logo\\\/image\\\/\"},\"sameAs\":[\"https:\\\/\\\/www.facebook.com\\\/fedehierostrasbourg\",\"https:\\\/\\\/x.com\\\/hierostrasbourg\"]}]}<\/script>\n<!-- \/ Yoast SEO plugin. -->","yoast_head_json":{"title":"\u201cLa culture doit elle aussi contribuer \u00e0 la transition \u00e9cologique\u201d - HIERO STRASBOURG","robots":{"index":"index","follow":"follow","max-snippet":"max-snippet:-1","max-image-preview":"max-image-preview:large","max-video-preview":"max-video-preview:-1"},"canonical":"https:\/\/hierostrasbourg.com\/index.php\/2022\/10\/02\/la-culture-doit-elle-aussi-contribuer-a-la-transition-ecologique\/","og_locale":"fr_FR","og_type":"article","og_title":"\u201cLa culture doit elle aussi contribuer \u00e0 la transition \u00e9cologique\u201d - HIERO STRASBOURG","og_description":"Face aux enjeux climatiques, il est essentiel que le secteur culturel apporte lui aussi sa pierre \u00e0 l\u2019\u00e9difice pour favoriser l\u2019\u00e9mergence de nouvelles mani\u00e8res d\u2019habiter notre plan\u00e8te affirme, dans une tribune au \u00ab Monde \u00bb, le chercheur Guillaume Log\u00e9. Source \/ Lire la suite : \u00ab La culture doit elle aussi contribuer \u00e0 la transition \u00e9cologique \u00bb L\u2019article \u201cLa culture doit elle aussi contribuer \u00e0 la transition \u00e9cologique\u201d est apparu en premier sur Musiques Actuelles en Alsace. L\u2019article \u201cLa culture [&hellip;]","og_url":"https:\/\/hierostrasbourg.com\/index.php\/2022\/10\/02\/la-culture-doit-elle-aussi-contribuer-a-la-transition-ecologique\/","og_site_name":"HIERO STRASBOURG","article_publisher":"https:\/\/www.facebook.com\/fedehierostrasbourg","article_published_time":"2022-10-02T09:40:51+00:00","twitter_card":"summary_large_image","twitter_creator":"@hierostrasbourg","twitter_site":"@hierostrasbourg","schema":{"@context":"https:\/\/schema.org","@graph":[{"@type":"Article","@id":"https:\/\/hierostrasbourg.com\/index.php\/2022\/10\/02\/la-culture-doit-elle-aussi-contribuer-a-la-transition-ecologique\/#article","isPartOf":{"@id":"https:\/\/hierostrasbourg.com\/index.php\/2022\/10\/02\/la-culture-doit-elle-aussi-contribuer-a-la-transition-ecologique\/"},"author":{"name":"","@id":""},"headline":"\u201cLa culture doit elle aussi contribuer \u00e0 la transition \u00e9cologique\u201d","datePublished":"2022-10-02T09:40:51+00:00","mainEntityOfPage":{"@id":"https:\/\/hierostrasbourg.com\/index.php\/2022\/10\/02\/la-culture-doit-elle-aussi-contribuer-a-la-transition-ecologique\/"},"wordCount":102,"publisher":{"@id":"https:\/\/hierostrasbourg.com\/#organization"},"inLanguage":"fr-FR"},{"@type":"WebPage","@id":"https:\/\/hierostrasbourg.com\/index.php\/2022\/10\/02\/la-culture-doit-elle-aussi-contribuer-a-la-transition-ecologique\/","url":"https:\/\/hierostrasbourg.com\/index.php\/2022\/10\/02\/la-culture-doit-elle-aussi-contribuer-a-la-transition-ecologique\/","name":"\u201cLa culture doit elle aussi contribuer \u00e0 la transition \u00e9cologique\u201d - HIERO STRASBOURG","isPartOf":{"@id":"https:\/\/hierostrasbourg.com\/#website"},"datePublished":"2022-10-02T09:40:51+00:00","breadcrumb":{"@id":"https:\/\/hierostrasbourg.com\/index.php\/2022\/10\/02\/la-culture-doit-elle-aussi-contribuer-a-la-transition-ecologique\/#breadcrumb"},"inLanguage":"fr-FR","potentialAction":[{"@type":"ReadAction","target":["https:\/\/hierostrasbourg.com\/index.php\/2022\/10\/02\/la-culture-doit-elle-aussi-contribuer-a-la-transition-ecologique\/"]}]},{"@type":"BreadcrumbList","@id":"https:\/\/hierostrasbourg.com\/index.php\/2022\/10\/02\/la-culture-doit-elle-aussi-contribuer-a-la-transition-ecologique\/#breadcrumb","itemListElement":[{"@type":"ListItem","position":1,"name":"Accueil","item":"https:\/\/hierostrasbourg.com\/"},{"@type":"ListItem","position":2,"name":"\u201cLa culture doit elle aussi contribuer \u00e0 la transition \u00e9cologique\u201d"}]},{"@type":"WebSite","@id":"https:\/\/hierostrasbourg.com\/#website","url":"https:\/\/hierostrasbourg.com\/","name":"HIERO STRASBOURG","description":"Centre de Ressources Musiques Actuelles","publisher":{"@id":"https:\/\/hierostrasbourg.com\/#organization"},"potentialAction":[{"@type":"SearchAction","target":{"@type":"EntryPoint","urlTemplate":"https:\/\/hierostrasbourg.com\/?s={search_term_string}"},"query-input":{"@type":"PropertyValueSpecification","valueRequired":true,"valueName":"search_term_string"}}],"inLanguage":"fr-FR"},{"@type":"Organization","@id":"https:\/\/hierostrasbourg.com\/#organization","name":"F\u00e9d\u00e9ration Hi\u00e9ro Strasbourg","url":"https:\/\/hierostrasbourg.com\/","logo":{"@type":"ImageObject","inLanguage":"fr-FR","@id":"https:\/\/hierostrasbourg.com\/#\/schema\/logo\/image\/","url":"https:\/\/hierostrasbourg.com\/wp-content\/uploads\/2026\/04\/logo-hiero-strasbourg.jpg","contentUrl":"https:\/\/hierostrasbourg.com\/wp-content\/uploads\/2026\/04\/logo-hiero-strasbourg.jpg","width":204,"height":192,"caption":"F\u00e9d\u00e9ration Hi\u00e9ro Strasbourg"},"image":{"@id":"https:\/\/hierostrasbourg.com\/#\/schema\/logo\/image\/"},"sameAs":["https:\/\/www.facebook.com\/fedehierostrasbourg","https:\/\/x.com\/hierostrasbourg"]}]}},"_links":{"self":[{"href":"https:\/\/hierostrasbourg.com\/index.php\/wp-json\/wp\/v2\/posts\/3735","targetHints":{"allow":["GET"]}}],"collection":[{"href":"https:\/\/hierostrasbourg.com\/index.php\/wp-json\/wp\/v2\/posts"}],"about":[{"href":"https:\/\/hierostrasbourg.com\/index.php\/wp-json\/wp\/v2\/types\/post"}],"replies":[{"embeddable":true,"href":"https:\/\/hierostrasbourg.com\/index.php\/wp-json\/wp\/v2\/comments?post=3735"}],"version-history":[{"count":0,"href":"https:\/\/hierostrasbourg.com\/index.php\/wp-json\/wp\/v2\/posts\/3735\/revisions"}],"wp:attachment":[{"href":"https:\/\/hierostrasbourg.com\/index.php\/wp-json\/wp\/v2\/media?parent=3735"}],"wp:term":[{"taxonomy":"category","embeddable":true,"href":"https:\/\/hierostrasbourg.com\/index.php\/wp-json\/wp\/v2\/categories?post=3735"},{"taxonomy":"post_tag","embeddable":true,"href":"https:\/\/hierostrasbourg.com\/index.php\/wp-json\/wp\/v2\/tags?post=3735"}],"curies":[{"name":"wp","href":"https:\/\/api.w.org\/{rel}","templated":true}]}}