{"id":3729,"date":"2022-10-01T13:35:47","date_gmt":"2022-10-01T11:35:47","guid":{"rendered":"https:\/\/hierostrasbourg.com\/index.php\/2022\/10\/01\/martine-aubry-lance-un-appel-pour-une-culture-moins-carbonee-et-plus-inclusive-signe-par-20-villes-europeennes\/"},"modified":"2022-10-01T13:35:47","modified_gmt":"2022-10-01T11:35:47","slug":"martine-aubry-lance-un-appel-pour-une-culture-moins-carbonee-et-plus-inclusive-signe-par-20-villes-europeennes","status":"publish","type":"post","link":"https:\/\/hierostrasbourg.com\/index.php\/2022\/10\/01\/martine-aubry-lance-un-appel-pour-une-culture-moins-carbonee-et-plus-inclusive-signe-par-20-villes-europeennes\/","title":{"rendered":"Martine Aubry lance un appel pour \u00abune culture moins carbon\u00e9e et plus inclusive\u00bb sign\u00e9 par 20 villes europ\u00e9ennes"},"content":{"rendered":"<p><a href=\"https:\/\/musiquesactuelles.alsace\/martine-aubry-lance-un-appel-pour-une-culture-moins-carbonee-et-plus-inclusive-signe-par-20-villes-europeennes\/\" title=\"Martine Aubry lance un appel pour \u00abune culture moins carbon\u00e9e et plus inclusive\u00bb sign\u00e9 par 20 villes europ\u00e9ennes\"><\/a><\/p>\n<p>Dans le cadre du forum Eurocities de la capitale du Nord, une vingtaine de villes europ\u00e9ennes ont sign\u00e9 jeudi un pacte d\u2019intention pour rendre leur secteur culturel plus \u00e9coresponsable et accessible. Source \/ Lire la suite : Martine Aubry lance un appel pour \u00abune culture moins carbon\u00e9e et plus inclusive\u00bb sign\u00e9 par 20 villes europ\u00e9ennes<\/p>\n<p>L\u2019article <a href=\"https:\/\/musiquesactuelles.alsace\/martine-aubry-lance-un-appel-pour-une-culture-moins-carbonee-et-plus-inclusive-signe-par-20-villes-europeennes\/\">Martine Aubry lance un appel pour \u00abune culture moins carbon\u00e9e et plus inclusive\u00bb sign\u00e9 par 20 villes europ\u00e9ennes<\/a> est apparu en premier sur <a href=\"https:\/\/musiquesactuelles.alsace\/\">Musiques Actuelles en Alsace<\/a>.<\/p>\n<p>L\u2019article <a href=\"https:\/\/popburo.fr\/martine-aubry-lance-un-appel-pour-une-culture-moins-carbonee-et-plus-inclusive-signe-par-20-villes-europeennes\/\">Martine Aubry lance un appel pour \u00abune culture moins carbon\u00e9e et plus inclusive\u00bb sign\u00e9 par 20 villes europ\u00e9ennes<\/a> est apparu en premier sur <a href=\"https:\/\/popburo.fr\/\">POP B\u00dcRO<\/a>.<\/p>\n","protected":false},"excerpt":{"rendered":"<p>Dans le cadre du forum Eurocities de la capitale du Nord, une vingtaine de villes europ\u00e9ennes ont sign\u00e9 jeudi un pacte d\u2019intention pour rendre leur secteur culturel plus \u00e9coresponsable et accessible. Source \/ Lire la suite : Martine Aubry lance un appel pour \u00abune culture moins carbon\u00e9e et plus inclusive\u00bb sign\u00e9 par 20 villes europ\u00e9ennes L\u2019article Martine Aubry lance un appel pour \u00abune culture moins carbon\u00e9e et plus inclusive\u00bb sign\u00e9 par 20 villes europ\u00e9ennes est apparu en premier sur Musiques [&hellip;]<\/p>\n","protected":false},"author":0,"featured_media":0,"comment_status":"closed","ping_status":"open","sticky":false,"template":"","format":"standard","meta":{"footnotes":""},"categories":[1],"tags":[],"class_list":["post-3729","post","type-post","status-publish","format-standard","hentry","category-non-classe"],"yoast_head":"<!-- This site is optimized with the Yoast SEO plugin v27.5 - https:\/\/yoast.com\/product\/yoast-seo-wordpress\/ -->\n<title>Martine Aubry lance un appel pour \u00abune culture moins carbon\u00e9e et plus inclusive\u00bb sign\u00e9 par 20 villes europ\u00e9ennes - HIERO STRASBOURG<\/title>\n<meta name=\"robots\" content=\"index, follow, max-snippet:-1, max-image-preview:large, max-video-preview:-1\" \/>\n<link rel=\"canonical\" href=\"https:\/\/hierostrasbourg.com\/index.php\/2022\/10\/01\/martine-aubry-lance-un-appel-pour-une-culture-moins-carbonee-et-plus-inclusive-signe-par-20-villes-europeennes\/\" \/>\n<meta property=\"og:locale\" content=\"fr_FR\" \/>\n<meta property=\"og:type\" content=\"article\" \/>\n<meta property=\"og:title\" content=\"Martine Aubry lance un appel pour \u00abune culture moins carbon\u00e9e et plus inclusive\u00bb sign\u00e9 par 20 villes europ\u00e9ennes - HIERO STRASBOURG\" \/>\n<meta property=\"og:description\" content=\"Dans le cadre du forum Eurocities de la capitale du Nord, une vingtaine de villes europ\u00e9ennes ont sign\u00e9 jeudi un pacte d\u2019intention pour rendre leur secteur culturel plus \u00e9coresponsable et accessible. Source \/ Lire la suite : Martine Aubry lance un appel pour \u00abune culture moins carbon\u00e9e et plus inclusive\u00bb sign\u00e9 par 20 villes europ\u00e9ennes L\u2019article Martine Aubry lance un appel pour \u00abune culture moins carbon\u00e9e et plus inclusive\u00bb sign\u00e9 par 20 villes europ\u00e9ennes est apparu en premier sur Musiques [&hellip;]\" \/>\n<meta property=\"og:url\" content=\"https:\/\/hierostrasbourg.com\/index.php\/2022\/10\/01\/martine-aubry-lance-un-appel-pour-une-culture-moins-carbonee-et-plus-inclusive-signe-par-20-villes-europeennes\/\" \/>\n<meta property=\"og:site_name\" content=\"HIERO STRASBOURG\" \/>\n<meta property=\"article:publisher\" content=\"https:\/\/www.facebook.com\/fedehierostrasbourg\" \/>\n<meta property=\"article:published_time\" content=\"2022-10-01T11:35:47+00:00\" \/>\n<meta name=\"twitter:card\" content=\"summary_large_image\" \/>\n<meta name=\"twitter:creator\" content=\"@hierostrasbourg\" \/>\n<meta name=\"twitter:site\" content=\"@hierostrasbourg\" \/>\n<meta name=\"twitter:label1\" content=\"Dur\u00e9e de lecture estim\u00e9e\" \/>\n\t<meta name=\"twitter:data1\" content=\"1 minute\" \/>\n<script type=\"application\/ld+json\" class=\"yoast-schema-graph\">{\"@context\":\"https:\\\/\\\/schema.org\",\"@graph\":[{\"@type\":\"Article\",\"@id\":\"https:\\\/\\\/hierostrasbourg.com\\\/index.php\\\/2022\\\/10\\\/01\\\/martine-aubry-lance-un-appel-pour-une-culture-moins-carbonee-et-plus-inclusive-signe-par-20-villes-europeennes\\\/#article\",\"isPartOf\":{\"@id\":\"https:\\\/\\\/hierostrasbourg.com\\\/index.php\\\/2022\\\/10\\\/01\\\/martine-aubry-lance-un-appel-pour-une-culture-moins-carbonee-et-plus-inclusive-signe-par-20-villes-europeennes\\\/\"},\"author\":{\"name\":\"\",\"@id\":\"\"},\"headline\":\"Martine Aubry lance un appel pour \u00abune culture moins carbon\u00e9e et plus inclusive\u00bb sign\u00e9 par 20 villes europ\u00e9ennes\",\"datePublished\":\"2022-10-01T11:35:47+00:00\",\"mainEntityOfPage\":{\"@id\":\"https:\\\/\\\/hierostrasbourg.com\\\/index.php\\\/2022\\\/10\\\/01\\\/martine-aubry-lance-un-appel-pour-une-culture-moins-carbonee-et-plus-inclusive-signe-par-20-villes-europeennes\\\/\"},\"wordCount\":134,\"publisher\":{\"@id\":\"https:\\\/\\\/hierostrasbourg.com\\\/#organization\"},\"inLanguage\":\"fr-FR\"},{\"@type\":\"WebPage\",\"@id\":\"https:\\\/\\\/hierostrasbourg.com\\\/index.php\\\/2022\\\/10\\\/01\\\/martine-aubry-lance-un-appel-pour-une-culture-moins-carbonee-et-plus-inclusive-signe-par-20-villes-europeennes\\\/\",\"url\":\"https:\\\/\\\/hierostrasbourg.com\\\/index.php\\\/2022\\\/10\\\/01\\\/martine-aubry-lance-un-appel-pour-une-culture-moins-carbonee-et-plus-inclusive-signe-par-20-villes-europeennes\\\/\",\"name\":\"Martine Aubry lance un appel pour \u00abune culture moins carbon\u00e9e et plus inclusive\u00bb sign\u00e9 par 20 villes europ\u00e9ennes - HIERO STRASBOURG\",\"isPartOf\":{\"@id\":\"https:\\\/\\\/hierostrasbourg.com\\\/#website\"},\"datePublished\":\"2022-10-01T11:35:47+00:00\",\"breadcrumb\":{\"@id\":\"https:\\\/\\\/hierostrasbourg.com\\\/index.php\\\/2022\\\/10\\\/01\\\/martine-aubry-lance-un-appel-pour-une-culture-moins-carbonee-et-plus-inclusive-signe-par-20-villes-europeennes\\\/#breadcrumb\"},\"inLanguage\":\"fr-FR\",\"potentialAction\":[{\"@type\":\"ReadAction\",\"target\":[\"https:\\\/\\\/hierostrasbourg.com\\\/index.php\\\/2022\\\/10\\\/01\\\/martine-aubry-lance-un-appel-pour-une-culture-moins-carbonee-et-plus-inclusive-signe-par-20-villes-europeennes\\\/\"]}]},{\"@type\":\"BreadcrumbList\",\"@id\":\"https:\\\/\\\/hierostrasbourg.com\\\/index.php\\\/2022\\\/10\\\/01\\\/martine-aubry-lance-un-appel-pour-une-culture-moins-carbonee-et-plus-inclusive-signe-par-20-villes-europeennes\\\/#breadcrumb\",\"itemListElement\":[{\"@type\":\"ListItem\",\"position\":1,\"name\":\"Accueil\",\"item\":\"https:\\\/\\\/hierostrasbourg.com\\\/\"},{\"@type\":\"ListItem\",\"position\":2,\"name\":\"Martine Aubry lance un appel pour \u00abune culture moins carbon\u00e9e et plus inclusive\u00bb sign\u00e9 par 20 villes europ\u00e9ennes\"}]},{\"@type\":\"WebSite\",\"@id\":\"https:\\\/\\\/hierostrasbourg.com\\\/#website\",\"url\":\"https:\\\/\\\/hierostrasbourg.com\\\/\",\"name\":\"HIERO STRASBOURG\",\"description\":\"Centre de Ressources Musiques Actuelles\",\"publisher\":{\"@id\":\"https:\\\/\\\/hierostrasbourg.com\\\/#organization\"},\"potentialAction\":[{\"@type\":\"SearchAction\",\"target\":{\"@type\":\"EntryPoint\",\"urlTemplate\":\"https:\\\/\\\/hierostrasbourg.com\\\/?s={search_term_string}\"},\"query-input\":{\"@type\":\"PropertyValueSpecification\",\"valueRequired\":true,\"valueName\":\"search_term_string\"}}],\"inLanguage\":\"fr-FR\"},{\"@type\":\"Organization\",\"@id\":\"https:\\\/\\\/hierostrasbourg.com\\\/#organization\",\"name\":\"F\u00e9d\u00e9ration Hi\u00e9ro Strasbourg\",\"url\":\"https:\\\/\\\/hierostrasbourg.com\\\/\",\"logo\":{\"@type\":\"ImageObject\",\"inLanguage\":\"fr-FR\",\"@id\":\"https:\\\/\\\/hierostrasbourg.com\\\/#\\\/schema\\\/logo\\\/image\\\/\",\"url\":\"https:\\\/\\\/hierostrasbourg.com\\\/wp-content\\\/uploads\\\/2026\\\/04\\\/logo-hiero-strasbourg.jpg\",\"contentUrl\":\"https:\\\/\\\/hierostrasbourg.com\\\/wp-content\\\/uploads\\\/2026\\\/04\\\/logo-hiero-strasbourg.jpg\",\"width\":204,\"height\":192,\"caption\":\"F\u00e9d\u00e9ration Hi\u00e9ro Strasbourg\"},\"image\":{\"@id\":\"https:\\\/\\\/hierostrasbourg.com\\\/#\\\/schema\\\/logo\\\/image\\\/\"},\"sameAs\":[\"https:\\\/\\\/www.facebook.com\\\/fedehierostrasbourg\",\"https:\\\/\\\/x.com\\\/hierostrasbourg\"]}]}<\/script>\n<!-- \/ Yoast SEO plugin. -->","yoast_head_json":{"title":"Martine Aubry lance un appel pour \u00abune culture moins carbon\u00e9e et plus inclusive\u00bb sign\u00e9 par 20 villes europ\u00e9ennes - HIERO STRASBOURG","robots":{"index":"index","follow":"follow","max-snippet":"max-snippet:-1","max-image-preview":"max-image-preview:large","max-video-preview":"max-video-preview:-1"},"canonical":"https:\/\/hierostrasbourg.com\/index.php\/2022\/10\/01\/martine-aubry-lance-un-appel-pour-une-culture-moins-carbonee-et-plus-inclusive-signe-par-20-villes-europeennes\/","og_locale":"fr_FR","og_type":"article","og_title":"Martine Aubry lance un appel pour \u00abune culture moins carbon\u00e9e et plus inclusive\u00bb sign\u00e9 par 20 villes europ\u00e9ennes - HIERO STRASBOURG","og_description":"Dans le cadre du forum Eurocities de la capitale du Nord, une vingtaine de villes europ\u00e9ennes ont sign\u00e9 jeudi un pacte d\u2019intention pour rendre leur secteur culturel plus \u00e9coresponsable et accessible. Source \/ Lire la suite : Martine Aubry lance un appel pour \u00abune culture moins carbon\u00e9e et plus inclusive\u00bb sign\u00e9 par 20 villes europ\u00e9ennes L\u2019article Martine Aubry lance un appel pour \u00abune culture moins carbon\u00e9e et plus inclusive\u00bb sign\u00e9 par 20 villes europ\u00e9ennes est apparu en premier sur Musiques [&hellip;]","og_url":"https:\/\/hierostrasbourg.com\/index.php\/2022\/10\/01\/martine-aubry-lance-un-appel-pour-une-culture-moins-carbonee-et-plus-inclusive-signe-par-20-villes-europeennes\/","og_site_name":"HIERO STRASBOURG","article_publisher":"https:\/\/www.facebook.com\/fedehierostrasbourg","article_published_time":"2022-10-01T11:35:47+00:00","twitter_card":"summary_large_image","twitter_creator":"@hierostrasbourg","twitter_site":"@hierostrasbourg","twitter_misc":{"Dur\u00e9e de lecture estim\u00e9e":"1 minute"},"schema":{"@context":"https:\/\/schema.org","@graph":[{"@type":"Article","@id":"https:\/\/hierostrasbourg.com\/index.php\/2022\/10\/01\/martine-aubry-lance-un-appel-pour-une-culture-moins-carbonee-et-plus-inclusive-signe-par-20-villes-europeennes\/#article","isPartOf":{"@id":"https:\/\/hierostrasbourg.com\/index.php\/2022\/10\/01\/martine-aubry-lance-un-appel-pour-une-culture-moins-carbonee-et-plus-inclusive-signe-par-20-villes-europeennes\/"},"author":{"name":"","@id":""},"headline":"Martine Aubry lance un appel pour \u00abune culture moins carbon\u00e9e et plus inclusive\u00bb sign\u00e9 par 20 villes europ\u00e9ennes","datePublished":"2022-10-01T11:35:47+00:00","mainEntityOfPage":{"@id":"https:\/\/hierostrasbourg.com\/index.php\/2022\/10\/01\/martine-aubry-lance-un-appel-pour-une-culture-moins-carbonee-et-plus-inclusive-signe-par-20-villes-europeennes\/"},"wordCount":134,"publisher":{"@id":"https:\/\/hierostrasbourg.com\/#organization"},"inLanguage":"fr-FR"},{"@type":"WebPage","@id":"https:\/\/hierostrasbourg.com\/index.php\/2022\/10\/01\/martine-aubry-lance-un-appel-pour-une-culture-moins-carbonee-et-plus-inclusive-signe-par-20-villes-europeennes\/","url":"https:\/\/hierostrasbourg.com\/index.php\/2022\/10\/01\/martine-aubry-lance-un-appel-pour-une-culture-moins-carbonee-et-plus-inclusive-signe-par-20-villes-europeennes\/","name":"Martine Aubry lance un appel pour \u00abune culture moins carbon\u00e9e et plus inclusive\u00bb sign\u00e9 par 20 villes europ\u00e9ennes - HIERO STRASBOURG","isPartOf":{"@id":"https:\/\/hierostrasbourg.com\/#website"},"datePublished":"2022-10-01T11:35:47+00:00","breadcrumb":{"@id":"https:\/\/hierostrasbourg.com\/index.php\/2022\/10\/01\/martine-aubry-lance-un-appel-pour-une-culture-moins-carbonee-et-plus-inclusive-signe-par-20-villes-europeennes\/#breadcrumb"},"inLanguage":"fr-FR","potentialAction":[{"@type":"ReadAction","target":["https:\/\/hierostrasbourg.com\/index.php\/2022\/10\/01\/martine-aubry-lance-un-appel-pour-une-culture-moins-carbonee-et-plus-inclusive-signe-par-20-villes-europeennes\/"]}]},{"@type":"BreadcrumbList","@id":"https:\/\/hierostrasbourg.com\/index.php\/2022\/10\/01\/martine-aubry-lance-un-appel-pour-une-culture-moins-carbonee-et-plus-inclusive-signe-par-20-villes-europeennes\/#breadcrumb","itemListElement":[{"@type":"ListItem","position":1,"name":"Accueil","item":"https:\/\/hierostrasbourg.com\/"},{"@type":"ListItem","position":2,"name":"Martine Aubry lance un appel pour \u00abune culture moins carbon\u00e9e et plus inclusive\u00bb sign\u00e9 par 20 villes europ\u00e9ennes"}]},{"@type":"WebSite","@id":"https:\/\/hierostrasbourg.com\/#website","url":"https:\/\/hierostrasbourg.com\/","name":"HIERO STRASBOURG","description":"Centre de Ressources Musiques Actuelles","publisher":{"@id":"https:\/\/hierostrasbourg.com\/#organization"},"potentialAction":[{"@type":"SearchAction","target":{"@type":"EntryPoint","urlTemplate":"https:\/\/hierostrasbourg.com\/?s={search_term_string}"},"query-input":{"@type":"PropertyValueSpecification","valueRequired":true,"valueName":"search_term_string"}}],"inLanguage":"fr-FR"},{"@type":"Organization","@id":"https:\/\/hierostrasbourg.com\/#organization","name":"F\u00e9d\u00e9ration Hi\u00e9ro Strasbourg","url":"https:\/\/hierostrasbourg.com\/","logo":{"@type":"ImageObject","inLanguage":"fr-FR","@id":"https:\/\/hierostrasbourg.com\/#\/schema\/logo\/image\/","url":"https:\/\/hierostrasbourg.com\/wp-content\/uploads\/2026\/04\/logo-hiero-strasbourg.jpg","contentUrl":"https:\/\/hierostrasbourg.com\/wp-content\/uploads\/2026\/04\/logo-hiero-strasbourg.jpg","width":204,"height":192,"caption":"F\u00e9d\u00e9ration Hi\u00e9ro Strasbourg"},"image":{"@id":"https:\/\/hierostrasbourg.com\/#\/schema\/logo\/image\/"},"sameAs":["https:\/\/www.facebook.com\/fedehierostrasbourg","https:\/\/x.com\/hierostrasbourg"]}]}},"_links":{"self":[{"href":"https:\/\/hierostrasbourg.com\/index.php\/wp-json\/wp\/v2\/posts\/3729","targetHints":{"allow":["GET"]}}],"collection":[{"href":"https:\/\/hierostrasbourg.com\/index.php\/wp-json\/wp\/v2\/posts"}],"about":[{"href":"https:\/\/hierostrasbourg.com\/index.php\/wp-json\/wp\/v2\/types\/post"}],"replies":[{"embeddable":true,"href":"https:\/\/hierostrasbourg.com\/index.php\/wp-json\/wp\/v2\/comments?post=3729"}],"version-history":[{"count":0,"href":"https:\/\/hierostrasbourg.com\/index.php\/wp-json\/wp\/v2\/posts\/3729\/revisions"}],"wp:attachment":[{"href":"https:\/\/hierostrasbourg.com\/index.php\/wp-json\/wp\/v2\/media?parent=3729"}],"wp:term":[{"taxonomy":"category","embeddable":true,"href":"https:\/\/hierostrasbourg.com\/index.php\/wp-json\/wp\/v2\/categories?post=3729"},{"taxonomy":"post_tag","embeddable":true,"href":"https:\/\/hierostrasbourg.com\/index.php\/wp-json\/wp\/v2\/tags?post=3729"}],"curies":[{"name":"wp","href":"https:\/\/api.w.org\/{rel}","templated":true}]}}