{"id":3728,"date":"2022-10-01T13:35:47","date_gmt":"2022-10-01T11:35:47","guid":{"rendered":"https:\/\/hierostrasbourg.com\/index.php\/2022\/10\/01\/le-secteur-culturel-tente-dadapter-son-fonctionnement-a-la-crise-energetique\/"},"modified":"2022-10-01T13:35:47","modified_gmt":"2022-10-01T11:35:47","slug":"le-secteur-culturel-tente-dadapter-son-fonctionnement-a-la-crise-energetique","status":"publish","type":"post","link":"https:\/\/hierostrasbourg.com\/index.php\/2022\/10\/01\/le-secteur-culturel-tente-dadapter-son-fonctionnement-a-la-crise-energetique\/","title":{"rendered":"Le secteur culturel tente d\u2019adapter son fonctionnement \u00e0 la crise \u00e9nerg\u00e9tique"},"content":{"rendered":"<p><a href=\"https:\/\/musiquesactuelles.alsace\/le-secteur-culturel-tente-dadapter-son-fonctionnement-a-la-crise-energetique\/\" title=\"Le secteur culturel tente d\u2019adapter son fonctionnement \u00e0 la crise \u00e9nerg\u00e9tique\"><\/a><\/p>\n<p>Pour faire face \u00e0 la hausse du co\u00fbt du gaz et de l\u2019\u00e9lectricit\u00e9 et contribuer aux efforts de sobri\u00e9t\u00e9, mus\u00e9es, ch\u00e2teaux, cin\u00e9mas, th\u00e9\u00e2tres et salles de concerts essaient de r\u00e9duire leur consommation. Source \/ Lire la suite : Le secteur culturel tente d\u2019adapter son fonctionnement \u00e0 la crise \u00e9nerg\u00e9tique<\/p>\n<p>L\u2019article <a href=\"https:\/\/musiquesactuelles.alsace\/le-secteur-culturel-tente-dadapter-son-fonctionnement-a-la-crise-energetique\/\">Le secteur culturel tente d\u2019adapter son fonctionnement \u00e0 la crise \u00e9nerg\u00e9tique<\/a> est apparu en premier sur <a href=\"https:\/\/musiquesactuelles.alsace\/\">Musiques Actuelles en Alsace<\/a>.<\/p>\n<p>L\u2019article <a href=\"https:\/\/popburo.fr\/le-secteur-culturel-tente-dadapter-son-fonctionnement-a-la-crise-energetique\/\">Le secteur culturel tente d\u2019adapter son fonctionnement \u00e0 la crise \u00e9nerg\u00e9tique<\/a> est apparu en premier sur <a href=\"https:\/\/popburo.fr\/\">POP B\u00dcRO<\/a>.<\/p>\n","protected":false},"excerpt":{"rendered":"<p>Pour faire face \u00e0 la hausse du co\u00fbt du gaz et de l\u2019\u00e9lectricit\u00e9 et contribuer aux efforts de sobri\u00e9t\u00e9, mus\u00e9es, ch\u00e2teaux, cin\u00e9mas, th\u00e9\u00e2tres et salles de concerts essaient de r\u00e9duire leur consommation. Source \/ Lire la suite : Le secteur culturel tente d\u2019adapter son fonctionnement \u00e0 la crise \u00e9nerg\u00e9tique L\u2019article Le secteur culturel tente d\u2019adapter son fonctionnement \u00e0 la crise \u00e9nerg\u00e9tique est apparu en premier sur Musiques Actuelles en Alsace. L\u2019article Le secteur culturel tente d\u2019adapter son fonctionnement \u00e0 la [&hellip;]<\/p>\n","protected":false},"author":0,"featured_media":0,"comment_status":"closed","ping_status":"open","sticky":false,"template":"","format":"standard","meta":{"footnotes":""},"categories":[1],"tags":[],"class_list":["post-3728","post","type-post","status-publish","format-standard","hentry","category-non-classe"],"yoast_head":"<!-- This site is optimized with the Yoast SEO plugin v27.5 - https:\/\/yoast.com\/product\/yoast-seo-wordpress\/ -->\n<title>Le secteur culturel tente d\u2019adapter son fonctionnement \u00e0 la crise \u00e9nerg\u00e9tique - HIERO STRASBOURG<\/title>\n<meta name=\"robots\" content=\"index, follow, max-snippet:-1, max-image-preview:large, max-video-preview:-1\" \/>\n<link rel=\"canonical\" href=\"https:\/\/hierostrasbourg.com\/index.php\/2022\/10\/01\/le-secteur-culturel-tente-dadapter-son-fonctionnement-a-la-crise-energetique\/\" \/>\n<meta property=\"og:locale\" content=\"fr_FR\" \/>\n<meta property=\"og:type\" content=\"article\" \/>\n<meta property=\"og:title\" content=\"Le secteur culturel tente d\u2019adapter son fonctionnement \u00e0 la crise \u00e9nerg\u00e9tique - HIERO STRASBOURG\" \/>\n<meta property=\"og:description\" content=\"Pour faire face \u00e0 la hausse du co\u00fbt du gaz et de l\u2019\u00e9lectricit\u00e9 et contribuer aux efforts de sobri\u00e9t\u00e9, mus\u00e9es, ch\u00e2teaux, cin\u00e9mas, th\u00e9\u00e2tres et salles de concerts essaient de r\u00e9duire leur consommation. Source \/ Lire la suite : Le secteur culturel tente d\u2019adapter son fonctionnement \u00e0 la crise \u00e9nerg\u00e9tique L\u2019article Le secteur culturel tente d\u2019adapter son fonctionnement \u00e0 la crise \u00e9nerg\u00e9tique est apparu en premier sur Musiques Actuelles en Alsace. L\u2019article Le secteur culturel tente d\u2019adapter son fonctionnement \u00e0 la [&hellip;]\" \/>\n<meta property=\"og:url\" content=\"https:\/\/hierostrasbourg.com\/index.php\/2022\/10\/01\/le-secteur-culturel-tente-dadapter-son-fonctionnement-a-la-crise-energetique\/\" \/>\n<meta property=\"og:site_name\" content=\"HIERO STRASBOURG\" \/>\n<meta property=\"article:publisher\" content=\"https:\/\/www.facebook.com\/fedehierostrasbourg\" \/>\n<meta property=\"article:published_time\" content=\"2022-10-01T11:35:47+00:00\" \/>\n<meta name=\"twitter:card\" content=\"summary_large_image\" \/>\n<meta name=\"twitter:creator\" content=\"@hierostrasbourg\" \/>\n<meta name=\"twitter:site\" content=\"@hierostrasbourg\" \/>\n<meta name=\"twitter:label1\" content=\"Dur\u00e9e de lecture estim\u00e9e\" \/>\n\t<meta name=\"twitter:data1\" content=\"1 minute\" \/>\n<script type=\"application\/ld+json\" class=\"yoast-schema-graph\">{\"@context\":\"https:\\\/\\\/schema.org\",\"@graph\":[{\"@type\":\"Article\",\"@id\":\"https:\\\/\\\/hierostrasbourg.com\\\/index.php\\\/2022\\\/10\\\/01\\\/le-secteur-culturel-tente-dadapter-son-fonctionnement-a-la-crise-energetique\\\/#article\",\"isPartOf\":{\"@id\":\"https:\\\/\\\/hierostrasbourg.com\\\/index.php\\\/2022\\\/10\\\/01\\\/le-secteur-culturel-tente-dadapter-son-fonctionnement-a-la-crise-energetique\\\/\"},\"author\":{\"name\":\"\",\"@id\":\"\"},\"headline\":\"Le secteur culturel tente d\u2019adapter son fonctionnement \u00e0 la crise \u00e9nerg\u00e9tique\",\"datePublished\":\"2022-10-01T11:35:47+00:00\",\"mainEntityOfPage\":{\"@id\":\"https:\\\/\\\/hierostrasbourg.com\\\/index.php\\\/2022\\\/10\\\/01\\\/le-secteur-culturel-tente-dadapter-son-fonctionnement-a-la-crise-energetique\\\/\"},\"wordCount\":112,\"publisher\":{\"@id\":\"https:\\\/\\\/hierostrasbourg.com\\\/#organization\"},\"inLanguage\":\"fr-FR\"},{\"@type\":\"WebPage\",\"@id\":\"https:\\\/\\\/hierostrasbourg.com\\\/index.php\\\/2022\\\/10\\\/01\\\/le-secteur-culturel-tente-dadapter-son-fonctionnement-a-la-crise-energetique\\\/\",\"url\":\"https:\\\/\\\/hierostrasbourg.com\\\/index.php\\\/2022\\\/10\\\/01\\\/le-secteur-culturel-tente-dadapter-son-fonctionnement-a-la-crise-energetique\\\/\",\"name\":\"Le secteur culturel tente d\u2019adapter son fonctionnement \u00e0 la crise \u00e9nerg\u00e9tique - HIERO STRASBOURG\",\"isPartOf\":{\"@id\":\"https:\\\/\\\/hierostrasbourg.com\\\/#website\"},\"datePublished\":\"2022-10-01T11:35:47+00:00\",\"breadcrumb\":{\"@id\":\"https:\\\/\\\/hierostrasbourg.com\\\/index.php\\\/2022\\\/10\\\/01\\\/le-secteur-culturel-tente-dadapter-son-fonctionnement-a-la-crise-energetique\\\/#breadcrumb\"},\"inLanguage\":\"fr-FR\",\"potentialAction\":[{\"@type\":\"ReadAction\",\"target\":[\"https:\\\/\\\/hierostrasbourg.com\\\/index.php\\\/2022\\\/10\\\/01\\\/le-secteur-culturel-tente-dadapter-son-fonctionnement-a-la-crise-energetique\\\/\"]}]},{\"@type\":\"BreadcrumbList\",\"@id\":\"https:\\\/\\\/hierostrasbourg.com\\\/index.php\\\/2022\\\/10\\\/01\\\/le-secteur-culturel-tente-dadapter-son-fonctionnement-a-la-crise-energetique\\\/#breadcrumb\",\"itemListElement\":[{\"@type\":\"ListItem\",\"position\":1,\"name\":\"Accueil\",\"item\":\"https:\\\/\\\/hierostrasbourg.com\\\/\"},{\"@type\":\"ListItem\",\"position\":2,\"name\":\"Le secteur culturel tente d\u2019adapter son fonctionnement \u00e0 la crise \u00e9nerg\u00e9tique\"}]},{\"@type\":\"WebSite\",\"@id\":\"https:\\\/\\\/hierostrasbourg.com\\\/#website\",\"url\":\"https:\\\/\\\/hierostrasbourg.com\\\/\",\"name\":\"HIERO STRASBOURG\",\"description\":\"Centre de Ressources Musiques Actuelles\",\"publisher\":{\"@id\":\"https:\\\/\\\/hierostrasbourg.com\\\/#organization\"},\"potentialAction\":[{\"@type\":\"SearchAction\",\"target\":{\"@type\":\"EntryPoint\",\"urlTemplate\":\"https:\\\/\\\/hierostrasbourg.com\\\/?s={search_term_string}\"},\"query-input\":{\"@type\":\"PropertyValueSpecification\",\"valueRequired\":true,\"valueName\":\"search_term_string\"}}],\"inLanguage\":\"fr-FR\"},{\"@type\":\"Organization\",\"@id\":\"https:\\\/\\\/hierostrasbourg.com\\\/#organization\",\"name\":\"F\u00e9d\u00e9ration Hi\u00e9ro Strasbourg\",\"url\":\"https:\\\/\\\/hierostrasbourg.com\\\/\",\"logo\":{\"@type\":\"ImageObject\",\"inLanguage\":\"fr-FR\",\"@id\":\"https:\\\/\\\/hierostrasbourg.com\\\/#\\\/schema\\\/logo\\\/image\\\/\",\"url\":\"https:\\\/\\\/hierostrasbourg.com\\\/wp-content\\\/uploads\\\/2026\\\/04\\\/logo-hiero-strasbourg.jpg\",\"contentUrl\":\"https:\\\/\\\/hierostrasbourg.com\\\/wp-content\\\/uploads\\\/2026\\\/04\\\/logo-hiero-strasbourg.jpg\",\"width\":204,\"height\":192,\"caption\":\"F\u00e9d\u00e9ration Hi\u00e9ro Strasbourg\"},\"image\":{\"@id\":\"https:\\\/\\\/hierostrasbourg.com\\\/#\\\/schema\\\/logo\\\/image\\\/\"},\"sameAs\":[\"https:\\\/\\\/www.facebook.com\\\/fedehierostrasbourg\",\"https:\\\/\\\/x.com\\\/hierostrasbourg\"]}]}<\/script>\n<!-- \/ Yoast SEO plugin. -->","yoast_head_json":{"title":"Le secteur culturel tente d\u2019adapter son fonctionnement \u00e0 la crise \u00e9nerg\u00e9tique - HIERO STRASBOURG","robots":{"index":"index","follow":"follow","max-snippet":"max-snippet:-1","max-image-preview":"max-image-preview:large","max-video-preview":"max-video-preview:-1"},"canonical":"https:\/\/hierostrasbourg.com\/index.php\/2022\/10\/01\/le-secteur-culturel-tente-dadapter-son-fonctionnement-a-la-crise-energetique\/","og_locale":"fr_FR","og_type":"article","og_title":"Le secteur culturel tente d\u2019adapter son fonctionnement \u00e0 la crise \u00e9nerg\u00e9tique - HIERO STRASBOURG","og_description":"Pour faire face \u00e0 la hausse du co\u00fbt du gaz et de l\u2019\u00e9lectricit\u00e9 et contribuer aux efforts de sobri\u00e9t\u00e9, mus\u00e9es, ch\u00e2teaux, cin\u00e9mas, th\u00e9\u00e2tres et salles de concerts essaient de r\u00e9duire leur consommation. Source \/ Lire la suite : Le secteur culturel tente d\u2019adapter son fonctionnement \u00e0 la crise \u00e9nerg\u00e9tique L\u2019article Le secteur culturel tente d\u2019adapter son fonctionnement \u00e0 la crise \u00e9nerg\u00e9tique est apparu en premier sur Musiques Actuelles en Alsace. L\u2019article Le secteur culturel tente d\u2019adapter son fonctionnement \u00e0 la [&hellip;]","og_url":"https:\/\/hierostrasbourg.com\/index.php\/2022\/10\/01\/le-secteur-culturel-tente-dadapter-son-fonctionnement-a-la-crise-energetique\/","og_site_name":"HIERO STRASBOURG","article_publisher":"https:\/\/www.facebook.com\/fedehierostrasbourg","article_published_time":"2022-10-01T11:35:47+00:00","twitter_card":"summary_large_image","twitter_creator":"@hierostrasbourg","twitter_site":"@hierostrasbourg","twitter_misc":{"Dur\u00e9e de lecture estim\u00e9e":"1 minute"},"schema":{"@context":"https:\/\/schema.org","@graph":[{"@type":"Article","@id":"https:\/\/hierostrasbourg.com\/index.php\/2022\/10\/01\/le-secteur-culturel-tente-dadapter-son-fonctionnement-a-la-crise-energetique\/#article","isPartOf":{"@id":"https:\/\/hierostrasbourg.com\/index.php\/2022\/10\/01\/le-secteur-culturel-tente-dadapter-son-fonctionnement-a-la-crise-energetique\/"},"author":{"name":"","@id":""},"headline":"Le secteur culturel tente d\u2019adapter son fonctionnement \u00e0 la crise \u00e9nerg\u00e9tique","datePublished":"2022-10-01T11:35:47+00:00","mainEntityOfPage":{"@id":"https:\/\/hierostrasbourg.com\/index.php\/2022\/10\/01\/le-secteur-culturel-tente-dadapter-son-fonctionnement-a-la-crise-energetique\/"},"wordCount":112,"publisher":{"@id":"https:\/\/hierostrasbourg.com\/#organization"},"inLanguage":"fr-FR"},{"@type":"WebPage","@id":"https:\/\/hierostrasbourg.com\/index.php\/2022\/10\/01\/le-secteur-culturel-tente-dadapter-son-fonctionnement-a-la-crise-energetique\/","url":"https:\/\/hierostrasbourg.com\/index.php\/2022\/10\/01\/le-secteur-culturel-tente-dadapter-son-fonctionnement-a-la-crise-energetique\/","name":"Le secteur culturel tente d\u2019adapter son fonctionnement \u00e0 la crise \u00e9nerg\u00e9tique - HIERO STRASBOURG","isPartOf":{"@id":"https:\/\/hierostrasbourg.com\/#website"},"datePublished":"2022-10-01T11:35:47+00:00","breadcrumb":{"@id":"https:\/\/hierostrasbourg.com\/index.php\/2022\/10\/01\/le-secteur-culturel-tente-dadapter-son-fonctionnement-a-la-crise-energetique\/#breadcrumb"},"inLanguage":"fr-FR","potentialAction":[{"@type":"ReadAction","target":["https:\/\/hierostrasbourg.com\/index.php\/2022\/10\/01\/le-secteur-culturel-tente-dadapter-son-fonctionnement-a-la-crise-energetique\/"]}]},{"@type":"BreadcrumbList","@id":"https:\/\/hierostrasbourg.com\/index.php\/2022\/10\/01\/le-secteur-culturel-tente-dadapter-son-fonctionnement-a-la-crise-energetique\/#breadcrumb","itemListElement":[{"@type":"ListItem","position":1,"name":"Accueil","item":"https:\/\/hierostrasbourg.com\/"},{"@type":"ListItem","position":2,"name":"Le secteur culturel tente d\u2019adapter son fonctionnement \u00e0 la crise \u00e9nerg\u00e9tique"}]},{"@type":"WebSite","@id":"https:\/\/hierostrasbourg.com\/#website","url":"https:\/\/hierostrasbourg.com\/","name":"HIERO STRASBOURG","description":"Centre de Ressources Musiques Actuelles","publisher":{"@id":"https:\/\/hierostrasbourg.com\/#organization"},"potentialAction":[{"@type":"SearchAction","target":{"@type":"EntryPoint","urlTemplate":"https:\/\/hierostrasbourg.com\/?s={search_term_string}"},"query-input":{"@type":"PropertyValueSpecification","valueRequired":true,"valueName":"search_term_string"}}],"inLanguage":"fr-FR"},{"@type":"Organization","@id":"https:\/\/hierostrasbourg.com\/#organization","name":"F\u00e9d\u00e9ration Hi\u00e9ro Strasbourg","url":"https:\/\/hierostrasbourg.com\/","logo":{"@type":"ImageObject","inLanguage":"fr-FR","@id":"https:\/\/hierostrasbourg.com\/#\/schema\/logo\/image\/","url":"https:\/\/hierostrasbourg.com\/wp-content\/uploads\/2026\/04\/logo-hiero-strasbourg.jpg","contentUrl":"https:\/\/hierostrasbourg.com\/wp-content\/uploads\/2026\/04\/logo-hiero-strasbourg.jpg","width":204,"height":192,"caption":"F\u00e9d\u00e9ration Hi\u00e9ro Strasbourg"},"image":{"@id":"https:\/\/hierostrasbourg.com\/#\/schema\/logo\/image\/"},"sameAs":["https:\/\/www.facebook.com\/fedehierostrasbourg","https:\/\/x.com\/hierostrasbourg"]}]}},"_links":{"self":[{"href":"https:\/\/hierostrasbourg.com\/index.php\/wp-json\/wp\/v2\/posts\/3728","targetHints":{"allow":["GET"]}}],"collection":[{"href":"https:\/\/hierostrasbourg.com\/index.php\/wp-json\/wp\/v2\/posts"}],"about":[{"href":"https:\/\/hierostrasbourg.com\/index.php\/wp-json\/wp\/v2\/types\/post"}],"replies":[{"embeddable":true,"href":"https:\/\/hierostrasbourg.com\/index.php\/wp-json\/wp\/v2\/comments?post=3728"}],"version-history":[{"count":0,"href":"https:\/\/hierostrasbourg.com\/index.php\/wp-json\/wp\/v2\/posts\/3728\/revisions"}],"wp:attachment":[{"href":"https:\/\/hierostrasbourg.com\/index.php\/wp-json\/wp\/v2\/media?parent=3728"}],"wp:term":[{"taxonomy":"category","embeddable":true,"href":"https:\/\/hierostrasbourg.com\/index.php\/wp-json\/wp\/v2\/categories?post=3728"},{"taxonomy":"post_tag","embeddable":true,"href":"https:\/\/hierostrasbourg.com\/index.php\/wp-json\/wp\/v2\/tags?post=3728"}],"curies":[{"name":"wp","href":"https:\/\/api.w.org\/{rel}","templated":true}]}}