{"id":3727,"date":"2022-10-01T12:36:04","date_gmt":"2022-10-01T10:36:04","guid":{"rendered":"https:\/\/hierostrasbourg.com\/index.php\/2022\/10\/01\/tenebras-persequi-nouvel-album-de-letherique-ambient-strasbourg-3\/"},"modified":"2022-10-01T12:36:04","modified_gmt":"2022-10-01T10:36:04","slug":"tenebras-persequi-nouvel-album-de-letherique-ambient-strasbourg-3","status":"publish","type":"post","link":"https:\/\/hierostrasbourg.com\/index.php\/2022\/10\/01\/tenebras-persequi-nouvel-album-de-letherique-ambient-strasbourg-3\/","title":{"rendered":"\u201cTenebras Persequi\u201d, nouvel album de LETHERIQUE [ambient \/ Strasbourg]"},"content":{"rendered":"<p><span>communiqu\u00e9<\/span><br \/><em>A l\u2019aube de sa troisi\u00e8me saison, Bella Ursa est fi\u00e8re de vous pr\u00e9senter le deuxi\u00e8me album concept du patron du label.<\/em><br \/><em>Agissant comme une pr\u00e9quelle directe du premier album de Letherique, Aur\u014dra, Tenebr\u0101s Persequ\u012b d\u00e9peint le voyage d\u00e9chirant de l\u2019humanit\u00e9 sur la voie autodestructrice vers un holocauste nucl\u00e9aire fictif. \u00c0 travers 11 chansons f\u00e9brilement con\u00e7ues comprenant une bande-son coh\u00e9rente, il d\u00e9peint une histoire de tromperie vile, de conflits inextricables et de tourments int\u00e9rieurs qui conduisent finalement \u00e0 une pluie mondiale de ruine atomique \u2013 et \u00e0 la renaissance d\u2019un monde.<\/em><br \/><em>S\u2019inspirant des films d\u2019information publics de l\u2019\u00e9poque de la guerre froide, une \u00e9poque o\u00f9 la r\u00e9alit\u00e9 pouvait parfois \u00eatre vue flirter avec d\u00e9sinvolture avec nos fantasmes dystopiques les plus excentriques, il rend un vibrant hommage \u00e0 leur esth\u00e9tique sonore.<\/em><br \/><em>Qu\u2019il exploite la beaut\u00e9 d\u2019une m\u00e9lancolie chaotique ou qu\u2019il plonge profond\u00e9ment dans des atmosph\u00e8res t\u00e9n\u00e9breuses, Letherique vise une fois de plus \u00e0 vous emmener dans un voyage singulier \u00e0 travers des panoramas sonores inattendus d\u2019un monde bient\u00f4t boulevers\u00e9 par l\u2019explosion atomique.<\/em><\/p>\n<p><a href=\"https:\/\/www.instagram.com\/letherique__bellaursa\/\" target=\"_blank\" rel=\"noopener\">Instagram<\/a><br \/><a href=\"https:\/\/www.facebook.com\/bella.ursa.recordings\" target=\"_blank\" rel=\"noopener\">Facebook<\/a><\/p>\n<p>\n<a href=\"https:\/\/bellaursa.bandcamp.com\/album\/tenebras-persequi\">Tenebras Persequi by Letherique<\/a><\/p>\n<p>L\u2019article <a href=\"https:\/\/musiquesactuelles.net\/tenebras-persequi-nouvel-album-de-letherique-ambient-strasbourg\/\">\u201cTenebras Persequi\u201d, nouvel album de LETHERIQUE [ambient \/ Strasbourg]<\/a> est apparu en premier sur <a href=\"https:\/\/musiquesactuelles.net\/\">PLATE-FORME MUSIQUES ACTUELLES GRAND EST ALSACE CHAMPAGNE ARDENNE LORRAINE<\/a>.<\/p>\n<p>L\u2019article <a href=\"https:\/\/popburo.fr\/tenebras-persequi-nouvel-album-de-letherique-ambient-strasbourg\/\">\u201cTenebras Persequi\u201d, nouvel album de LETHERIQUE [ambient \/ Strasbourg]<\/a> est apparu en premier sur <a href=\"https:\/\/popburo.fr\/\">POP B\u00dcRO<\/a>.<\/p>\n","protected":false},"excerpt":{"rendered":"<p>communiqu\u00e9A l\u2019aube de sa troisi\u00e8me saison, Bella Ursa est fi\u00e8re de vous pr\u00e9senter le deuxi\u00e8me album concept du patron du label.Agissant comme une pr\u00e9quelle directe du premier album de Letherique, Aur\u014dra, Tenebr\u0101s Persequ\u012b d\u00e9peint le voyage d\u00e9chirant de l\u2019humanit\u00e9 sur la voie autodestructrice vers un holocauste nucl\u00e9aire fictif. \u00c0 travers 11 chansons f\u00e9brilement con\u00e7ues comprenant une bande-son coh\u00e9rente, il d\u00e9peint une histoire de tromperie vile, de conflits inextricables et de tourments int\u00e9rieurs qui conduisent finalement \u00e0 une pluie mondiale de [&hellip;]<\/p>\n","protected":false},"author":0,"featured_media":0,"comment_status":"closed","ping_status":"open","sticky":false,"template":"","format":"standard","meta":{"footnotes":""},"categories":[1],"tags":[],"class_list":["post-3727","post","type-post","status-publish","format-standard","hentry","category-non-classe"],"yoast_head":"<!-- This site is optimized with the Yoast SEO plugin v27.5 - https:\/\/yoast.com\/product\/yoast-seo-wordpress\/ -->\n<title>\u201cTenebras Persequi\u201d, nouvel album de LETHERIQUE [ambient \/ Strasbourg] - HIERO STRASBOURG<\/title>\n<meta name=\"robots\" content=\"index, follow, max-snippet:-1, max-image-preview:large, max-video-preview:-1\" \/>\n<link rel=\"canonical\" href=\"https:\/\/hierostrasbourg.com\/index.php\/2022\/10\/01\/tenebras-persequi-nouvel-album-de-letherique-ambient-strasbourg-3\/\" \/>\n<meta property=\"og:locale\" content=\"fr_FR\" \/>\n<meta property=\"og:type\" content=\"article\" \/>\n<meta property=\"og:title\" content=\"\u201cTenebras Persequi\u201d, nouvel album de LETHERIQUE [ambient \/ Strasbourg] - HIERO STRASBOURG\" \/>\n<meta property=\"og:description\" content=\"communiqu\u00e9A l\u2019aube de sa troisi\u00e8me saison, Bella Ursa est fi\u00e8re de vous pr\u00e9senter le deuxi\u00e8me album concept du patron du label.Agissant comme une pr\u00e9quelle directe du premier album de Letherique, Aur\u014dra, Tenebr\u0101s Persequ\u012b d\u00e9peint le voyage d\u00e9chirant de l\u2019humanit\u00e9 sur la voie autodestructrice vers un holocauste nucl\u00e9aire fictif. \u00c0 travers 11 chansons f\u00e9brilement con\u00e7ues comprenant une bande-son coh\u00e9rente, il d\u00e9peint une histoire de tromperie vile, de conflits inextricables et de tourments int\u00e9rieurs qui conduisent finalement \u00e0 une pluie mondiale de [&hellip;]\" \/>\n<meta property=\"og:url\" content=\"https:\/\/hierostrasbourg.com\/index.php\/2022\/10\/01\/tenebras-persequi-nouvel-album-de-letherique-ambient-strasbourg-3\/\" \/>\n<meta property=\"og:site_name\" content=\"HIERO STRASBOURG\" \/>\n<meta property=\"article:publisher\" content=\"https:\/\/www.facebook.com\/fedehierostrasbourg\" \/>\n<meta property=\"article:published_time\" content=\"2022-10-01T10:36:04+00:00\" \/>\n<meta name=\"twitter:card\" content=\"summary_large_image\" \/>\n<meta name=\"twitter:creator\" content=\"@hierostrasbourg\" \/>\n<meta name=\"twitter:site\" content=\"@hierostrasbourg\" \/>\n<meta name=\"twitter:label1\" content=\"Dur\u00e9e de lecture estim\u00e9e\" \/>\n\t<meta name=\"twitter:data1\" content=\"1 minute\" \/>\n<script type=\"application\/ld+json\" class=\"yoast-schema-graph\">{\"@context\":\"https:\\\/\\\/schema.org\",\"@graph\":[{\"@type\":\"Article\",\"@id\":\"https:\\\/\\\/hierostrasbourg.com\\\/index.php\\\/2022\\\/10\\\/01\\\/tenebras-persequi-nouvel-album-de-letherique-ambient-strasbourg-3\\\/#article\",\"isPartOf\":{\"@id\":\"https:\\\/\\\/hierostrasbourg.com\\\/index.php\\\/2022\\\/10\\\/01\\\/tenebras-persequi-nouvel-album-de-letherique-ambient-strasbourg-3\\\/\"},\"author\":{\"name\":\"\",\"@id\":\"\"},\"headline\":\"\u201cTenebras Persequi\u201d, nouvel album de LETHERIQUE [ambient \\\/ Strasbourg]\",\"datePublished\":\"2022-10-01T10:36:04+00:00\",\"mainEntityOfPage\":{\"@id\":\"https:\\\/\\\/hierostrasbourg.com\\\/index.php\\\/2022\\\/10\\\/01\\\/tenebras-persequi-nouvel-album-de-letherique-ambient-strasbourg-3\\\/\"},\"wordCount\":254,\"publisher\":{\"@id\":\"https:\\\/\\\/hierostrasbourg.com\\\/#organization\"},\"inLanguage\":\"fr-FR\"},{\"@type\":\"WebPage\",\"@id\":\"https:\\\/\\\/hierostrasbourg.com\\\/index.php\\\/2022\\\/10\\\/01\\\/tenebras-persequi-nouvel-album-de-letherique-ambient-strasbourg-3\\\/\",\"url\":\"https:\\\/\\\/hierostrasbourg.com\\\/index.php\\\/2022\\\/10\\\/01\\\/tenebras-persequi-nouvel-album-de-letherique-ambient-strasbourg-3\\\/\",\"name\":\"\u201cTenebras Persequi\u201d, nouvel album de LETHERIQUE [ambient \\\/ Strasbourg] - HIERO STRASBOURG\",\"isPartOf\":{\"@id\":\"https:\\\/\\\/hierostrasbourg.com\\\/#website\"},\"datePublished\":\"2022-10-01T10:36:04+00:00\",\"breadcrumb\":{\"@id\":\"https:\\\/\\\/hierostrasbourg.com\\\/index.php\\\/2022\\\/10\\\/01\\\/tenebras-persequi-nouvel-album-de-letherique-ambient-strasbourg-3\\\/#breadcrumb\"},\"inLanguage\":\"fr-FR\",\"potentialAction\":[{\"@type\":\"ReadAction\",\"target\":[\"https:\\\/\\\/hierostrasbourg.com\\\/index.php\\\/2022\\\/10\\\/01\\\/tenebras-persequi-nouvel-album-de-letherique-ambient-strasbourg-3\\\/\"]}]},{\"@type\":\"BreadcrumbList\",\"@id\":\"https:\\\/\\\/hierostrasbourg.com\\\/index.php\\\/2022\\\/10\\\/01\\\/tenebras-persequi-nouvel-album-de-letherique-ambient-strasbourg-3\\\/#breadcrumb\",\"itemListElement\":[{\"@type\":\"ListItem\",\"position\":1,\"name\":\"Accueil\",\"item\":\"https:\\\/\\\/hierostrasbourg.com\\\/\"},{\"@type\":\"ListItem\",\"position\":2,\"name\":\"\u201cTenebras Persequi\u201d, nouvel album de LETHERIQUE [ambient \\\/ Strasbourg]\"}]},{\"@type\":\"WebSite\",\"@id\":\"https:\\\/\\\/hierostrasbourg.com\\\/#website\",\"url\":\"https:\\\/\\\/hierostrasbourg.com\\\/\",\"name\":\"HIERO STRASBOURG\",\"description\":\"Centre de Ressources Musiques Actuelles\",\"publisher\":{\"@id\":\"https:\\\/\\\/hierostrasbourg.com\\\/#organization\"},\"potentialAction\":[{\"@type\":\"SearchAction\",\"target\":{\"@type\":\"EntryPoint\",\"urlTemplate\":\"https:\\\/\\\/hierostrasbourg.com\\\/?s={search_term_string}\"},\"query-input\":{\"@type\":\"PropertyValueSpecification\",\"valueRequired\":true,\"valueName\":\"search_term_string\"}}],\"inLanguage\":\"fr-FR\"},{\"@type\":\"Organization\",\"@id\":\"https:\\\/\\\/hierostrasbourg.com\\\/#organization\",\"name\":\"F\u00e9d\u00e9ration Hi\u00e9ro Strasbourg\",\"url\":\"https:\\\/\\\/hierostrasbourg.com\\\/\",\"logo\":{\"@type\":\"ImageObject\",\"inLanguage\":\"fr-FR\",\"@id\":\"https:\\\/\\\/hierostrasbourg.com\\\/#\\\/schema\\\/logo\\\/image\\\/\",\"url\":\"https:\\\/\\\/hierostrasbourg.com\\\/wp-content\\\/uploads\\\/2026\\\/04\\\/logo-hiero-strasbourg.jpg\",\"contentUrl\":\"https:\\\/\\\/hierostrasbourg.com\\\/wp-content\\\/uploads\\\/2026\\\/04\\\/logo-hiero-strasbourg.jpg\",\"width\":204,\"height\":192,\"caption\":\"F\u00e9d\u00e9ration Hi\u00e9ro Strasbourg\"},\"image\":{\"@id\":\"https:\\\/\\\/hierostrasbourg.com\\\/#\\\/schema\\\/logo\\\/image\\\/\"},\"sameAs\":[\"https:\\\/\\\/www.facebook.com\\\/fedehierostrasbourg\",\"https:\\\/\\\/x.com\\\/hierostrasbourg\"]}]}<\/script>\n<!-- \/ Yoast SEO plugin. -->","yoast_head_json":{"title":"\u201cTenebras Persequi\u201d, nouvel album de LETHERIQUE [ambient \/ Strasbourg] - HIERO STRASBOURG","robots":{"index":"index","follow":"follow","max-snippet":"max-snippet:-1","max-image-preview":"max-image-preview:large","max-video-preview":"max-video-preview:-1"},"canonical":"https:\/\/hierostrasbourg.com\/index.php\/2022\/10\/01\/tenebras-persequi-nouvel-album-de-letherique-ambient-strasbourg-3\/","og_locale":"fr_FR","og_type":"article","og_title":"\u201cTenebras Persequi\u201d, nouvel album de LETHERIQUE [ambient \/ Strasbourg] - HIERO STRASBOURG","og_description":"communiqu\u00e9A l\u2019aube de sa troisi\u00e8me saison, Bella Ursa est fi\u00e8re de vous pr\u00e9senter le deuxi\u00e8me album concept du patron du label.Agissant comme une pr\u00e9quelle directe du premier album de Letherique, Aur\u014dra, Tenebr\u0101s Persequ\u012b d\u00e9peint le voyage d\u00e9chirant de l\u2019humanit\u00e9 sur la voie autodestructrice vers un holocauste nucl\u00e9aire fictif. \u00c0 travers 11 chansons f\u00e9brilement con\u00e7ues comprenant une bande-son coh\u00e9rente, il d\u00e9peint une histoire de tromperie vile, de conflits inextricables et de tourments int\u00e9rieurs qui conduisent finalement \u00e0 une pluie mondiale de [&hellip;]","og_url":"https:\/\/hierostrasbourg.com\/index.php\/2022\/10\/01\/tenebras-persequi-nouvel-album-de-letherique-ambient-strasbourg-3\/","og_site_name":"HIERO STRASBOURG","article_publisher":"https:\/\/www.facebook.com\/fedehierostrasbourg","article_published_time":"2022-10-01T10:36:04+00:00","twitter_card":"summary_large_image","twitter_creator":"@hierostrasbourg","twitter_site":"@hierostrasbourg","twitter_misc":{"Dur\u00e9e de lecture estim\u00e9e":"1 minute"},"schema":{"@context":"https:\/\/schema.org","@graph":[{"@type":"Article","@id":"https:\/\/hierostrasbourg.com\/index.php\/2022\/10\/01\/tenebras-persequi-nouvel-album-de-letherique-ambient-strasbourg-3\/#article","isPartOf":{"@id":"https:\/\/hierostrasbourg.com\/index.php\/2022\/10\/01\/tenebras-persequi-nouvel-album-de-letherique-ambient-strasbourg-3\/"},"author":{"name":"","@id":""},"headline":"\u201cTenebras Persequi\u201d, nouvel album de LETHERIQUE [ambient \/ Strasbourg]","datePublished":"2022-10-01T10:36:04+00:00","mainEntityOfPage":{"@id":"https:\/\/hierostrasbourg.com\/index.php\/2022\/10\/01\/tenebras-persequi-nouvel-album-de-letherique-ambient-strasbourg-3\/"},"wordCount":254,"publisher":{"@id":"https:\/\/hierostrasbourg.com\/#organization"},"inLanguage":"fr-FR"},{"@type":"WebPage","@id":"https:\/\/hierostrasbourg.com\/index.php\/2022\/10\/01\/tenebras-persequi-nouvel-album-de-letherique-ambient-strasbourg-3\/","url":"https:\/\/hierostrasbourg.com\/index.php\/2022\/10\/01\/tenebras-persequi-nouvel-album-de-letherique-ambient-strasbourg-3\/","name":"\u201cTenebras Persequi\u201d, nouvel album de LETHERIQUE [ambient \/ Strasbourg] - HIERO STRASBOURG","isPartOf":{"@id":"https:\/\/hierostrasbourg.com\/#website"},"datePublished":"2022-10-01T10:36:04+00:00","breadcrumb":{"@id":"https:\/\/hierostrasbourg.com\/index.php\/2022\/10\/01\/tenebras-persequi-nouvel-album-de-letherique-ambient-strasbourg-3\/#breadcrumb"},"inLanguage":"fr-FR","potentialAction":[{"@type":"ReadAction","target":["https:\/\/hierostrasbourg.com\/index.php\/2022\/10\/01\/tenebras-persequi-nouvel-album-de-letherique-ambient-strasbourg-3\/"]}]},{"@type":"BreadcrumbList","@id":"https:\/\/hierostrasbourg.com\/index.php\/2022\/10\/01\/tenebras-persequi-nouvel-album-de-letherique-ambient-strasbourg-3\/#breadcrumb","itemListElement":[{"@type":"ListItem","position":1,"name":"Accueil","item":"https:\/\/hierostrasbourg.com\/"},{"@type":"ListItem","position":2,"name":"\u201cTenebras Persequi\u201d, nouvel album de LETHERIQUE [ambient \/ Strasbourg]"}]},{"@type":"WebSite","@id":"https:\/\/hierostrasbourg.com\/#website","url":"https:\/\/hierostrasbourg.com\/","name":"HIERO STRASBOURG","description":"Centre de Ressources Musiques Actuelles","publisher":{"@id":"https:\/\/hierostrasbourg.com\/#organization"},"potentialAction":[{"@type":"SearchAction","target":{"@type":"EntryPoint","urlTemplate":"https:\/\/hierostrasbourg.com\/?s={search_term_string}"},"query-input":{"@type":"PropertyValueSpecification","valueRequired":true,"valueName":"search_term_string"}}],"inLanguage":"fr-FR"},{"@type":"Organization","@id":"https:\/\/hierostrasbourg.com\/#organization","name":"F\u00e9d\u00e9ration Hi\u00e9ro Strasbourg","url":"https:\/\/hierostrasbourg.com\/","logo":{"@type":"ImageObject","inLanguage":"fr-FR","@id":"https:\/\/hierostrasbourg.com\/#\/schema\/logo\/image\/","url":"https:\/\/hierostrasbourg.com\/wp-content\/uploads\/2026\/04\/logo-hiero-strasbourg.jpg","contentUrl":"https:\/\/hierostrasbourg.com\/wp-content\/uploads\/2026\/04\/logo-hiero-strasbourg.jpg","width":204,"height":192,"caption":"F\u00e9d\u00e9ration Hi\u00e9ro Strasbourg"},"image":{"@id":"https:\/\/hierostrasbourg.com\/#\/schema\/logo\/image\/"},"sameAs":["https:\/\/www.facebook.com\/fedehierostrasbourg","https:\/\/x.com\/hierostrasbourg"]}]}},"_links":{"self":[{"href":"https:\/\/hierostrasbourg.com\/index.php\/wp-json\/wp\/v2\/posts\/3727","targetHints":{"allow":["GET"]}}],"collection":[{"href":"https:\/\/hierostrasbourg.com\/index.php\/wp-json\/wp\/v2\/posts"}],"about":[{"href":"https:\/\/hierostrasbourg.com\/index.php\/wp-json\/wp\/v2\/types\/post"}],"replies":[{"embeddable":true,"href":"https:\/\/hierostrasbourg.com\/index.php\/wp-json\/wp\/v2\/comments?post=3727"}],"version-history":[{"count":0,"href":"https:\/\/hierostrasbourg.com\/index.php\/wp-json\/wp\/v2\/posts\/3727\/revisions"}],"wp:attachment":[{"href":"https:\/\/hierostrasbourg.com\/index.php\/wp-json\/wp\/v2\/media?parent=3727"}],"wp:term":[{"taxonomy":"category","embeddable":true,"href":"https:\/\/hierostrasbourg.com\/index.php\/wp-json\/wp\/v2\/categories?post=3727"},{"taxonomy":"post_tag","embeddable":true,"href":"https:\/\/hierostrasbourg.com\/index.php\/wp-json\/wp\/v2\/tags?post=3727"}],"curies":[{"name":"wp","href":"https:\/\/api.w.org\/{rel}","templated":true}]}}