{"id":3718,"date":"2022-09-29T18:38:39","date_gmt":"2022-09-29T16:38:39","guid":{"rendered":"https:\/\/hierostrasbourg.com\/index.php\/2022\/09\/29\/le-bdpc-strasbourg-recrute-un-administrateur-f-h\/"},"modified":"2022-09-29T18:38:39","modified_gmt":"2022-09-29T16:38:39","slug":"le-bdpc-strasbourg-recrute-un-administrateur-f-h","status":"publish","type":"post","link":"https:\/\/hierostrasbourg.com\/index.php\/2022\/09\/29\/le-bdpc-strasbourg-recrute-un-administrateur-f-h\/","title":{"rendered":"le BDPC [Strasbourg] recrute un administrateur [F\/H]"},"content":{"rendered":"<p><a href=\"https:\/\/musiquesactuelles.alsace\/le-bdpc-strasbourg-recrute-un-administrateur-f-h\/\" title=\"le BDPC [Strasbourg] recrute un administrateur [F\/H]\"><\/a><\/p>\n<p>LA STRUCTURE Le ballet de danse physique contemporaine a \u00e9t\u00e9 cr\u00e9\u00e9e en 2015 par l\u2019auteur chor\u00e9graphe David LLARI. La danse physique contemporaine est un langage qui repose dans l\u2019intention derri\u00e8re le geste. Le mouvement dans\u00e9, habit\u00e9 avec authenticit\u00e9, s\u2019\u00e9mancipe de toutes formes de danses d\u00e9j\u00e0 existantes. Le danseur, dans sa pleine ips\u00e9it\u00e9, peut alors servir les pi\u00e8ces de l\u2019auteur. R\u00e9sultat d\u2019une chor\u00e9graphie d\u2019anticipation et de recherche, les chor\u00e9graphies du BDPC posent un regard singulier sur le monde et la soci\u00e9t\u00e9. [\u2026]<\/p>\n<p>L\u2019article <a href=\"https:\/\/musiquesactuelles.alsace\/le-bdpc-strasbourg-recrute-un-administrateur-f-h\/\">le BDPC [Strasbourg] recrute un administrateur [F\/H]<\/a> est apparu en premier sur <a href=\"https:\/\/musiquesactuelles.alsace\/\">Musiques Actuelles en Alsace<\/a>.<\/p>\n<p>L\u2019article <a href=\"https:\/\/popburo.fr\/le-bdpc-strasbourg-recrute-un-administrateur-f-h\/\">le BDPC [Strasbourg] recrute un administrateur [F\/H]<\/a> est apparu en premier sur <a href=\"https:\/\/popburo.fr\/\">POP B\u00dcRO<\/a>.<\/p>\n","protected":false},"excerpt":{"rendered":"<p>LA STRUCTURE Le ballet de danse physique contemporaine a \u00e9t\u00e9 cr\u00e9\u00e9e en 2015 par l\u2019auteur chor\u00e9graphe David LLARI. La danse physique contemporaine est un langage qui repose dans l\u2019intention derri\u00e8re le geste. Le mouvement dans\u00e9, habit\u00e9 avec authenticit\u00e9, s\u2019\u00e9mancipe de toutes formes de danses d\u00e9j\u00e0 existantes. Le danseur, dans sa pleine ips\u00e9it\u00e9, peut alors servir les pi\u00e8ces de l\u2019auteur. R\u00e9sultat d\u2019une chor\u00e9graphie d\u2019anticipation et de recherche, les chor\u00e9graphies du BDPC posent un regard singulier sur le monde et la soci\u00e9t\u00e9. [&hellip;]<\/p>\n","protected":false},"author":0,"featured_media":0,"comment_status":"closed","ping_status":"open","sticky":false,"template":"","format":"standard","meta":{"footnotes":""},"categories":[1],"tags":[],"class_list":["post-3718","post","type-post","status-publish","format-standard","hentry","category-non-classe"],"yoast_head":"<!-- This site is optimized with the Yoast SEO plugin v27.5 - https:\/\/yoast.com\/product\/yoast-seo-wordpress\/ -->\n<title>le BDPC [Strasbourg] recrute un administrateur [F\/H] - HIERO STRASBOURG<\/title>\n<meta name=\"robots\" content=\"index, follow, max-snippet:-1, max-image-preview:large, max-video-preview:-1\" \/>\n<link rel=\"canonical\" href=\"https:\/\/hierostrasbourg.com\/index.php\/2022\/09\/29\/le-bdpc-strasbourg-recrute-un-administrateur-f-h\/\" \/>\n<meta property=\"og:locale\" content=\"fr_FR\" \/>\n<meta property=\"og:type\" content=\"article\" \/>\n<meta property=\"og:title\" content=\"le BDPC [Strasbourg] recrute un administrateur [F\/H] - HIERO STRASBOURG\" \/>\n<meta property=\"og:description\" content=\"LA STRUCTURE Le ballet de danse physique contemporaine a \u00e9t\u00e9 cr\u00e9\u00e9e en 2015 par l\u2019auteur chor\u00e9graphe David LLARI. La danse physique contemporaine est un langage qui repose dans l\u2019intention derri\u00e8re le geste. Le mouvement dans\u00e9, habit\u00e9 avec authenticit\u00e9, s\u2019\u00e9mancipe de toutes formes de danses d\u00e9j\u00e0 existantes. Le danseur, dans sa pleine ips\u00e9it\u00e9, peut alors servir les pi\u00e8ces de l\u2019auteur. R\u00e9sultat d\u2019une chor\u00e9graphie d\u2019anticipation et de recherche, les chor\u00e9graphies du BDPC posent un regard singulier sur le monde et la soci\u00e9t\u00e9. [&hellip;]\" \/>\n<meta property=\"og:url\" content=\"https:\/\/hierostrasbourg.com\/index.php\/2022\/09\/29\/le-bdpc-strasbourg-recrute-un-administrateur-f-h\/\" \/>\n<meta property=\"og:site_name\" content=\"HIERO STRASBOURG\" \/>\n<meta property=\"article:publisher\" content=\"https:\/\/www.facebook.com\/fedehierostrasbourg\" \/>\n<meta property=\"article:published_time\" content=\"2022-09-29T16:38:39+00:00\" \/>\n<meta name=\"twitter:card\" content=\"summary_large_image\" \/>\n<meta name=\"twitter:creator\" content=\"@hierostrasbourg\" \/>\n<meta name=\"twitter:site\" content=\"@hierostrasbourg\" \/>\n<meta name=\"twitter:label1\" content=\"Dur\u00e9e de lecture estim\u00e9e\" \/>\n\t<meta name=\"twitter:data1\" content=\"1 minute\" \/>\n<script type=\"application\/ld+json\" class=\"yoast-schema-graph\">{\"@context\":\"https:\\\/\\\/schema.org\",\"@graph\":[{\"@type\":\"Article\",\"@id\":\"https:\\\/\\\/hierostrasbourg.com\\\/index.php\\\/2022\\\/09\\\/29\\\/le-bdpc-strasbourg-recrute-un-administrateur-f-h\\\/#article\",\"isPartOf\":{\"@id\":\"https:\\\/\\\/hierostrasbourg.com\\\/index.php\\\/2022\\\/09\\\/29\\\/le-bdpc-strasbourg-recrute-un-administrateur-f-h\\\/\"},\"author\":{\"name\":\"\",\"@id\":\"\"},\"headline\":\"le BDPC [Strasbourg] recrute un administrateur [F\\\/H]\",\"datePublished\":\"2022-09-29T16:38:39+00:00\",\"mainEntityOfPage\":{\"@id\":\"https:\\\/\\\/hierostrasbourg.com\\\/index.php\\\/2022\\\/09\\\/29\\\/le-bdpc-strasbourg-recrute-un-administrateur-f-h\\\/\"},\"wordCount\":140,\"publisher\":{\"@id\":\"https:\\\/\\\/hierostrasbourg.com\\\/#organization\"},\"inLanguage\":\"fr-FR\"},{\"@type\":\"WebPage\",\"@id\":\"https:\\\/\\\/hierostrasbourg.com\\\/index.php\\\/2022\\\/09\\\/29\\\/le-bdpc-strasbourg-recrute-un-administrateur-f-h\\\/\",\"url\":\"https:\\\/\\\/hierostrasbourg.com\\\/index.php\\\/2022\\\/09\\\/29\\\/le-bdpc-strasbourg-recrute-un-administrateur-f-h\\\/\",\"name\":\"le BDPC [Strasbourg] recrute un administrateur [F\\\/H] - HIERO STRASBOURG\",\"isPartOf\":{\"@id\":\"https:\\\/\\\/hierostrasbourg.com\\\/#website\"},\"datePublished\":\"2022-09-29T16:38:39+00:00\",\"breadcrumb\":{\"@id\":\"https:\\\/\\\/hierostrasbourg.com\\\/index.php\\\/2022\\\/09\\\/29\\\/le-bdpc-strasbourg-recrute-un-administrateur-f-h\\\/#breadcrumb\"},\"inLanguage\":\"fr-FR\",\"potentialAction\":[{\"@type\":\"ReadAction\",\"target\":[\"https:\\\/\\\/hierostrasbourg.com\\\/index.php\\\/2022\\\/09\\\/29\\\/le-bdpc-strasbourg-recrute-un-administrateur-f-h\\\/\"]}]},{\"@type\":\"BreadcrumbList\",\"@id\":\"https:\\\/\\\/hierostrasbourg.com\\\/index.php\\\/2022\\\/09\\\/29\\\/le-bdpc-strasbourg-recrute-un-administrateur-f-h\\\/#breadcrumb\",\"itemListElement\":[{\"@type\":\"ListItem\",\"position\":1,\"name\":\"Accueil\",\"item\":\"https:\\\/\\\/hierostrasbourg.com\\\/\"},{\"@type\":\"ListItem\",\"position\":2,\"name\":\"le BDPC [Strasbourg] recrute un administrateur [F\\\/H]\"}]},{\"@type\":\"WebSite\",\"@id\":\"https:\\\/\\\/hierostrasbourg.com\\\/#website\",\"url\":\"https:\\\/\\\/hierostrasbourg.com\\\/\",\"name\":\"HIERO STRASBOURG\",\"description\":\"Centre de Ressources Musiques Actuelles\",\"publisher\":{\"@id\":\"https:\\\/\\\/hierostrasbourg.com\\\/#organization\"},\"potentialAction\":[{\"@type\":\"SearchAction\",\"target\":{\"@type\":\"EntryPoint\",\"urlTemplate\":\"https:\\\/\\\/hierostrasbourg.com\\\/?s={search_term_string}\"},\"query-input\":{\"@type\":\"PropertyValueSpecification\",\"valueRequired\":true,\"valueName\":\"search_term_string\"}}],\"inLanguage\":\"fr-FR\"},{\"@type\":\"Organization\",\"@id\":\"https:\\\/\\\/hierostrasbourg.com\\\/#organization\",\"name\":\"F\u00e9d\u00e9ration Hi\u00e9ro Strasbourg\",\"url\":\"https:\\\/\\\/hierostrasbourg.com\\\/\",\"logo\":{\"@type\":\"ImageObject\",\"inLanguage\":\"fr-FR\",\"@id\":\"https:\\\/\\\/hierostrasbourg.com\\\/#\\\/schema\\\/logo\\\/image\\\/\",\"url\":\"https:\\\/\\\/hierostrasbourg.com\\\/wp-content\\\/uploads\\\/2026\\\/04\\\/logo-hiero-strasbourg.jpg\",\"contentUrl\":\"https:\\\/\\\/hierostrasbourg.com\\\/wp-content\\\/uploads\\\/2026\\\/04\\\/logo-hiero-strasbourg.jpg\",\"width\":204,\"height\":192,\"caption\":\"F\u00e9d\u00e9ration Hi\u00e9ro Strasbourg\"},\"image\":{\"@id\":\"https:\\\/\\\/hierostrasbourg.com\\\/#\\\/schema\\\/logo\\\/image\\\/\"},\"sameAs\":[\"https:\\\/\\\/www.facebook.com\\\/fedehierostrasbourg\",\"https:\\\/\\\/x.com\\\/hierostrasbourg\"]}]}<\/script>\n<!-- \/ Yoast SEO plugin. -->","yoast_head_json":{"title":"le BDPC [Strasbourg] recrute un administrateur [F\/H] - HIERO STRASBOURG","robots":{"index":"index","follow":"follow","max-snippet":"max-snippet:-1","max-image-preview":"max-image-preview:large","max-video-preview":"max-video-preview:-1"},"canonical":"https:\/\/hierostrasbourg.com\/index.php\/2022\/09\/29\/le-bdpc-strasbourg-recrute-un-administrateur-f-h\/","og_locale":"fr_FR","og_type":"article","og_title":"le BDPC [Strasbourg] recrute un administrateur [F\/H] - HIERO STRASBOURG","og_description":"LA STRUCTURE Le ballet de danse physique contemporaine a \u00e9t\u00e9 cr\u00e9\u00e9e en 2015 par l\u2019auteur chor\u00e9graphe David LLARI. La danse physique contemporaine est un langage qui repose dans l\u2019intention derri\u00e8re le geste. Le mouvement dans\u00e9, habit\u00e9 avec authenticit\u00e9, s\u2019\u00e9mancipe de toutes formes de danses d\u00e9j\u00e0 existantes. Le danseur, dans sa pleine ips\u00e9it\u00e9, peut alors servir les pi\u00e8ces de l\u2019auteur. R\u00e9sultat d\u2019une chor\u00e9graphie d\u2019anticipation et de recherche, les chor\u00e9graphies du BDPC posent un regard singulier sur le monde et la soci\u00e9t\u00e9. [&hellip;]","og_url":"https:\/\/hierostrasbourg.com\/index.php\/2022\/09\/29\/le-bdpc-strasbourg-recrute-un-administrateur-f-h\/","og_site_name":"HIERO STRASBOURG","article_publisher":"https:\/\/www.facebook.com\/fedehierostrasbourg","article_published_time":"2022-09-29T16:38:39+00:00","twitter_card":"summary_large_image","twitter_creator":"@hierostrasbourg","twitter_site":"@hierostrasbourg","twitter_misc":{"Dur\u00e9e de lecture estim\u00e9e":"1 minute"},"schema":{"@context":"https:\/\/schema.org","@graph":[{"@type":"Article","@id":"https:\/\/hierostrasbourg.com\/index.php\/2022\/09\/29\/le-bdpc-strasbourg-recrute-un-administrateur-f-h\/#article","isPartOf":{"@id":"https:\/\/hierostrasbourg.com\/index.php\/2022\/09\/29\/le-bdpc-strasbourg-recrute-un-administrateur-f-h\/"},"author":{"name":"","@id":""},"headline":"le BDPC [Strasbourg] recrute un administrateur [F\/H]","datePublished":"2022-09-29T16:38:39+00:00","mainEntityOfPage":{"@id":"https:\/\/hierostrasbourg.com\/index.php\/2022\/09\/29\/le-bdpc-strasbourg-recrute-un-administrateur-f-h\/"},"wordCount":140,"publisher":{"@id":"https:\/\/hierostrasbourg.com\/#organization"},"inLanguage":"fr-FR"},{"@type":"WebPage","@id":"https:\/\/hierostrasbourg.com\/index.php\/2022\/09\/29\/le-bdpc-strasbourg-recrute-un-administrateur-f-h\/","url":"https:\/\/hierostrasbourg.com\/index.php\/2022\/09\/29\/le-bdpc-strasbourg-recrute-un-administrateur-f-h\/","name":"le BDPC [Strasbourg] recrute un administrateur [F\/H] - HIERO STRASBOURG","isPartOf":{"@id":"https:\/\/hierostrasbourg.com\/#website"},"datePublished":"2022-09-29T16:38:39+00:00","breadcrumb":{"@id":"https:\/\/hierostrasbourg.com\/index.php\/2022\/09\/29\/le-bdpc-strasbourg-recrute-un-administrateur-f-h\/#breadcrumb"},"inLanguage":"fr-FR","potentialAction":[{"@type":"ReadAction","target":["https:\/\/hierostrasbourg.com\/index.php\/2022\/09\/29\/le-bdpc-strasbourg-recrute-un-administrateur-f-h\/"]}]},{"@type":"BreadcrumbList","@id":"https:\/\/hierostrasbourg.com\/index.php\/2022\/09\/29\/le-bdpc-strasbourg-recrute-un-administrateur-f-h\/#breadcrumb","itemListElement":[{"@type":"ListItem","position":1,"name":"Accueil","item":"https:\/\/hierostrasbourg.com\/"},{"@type":"ListItem","position":2,"name":"le BDPC [Strasbourg] recrute un administrateur [F\/H]"}]},{"@type":"WebSite","@id":"https:\/\/hierostrasbourg.com\/#website","url":"https:\/\/hierostrasbourg.com\/","name":"HIERO STRASBOURG","description":"Centre de Ressources Musiques Actuelles","publisher":{"@id":"https:\/\/hierostrasbourg.com\/#organization"},"potentialAction":[{"@type":"SearchAction","target":{"@type":"EntryPoint","urlTemplate":"https:\/\/hierostrasbourg.com\/?s={search_term_string}"},"query-input":{"@type":"PropertyValueSpecification","valueRequired":true,"valueName":"search_term_string"}}],"inLanguage":"fr-FR"},{"@type":"Organization","@id":"https:\/\/hierostrasbourg.com\/#organization","name":"F\u00e9d\u00e9ration Hi\u00e9ro Strasbourg","url":"https:\/\/hierostrasbourg.com\/","logo":{"@type":"ImageObject","inLanguage":"fr-FR","@id":"https:\/\/hierostrasbourg.com\/#\/schema\/logo\/image\/","url":"https:\/\/hierostrasbourg.com\/wp-content\/uploads\/2026\/04\/logo-hiero-strasbourg.jpg","contentUrl":"https:\/\/hierostrasbourg.com\/wp-content\/uploads\/2026\/04\/logo-hiero-strasbourg.jpg","width":204,"height":192,"caption":"F\u00e9d\u00e9ration Hi\u00e9ro Strasbourg"},"image":{"@id":"https:\/\/hierostrasbourg.com\/#\/schema\/logo\/image\/"},"sameAs":["https:\/\/www.facebook.com\/fedehierostrasbourg","https:\/\/x.com\/hierostrasbourg"]}]}},"_links":{"self":[{"href":"https:\/\/hierostrasbourg.com\/index.php\/wp-json\/wp\/v2\/posts\/3718","targetHints":{"allow":["GET"]}}],"collection":[{"href":"https:\/\/hierostrasbourg.com\/index.php\/wp-json\/wp\/v2\/posts"}],"about":[{"href":"https:\/\/hierostrasbourg.com\/index.php\/wp-json\/wp\/v2\/types\/post"}],"replies":[{"embeddable":true,"href":"https:\/\/hierostrasbourg.com\/index.php\/wp-json\/wp\/v2\/comments?post=3718"}],"version-history":[{"count":0,"href":"https:\/\/hierostrasbourg.com\/index.php\/wp-json\/wp\/v2\/posts\/3718\/revisions"}],"wp:attachment":[{"href":"https:\/\/hierostrasbourg.com\/index.php\/wp-json\/wp\/v2\/media?parent=3718"}],"wp:term":[{"taxonomy":"category","embeddable":true,"href":"https:\/\/hierostrasbourg.com\/index.php\/wp-json\/wp\/v2\/categories?post=3718"},{"taxonomy":"post_tag","embeddable":true,"href":"https:\/\/hierostrasbourg.com\/index.php\/wp-json\/wp\/v2\/tags?post=3718"}],"curies":[{"name":"wp","href":"https:\/\/api.w.org\/{rel}","templated":true}]}}