{"id":3704,"date":"2022-09-26T22:37:27","date_gmt":"2022-09-26T20:37:27","guid":{"rendered":"https:\/\/hierostrasbourg.com\/index.php\/2022\/09\/26\/pass-culture-audiovisuel-le-budget-de-la-culture-explique-en-quatre-chiffres-cles\/"},"modified":"2022-09-26T22:37:27","modified_gmt":"2022-09-26T20:37:27","slug":"pass-culture-audiovisuel-le-budget-de-la-culture-explique-en-quatre-chiffres-cles","status":"publish","type":"post","link":"https:\/\/hierostrasbourg.com\/index.php\/2022\/09\/26\/pass-culture-audiovisuel-le-budget-de-la-culture-explique-en-quatre-chiffres-cles\/","title":{"rendered":"Pass culture, audiovisuel\u2026 : le budget de la culture expliqu\u00e9 en quatre chiffres cl\u00e9s"},"content":{"rendered":"<p><a href=\"https:\/\/musiquesactuelles.alsace\/pass-culture-audiovisuel-le-budget-de-la-culture-explique-en-quatre-chiffres-cles\/\" title=\"Pass culture, audiovisuel\u2026 : le budget de la culture expliqu\u00e9 en quatre chiffres cl\u00e9s\"><\/a><\/p>\n<p>La ministre de la Culture, Rima Abdul-Malak, a pr\u00e9sent\u00e9 son premier budget. Un pass culture consolid\u00e9, un soutien pour les lieux de culture confront\u00e9s \u00e0 la hausse des prix de l\u2019\u00e9nergie, le financement de l\u2019audiovisuel\u2026 Voici ce qu\u2019il faut retenir. Source \/ Lie la suite : Pass culture, audiovisuel\u2026 : le budget de la culture expliqu\u00e9 en quatre chiffres cl\u00e9s<\/p>\n<p>L\u2019article <a href=\"https:\/\/musiquesactuelles.alsace\/pass-culture-audiovisuel-le-budget-de-la-culture-explique-en-quatre-chiffres-cles\/\">Pass culture, audiovisuel\u2026 : le budget de la culture expliqu\u00e9 en quatre chiffres cl\u00e9s<\/a> est apparu en premier sur <a href=\"https:\/\/musiquesactuelles.alsace\/\">Musiques Actuelles en Alsace<\/a>.<\/p>\n<p>L\u2019article <a href=\"https:\/\/popburo.fr\/pass-culture-audiovisuel-le-budget-de-la-culture-explique-en-quatre-chiffres-cles\/\">Pass culture, audiovisuel\u2026 : le budget de la culture expliqu\u00e9 en quatre chiffres cl\u00e9s<\/a> est apparu en premier sur <a href=\"https:\/\/popburo.fr\/\">POP B\u00dcRO<\/a>.<\/p>\n","protected":false},"excerpt":{"rendered":"<p>La ministre de la Culture, Rima Abdul-Malak, a pr\u00e9sent\u00e9 son premier budget. Un pass culture consolid\u00e9, un soutien pour les lieux de culture confront\u00e9s \u00e0 la hausse des prix de l\u2019\u00e9nergie, le financement de l\u2019audiovisuel\u2026 Voici ce qu\u2019il faut retenir. Source \/ Lie la suite : Pass culture, audiovisuel\u2026 : le budget de la culture expliqu\u00e9 en quatre chiffres cl\u00e9s L\u2019article Pass culture, audiovisuel\u2026 : le budget de la culture expliqu\u00e9 en quatre chiffres cl\u00e9s est apparu en premier sur [&hellip;]<\/p>\n","protected":false},"author":0,"featured_media":0,"comment_status":"closed","ping_status":"open","sticky":false,"template":"","format":"standard","meta":{"footnotes":""},"categories":[1],"tags":[],"class_list":["post-3704","post","type-post","status-publish","format-standard","hentry","category-non-classe"],"yoast_head":"<!-- This site is optimized with the Yoast SEO plugin v27.5 - https:\/\/yoast.com\/product\/yoast-seo-wordpress\/ -->\n<title>Pass culture, audiovisuel\u2026 : le budget de la culture expliqu\u00e9 en quatre chiffres cl\u00e9s - HIERO STRASBOURG<\/title>\n<meta name=\"robots\" content=\"index, follow, max-snippet:-1, max-image-preview:large, max-video-preview:-1\" \/>\n<link rel=\"canonical\" href=\"https:\/\/hierostrasbourg.com\/index.php\/2022\/09\/26\/pass-culture-audiovisuel-le-budget-de-la-culture-explique-en-quatre-chiffres-cles\/\" \/>\n<meta property=\"og:locale\" content=\"fr_FR\" \/>\n<meta property=\"og:type\" content=\"article\" \/>\n<meta property=\"og:title\" content=\"Pass culture, audiovisuel\u2026 : le budget de la culture expliqu\u00e9 en quatre chiffres cl\u00e9s - HIERO STRASBOURG\" \/>\n<meta property=\"og:description\" content=\"La ministre de la Culture, Rima Abdul-Malak, a pr\u00e9sent\u00e9 son premier budget. Un pass culture consolid\u00e9, un soutien pour les lieux de culture confront\u00e9s \u00e0 la hausse des prix de l\u2019\u00e9nergie, le financement de l\u2019audiovisuel\u2026 Voici ce qu\u2019il faut retenir. Source \/ Lie la suite : Pass culture, audiovisuel\u2026 : le budget de la culture expliqu\u00e9 en quatre chiffres cl\u00e9s L\u2019article Pass culture, audiovisuel\u2026 : le budget de la culture expliqu\u00e9 en quatre chiffres cl\u00e9s est apparu en premier sur [&hellip;]\" \/>\n<meta property=\"og:url\" content=\"https:\/\/hierostrasbourg.com\/index.php\/2022\/09\/26\/pass-culture-audiovisuel-le-budget-de-la-culture-explique-en-quatre-chiffres-cles\/\" \/>\n<meta property=\"og:site_name\" content=\"HIERO STRASBOURG\" \/>\n<meta property=\"article:publisher\" content=\"https:\/\/www.facebook.com\/fedehierostrasbourg\" \/>\n<meta property=\"article:published_time\" content=\"2022-09-26T20:37:27+00:00\" \/>\n<meta name=\"twitter:card\" content=\"summary_large_image\" \/>\n<meta name=\"twitter:creator\" content=\"@hierostrasbourg\" \/>\n<meta name=\"twitter:site\" content=\"@hierostrasbourg\" \/>\n<meta name=\"twitter:label1\" content=\"Dur\u00e9e de lecture estim\u00e9e\" \/>\n\t<meta name=\"twitter:data1\" content=\"1 minute\" \/>\n<script type=\"application\/ld+json\" class=\"yoast-schema-graph\">{\"@context\":\"https:\\\/\\\/schema.org\",\"@graph\":[{\"@type\":\"Article\",\"@id\":\"https:\\\/\\\/hierostrasbourg.com\\\/index.php\\\/2022\\\/09\\\/26\\\/pass-culture-audiovisuel-le-budget-de-la-culture-explique-en-quatre-chiffres-cles\\\/#article\",\"isPartOf\":{\"@id\":\"https:\\\/\\\/hierostrasbourg.com\\\/index.php\\\/2022\\\/09\\\/26\\\/pass-culture-audiovisuel-le-budget-de-la-culture-explique-en-quatre-chiffres-cles\\\/\"},\"author\":{\"name\":\"\",\"@id\":\"\"},\"headline\":\"Pass culture, audiovisuel\u2026 : le budget de la culture expliqu\u00e9 en quatre chiffres cl\u00e9s\",\"datePublished\":\"2022-09-26T20:37:27+00:00\",\"mainEntityOfPage\":{\"@id\":\"https:\\\/\\\/hierostrasbourg.com\\\/index.php\\\/2022\\\/09\\\/26\\\/pass-culture-audiovisuel-le-budget-de-la-culture-explique-en-quatre-chiffres-cles\\\/\"},\"wordCount\":125,\"publisher\":{\"@id\":\"https:\\\/\\\/hierostrasbourg.com\\\/#organization\"},\"inLanguage\":\"fr-FR\"},{\"@type\":\"WebPage\",\"@id\":\"https:\\\/\\\/hierostrasbourg.com\\\/index.php\\\/2022\\\/09\\\/26\\\/pass-culture-audiovisuel-le-budget-de-la-culture-explique-en-quatre-chiffres-cles\\\/\",\"url\":\"https:\\\/\\\/hierostrasbourg.com\\\/index.php\\\/2022\\\/09\\\/26\\\/pass-culture-audiovisuel-le-budget-de-la-culture-explique-en-quatre-chiffres-cles\\\/\",\"name\":\"Pass culture, audiovisuel\u2026 : le budget de la culture expliqu\u00e9 en quatre chiffres cl\u00e9s - HIERO STRASBOURG\",\"isPartOf\":{\"@id\":\"https:\\\/\\\/hierostrasbourg.com\\\/#website\"},\"datePublished\":\"2022-09-26T20:37:27+00:00\",\"breadcrumb\":{\"@id\":\"https:\\\/\\\/hierostrasbourg.com\\\/index.php\\\/2022\\\/09\\\/26\\\/pass-culture-audiovisuel-le-budget-de-la-culture-explique-en-quatre-chiffres-cles\\\/#breadcrumb\"},\"inLanguage\":\"fr-FR\",\"potentialAction\":[{\"@type\":\"ReadAction\",\"target\":[\"https:\\\/\\\/hierostrasbourg.com\\\/index.php\\\/2022\\\/09\\\/26\\\/pass-culture-audiovisuel-le-budget-de-la-culture-explique-en-quatre-chiffres-cles\\\/\"]}]},{\"@type\":\"BreadcrumbList\",\"@id\":\"https:\\\/\\\/hierostrasbourg.com\\\/index.php\\\/2022\\\/09\\\/26\\\/pass-culture-audiovisuel-le-budget-de-la-culture-explique-en-quatre-chiffres-cles\\\/#breadcrumb\",\"itemListElement\":[{\"@type\":\"ListItem\",\"position\":1,\"name\":\"Accueil\",\"item\":\"https:\\\/\\\/hierostrasbourg.com\\\/\"},{\"@type\":\"ListItem\",\"position\":2,\"name\":\"Pass culture, audiovisuel\u2026 : le budget de la culture expliqu\u00e9 en quatre chiffres cl\u00e9s\"}]},{\"@type\":\"WebSite\",\"@id\":\"https:\\\/\\\/hierostrasbourg.com\\\/#website\",\"url\":\"https:\\\/\\\/hierostrasbourg.com\\\/\",\"name\":\"HIERO STRASBOURG\",\"description\":\"Centre de Ressources Musiques Actuelles\",\"publisher\":{\"@id\":\"https:\\\/\\\/hierostrasbourg.com\\\/#organization\"},\"potentialAction\":[{\"@type\":\"SearchAction\",\"target\":{\"@type\":\"EntryPoint\",\"urlTemplate\":\"https:\\\/\\\/hierostrasbourg.com\\\/?s={search_term_string}\"},\"query-input\":{\"@type\":\"PropertyValueSpecification\",\"valueRequired\":true,\"valueName\":\"search_term_string\"}}],\"inLanguage\":\"fr-FR\"},{\"@type\":\"Organization\",\"@id\":\"https:\\\/\\\/hierostrasbourg.com\\\/#organization\",\"name\":\"F\u00e9d\u00e9ration Hi\u00e9ro Strasbourg\",\"url\":\"https:\\\/\\\/hierostrasbourg.com\\\/\",\"logo\":{\"@type\":\"ImageObject\",\"inLanguage\":\"fr-FR\",\"@id\":\"https:\\\/\\\/hierostrasbourg.com\\\/#\\\/schema\\\/logo\\\/image\\\/\",\"url\":\"https:\\\/\\\/hierostrasbourg.com\\\/wp-content\\\/uploads\\\/2026\\\/04\\\/logo-hiero-strasbourg.jpg\",\"contentUrl\":\"https:\\\/\\\/hierostrasbourg.com\\\/wp-content\\\/uploads\\\/2026\\\/04\\\/logo-hiero-strasbourg.jpg\",\"width\":204,\"height\":192,\"caption\":\"F\u00e9d\u00e9ration Hi\u00e9ro Strasbourg\"},\"image\":{\"@id\":\"https:\\\/\\\/hierostrasbourg.com\\\/#\\\/schema\\\/logo\\\/image\\\/\"},\"sameAs\":[\"https:\\\/\\\/www.facebook.com\\\/fedehierostrasbourg\",\"https:\\\/\\\/x.com\\\/hierostrasbourg\"]}]}<\/script>\n<!-- \/ Yoast SEO plugin. -->","yoast_head_json":{"title":"Pass culture, audiovisuel\u2026 : le budget de la culture expliqu\u00e9 en quatre chiffres cl\u00e9s - HIERO STRASBOURG","robots":{"index":"index","follow":"follow","max-snippet":"max-snippet:-1","max-image-preview":"max-image-preview:large","max-video-preview":"max-video-preview:-1"},"canonical":"https:\/\/hierostrasbourg.com\/index.php\/2022\/09\/26\/pass-culture-audiovisuel-le-budget-de-la-culture-explique-en-quatre-chiffres-cles\/","og_locale":"fr_FR","og_type":"article","og_title":"Pass culture, audiovisuel\u2026 : le budget de la culture expliqu\u00e9 en quatre chiffres cl\u00e9s - HIERO STRASBOURG","og_description":"La ministre de la Culture, Rima Abdul-Malak, a pr\u00e9sent\u00e9 son premier budget. Un pass culture consolid\u00e9, un soutien pour les lieux de culture confront\u00e9s \u00e0 la hausse des prix de l\u2019\u00e9nergie, le financement de l\u2019audiovisuel\u2026 Voici ce qu\u2019il faut retenir. Source \/ Lie la suite : Pass culture, audiovisuel\u2026 : le budget de la culture expliqu\u00e9 en quatre chiffres cl\u00e9s L\u2019article Pass culture, audiovisuel\u2026 : le budget de la culture expliqu\u00e9 en quatre chiffres cl\u00e9s est apparu en premier sur [&hellip;]","og_url":"https:\/\/hierostrasbourg.com\/index.php\/2022\/09\/26\/pass-culture-audiovisuel-le-budget-de-la-culture-explique-en-quatre-chiffres-cles\/","og_site_name":"HIERO STRASBOURG","article_publisher":"https:\/\/www.facebook.com\/fedehierostrasbourg","article_published_time":"2022-09-26T20:37:27+00:00","twitter_card":"summary_large_image","twitter_creator":"@hierostrasbourg","twitter_site":"@hierostrasbourg","twitter_misc":{"Dur\u00e9e de lecture estim\u00e9e":"1 minute"},"schema":{"@context":"https:\/\/schema.org","@graph":[{"@type":"Article","@id":"https:\/\/hierostrasbourg.com\/index.php\/2022\/09\/26\/pass-culture-audiovisuel-le-budget-de-la-culture-explique-en-quatre-chiffres-cles\/#article","isPartOf":{"@id":"https:\/\/hierostrasbourg.com\/index.php\/2022\/09\/26\/pass-culture-audiovisuel-le-budget-de-la-culture-explique-en-quatre-chiffres-cles\/"},"author":{"name":"","@id":""},"headline":"Pass culture, audiovisuel\u2026 : le budget de la culture expliqu\u00e9 en quatre chiffres cl\u00e9s","datePublished":"2022-09-26T20:37:27+00:00","mainEntityOfPage":{"@id":"https:\/\/hierostrasbourg.com\/index.php\/2022\/09\/26\/pass-culture-audiovisuel-le-budget-de-la-culture-explique-en-quatre-chiffres-cles\/"},"wordCount":125,"publisher":{"@id":"https:\/\/hierostrasbourg.com\/#organization"},"inLanguage":"fr-FR"},{"@type":"WebPage","@id":"https:\/\/hierostrasbourg.com\/index.php\/2022\/09\/26\/pass-culture-audiovisuel-le-budget-de-la-culture-explique-en-quatre-chiffres-cles\/","url":"https:\/\/hierostrasbourg.com\/index.php\/2022\/09\/26\/pass-culture-audiovisuel-le-budget-de-la-culture-explique-en-quatre-chiffres-cles\/","name":"Pass culture, audiovisuel\u2026 : le budget de la culture expliqu\u00e9 en quatre chiffres cl\u00e9s - HIERO STRASBOURG","isPartOf":{"@id":"https:\/\/hierostrasbourg.com\/#website"},"datePublished":"2022-09-26T20:37:27+00:00","breadcrumb":{"@id":"https:\/\/hierostrasbourg.com\/index.php\/2022\/09\/26\/pass-culture-audiovisuel-le-budget-de-la-culture-explique-en-quatre-chiffres-cles\/#breadcrumb"},"inLanguage":"fr-FR","potentialAction":[{"@type":"ReadAction","target":["https:\/\/hierostrasbourg.com\/index.php\/2022\/09\/26\/pass-culture-audiovisuel-le-budget-de-la-culture-explique-en-quatre-chiffres-cles\/"]}]},{"@type":"BreadcrumbList","@id":"https:\/\/hierostrasbourg.com\/index.php\/2022\/09\/26\/pass-culture-audiovisuel-le-budget-de-la-culture-explique-en-quatre-chiffres-cles\/#breadcrumb","itemListElement":[{"@type":"ListItem","position":1,"name":"Accueil","item":"https:\/\/hierostrasbourg.com\/"},{"@type":"ListItem","position":2,"name":"Pass culture, audiovisuel\u2026 : le budget de la culture expliqu\u00e9 en quatre chiffres cl\u00e9s"}]},{"@type":"WebSite","@id":"https:\/\/hierostrasbourg.com\/#website","url":"https:\/\/hierostrasbourg.com\/","name":"HIERO STRASBOURG","description":"Centre de Ressources Musiques Actuelles","publisher":{"@id":"https:\/\/hierostrasbourg.com\/#organization"},"potentialAction":[{"@type":"SearchAction","target":{"@type":"EntryPoint","urlTemplate":"https:\/\/hierostrasbourg.com\/?s={search_term_string}"},"query-input":{"@type":"PropertyValueSpecification","valueRequired":true,"valueName":"search_term_string"}}],"inLanguage":"fr-FR"},{"@type":"Organization","@id":"https:\/\/hierostrasbourg.com\/#organization","name":"F\u00e9d\u00e9ration Hi\u00e9ro Strasbourg","url":"https:\/\/hierostrasbourg.com\/","logo":{"@type":"ImageObject","inLanguage":"fr-FR","@id":"https:\/\/hierostrasbourg.com\/#\/schema\/logo\/image\/","url":"https:\/\/hierostrasbourg.com\/wp-content\/uploads\/2026\/04\/logo-hiero-strasbourg.jpg","contentUrl":"https:\/\/hierostrasbourg.com\/wp-content\/uploads\/2026\/04\/logo-hiero-strasbourg.jpg","width":204,"height":192,"caption":"F\u00e9d\u00e9ration Hi\u00e9ro Strasbourg"},"image":{"@id":"https:\/\/hierostrasbourg.com\/#\/schema\/logo\/image\/"},"sameAs":["https:\/\/www.facebook.com\/fedehierostrasbourg","https:\/\/x.com\/hierostrasbourg"]}]}},"_links":{"self":[{"href":"https:\/\/hierostrasbourg.com\/index.php\/wp-json\/wp\/v2\/posts\/3704","targetHints":{"allow":["GET"]}}],"collection":[{"href":"https:\/\/hierostrasbourg.com\/index.php\/wp-json\/wp\/v2\/posts"}],"about":[{"href":"https:\/\/hierostrasbourg.com\/index.php\/wp-json\/wp\/v2\/types\/post"}],"replies":[{"embeddable":true,"href":"https:\/\/hierostrasbourg.com\/index.php\/wp-json\/wp\/v2\/comments?post=3704"}],"version-history":[{"count":0,"href":"https:\/\/hierostrasbourg.com\/index.php\/wp-json\/wp\/v2\/posts\/3704\/revisions"}],"wp:attachment":[{"href":"https:\/\/hierostrasbourg.com\/index.php\/wp-json\/wp\/v2\/media?parent=3704"}],"wp:term":[{"taxonomy":"category","embeddable":true,"href":"https:\/\/hierostrasbourg.com\/index.php\/wp-json\/wp\/v2\/categories?post=3704"},{"taxonomy":"post_tag","embeddable":true,"href":"https:\/\/hierostrasbourg.com\/index.php\/wp-json\/wp\/v2\/tags?post=3704"}],"curies":[{"name":"wp","href":"https:\/\/api.w.org\/{rel}","templated":true}]}}