{"id":3702,"date":"2022-09-26T17:32:05","date_gmt":"2022-09-26T15:32:05","guid":{"rendered":"https:\/\/hierostrasbourg.com\/index.php\/2022\/09\/26\/le-budget-de-la-culture-en-hausse-avec-42-milliards-deuros\/"},"modified":"2022-09-26T17:32:05","modified_gmt":"2022-09-26T15:32:05","slug":"le-budget-de-la-culture-en-hausse-avec-42-milliards-deuros","status":"publish","type":"post","link":"https:\/\/hierostrasbourg.com\/index.php\/2022\/09\/26\/le-budget-de-la-culture-en-hausse-avec-42-milliards-deuros\/","title":{"rendered":"Le budget de la Culture en hausse, avec 4,2 milliards d\u2019euros"},"content":{"rendered":"<p><a href=\"https:\/\/musiquesactuelles.alsace\/le-budget-de-la-culture-en-hausse-avec-42-milliards-deuros\/\" title=\"Le budget de la Culture en hausse, avec 4,2 milliards d\u2019euros\"><\/a><\/p>\n<p>Une augmentation de 271 millions (+7%), a \u00e9t\u00e9 annonc\u00e9e lundi par Rima Abdul Malak lors d\u2019une conf\u00e9rence de presse. Il pourra r\u00e9pondre selon la ministre aux mutations et aux d\u00e9fis qui attendent ce secteur. Source \/ Lire la suite : Le budget de la Culture en hausse, avec 4,2 milliards d\u2019euros<\/p>\n<p>L\u2019article <a href=\"https:\/\/musiquesactuelles.alsace\/le-budget-de-la-culture-en-hausse-avec-42-milliards-deuros\/\">Le budget de la Culture en hausse, avec 4,2 milliards d\u2019euros<\/a> est apparu en premier sur <a href=\"https:\/\/musiquesactuelles.alsace\/\">Musiques Actuelles en Alsace<\/a>.<\/p>\n<p>L\u2019article <a href=\"https:\/\/popburo.fr\/le-budget-de-la-culture-en-hausse-avec-42-milliards-deuros\/\">Le budget de la Culture en hausse, avec 4,2 milliards d\u2019euros<\/a> est apparu en premier sur <a href=\"https:\/\/popburo.fr\/\">POP B\u00dcRO<\/a>.<\/p>\n","protected":false},"excerpt":{"rendered":"<p>Une augmentation de 271 millions (+7%), a \u00e9t\u00e9 annonc\u00e9e lundi par Rima Abdul Malak lors d\u2019une conf\u00e9rence de presse. Il pourra r\u00e9pondre selon la ministre aux mutations et aux d\u00e9fis qui attendent ce secteur. Source \/ Lire la suite : Le budget de la Culture en hausse, avec 4,2 milliards d\u2019euros L\u2019article Le budget de la Culture en hausse, avec 4,2 milliards d\u2019euros est apparu en premier sur Musiques Actuelles en Alsace. L\u2019article Le budget de la Culture en hausse, [&hellip;]<\/p>\n","protected":false},"author":0,"featured_media":0,"comment_status":"closed","ping_status":"open","sticky":false,"template":"","format":"standard","meta":{"footnotes":""},"categories":[1],"tags":[],"class_list":["post-3702","post","type-post","status-publish","format-standard","hentry","category-non-classe"],"yoast_head":"<!-- This site is optimized with the Yoast SEO plugin v27.5 - https:\/\/yoast.com\/product\/yoast-seo-wordpress\/ -->\n<title>Le budget de la Culture en hausse, avec 4,2 milliards d\u2019euros - HIERO STRASBOURG<\/title>\n<meta name=\"robots\" content=\"index, follow, max-snippet:-1, max-image-preview:large, max-video-preview:-1\" \/>\n<link rel=\"canonical\" href=\"https:\/\/hierostrasbourg.com\/index.php\/2022\/09\/26\/le-budget-de-la-culture-en-hausse-avec-42-milliards-deuros\/\" \/>\n<meta property=\"og:locale\" content=\"fr_FR\" \/>\n<meta property=\"og:type\" content=\"article\" \/>\n<meta property=\"og:title\" content=\"Le budget de la Culture en hausse, avec 4,2 milliards d\u2019euros - HIERO STRASBOURG\" \/>\n<meta property=\"og:description\" content=\"Une augmentation de 271 millions (+7%), a \u00e9t\u00e9 annonc\u00e9e lundi par Rima Abdul Malak lors d\u2019une conf\u00e9rence de presse. Il pourra r\u00e9pondre selon la ministre aux mutations et aux d\u00e9fis qui attendent ce secteur. Source \/ Lire la suite : Le budget de la Culture en hausse, avec 4,2 milliards d\u2019euros L\u2019article Le budget de la Culture en hausse, avec 4,2 milliards d\u2019euros est apparu en premier sur Musiques Actuelles en Alsace. L\u2019article Le budget de la Culture en hausse, [&hellip;]\" \/>\n<meta property=\"og:url\" content=\"https:\/\/hierostrasbourg.com\/index.php\/2022\/09\/26\/le-budget-de-la-culture-en-hausse-avec-42-milliards-deuros\/\" \/>\n<meta property=\"og:site_name\" content=\"HIERO STRASBOURG\" \/>\n<meta property=\"article:publisher\" content=\"https:\/\/www.facebook.com\/fedehierostrasbourg\" \/>\n<meta property=\"article:published_time\" content=\"2022-09-26T15:32:05+00:00\" \/>\n<meta name=\"twitter:card\" content=\"summary_large_image\" \/>\n<meta name=\"twitter:creator\" content=\"@hierostrasbourg\" \/>\n<meta name=\"twitter:site\" content=\"@hierostrasbourg\" \/>\n<script type=\"application\/ld+json\" class=\"yoast-schema-graph\">{\"@context\":\"https:\\\/\\\/schema.org\",\"@graph\":[{\"@type\":\"Article\",\"@id\":\"https:\\\/\\\/hierostrasbourg.com\\\/index.php\\\/2022\\\/09\\\/26\\\/le-budget-de-la-culture-en-hausse-avec-42-milliards-deuros\\\/#article\",\"isPartOf\":{\"@id\":\"https:\\\/\\\/hierostrasbourg.com\\\/index.php\\\/2022\\\/09\\\/26\\\/le-budget-de-la-culture-en-hausse-avec-42-milliards-deuros\\\/\"},\"author\":{\"name\":\"\",\"@id\":\"\"},\"headline\":\"Le budget de la Culture en hausse, avec 4,2 milliards d\u2019euros\",\"datePublished\":\"2022-09-26T15:32:05+00:00\",\"mainEntityOfPage\":{\"@id\":\"https:\\\/\\\/hierostrasbourg.com\\\/index.php\\\/2022\\\/09\\\/26\\\/le-budget-de-la-culture-en-hausse-avec-42-milliards-deuros\\\/\"},\"wordCount\":106,\"publisher\":{\"@id\":\"https:\\\/\\\/hierostrasbourg.com\\\/#organization\"},\"inLanguage\":\"fr-FR\"},{\"@type\":\"WebPage\",\"@id\":\"https:\\\/\\\/hierostrasbourg.com\\\/index.php\\\/2022\\\/09\\\/26\\\/le-budget-de-la-culture-en-hausse-avec-42-milliards-deuros\\\/\",\"url\":\"https:\\\/\\\/hierostrasbourg.com\\\/index.php\\\/2022\\\/09\\\/26\\\/le-budget-de-la-culture-en-hausse-avec-42-milliards-deuros\\\/\",\"name\":\"Le budget de la Culture en hausse, avec 4,2 milliards d\u2019euros - HIERO STRASBOURG\",\"isPartOf\":{\"@id\":\"https:\\\/\\\/hierostrasbourg.com\\\/#website\"},\"datePublished\":\"2022-09-26T15:32:05+00:00\",\"breadcrumb\":{\"@id\":\"https:\\\/\\\/hierostrasbourg.com\\\/index.php\\\/2022\\\/09\\\/26\\\/le-budget-de-la-culture-en-hausse-avec-42-milliards-deuros\\\/#breadcrumb\"},\"inLanguage\":\"fr-FR\",\"potentialAction\":[{\"@type\":\"ReadAction\",\"target\":[\"https:\\\/\\\/hierostrasbourg.com\\\/index.php\\\/2022\\\/09\\\/26\\\/le-budget-de-la-culture-en-hausse-avec-42-milliards-deuros\\\/\"]}]},{\"@type\":\"BreadcrumbList\",\"@id\":\"https:\\\/\\\/hierostrasbourg.com\\\/index.php\\\/2022\\\/09\\\/26\\\/le-budget-de-la-culture-en-hausse-avec-42-milliards-deuros\\\/#breadcrumb\",\"itemListElement\":[{\"@type\":\"ListItem\",\"position\":1,\"name\":\"Accueil\",\"item\":\"https:\\\/\\\/hierostrasbourg.com\\\/\"},{\"@type\":\"ListItem\",\"position\":2,\"name\":\"Le budget de la Culture en hausse, avec 4,2 milliards d\u2019euros\"}]},{\"@type\":\"WebSite\",\"@id\":\"https:\\\/\\\/hierostrasbourg.com\\\/#website\",\"url\":\"https:\\\/\\\/hierostrasbourg.com\\\/\",\"name\":\"HIERO STRASBOURG\",\"description\":\"Centre de Ressources Musiques Actuelles\",\"publisher\":{\"@id\":\"https:\\\/\\\/hierostrasbourg.com\\\/#organization\"},\"potentialAction\":[{\"@type\":\"SearchAction\",\"target\":{\"@type\":\"EntryPoint\",\"urlTemplate\":\"https:\\\/\\\/hierostrasbourg.com\\\/?s={search_term_string}\"},\"query-input\":{\"@type\":\"PropertyValueSpecification\",\"valueRequired\":true,\"valueName\":\"search_term_string\"}}],\"inLanguage\":\"fr-FR\"},{\"@type\":\"Organization\",\"@id\":\"https:\\\/\\\/hierostrasbourg.com\\\/#organization\",\"name\":\"F\u00e9d\u00e9ration Hi\u00e9ro Strasbourg\",\"url\":\"https:\\\/\\\/hierostrasbourg.com\\\/\",\"logo\":{\"@type\":\"ImageObject\",\"inLanguage\":\"fr-FR\",\"@id\":\"https:\\\/\\\/hierostrasbourg.com\\\/#\\\/schema\\\/logo\\\/image\\\/\",\"url\":\"https:\\\/\\\/hierostrasbourg.com\\\/wp-content\\\/uploads\\\/2026\\\/04\\\/logo-hiero-strasbourg.jpg\",\"contentUrl\":\"https:\\\/\\\/hierostrasbourg.com\\\/wp-content\\\/uploads\\\/2026\\\/04\\\/logo-hiero-strasbourg.jpg\",\"width\":204,\"height\":192,\"caption\":\"F\u00e9d\u00e9ration Hi\u00e9ro Strasbourg\"},\"image\":{\"@id\":\"https:\\\/\\\/hierostrasbourg.com\\\/#\\\/schema\\\/logo\\\/image\\\/\"},\"sameAs\":[\"https:\\\/\\\/www.facebook.com\\\/fedehierostrasbourg\",\"https:\\\/\\\/x.com\\\/hierostrasbourg\"]}]}<\/script>\n<!-- \/ Yoast SEO plugin. -->","yoast_head_json":{"title":"Le budget de la Culture en hausse, avec 4,2 milliards d\u2019euros - HIERO STRASBOURG","robots":{"index":"index","follow":"follow","max-snippet":"max-snippet:-1","max-image-preview":"max-image-preview:large","max-video-preview":"max-video-preview:-1"},"canonical":"https:\/\/hierostrasbourg.com\/index.php\/2022\/09\/26\/le-budget-de-la-culture-en-hausse-avec-42-milliards-deuros\/","og_locale":"fr_FR","og_type":"article","og_title":"Le budget de la Culture en hausse, avec 4,2 milliards d\u2019euros - HIERO STRASBOURG","og_description":"Une augmentation de 271 millions (+7%), a \u00e9t\u00e9 annonc\u00e9e lundi par Rima Abdul Malak lors d\u2019une conf\u00e9rence de presse. Il pourra r\u00e9pondre selon la ministre aux mutations et aux d\u00e9fis qui attendent ce secteur. Source \/ Lire la suite : Le budget de la Culture en hausse, avec 4,2 milliards d\u2019euros L\u2019article Le budget de la Culture en hausse, avec 4,2 milliards d\u2019euros est apparu en premier sur Musiques Actuelles en Alsace. L\u2019article Le budget de la Culture en hausse, [&hellip;]","og_url":"https:\/\/hierostrasbourg.com\/index.php\/2022\/09\/26\/le-budget-de-la-culture-en-hausse-avec-42-milliards-deuros\/","og_site_name":"HIERO STRASBOURG","article_publisher":"https:\/\/www.facebook.com\/fedehierostrasbourg","article_published_time":"2022-09-26T15:32:05+00:00","twitter_card":"summary_large_image","twitter_creator":"@hierostrasbourg","twitter_site":"@hierostrasbourg","schema":{"@context":"https:\/\/schema.org","@graph":[{"@type":"Article","@id":"https:\/\/hierostrasbourg.com\/index.php\/2022\/09\/26\/le-budget-de-la-culture-en-hausse-avec-42-milliards-deuros\/#article","isPartOf":{"@id":"https:\/\/hierostrasbourg.com\/index.php\/2022\/09\/26\/le-budget-de-la-culture-en-hausse-avec-42-milliards-deuros\/"},"author":{"name":"","@id":""},"headline":"Le budget de la Culture en hausse, avec 4,2 milliards d\u2019euros","datePublished":"2022-09-26T15:32:05+00:00","mainEntityOfPage":{"@id":"https:\/\/hierostrasbourg.com\/index.php\/2022\/09\/26\/le-budget-de-la-culture-en-hausse-avec-42-milliards-deuros\/"},"wordCount":106,"publisher":{"@id":"https:\/\/hierostrasbourg.com\/#organization"},"inLanguage":"fr-FR"},{"@type":"WebPage","@id":"https:\/\/hierostrasbourg.com\/index.php\/2022\/09\/26\/le-budget-de-la-culture-en-hausse-avec-42-milliards-deuros\/","url":"https:\/\/hierostrasbourg.com\/index.php\/2022\/09\/26\/le-budget-de-la-culture-en-hausse-avec-42-milliards-deuros\/","name":"Le budget de la Culture en hausse, avec 4,2 milliards d\u2019euros - HIERO STRASBOURG","isPartOf":{"@id":"https:\/\/hierostrasbourg.com\/#website"},"datePublished":"2022-09-26T15:32:05+00:00","breadcrumb":{"@id":"https:\/\/hierostrasbourg.com\/index.php\/2022\/09\/26\/le-budget-de-la-culture-en-hausse-avec-42-milliards-deuros\/#breadcrumb"},"inLanguage":"fr-FR","potentialAction":[{"@type":"ReadAction","target":["https:\/\/hierostrasbourg.com\/index.php\/2022\/09\/26\/le-budget-de-la-culture-en-hausse-avec-42-milliards-deuros\/"]}]},{"@type":"BreadcrumbList","@id":"https:\/\/hierostrasbourg.com\/index.php\/2022\/09\/26\/le-budget-de-la-culture-en-hausse-avec-42-milliards-deuros\/#breadcrumb","itemListElement":[{"@type":"ListItem","position":1,"name":"Accueil","item":"https:\/\/hierostrasbourg.com\/"},{"@type":"ListItem","position":2,"name":"Le budget de la Culture en hausse, avec 4,2 milliards d\u2019euros"}]},{"@type":"WebSite","@id":"https:\/\/hierostrasbourg.com\/#website","url":"https:\/\/hierostrasbourg.com\/","name":"HIERO STRASBOURG","description":"Centre de Ressources Musiques Actuelles","publisher":{"@id":"https:\/\/hierostrasbourg.com\/#organization"},"potentialAction":[{"@type":"SearchAction","target":{"@type":"EntryPoint","urlTemplate":"https:\/\/hierostrasbourg.com\/?s={search_term_string}"},"query-input":{"@type":"PropertyValueSpecification","valueRequired":true,"valueName":"search_term_string"}}],"inLanguage":"fr-FR"},{"@type":"Organization","@id":"https:\/\/hierostrasbourg.com\/#organization","name":"F\u00e9d\u00e9ration Hi\u00e9ro Strasbourg","url":"https:\/\/hierostrasbourg.com\/","logo":{"@type":"ImageObject","inLanguage":"fr-FR","@id":"https:\/\/hierostrasbourg.com\/#\/schema\/logo\/image\/","url":"https:\/\/hierostrasbourg.com\/wp-content\/uploads\/2026\/04\/logo-hiero-strasbourg.jpg","contentUrl":"https:\/\/hierostrasbourg.com\/wp-content\/uploads\/2026\/04\/logo-hiero-strasbourg.jpg","width":204,"height":192,"caption":"F\u00e9d\u00e9ration Hi\u00e9ro Strasbourg"},"image":{"@id":"https:\/\/hierostrasbourg.com\/#\/schema\/logo\/image\/"},"sameAs":["https:\/\/www.facebook.com\/fedehierostrasbourg","https:\/\/x.com\/hierostrasbourg"]}]}},"_links":{"self":[{"href":"https:\/\/hierostrasbourg.com\/index.php\/wp-json\/wp\/v2\/posts\/3702","targetHints":{"allow":["GET"]}}],"collection":[{"href":"https:\/\/hierostrasbourg.com\/index.php\/wp-json\/wp\/v2\/posts"}],"about":[{"href":"https:\/\/hierostrasbourg.com\/index.php\/wp-json\/wp\/v2\/types\/post"}],"replies":[{"embeddable":true,"href":"https:\/\/hierostrasbourg.com\/index.php\/wp-json\/wp\/v2\/comments?post=3702"}],"version-history":[{"count":0,"href":"https:\/\/hierostrasbourg.com\/index.php\/wp-json\/wp\/v2\/posts\/3702\/revisions"}],"wp:attachment":[{"href":"https:\/\/hierostrasbourg.com\/index.php\/wp-json\/wp\/v2\/media?parent=3702"}],"wp:term":[{"taxonomy":"category","embeddable":true,"href":"https:\/\/hierostrasbourg.com\/index.php\/wp-json\/wp\/v2\/categories?post=3702"},{"taxonomy":"post_tag","embeddable":true,"href":"https:\/\/hierostrasbourg.com\/index.php\/wp-json\/wp\/v2\/tags?post=3702"}],"curies":[{"name":"wp","href":"https:\/\/api.w.org\/{rel}","templated":true}]}}