{"id":3698,"date":"2022-09-25T19:32:03","date_gmt":"2022-09-25T17:32:03","guid":{"rendered":"https:\/\/hierostrasbourg.com\/index.php\/2022\/09\/25\/le-tns-recrute-un-adjoint-au-responsable-des-formations-techniques-et-de-la-formation-continue-f-h-4\/"},"modified":"2022-09-25T19:32:03","modified_gmt":"2022-09-25T17:32:03","slug":"le-tns-recrute-un-adjoint-au-responsable-des-formations-techniques-et-de-la-formation-continue-f-h-4","status":"publish","type":"post","link":"https:\/\/hierostrasbourg.com\/index.php\/2022\/09\/25\/le-tns-recrute-un-adjoint-au-responsable-des-formations-techniques-et-de-la-formation-continue-f-h-4\/","title":{"rendered":"Le TNS recrute un adjoint au responsable des formations techniques et de la formation continue [F\/H]"},"content":{"rendered":"<p>Lieu unique dans le paysage th\u00e9\u00e2tral fran\u00e7ais, le Th\u00e9\u00e2tre National de Strasbourg (TNS) est le seul th\u00e9\u00e2tre national implant\u00e9 en r\u00e9gion. Etablissement public plac\u00e9 sous la tutelle du minist\u00e8re de la Culture, il comprend pr\u00e8s de cent salari\u00e9s permanents et accueille chaque mois de nombreux artistes et intermittents techniques. En outre, le TNS abrite en son sein une \u00c9cole sup\u00e9rieure d\u2019art dramatique interdisciplinaire qui accueille en permanence deux promotions r\u00e9unissant une cinquantaine d\u2019\u00e9l\u00e8ves dans le cadre d\u2019un parcours de formation de trois ans, ainsi que des ateliers de construction de d\u00e9cors et de costumes, des salles de spectacles et de r\u00e9p\u00e9titions.<br \/>\nLe Th\u00e9\u00e2tre National de Strasbourg recherche, pour int\u00e9grer l\u2019\u00e9quipe permanente de l\u2019Ecole, un\u00b7e adjoint\u00b7e au responsable des formations techniques et de la formation continue (cadre) en contrat \u00e0 dur\u00e9e ind\u00e9termin\u00e9e (CDI), disposant d\u2019une comp\u00e9tence marqu\u00e9e en r\u00e9gie lumi\u00e8re.<\/p>\n<h2>MISSIONS<\/h2>\n<p>Plac\u00e9\u00b7e sous l\u2019autorit\u00e9 du responsable des formations techniques et de la formation continue et de la directrice des \u00e9tudes, il.elle assume les missions principales suivantes :<\/p>\n<p>Le.la salari\u00e9.e assiste le responsable des formations techniques et de la formation continue<br \/>\nIl.Elle encadre et participe, en liaison \u00e9troite avec le responsable des formations techniques, aux interventions techniques des ateliers de formation durant chacune des phases de montage, d\u2019exploitation, de d\u00e9montage, de rangement et de stockage tant au si\u00e8ge qu\u2019en tourn\u00e9e ;<br \/>\nIl.Elle participe aux montages (machinerie, lumi\u00e8re, son, vid\u00e9o), d\u00e9montages, chargements, rangements et stockages durant les phases de mise en situation professionnelle des \u00e9l\u00e8ves tant au si\u00e8ge qu\u2019en tourn\u00e9e ;<br \/>\nIl.Elle encadre et r\u00e9alise avec les \u00e9l\u00e8ves, les op\u00e9rations de conception, de pr\u00e9paration et de mise en \u0153uvre dans les domaines de la lumi\u00e8re ;<br \/>\nIl.Elle forme les \u00e9l\u00e8ves aux r\u00e9glages et manipulations des mat\u00e9riels et des appareils qui leur sont confi\u00e9s ;<br \/>\nIl.Elle dispense un enseignement th\u00e9orique et pratique dans ses domaines de comp\u00e9tences (Lumi\u00e8re) ;<br \/>\nIl.Elle est responsable de la maintenance des mat\u00e9riels et des appareils, de l\u2019entretien des lieux d\u2019enseignement et de stockage ;<br \/>\nIl.Elle prend en charge des permanences d\u2019encadrement des \u00e9l\u00e8ves, tant au si\u00e8ge qu\u2019en tourn\u00e9e ;<br \/>\nIl.Elle peut \u00eatre amen\u00e9.e \u00e0 effectuer le transport de mat\u00e9riels ou de personnes tant au si\u00e8ge qu\u2019en tourn\u00e9e ;<br \/>\nIl.Elle suit l\u2019\u00e9volution technologique des diff\u00e9rentes techniques du spectacle vivant ;<br \/>\nIl.Elle assiste le responsable des formations techniques dans le choix du mat\u00e9riel affect\u00e9 au budget \u201cinvestissement\u201d de l\u2019Ecole ;<br \/>\nIl.Elle, en liaison \u00e9troite avec le responsable des formations techniques, contribue au suivi budg\u00e9taire des activit\u00e9s de<br \/>\nl\u2019Ecole et au suivi de l\u2019enveloppe de techniciens additionnels ;<br \/>\nIl.Elle assure le suivi des commandes (r\u00e9ception, marquage, mise \u00e0 jour de l\u2019inventaire et stockage) ;<br \/>\nIl.Elle participe aux r\u00e9unions p\u00e9dagogiques, aux bilans de formations et \u00e0 l\u2019\u00e9valuation individuelle des \u00e9l\u00e8ves ;<br \/>\nIl.Elle participe en tant que membre du jury \u00e0 la s\u00e9lection des candidats lors des concours d\u2019entr\u00e9e ainsi qu\u2019aux jurys d\u2019\u00e9valuation pour la d\u00e9livrance des dipl\u00f4mes dans son domaine de comp\u00e9tence.<\/p>\n<p>En outre, le.la salari\u00e9.e peut \u00eatre amen\u00e9.e \u00e0 assumer les missions compl\u00e9mentaires suivantes :<\/p>\n<p>Le.la salari\u00e9.e peut \u00eatre conduit.e \u00e0 remplacer le responsable des formations techniques dans ses fonctions en son absence ;<br \/>\nIl.Elle contribue \u00e0 l\u2019\u00e9valuation et \u00e0 la mise en place des moyens techniques et humains n\u00e9cessaires aux activit\u00e9s de l\u2019Ecole ;<br \/>\nIl.Elle participe \u00e0 l\u2019\u00e9laboration du programme p\u00e9dagogique de la section R\u00e9gie-Cr\u00e9ation et au choix des intervenants ;<br \/>\nIl.Elle collabore avec le responsable des formations techniques, \u00e0 la planification des formateurs et des intervenants techniques de l\u2019\u00e9cole ;<br \/>\nIl.Elle participe au contr\u00f4le du respect par les \u00e9l\u00e8ves du r\u00e8glement int\u00e9rieur de l\u2019\u00e9cole, et, plus particuli\u00e8rement des calendriers de travail ainsi que des mesures d\u2019hygi\u00e8ne et de s\u00e9curit\u00e9 ;<br \/>\nIl.Elle peut \u00eatre amen\u00e9e \u00e0 g\u00e9rer les budgets affect\u00e9s aux r\u00e9gies techniques des ateliers de l\u2019Ecole ;<br \/>\nIl.Elle est \u00e9galement amen\u00e9.e \u00e0 participer \u00e0 la mise en \u0153uvre technique de modules de formation professionnelle continue ;<br \/>\nIl.Elle peut, de fa\u00e7on exceptionnelle, tenir un poste de r\u00e9gisseur pour une activit\u00e9 de l\u2019Ecole.<\/p>\n<p>Dans l\u2019exercice de ses fonctions, le.la salari\u00e9.e travaille en \u00e9troite collaboration avec la direction technique du TNS (service lumi\u00e8re, r\u00e9gisseurs g\u00e9n\u00e9raux) et les services support de l\u2019\u00e9tablissement (comptabilit\u00e9, RH, informatique et r\u00e9seaux le cas \u00e9ch\u00e9ant).<\/p>\n<h2>PROFIL RECHERCH\u00c9<\/h2>\n<h4>PROFIL REQUIS<\/h4>\n<p>Connaissance du fonctionnement d\u2019un th\u00e9\u00e2tre et\/ou d\u2019un \u00e9tablissement sup\u00e9rieur d\u2019art dramatique ;<br \/>\nConception, montage, exploitation d\u2019installations \u00e9lectriques et gestion d\u2019installations d\u2019\u00e9clairage sc\u00e9nique ;<br \/>\nMa\u00eetrise consoles et logiciels d\u2019\u00e9clairage dont imp\u00e9rative EOS de chez ETC ;<br \/>\nMa\u00eetrise des outils de bureautique<br \/>\nMa\u00eetrise en DAO (Autocad et\/ou Vectorworks) et en CAO (Wysiwyg et\/ou Capture) ;<br \/>\nMa\u00eetrise des bases de s\u00e9curit\u00e9 incendie dans un ERP de type R et L ;<br \/>\nNotions de constructions, accroche, levage et video ;<br \/>\nHabilitation \u00e9lectrique B1-B1V (BR\/BC appr\u00e9ci\u00e9) ;<br \/>\nCACES Nacelle selon R 486 cat\u00e9gorie A (R 486 cat.B et R 489 cat.3 appr\u00e9ci\u00e9s)<br \/>\nComp\u00e9tences p\u00e9dagogiques (cr\u00e9ation de supports de cours, encadrement et accompagnement d\u2019un groupe d\u2019\u00e9tudiant.e.s) et de pr\u00e9paration \u00e0 l\u2019insertion professionnelle (actualisation formation, veille technologique) ;<br \/>\nQualit\u00e9s relationnelles et humaines, rigueur, pr\u00e9cision, adaptation, organisation, prise d\u2019initiatives, capacit\u00e9s d\u2019organisation<br \/>\nPermis B.<\/p>\n<h4>EXP\u00c9RIENCE RECHERCH\u00c9E<\/h4>\n<p>Exp\u00e9rience minimum de 2 ans en r\u00e9gie lumi\u00e8re ;<br \/>\nExp\u00e9rience en tant que formateur.rice constitutive d\u2019un atout ;<\/p>\n<p>Date de prise de fonction : 3 novembre 2022<br \/>\nDate limite de candidature : 21\/10\/2022<br \/>\nR\u00e9mun\u00e9ration selon grille<\/p>\n<p>Treizi\u00e8me mois suivant conditions pr\u00e9vues par la convention du TNS, 6 semaines de cong\u00e9s pay\u00e9s, 6 jours f\u00e9ri\u00e9s suppl\u00e9mentaires selon droit local et convention du TNS, ticket-restaurants et mutuelle.<br \/>\nDans le cadre de sa strat\u00e9gie de Responsabilit\u00e9 Sociale des Organisations (RSO), le TNS s\u2019engage \u00e0 promouvoir l\u2019\u00e9galit\u00e9 professionnelle et la pr\u00e9vention des discriminations dans ses activit\u00e9s de recrutement. Une cellule d\u2019\u00e9coute, d\u2019alerte et de traitement est mise \u00e0 la disposition des candidats ou des salari\u00e9s qui estimeraient avoir fait l\u2019objet d\u2019une rupture d\u2019\u00e9galit\u00e9 de traitement. Les candidatures seront examin\u00e9es coll\u00e9gialement. Les personnes pr\u00e9s\u00e9lectionn\u00e9es seront invit\u00e9es \u00e0 un ou plusieurs entretiens au cours des mois d\u2019octobre et novembre.<\/p>\n<p>Th\u00e9\u00e2tre National de Strasbourg<br \/>\n1 avenue de la Marseillaise<br \/>\n67000 STRASBOURG<br \/>\nen mentionnant en objet Adjoint.e section r\u00e9gie-cr\u00e9ation Ecole<\/p>\n<\/p>\n<p><a href=\"http:\/\/www.tns.fr\/\">www.tns.fr<\/a><\/p>\n<p>L\u2019article <a href=\"https:\/\/popburo.fr\/le-tns-recrute-un-adjoint-au-responsable-des-formations-techniques-et-de-la-formation-continue-f-h-3\/\">Le TNS recrute un adjoint au responsable des formations techniques et de la formation continue [F\/H]<\/a> est apparu en premier sur <a href=\"https:\/\/popburo.fr\/\">POP B\u00dcRO<\/a>.<\/p>\n","protected":false},"excerpt":{"rendered":"<p>Lieu unique dans le paysage th\u00e9\u00e2tral fran\u00e7ais, le Th\u00e9\u00e2tre National de Strasbourg (TNS) est le seul th\u00e9\u00e2tre national implant\u00e9 en r\u00e9gion. Etablissement public plac\u00e9 sous la tutelle du minist\u00e8re de la Culture, il comprend pr\u00e8s de cent salari\u00e9s permanents et accueille chaque mois de nombreux artistes et intermittents techniques. En outre, le TNS abrite en son sein une \u00c9cole sup\u00e9rieure d\u2019art dramatique interdisciplinaire qui accueille en permanence deux promotions r\u00e9unissant une cinquantaine d\u2019\u00e9l\u00e8ves dans le cadre d\u2019un parcours de formation [&hellip;]<\/p>\n","protected":false},"author":0,"featured_media":0,"comment_status":"closed","ping_status":"open","sticky":false,"template":"","format":"standard","meta":{"footnotes":""},"categories":[1],"tags":[],"class_list":["post-3698","post","type-post","status-publish","format-standard","hentry","category-non-classe"],"yoast_head":"<!-- This site is optimized with the Yoast SEO plugin v27.5 - https:\/\/yoast.com\/product\/yoast-seo-wordpress\/ -->\n<title>Le TNS recrute un adjoint au responsable des formations techniques et de la formation continue [F\/H] - HIERO STRASBOURG<\/title>\n<meta name=\"robots\" content=\"index, follow, max-snippet:-1, max-image-preview:large, max-video-preview:-1\" \/>\n<link rel=\"canonical\" href=\"https:\/\/hierostrasbourg.com\/index.php\/2022\/09\/25\/le-tns-recrute-un-adjoint-au-responsable-des-formations-techniques-et-de-la-formation-continue-f-h-4\/\" \/>\n<meta property=\"og:locale\" content=\"fr_FR\" \/>\n<meta property=\"og:type\" content=\"article\" \/>\n<meta property=\"og:title\" content=\"Le TNS recrute un adjoint au responsable des formations techniques et de la formation continue [F\/H] - HIERO STRASBOURG\" \/>\n<meta property=\"og:description\" content=\"Lieu unique dans le paysage th\u00e9\u00e2tral fran\u00e7ais, le Th\u00e9\u00e2tre National de Strasbourg (TNS) est le seul th\u00e9\u00e2tre national implant\u00e9 en r\u00e9gion. Etablissement public plac\u00e9 sous la tutelle du minist\u00e8re de la Culture, il comprend pr\u00e8s de cent salari\u00e9s permanents et accueille chaque mois de nombreux artistes et intermittents techniques. En outre, le TNS abrite en son sein une \u00c9cole sup\u00e9rieure d\u2019art dramatique interdisciplinaire qui accueille en permanence deux promotions r\u00e9unissant une cinquantaine d\u2019\u00e9l\u00e8ves dans le cadre d\u2019un parcours de formation [&hellip;]\" \/>\n<meta property=\"og:url\" content=\"https:\/\/hierostrasbourg.com\/index.php\/2022\/09\/25\/le-tns-recrute-un-adjoint-au-responsable-des-formations-techniques-et-de-la-formation-continue-f-h-4\/\" \/>\n<meta property=\"og:site_name\" content=\"HIERO STRASBOURG\" \/>\n<meta property=\"article:publisher\" content=\"https:\/\/www.facebook.com\/fedehierostrasbourg\" \/>\n<meta property=\"article:published_time\" content=\"2022-09-25T17:32:03+00:00\" \/>\n<meta name=\"twitter:card\" content=\"summary_large_image\" \/>\n<meta name=\"twitter:creator\" content=\"@hierostrasbourg\" \/>\n<meta name=\"twitter:site\" content=\"@hierostrasbourg\" \/>\n<meta name=\"twitter:label1\" content=\"Dur\u00e9e de lecture estim\u00e9e\" \/>\n\t<meta name=\"twitter:data1\" content=\"6 minutes\" \/>\n<script type=\"application\/ld+json\" class=\"yoast-schema-graph\">{\"@context\":\"https:\\\/\\\/schema.org\",\"@graph\":[{\"@type\":\"Article\",\"@id\":\"https:\\\/\\\/hierostrasbourg.com\\\/index.php\\\/2022\\\/09\\\/25\\\/le-tns-recrute-un-adjoint-au-responsable-des-formations-techniques-et-de-la-formation-continue-f-h-4\\\/#article\",\"isPartOf\":{\"@id\":\"https:\\\/\\\/hierostrasbourg.com\\\/index.php\\\/2022\\\/09\\\/25\\\/le-tns-recrute-un-adjoint-au-responsable-des-formations-techniques-et-de-la-formation-continue-f-h-4\\\/\"},\"author\":{\"name\":\"\",\"@id\":\"\"},\"headline\":\"Le TNS recrute un adjoint au responsable des formations techniques et de la formation continue [F\\\/H]\",\"datePublished\":\"2022-09-25T17:32:03+00:00\",\"mainEntityOfPage\":{\"@id\":\"https:\\\/\\\/hierostrasbourg.com\\\/index.php\\\/2022\\\/09\\\/25\\\/le-tns-recrute-un-adjoint-au-responsable-des-formations-techniques-et-de-la-formation-continue-f-h-4\\\/\"},\"wordCount\":1213,\"publisher\":{\"@id\":\"https:\\\/\\\/hierostrasbourg.com\\\/#organization\"},\"inLanguage\":\"fr-FR\"},{\"@type\":\"WebPage\",\"@id\":\"https:\\\/\\\/hierostrasbourg.com\\\/index.php\\\/2022\\\/09\\\/25\\\/le-tns-recrute-un-adjoint-au-responsable-des-formations-techniques-et-de-la-formation-continue-f-h-4\\\/\",\"url\":\"https:\\\/\\\/hierostrasbourg.com\\\/index.php\\\/2022\\\/09\\\/25\\\/le-tns-recrute-un-adjoint-au-responsable-des-formations-techniques-et-de-la-formation-continue-f-h-4\\\/\",\"name\":\"Le TNS recrute un adjoint au responsable des formations techniques et de la formation continue [F\\\/H] - HIERO STRASBOURG\",\"isPartOf\":{\"@id\":\"https:\\\/\\\/hierostrasbourg.com\\\/#website\"},\"datePublished\":\"2022-09-25T17:32:03+00:00\",\"breadcrumb\":{\"@id\":\"https:\\\/\\\/hierostrasbourg.com\\\/index.php\\\/2022\\\/09\\\/25\\\/le-tns-recrute-un-adjoint-au-responsable-des-formations-techniques-et-de-la-formation-continue-f-h-4\\\/#breadcrumb\"},\"inLanguage\":\"fr-FR\",\"potentialAction\":[{\"@type\":\"ReadAction\",\"target\":[\"https:\\\/\\\/hierostrasbourg.com\\\/index.php\\\/2022\\\/09\\\/25\\\/le-tns-recrute-un-adjoint-au-responsable-des-formations-techniques-et-de-la-formation-continue-f-h-4\\\/\"]}]},{\"@type\":\"BreadcrumbList\",\"@id\":\"https:\\\/\\\/hierostrasbourg.com\\\/index.php\\\/2022\\\/09\\\/25\\\/le-tns-recrute-un-adjoint-au-responsable-des-formations-techniques-et-de-la-formation-continue-f-h-4\\\/#breadcrumb\",\"itemListElement\":[{\"@type\":\"ListItem\",\"position\":1,\"name\":\"Accueil\",\"item\":\"https:\\\/\\\/hierostrasbourg.com\\\/\"},{\"@type\":\"ListItem\",\"position\":2,\"name\":\"Le TNS recrute un adjoint au responsable des formations techniques et de la formation continue [F\\\/H]\"}]},{\"@type\":\"WebSite\",\"@id\":\"https:\\\/\\\/hierostrasbourg.com\\\/#website\",\"url\":\"https:\\\/\\\/hierostrasbourg.com\\\/\",\"name\":\"HIERO STRASBOURG\",\"description\":\"Centre de Ressources Musiques Actuelles\",\"publisher\":{\"@id\":\"https:\\\/\\\/hierostrasbourg.com\\\/#organization\"},\"potentialAction\":[{\"@type\":\"SearchAction\",\"target\":{\"@type\":\"EntryPoint\",\"urlTemplate\":\"https:\\\/\\\/hierostrasbourg.com\\\/?s={search_term_string}\"},\"query-input\":{\"@type\":\"PropertyValueSpecification\",\"valueRequired\":true,\"valueName\":\"search_term_string\"}}],\"inLanguage\":\"fr-FR\"},{\"@type\":\"Organization\",\"@id\":\"https:\\\/\\\/hierostrasbourg.com\\\/#organization\",\"name\":\"F\u00e9d\u00e9ration Hi\u00e9ro Strasbourg\",\"url\":\"https:\\\/\\\/hierostrasbourg.com\\\/\",\"logo\":{\"@type\":\"ImageObject\",\"inLanguage\":\"fr-FR\",\"@id\":\"https:\\\/\\\/hierostrasbourg.com\\\/#\\\/schema\\\/logo\\\/image\\\/\",\"url\":\"https:\\\/\\\/hierostrasbourg.com\\\/wp-content\\\/uploads\\\/2026\\\/04\\\/logo-hiero-strasbourg.jpg\",\"contentUrl\":\"https:\\\/\\\/hierostrasbourg.com\\\/wp-content\\\/uploads\\\/2026\\\/04\\\/logo-hiero-strasbourg.jpg\",\"width\":204,\"height\":192,\"caption\":\"F\u00e9d\u00e9ration Hi\u00e9ro Strasbourg\"},\"image\":{\"@id\":\"https:\\\/\\\/hierostrasbourg.com\\\/#\\\/schema\\\/logo\\\/image\\\/\"},\"sameAs\":[\"https:\\\/\\\/www.facebook.com\\\/fedehierostrasbourg\",\"https:\\\/\\\/x.com\\\/hierostrasbourg\"]}]}<\/script>\n<!-- \/ Yoast SEO plugin. -->","yoast_head_json":{"title":"Le TNS recrute un adjoint au responsable des formations techniques et de la formation continue [F\/H] - HIERO STRASBOURG","robots":{"index":"index","follow":"follow","max-snippet":"max-snippet:-1","max-image-preview":"max-image-preview:large","max-video-preview":"max-video-preview:-1"},"canonical":"https:\/\/hierostrasbourg.com\/index.php\/2022\/09\/25\/le-tns-recrute-un-adjoint-au-responsable-des-formations-techniques-et-de-la-formation-continue-f-h-4\/","og_locale":"fr_FR","og_type":"article","og_title":"Le TNS recrute un adjoint au responsable des formations techniques et de la formation continue [F\/H] - HIERO STRASBOURG","og_description":"Lieu unique dans le paysage th\u00e9\u00e2tral fran\u00e7ais, le Th\u00e9\u00e2tre National de Strasbourg (TNS) est le seul th\u00e9\u00e2tre national implant\u00e9 en r\u00e9gion. Etablissement public plac\u00e9 sous la tutelle du minist\u00e8re de la Culture, il comprend pr\u00e8s de cent salari\u00e9s permanents et accueille chaque mois de nombreux artistes et intermittents techniques. En outre, le TNS abrite en son sein une \u00c9cole sup\u00e9rieure d\u2019art dramatique interdisciplinaire qui accueille en permanence deux promotions r\u00e9unissant une cinquantaine d\u2019\u00e9l\u00e8ves dans le cadre d\u2019un parcours de formation [&hellip;]","og_url":"https:\/\/hierostrasbourg.com\/index.php\/2022\/09\/25\/le-tns-recrute-un-adjoint-au-responsable-des-formations-techniques-et-de-la-formation-continue-f-h-4\/","og_site_name":"HIERO STRASBOURG","article_publisher":"https:\/\/www.facebook.com\/fedehierostrasbourg","article_published_time":"2022-09-25T17:32:03+00:00","twitter_card":"summary_large_image","twitter_creator":"@hierostrasbourg","twitter_site":"@hierostrasbourg","twitter_misc":{"Dur\u00e9e de lecture estim\u00e9e":"6 minutes"},"schema":{"@context":"https:\/\/schema.org","@graph":[{"@type":"Article","@id":"https:\/\/hierostrasbourg.com\/index.php\/2022\/09\/25\/le-tns-recrute-un-adjoint-au-responsable-des-formations-techniques-et-de-la-formation-continue-f-h-4\/#article","isPartOf":{"@id":"https:\/\/hierostrasbourg.com\/index.php\/2022\/09\/25\/le-tns-recrute-un-adjoint-au-responsable-des-formations-techniques-et-de-la-formation-continue-f-h-4\/"},"author":{"name":"","@id":""},"headline":"Le TNS recrute un adjoint au responsable des formations techniques et de la formation continue [F\/H]","datePublished":"2022-09-25T17:32:03+00:00","mainEntityOfPage":{"@id":"https:\/\/hierostrasbourg.com\/index.php\/2022\/09\/25\/le-tns-recrute-un-adjoint-au-responsable-des-formations-techniques-et-de-la-formation-continue-f-h-4\/"},"wordCount":1213,"publisher":{"@id":"https:\/\/hierostrasbourg.com\/#organization"},"inLanguage":"fr-FR"},{"@type":"WebPage","@id":"https:\/\/hierostrasbourg.com\/index.php\/2022\/09\/25\/le-tns-recrute-un-adjoint-au-responsable-des-formations-techniques-et-de-la-formation-continue-f-h-4\/","url":"https:\/\/hierostrasbourg.com\/index.php\/2022\/09\/25\/le-tns-recrute-un-adjoint-au-responsable-des-formations-techniques-et-de-la-formation-continue-f-h-4\/","name":"Le TNS recrute un adjoint au responsable des formations techniques et de la formation continue [F\/H] - HIERO STRASBOURG","isPartOf":{"@id":"https:\/\/hierostrasbourg.com\/#website"},"datePublished":"2022-09-25T17:32:03+00:00","breadcrumb":{"@id":"https:\/\/hierostrasbourg.com\/index.php\/2022\/09\/25\/le-tns-recrute-un-adjoint-au-responsable-des-formations-techniques-et-de-la-formation-continue-f-h-4\/#breadcrumb"},"inLanguage":"fr-FR","potentialAction":[{"@type":"ReadAction","target":["https:\/\/hierostrasbourg.com\/index.php\/2022\/09\/25\/le-tns-recrute-un-adjoint-au-responsable-des-formations-techniques-et-de-la-formation-continue-f-h-4\/"]}]},{"@type":"BreadcrumbList","@id":"https:\/\/hierostrasbourg.com\/index.php\/2022\/09\/25\/le-tns-recrute-un-adjoint-au-responsable-des-formations-techniques-et-de-la-formation-continue-f-h-4\/#breadcrumb","itemListElement":[{"@type":"ListItem","position":1,"name":"Accueil","item":"https:\/\/hierostrasbourg.com\/"},{"@type":"ListItem","position":2,"name":"Le TNS recrute un adjoint au responsable des formations techniques et de la formation continue [F\/H]"}]},{"@type":"WebSite","@id":"https:\/\/hierostrasbourg.com\/#website","url":"https:\/\/hierostrasbourg.com\/","name":"HIERO STRASBOURG","description":"Centre de Ressources Musiques Actuelles","publisher":{"@id":"https:\/\/hierostrasbourg.com\/#organization"},"potentialAction":[{"@type":"SearchAction","target":{"@type":"EntryPoint","urlTemplate":"https:\/\/hierostrasbourg.com\/?s={search_term_string}"},"query-input":{"@type":"PropertyValueSpecification","valueRequired":true,"valueName":"search_term_string"}}],"inLanguage":"fr-FR"},{"@type":"Organization","@id":"https:\/\/hierostrasbourg.com\/#organization","name":"F\u00e9d\u00e9ration Hi\u00e9ro Strasbourg","url":"https:\/\/hierostrasbourg.com\/","logo":{"@type":"ImageObject","inLanguage":"fr-FR","@id":"https:\/\/hierostrasbourg.com\/#\/schema\/logo\/image\/","url":"https:\/\/hierostrasbourg.com\/wp-content\/uploads\/2026\/04\/logo-hiero-strasbourg.jpg","contentUrl":"https:\/\/hierostrasbourg.com\/wp-content\/uploads\/2026\/04\/logo-hiero-strasbourg.jpg","width":204,"height":192,"caption":"F\u00e9d\u00e9ration Hi\u00e9ro Strasbourg"},"image":{"@id":"https:\/\/hierostrasbourg.com\/#\/schema\/logo\/image\/"},"sameAs":["https:\/\/www.facebook.com\/fedehierostrasbourg","https:\/\/x.com\/hierostrasbourg"]}]}},"_links":{"self":[{"href":"https:\/\/hierostrasbourg.com\/index.php\/wp-json\/wp\/v2\/posts\/3698","targetHints":{"allow":["GET"]}}],"collection":[{"href":"https:\/\/hierostrasbourg.com\/index.php\/wp-json\/wp\/v2\/posts"}],"about":[{"href":"https:\/\/hierostrasbourg.com\/index.php\/wp-json\/wp\/v2\/types\/post"}],"replies":[{"embeddable":true,"href":"https:\/\/hierostrasbourg.com\/index.php\/wp-json\/wp\/v2\/comments?post=3698"}],"version-history":[{"count":0,"href":"https:\/\/hierostrasbourg.com\/index.php\/wp-json\/wp\/v2\/posts\/3698\/revisions"}],"wp:attachment":[{"href":"https:\/\/hierostrasbourg.com\/index.php\/wp-json\/wp\/v2\/media?parent=3698"}],"wp:term":[{"taxonomy":"category","embeddable":true,"href":"https:\/\/hierostrasbourg.com\/index.php\/wp-json\/wp\/v2\/categories?post=3698"},{"taxonomy":"post_tag","embeddable":true,"href":"https:\/\/hierostrasbourg.com\/index.php\/wp-json\/wp\/v2\/tags?post=3698"}],"curies":[{"name":"wp","href":"https:\/\/api.w.org\/{rel}","templated":true}]}}