{"id":3694,"date":"2022-09-25T19:32:02","date_gmt":"2022-09-25T17:32:02","guid":{"rendered":"https:\/\/hierostrasbourg.com\/index.php\/2022\/09\/25\/lopera-national-du-rhin-recrute-un-charge-daccueil-et-de-securite-f-h\/"},"modified":"2022-09-25T19:32:02","modified_gmt":"2022-09-25T17:32:02","slug":"lopera-national-du-rhin-recrute-un-charge-daccueil-et-de-securite-f-h","status":"publish","type":"post","link":"https:\/\/hierostrasbourg.com\/index.php\/2022\/09\/25\/lopera-national-du-rhin-recrute-un-charge-daccueil-et-de-securite-f-h\/","title":{"rendered":"L\u2019OP\u00c9RA NATIONAL DU RHIN recrute un charg\u00e9 d\u2019accueil et de s\u00e9curit\u00e9 [F\/H]"},"content":{"rendered":"<p><a href=\"https:\/\/musiquesactuelles.alsace\/lopera-national-du-rhin-recrute-un-charge-daccueil-et-de-securite-f-h\/\" title=\"L\u2019OP\u00c9RA NATIONAL DU RHIN recrute un charg\u00e9 d\u2019accueil et de s\u00e9curit\u00e9 [F\/H]\"><\/a><\/p>\n<p>MISSIONS Charg\u00e9 de l\u2019accueil et de la s\u00e9curit\u00e9 des personnes, du contr\u00f4le des acc\u00e8s, et de la surveillance des syst\u00e8mes de s\u00e9curit\u00e9 des b\u00e2timents (Th\u00e9\u00e2tre, Grenier,\u2026). En spectacle, et en fonction du planning \u00e9tablit et selon la qualification, assure soit les fonctions de chef d\u2019\u00e9quipe spectacles charg\u00e9 de la pr\u00e9vention et gestion des risques incendie et d\u2019assistance \u00e0 personnes, soit les fonctions d\u2019agent de s\u00e9curit\u00e9 sous la responsabilit\u00e9 d\u2019un chef d\u2019\u00e9quipe ACTIVITES ACCUEIL Accueil physique et t\u00e9l\u00e9phonique des personnes Contr\u00f4le [\u2026]<\/p>\n<p>L\u2019article <a href=\"https:\/\/musiquesactuelles.alsace\/lopera-national-du-rhin-recrute-un-charge-daccueil-et-de-securite-f-h\/\">L\u2019OP\u00c9RA NATIONAL DU RHIN recrute un charg\u00e9 d\u2019accueil et de s\u00e9curit\u00e9 [F\/H]<\/a> est apparu en premier sur <a href=\"https:\/\/musiquesactuelles.alsace\/\">Musiques Actuelles en Alsace<\/a>.<\/p>\n<p>L\u2019article <a href=\"https:\/\/popburo.fr\/lopera-national-du-rhin-recrute-un-charge-daccueil-et-de-securite-f-h-2\/\">L\u2019OP\u00c9RA NATIONAL DU RHIN recrute un charg\u00e9 d\u2019accueil et de s\u00e9curit\u00e9 [F\/H]<\/a> est apparu en premier sur <a href=\"https:\/\/popburo.fr\/\">POP B\u00dcRO<\/a>.<\/p>\n","protected":false},"excerpt":{"rendered":"<p>MISSIONS Charg\u00e9 de l\u2019accueil et de la s\u00e9curit\u00e9 des personnes, du contr\u00f4le des acc\u00e8s, et de la surveillance des syst\u00e8mes de s\u00e9curit\u00e9 des b\u00e2timents (Th\u00e9\u00e2tre, Grenier,\u2026). En spectacle, et en fonction du planning \u00e9tablit et selon la qualification, assure soit les fonctions de chef d\u2019\u00e9quipe spectacles charg\u00e9 de la pr\u00e9vention et gestion des risques incendie et d\u2019assistance \u00e0 personnes, soit les fonctions d\u2019agent de s\u00e9curit\u00e9 sous la responsabilit\u00e9 d\u2019un chef d\u2019\u00e9quipe ACTIVITES ACCUEIL Accueil physique et t\u00e9l\u00e9phonique des personnes Contr\u00f4le [&hellip;]<\/p>\n","protected":false},"author":0,"featured_media":0,"comment_status":"closed","ping_status":"open","sticky":false,"template":"","format":"standard","meta":{"footnotes":""},"categories":[1],"tags":[],"class_list":["post-3694","post","type-post","status-publish","format-standard","hentry","category-non-classe"],"yoast_head":"<!-- This site is optimized with the Yoast SEO plugin v27.5 - https:\/\/yoast.com\/product\/yoast-seo-wordpress\/ -->\n<title>L\u2019OP\u00c9RA NATIONAL DU RHIN recrute un charg\u00e9 d\u2019accueil et de s\u00e9curit\u00e9 [F\/H] - HIERO STRASBOURG<\/title>\n<meta name=\"robots\" content=\"index, follow, max-snippet:-1, max-image-preview:large, max-video-preview:-1\" \/>\n<link rel=\"canonical\" href=\"https:\/\/hierostrasbourg.com\/index.php\/2022\/09\/25\/lopera-national-du-rhin-recrute-un-charge-daccueil-et-de-securite-f-h\/\" \/>\n<meta property=\"og:locale\" content=\"fr_FR\" \/>\n<meta property=\"og:type\" content=\"article\" \/>\n<meta property=\"og:title\" content=\"L\u2019OP\u00c9RA NATIONAL DU RHIN recrute un charg\u00e9 d\u2019accueil et de s\u00e9curit\u00e9 [F\/H] - HIERO STRASBOURG\" \/>\n<meta property=\"og:description\" content=\"MISSIONS Charg\u00e9 de l\u2019accueil et de la s\u00e9curit\u00e9 des personnes, du contr\u00f4le des acc\u00e8s, et de la surveillance des syst\u00e8mes de s\u00e9curit\u00e9 des b\u00e2timents (Th\u00e9\u00e2tre, Grenier,\u2026). En spectacle, et en fonction du planning \u00e9tablit et selon la qualification, assure soit les fonctions de chef d\u2019\u00e9quipe spectacles charg\u00e9 de la pr\u00e9vention et gestion des risques incendie et d\u2019assistance \u00e0 personnes, soit les fonctions d\u2019agent de s\u00e9curit\u00e9 sous la responsabilit\u00e9 d\u2019un chef d\u2019\u00e9quipe ACTIVITES ACCUEIL Accueil physique et t\u00e9l\u00e9phonique des personnes Contr\u00f4le [&hellip;]\" \/>\n<meta property=\"og:url\" content=\"https:\/\/hierostrasbourg.com\/index.php\/2022\/09\/25\/lopera-national-du-rhin-recrute-un-charge-daccueil-et-de-securite-f-h\/\" \/>\n<meta property=\"og:site_name\" content=\"HIERO STRASBOURG\" \/>\n<meta property=\"article:publisher\" content=\"https:\/\/www.facebook.com\/fedehierostrasbourg\" \/>\n<meta property=\"article:published_time\" content=\"2022-09-25T17:32:02+00:00\" \/>\n<meta name=\"twitter:card\" content=\"summary_large_image\" \/>\n<meta name=\"twitter:creator\" content=\"@hierostrasbourg\" \/>\n<meta name=\"twitter:site\" content=\"@hierostrasbourg\" \/>\n<meta name=\"twitter:label1\" content=\"Dur\u00e9e de lecture estim\u00e9e\" \/>\n\t<meta name=\"twitter:data1\" content=\"1 minute\" \/>\n<script type=\"application\/ld+json\" class=\"yoast-schema-graph\">{\"@context\":\"https:\\\/\\\/schema.org\",\"@graph\":[{\"@type\":\"Article\",\"@id\":\"https:\\\/\\\/hierostrasbourg.com\\\/index.php\\\/2022\\\/09\\\/25\\\/lopera-national-du-rhin-recrute-un-charge-daccueil-et-de-securite-f-h\\\/#article\",\"isPartOf\":{\"@id\":\"https:\\\/\\\/hierostrasbourg.com\\\/index.php\\\/2022\\\/09\\\/25\\\/lopera-national-du-rhin-recrute-un-charge-daccueil-et-de-securite-f-h\\\/\"},\"author\":{\"name\":\"\",\"@id\":\"\"},\"headline\":\"L\u2019OP\u00c9RA NATIONAL DU RHIN recrute un charg\u00e9 d\u2019accueil et de s\u00e9curit\u00e9 [F\\\/H]\",\"datePublished\":\"2022-09-25T17:32:02+00:00\",\"mainEntityOfPage\":{\"@id\":\"https:\\\/\\\/hierostrasbourg.com\\\/index.php\\\/2022\\\/09\\\/25\\\/lopera-national-du-rhin-recrute-un-charge-daccueil-et-de-securite-f-h\\\/\"},\"wordCount\":169,\"publisher\":{\"@id\":\"https:\\\/\\\/hierostrasbourg.com\\\/#organization\"},\"inLanguage\":\"fr-FR\"},{\"@type\":\"WebPage\",\"@id\":\"https:\\\/\\\/hierostrasbourg.com\\\/index.php\\\/2022\\\/09\\\/25\\\/lopera-national-du-rhin-recrute-un-charge-daccueil-et-de-securite-f-h\\\/\",\"url\":\"https:\\\/\\\/hierostrasbourg.com\\\/index.php\\\/2022\\\/09\\\/25\\\/lopera-national-du-rhin-recrute-un-charge-daccueil-et-de-securite-f-h\\\/\",\"name\":\"L\u2019OP\u00c9RA NATIONAL DU RHIN recrute un charg\u00e9 d\u2019accueil et de s\u00e9curit\u00e9 [F\\\/H] - HIERO STRASBOURG\",\"isPartOf\":{\"@id\":\"https:\\\/\\\/hierostrasbourg.com\\\/#website\"},\"datePublished\":\"2022-09-25T17:32:02+00:00\",\"breadcrumb\":{\"@id\":\"https:\\\/\\\/hierostrasbourg.com\\\/index.php\\\/2022\\\/09\\\/25\\\/lopera-national-du-rhin-recrute-un-charge-daccueil-et-de-securite-f-h\\\/#breadcrumb\"},\"inLanguage\":\"fr-FR\",\"potentialAction\":[{\"@type\":\"ReadAction\",\"target\":[\"https:\\\/\\\/hierostrasbourg.com\\\/index.php\\\/2022\\\/09\\\/25\\\/lopera-national-du-rhin-recrute-un-charge-daccueil-et-de-securite-f-h\\\/\"]}]},{\"@type\":\"BreadcrumbList\",\"@id\":\"https:\\\/\\\/hierostrasbourg.com\\\/index.php\\\/2022\\\/09\\\/25\\\/lopera-national-du-rhin-recrute-un-charge-daccueil-et-de-securite-f-h\\\/#breadcrumb\",\"itemListElement\":[{\"@type\":\"ListItem\",\"position\":1,\"name\":\"Accueil\",\"item\":\"https:\\\/\\\/hierostrasbourg.com\\\/\"},{\"@type\":\"ListItem\",\"position\":2,\"name\":\"L\u2019OP\u00c9RA NATIONAL DU RHIN recrute un charg\u00e9 d\u2019accueil et de s\u00e9curit\u00e9 [F\\\/H]\"}]},{\"@type\":\"WebSite\",\"@id\":\"https:\\\/\\\/hierostrasbourg.com\\\/#website\",\"url\":\"https:\\\/\\\/hierostrasbourg.com\\\/\",\"name\":\"HIERO STRASBOURG\",\"description\":\"Centre de Ressources Musiques Actuelles\",\"publisher\":{\"@id\":\"https:\\\/\\\/hierostrasbourg.com\\\/#organization\"},\"potentialAction\":[{\"@type\":\"SearchAction\",\"target\":{\"@type\":\"EntryPoint\",\"urlTemplate\":\"https:\\\/\\\/hierostrasbourg.com\\\/?s={search_term_string}\"},\"query-input\":{\"@type\":\"PropertyValueSpecification\",\"valueRequired\":true,\"valueName\":\"search_term_string\"}}],\"inLanguage\":\"fr-FR\"},{\"@type\":\"Organization\",\"@id\":\"https:\\\/\\\/hierostrasbourg.com\\\/#organization\",\"name\":\"F\u00e9d\u00e9ration Hi\u00e9ro Strasbourg\",\"url\":\"https:\\\/\\\/hierostrasbourg.com\\\/\",\"logo\":{\"@type\":\"ImageObject\",\"inLanguage\":\"fr-FR\",\"@id\":\"https:\\\/\\\/hierostrasbourg.com\\\/#\\\/schema\\\/logo\\\/image\\\/\",\"url\":\"https:\\\/\\\/hierostrasbourg.com\\\/wp-content\\\/uploads\\\/2026\\\/04\\\/logo-hiero-strasbourg.jpg\",\"contentUrl\":\"https:\\\/\\\/hierostrasbourg.com\\\/wp-content\\\/uploads\\\/2026\\\/04\\\/logo-hiero-strasbourg.jpg\",\"width\":204,\"height\":192,\"caption\":\"F\u00e9d\u00e9ration Hi\u00e9ro Strasbourg\"},\"image\":{\"@id\":\"https:\\\/\\\/hierostrasbourg.com\\\/#\\\/schema\\\/logo\\\/image\\\/\"},\"sameAs\":[\"https:\\\/\\\/www.facebook.com\\\/fedehierostrasbourg\",\"https:\\\/\\\/x.com\\\/hierostrasbourg\"]}]}<\/script>\n<!-- \/ Yoast SEO plugin. -->","yoast_head_json":{"title":"L\u2019OP\u00c9RA NATIONAL DU RHIN recrute un charg\u00e9 d\u2019accueil et de s\u00e9curit\u00e9 [F\/H] - HIERO STRASBOURG","robots":{"index":"index","follow":"follow","max-snippet":"max-snippet:-1","max-image-preview":"max-image-preview:large","max-video-preview":"max-video-preview:-1"},"canonical":"https:\/\/hierostrasbourg.com\/index.php\/2022\/09\/25\/lopera-national-du-rhin-recrute-un-charge-daccueil-et-de-securite-f-h\/","og_locale":"fr_FR","og_type":"article","og_title":"L\u2019OP\u00c9RA NATIONAL DU RHIN recrute un charg\u00e9 d\u2019accueil et de s\u00e9curit\u00e9 [F\/H] - HIERO STRASBOURG","og_description":"MISSIONS Charg\u00e9 de l\u2019accueil et de la s\u00e9curit\u00e9 des personnes, du contr\u00f4le des acc\u00e8s, et de la surveillance des syst\u00e8mes de s\u00e9curit\u00e9 des b\u00e2timents (Th\u00e9\u00e2tre, Grenier,\u2026). En spectacle, et en fonction du planning \u00e9tablit et selon la qualification, assure soit les fonctions de chef d\u2019\u00e9quipe spectacles charg\u00e9 de la pr\u00e9vention et gestion des risques incendie et d\u2019assistance \u00e0 personnes, soit les fonctions d\u2019agent de s\u00e9curit\u00e9 sous la responsabilit\u00e9 d\u2019un chef d\u2019\u00e9quipe ACTIVITES ACCUEIL Accueil physique et t\u00e9l\u00e9phonique des personnes Contr\u00f4le [&hellip;]","og_url":"https:\/\/hierostrasbourg.com\/index.php\/2022\/09\/25\/lopera-national-du-rhin-recrute-un-charge-daccueil-et-de-securite-f-h\/","og_site_name":"HIERO STRASBOURG","article_publisher":"https:\/\/www.facebook.com\/fedehierostrasbourg","article_published_time":"2022-09-25T17:32:02+00:00","twitter_card":"summary_large_image","twitter_creator":"@hierostrasbourg","twitter_site":"@hierostrasbourg","twitter_misc":{"Dur\u00e9e de lecture estim\u00e9e":"1 minute"},"schema":{"@context":"https:\/\/schema.org","@graph":[{"@type":"Article","@id":"https:\/\/hierostrasbourg.com\/index.php\/2022\/09\/25\/lopera-national-du-rhin-recrute-un-charge-daccueil-et-de-securite-f-h\/#article","isPartOf":{"@id":"https:\/\/hierostrasbourg.com\/index.php\/2022\/09\/25\/lopera-national-du-rhin-recrute-un-charge-daccueil-et-de-securite-f-h\/"},"author":{"name":"","@id":""},"headline":"L\u2019OP\u00c9RA NATIONAL DU RHIN recrute un charg\u00e9 d\u2019accueil et de s\u00e9curit\u00e9 [F\/H]","datePublished":"2022-09-25T17:32:02+00:00","mainEntityOfPage":{"@id":"https:\/\/hierostrasbourg.com\/index.php\/2022\/09\/25\/lopera-national-du-rhin-recrute-un-charge-daccueil-et-de-securite-f-h\/"},"wordCount":169,"publisher":{"@id":"https:\/\/hierostrasbourg.com\/#organization"},"inLanguage":"fr-FR"},{"@type":"WebPage","@id":"https:\/\/hierostrasbourg.com\/index.php\/2022\/09\/25\/lopera-national-du-rhin-recrute-un-charge-daccueil-et-de-securite-f-h\/","url":"https:\/\/hierostrasbourg.com\/index.php\/2022\/09\/25\/lopera-national-du-rhin-recrute-un-charge-daccueil-et-de-securite-f-h\/","name":"L\u2019OP\u00c9RA NATIONAL DU RHIN recrute un charg\u00e9 d\u2019accueil et de s\u00e9curit\u00e9 [F\/H] - HIERO STRASBOURG","isPartOf":{"@id":"https:\/\/hierostrasbourg.com\/#website"},"datePublished":"2022-09-25T17:32:02+00:00","breadcrumb":{"@id":"https:\/\/hierostrasbourg.com\/index.php\/2022\/09\/25\/lopera-national-du-rhin-recrute-un-charge-daccueil-et-de-securite-f-h\/#breadcrumb"},"inLanguage":"fr-FR","potentialAction":[{"@type":"ReadAction","target":["https:\/\/hierostrasbourg.com\/index.php\/2022\/09\/25\/lopera-national-du-rhin-recrute-un-charge-daccueil-et-de-securite-f-h\/"]}]},{"@type":"BreadcrumbList","@id":"https:\/\/hierostrasbourg.com\/index.php\/2022\/09\/25\/lopera-national-du-rhin-recrute-un-charge-daccueil-et-de-securite-f-h\/#breadcrumb","itemListElement":[{"@type":"ListItem","position":1,"name":"Accueil","item":"https:\/\/hierostrasbourg.com\/"},{"@type":"ListItem","position":2,"name":"L\u2019OP\u00c9RA NATIONAL DU RHIN recrute un charg\u00e9 d\u2019accueil et de s\u00e9curit\u00e9 [F\/H]"}]},{"@type":"WebSite","@id":"https:\/\/hierostrasbourg.com\/#website","url":"https:\/\/hierostrasbourg.com\/","name":"HIERO STRASBOURG","description":"Centre de Ressources Musiques Actuelles","publisher":{"@id":"https:\/\/hierostrasbourg.com\/#organization"},"potentialAction":[{"@type":"SearchAction","target":{"@type":"EntryPoint","urlTemplate":"https:\/\/hierostrasbourg.com\/?s={search_term_string}"},"query-input":{"@type":"PropertyValueSpecification","valueRequired":true,"valueName":"search_term_string"}}],"inLanguage":"fr-FR"},{"@type":"Organization","@id":"https:\/\/hierostrasbourg.com\/#organization","name":"F\u00e9d\u00e9ration Hi\u00e9ro Strasbourg","url":"https:\/\/hierostrasbourg.com\/","logo":{"@type":"ImageObject","inLanguage":"fr-FR","@id":"https:\/\/hierostrasbourg.com\/#\/schema\/logo\/image\/","url":"https:\/\/hierostrasbourg.com\/wp-content\/uploads\/2026\/04\/logo-hiero-strasbourg.jpg","contentUrl":"https:\/\/hierostrasbourg.com\/wp-content\/uploads\/2026\/04\/logo-hiero-strasbourg.jpg","width":204,"height":192,"caption":"F\u00e9d\u00e9ration Hi\u00e9ro Strasbourg"},"image":{"@id":"https:\/\/hierostrasbourg.com\/#\/schema\/logo\/image\/"},"sameAs":["https:\/\/www.facebook.com\/fedehierostrasbourg","https:\/\/x.com\/hierostrasbourg"]}]}},"_links":{"self":[{"href":"https:\/\/hierostrasbourg.com\/index.php\/wp-json\/wp\/v2\/posts\/3694","targetHints":{"allow":["GET"]}}],"collection":[{"href":"https:\/\/hierostrasbourg.com\/index.php\/wp-json\/wp\/v2\/posts"}],"about":[{"href":"https:\/\/hierostrasbourg.com\/index.php\/wp-json\/wp\/v2\/types\/post"}],"replies":[{"embeddable":true,"href":"https:\/\/hierostrasbourg.com\/index.php\/wp-json\/wp\/v2\/comments?post=3694"}],"version-history":[{"count":0,"href":"https:\/\/hierostrasbourg.com\/index.php\/wp-json\/wp\/v2\/posts\/3694\/revisions"}],"wp:attachment":[{"href":"https:\/\/hierostrasbourg.com\/index.php\/wp-json\/wp\/v2\/media?parent=3694"}],"wp:term":[{"taxonomy":"category","embeddable":true,"href":"https:\/\/hierostrasbourg.com\/index.php\/wp-json\/wp\/v2\/categories?post=3694"},{"taxonomy":"post_tag","embeddable":true,"href":"https:\/\/hierostrasbourg.com\/index.php\/wp-json\/wp\/v2\/tags?post=3694"}],"curies":[{"name":"wp","href":"https:\/\/api.w.org\/{rel}","templated":true}]}}