{"id":3692,"date":"2022-09-25T19:32:02","date_gmt":"2022-09-25T17:32:02","guid":{"rendered":"https:\/\/hierostrasbourg.com\/index.php\/2022\/09\/25\/la-ville-de-saint-louis-recrute-un-directeur-du-conservatoire-de-musique-et-de-danse-a-rayonnement-communal-f-h\/"},"modified":"2022-09-25T19:32:02","modified_gmt":"2022-09-25T17:32:02","slug":"la-ville-de-saint-louis-recrute-un-directeur-du-conservatoire-de-musique-et-de-danse-a-rayonnement-communal-f-h","status":"publish","type":"post","link":"https:\/\/hierostrasbourg.com\/index.php\/2022\/09\/25\/la-ville-de-saint-louis-recrute-un-directeur-du-conservatoire-de-musique-et-de-danse-a-rayonnement-communal-f-h\/","title":{"rendered":"LA VILLE DE SAINT-LOUIS recrute un directeur du Conservatoire de musique et de danse \u00e0 rayonnement communal [F\/H]"},"content":{"rendered":"<p><a href=\"https:\/\/musiquesactuelles.alsace\/la-ville-de-saint-louis-recrute-un-directeur-du-conservatoire-de-musique-et-de-danse-a-rayonnement-communal-f-h\/\" title=\"LA VILLE DE SAINT-LOUIS recrute un directeur du Conservatoire de musique et de danse \u00e0 rayonnement communal [F\/H]\"><\/a><\/p>\n<p>Type de recrutement : fonctionnaire ou contractuel de droit public \u2013 Contexte : 3\u00e8me ville du d\u00e9partement 22 700 habitants Rattach\u00e9(e) \u00e0 la Directrice du service culturel, vous \u00eates charg\u00e9(e) d\u2019\u00e9laborer et de piloter le projet d\u2019\u00e9tablissement dans le cadre du d\u00e9veloppement culturel de la collectivit\u00e9 MISSIONS Vous d\u00e9finissez et mettez en \u0153uvre le projet p\u00e9dagogique. Vous assurez le bon fonctionnement des instances internes, organisez la collaboration avec les institutions du territoire (Services de la Ville, Associations, Th\u00e9\u00e2tre, Education Nationale [\u2026]<\/p>\n<p>L\u2019article <a href=\"https:\/\/musiquesactuelles.alsace\/la-ville-de-saint-louis-recrute-un-directeur-du-conservatoire-de-musique-et-de-danse-a-rayonnement-communal-f-h\/\">LA VILLE DE SAINT-LOUIS recrute un directeur du Conservatoire de musique et de danse \u00e0 rayonnement communal [F\/H]<\/a> est apparu en premier sur <a href=\"https:\/\/musiquesactuelles.alsace\/\">Musiques Actuelles en Alsace<\/a>.<\/p>\n<p>L\u2019article <a href=\"https:\/\/popburo.fr\/la-ville-de-saint-louis-recrute-un-directeur-du-conservatoire-de-musique-et-de-danse-a-rayonnement-communal-f-h-2\/\">LA VILLE DE SAINT-LOUIS recrute un directeur du Conservatoire de musique et de danse \u00e0 rayonnement communal [F\/H]<\/a> est apparu en premier sur <a href=\"https:\/\/popburo.fr\/\">POP B\u00dcRO<\/a>.<\/p>\n","protected":false},"excerpt":{"rendered":"<p>Type de recrutement : fonctionnaire ou contractuel de droit public \u2013 Contexte : 3\u00e8me ville du d\u00e9partement 22 700 habitants Rattach\u00e9(e) \u00e0 la Directrice du service culturel, vous \u00eates charg\u00e9(e) d\u2019\u00e9laborer et de piloter le projet d\u2019\u00e9tablissement dans le cadre du d\u00e9veloppement culturel de la collectivit\u00e9 MISSIONS Vous d\u00e9finissez et mettez en \u0153uvre le projet p\u00e9dagogique. Vous assurez le bon fonctionnement des instances internes, organisez la collaboration avec les institutions du territoire (Services de la Ville, Associations, Th\u00e9\u00e2tre, Education Nationale [&hellip;]<\/p>\n","protected":false},"author":0,"featured_media":0,"comment_status":"closed","ping_status":"open","sticky":false,"template":"","format":"standard","meta":{"footnotes":""},"categories":[1],"tags":[],"class_list":["post-3692","post","type-post","status-publish","format-standard","hentry","category-non-classe"],"yoast_head":"<!-- This site is optimized with the Yoast SEO plugin v27.5 - https:\/\/yoast.com\/product\/yoast-seo-wordpress\/ -->\n<title>LA VILLE DE SAINT-LOUIS recrute un directeur du Conservatoire de musique et de danse \u00e0 rayonnement communal [F\/H] - HIERO STRASBOURG<\/title>\n<meta name=\"robots\" content=\"index, follow, max-snippet:-1, max-image-preview:large, max-video-preview:-1\" \/>\n<link rel=\"canonical\" href=\"https:\/\/hierostrasbourg.com\/index.php\/2022\/09\/25\/la-ville-de-saint-louis-recrute-un-directeur-du-conservatoire-de-musique-et-de-danse-a-rayonnement-communal-f-h\/\" \/>\n<meta property=\"og:locale\" content=\"fr_FR\" \/>\n<meta property=\"og:type\" content=\"article\" \/>\n<meta property=\"og:title\" content=\"LA VILLE DE SAINT-LOUIS recrute un directeur du Conservatoire de musique et de danse \u00e0 rayonnement communal [F\/H] - HIERO STRASBOURG\" \/>\n<meta property=\"og:description\" content=\"Type de recrutement : fonctionnaire ou contractuel de droit public \u2013 Contexte : 3\u00e8me ville du d\u00e9partement 22 700 habitants Rattach\u00e9(e) \u00e0 la Directrice du service culturel, vous \u00eates charg\u00e9(e) d\u2019\u00e9laborer et de piloter le projet d\u2019\u00e9tablissement dans le cadre du d\u00e9veloppement culturel de la collectivit\u00e9 MISSIONS Vous d\u00e9finissez et mettez en \u0153uvre le projet p\u00e9dagogique. Vous assurez le bon fonctionnement des instances internes, organisez la collaboration avec les institutions du territoire (Services de la Ville, Associations, Th\u00e9\u00e2tre, Education Nationale [&hellip;]\" \/>\n<meta property=\"og:url\" content=\"https:\/\/hierostrasbourg.com\/index.php\/2022\/09\/25\/la-ville-de-saint-louis-recrute-un-directeur-du-conservatoire-de-musique-et-de-danse-a-rayonnement-communal-f-h\/\" \/>\n<meta property=\"og:site_name\" content=\"HIERO STRASBOURG\" \/>\n<meta property=\"article:publisher\" content=\"https:\/\/www.facebook.com\/fedehierostrasbourg\" \/>\n<meta property=\"article:published_time\" content=\"2022-09-25T17:32:02+00:00\" \/>\n<meta name=\"twitter:card\" content=\"summary_large_image\" \/>\n<meta name=\"twitter:creator\" content=\"@hierostrasbourg\" \/>\n<meta name=\"twitter:site\" content=\"@hierostrasbourg\" \/>\n<meta name=\"twitter:label1\" content=\"Dur\u00e9e de lecture estim\u00e9e\" \/>\n\t<meta name=\"twitter:data1\" content=\"1 minute\" \/>\n<script type=\"application\/ld+json\" class=\"yoast-schema-graph\">{\"@context\":\"https:\\\/\\\/schema.org\",\"@graph\":[{\"@type\":\"Article\",\"@id\":\"https:\\\/\\\/hierostrasbourg.com\\\/index.php\\\/2022\\\/09\\\/25\\\/la-ville-de-saint-louis-recrute-un-directeur-du-conservatoire-de-musique-et-de-danse-a-rayonnement-communal-f-h\\\/#article\",\"isPartOf\":{\"@id\":\"https:\\\/\\\/hierostrasbourg.com\\\/index.php\\\/2022\\\/09\\\/25\\\/la-ville-de-saint-louis-recrute-un-directeur-du-conservatoire-de-musique-et-de-danse-a-rayonnement-communal-f-h\\\/\"},\"author\":{\"name\":\"\",\"@id\":\"\"},\"headline\":\"LA VILLE DE SAINT-LOUIS recrute un directeur du Conservatoire de musique et de danse \u00e0 rayonnement communal [F\\\/H]\",\"datePublished\":\"2022-09-25T17:32:02+00:00\",\"mainEntityOfPage\":{\"@id\":\"https:\\\/\\\/hierostrasbourg.com\\\/index.php\\\/2022\\\/09\\\/25\\\/la-ville-de-saint-louis-recrute-un-directeur-du-conservatoire-de-musique-et-de-danse-a-rayonnement-communal-f-h\\\/\"},\"wordCount\":158,\"publisher\":{\"@id\":\"https:\\\/\\\/hierostrasbourg.com\\\/#organization\"},\"inLanguage\":\"fr-FR\"},{\"@type\":\"WebPage\",\"@id\":\"https:\\\/\\\/hierostrasbourg.com\\\/index.php\\\/2022\\\/09\\\/25\\\/la-ville-de-saint-louis-recrute-un-directeur-du-conservatoire-de-musique-et-de-danse-a-rayonnement-communal-f-h\\\/\",\"url\":\"https:\\\/\\\/hierostrasbourg.com\\\/index.php\\\/2022\\\/09\\\/25\\\/la-ville-de-saint-louis-recrute-un-directeur-du-conservatoire-de-musique-et-de-danse-a-rayonnement-communal-f-h\\\/\",\"name\":\"LA VILLE DE SAINT-LOUIS recrute un directeur du Conservatoire de musique et de danse \u00e0 rayonnement communal [F\\\/H] - HIERO STRASBOURG\",\"isPartOf\":{\"@id\":\"https:\\\/\\\/hierostrasbourg.com\\\/#website\"},\"datePublished\":\"2022-09-25T17:32:02+00:00\",\"breadcrumb\":{\"@id\":\"https:\\\/\\\/hierostrasbourg.com\\\/index.php\\\/2022\\\/09\\\/25\\\/la-ville-de-saint-louis-recrute-un-directeur-du-conservatoire-de-musique-et-de-danse-a-rayonnement-communal-f-h\\\/#breadcrumb\"},\"inLanguage\":\"fr-FR\",\"potentialAction\":[{\"@type\":\"ReadAction\",\"target\":[\"https:\\\/\\\/hierostrasbourg.com\\\/index.php\\\/2022\\\/09\\\/25\\\/la-ville-de-saint-louis-recrute-un-directeur-du-conservatoire-de-musique-et-de-danse-a-rayonnement-communal-f-h\\\/\"]}]},{\"@type\":\"BreadcrumbList\",\"@id\":\"https:\\\/\\\/hierostrasbourg.com\\\/index.php\\\/2022\\\/09\\\/25\\\/la-ville-de-saint-louis-recrute-un-directeur-du-conservatoire-de-musique-et-de-danse-a-rayonnement-communal-f-h\\\/#breadcrumb\",\"itemListElement\":[{\"@type\":\"ListItem\",\"position\":1,\"name\":\"Accueil\",\"item\":\"https:\\\/\\\/hierostrasbourg.com\\\/\"},{\"@type\":\"ListItem\",\"position\":2,\"name\":\"LA VILLE DE SAINT-LOUIS recrute un directeur du Conservatoire de musique et de danse \u00e0 rayonnement communal [F\\\/H]\"}]},{\"@type\":\"WebSite\",\"@id\":\"https:\\\/\\\/hierostrasbourg.com\\\/#website\",\"url\":\"https:\\\/\\\/hierostrasbourg.com\\\/\",\"name\":\"HIERO STRASBOURG\",\"description\":\"Centre de Ressources Musiques Actuelles\",\"publisher\":{\"@id\":\"https:\\\/\\\/hierostrasbourg.com\\\/#organization\"},\"potentialAction\":[{\"@type\":\"SearchAction\",\"target\":{\"@type\":\"EntryPoint\",\"urlTemplate\":\"https:\\\/\\\/hierostrasbourg.com\\\/?s={search_term_string}\"},\"query-input\":{\"@type\":\"PropertyValueSpecification\",\"valueRequired\":true,\"valueName\":\"search_term_string\"}}],\"inLanguage\":\"fr-FR\"},{\"@type\":\"Organization\",\"@id\":\"https:\\\/\\\/hierostrasbourg.com\\\/#organization\",\"name\":\"F\u00e9d\u00e9ration Hi\u00e9ro Strasbourg\",\"url\":\"https:\\\/\\\/hierostrasbourg.com\\\/\",\"logo\":{\"@type\":\"ImageObject\",\"inLanguage\":\"fr-FR\",\"@id\":\"https:\\\/\\\/hierostrasbourg.com\\\/#\\\/schema\\\/logo\\\/image\\\/\",\"url\":\"https:\\\/\\\/hierostrasbourg.com\\\/wp-content\\\/uploads\\\/2026\\\/04\\\/logo-hiero-strasbourg.jpg\",\"contentUrl\":\"https:\\\/\\\/hierostrasbourg.com\\\/wp-content\\\/uploads\\\/2026\\\/04\\\/logo-hiero-strasbourg.jpg\",\"width\":204,\"height\":192,\"caption\":\"F\u00e9d\u00e9ration Hi\u00e9ro Strasbourg\"},\"image\":{\"@id\":\"https:\\\/\\\/hierostrasbourg.com\\\/#\\\/schema\\\/logo\\\/image\\\/\"},\"sameAs\":[\"https:\\\/\\\/www.facebook.com\\\/fedehierostrasbourg\",\"https:\\\/\\\/x.com\\\/hierostrasbourg\"]}]}<\/script>\n<!-- \/ Yoast SEO plugin. -->","yoast_head_json":{"title":"LA VILLE DE SAINT-LOUIS recrute un directeur du Conservatoire de musique et de danse \u00e0 rayonnement communal [F\/H] - HIERO STRASBOURG","robots":{"index":"index","follow":"follow","max-snippet":"max-snippet:-1","max-image-preview":"max-image-preview:large","max-video-preview":"max-video-preview:-1"},"canonical":"https:\/\/hierostrasbourg.com\/index.php\/2022\/09\/25\/la-ville-de-saint-louis-recrute-un-directeur-du-conservatoire-de-musique-et-de-danse-a-rayonnement-communal-f-h\/","og_locale":"fr_FR","og_type":"article","og_title":"LA VILLE DE SAINT-LOUIS recrute un directeur du Conservatoire de musique et de danse \u00e0 rayonnement communal [F\/H] - HIERO STRASBOURG","og_description":"Type de recrutement : fonctionnaire ou contractuel de droit public \u2013 Contexte : 3\u00e8me ville du d\u00e9partement 22 700 habitants Rattach\u00e9(e) \u00e0 la Directrice du service culturel, vous \u00eates charg\u00e9(e) d\u2019\u00e9laborer et de piloter le projet d\u2019\u00e9tablissement dans le cadre du d\u00e9veloppement culturel de la collectivit\u00e9 MISSIONS Vous d\u00e9finissez et mettez en \u0153uvre le projet p\u00e9dagogique. Vous assurez le bon fonctionnement des instances internes, organisez la collaboration avec les institutions du territoire (Services de la Ville, Associations, Th\u00e9\u00e2tre, Education Nationale [&hellip;]","og_url":"https:\/\/hierostrasbourg.com\/index.php\/2022\/09\/25\/la-ville-de-saint-louis-recrute-un-directeur-du-conservatoire-de-musique-et-de-danse-a-rayonnement-communal-f-h\/","og_site_name":"HIERO STRASBOURG","article_publisher":"https:\/\/www.facebook.com\/fedehierostrasbourg","article_published_time":"2022-09-25T17:32:02+00:00","twitter_card":"summary_large_image","twitter_creator":"@hierostrasbourg","twitter_site":"@hierostrasbourg","twitter_misc":{"Dur\u00e9e de lecture estim\u00e9e":"1 minute"},"schema":{"@context":"https:\/\/schema.org","@graph":[{"@type":"Article","@id":"https:\/\/hierostrasbourg.com\/index.php\/2022\/09\/25\/la-ville-de-saint-louis-recrute-un-directeur-du-conservatoire-de-musique-et-de-danse-a-rayonnement-communal-f-h\/#article","isPartOf":{"@id":"https:\/\/hierostrasbourg.com\/index.php\/2022\/09\/25\/la-ville-de-saint-louis-recrute-un-directeur-du-conservatoire-de-musique-et-de-danse-a-rayonnement-communal-f-h\/"},"author":{"name":"","@id":""},"headline":"LA VILLE DE SAINT-LOUIS recrute un directeur du Conservatoire de musique et de danse \u00e0 rayonnement communal [F\/H]","datePublished":"2022-09-25T17:32:02+00:00","mainEntityOfPage":{"@id":"https:\/\/hierostrasbourg.com\/index.php\/2022\/09\/25\/la-ville-de-saint-louis-recrute-un-directeur-du-conservatoire-de-musique-et-de-danse-a-rayonnement-communal-f-h\/"},"wordCount":158,"publisher":{"@id":"https:\/\/hierostrasbourg.com\/#organization"},"inLanguage":"fr-FR"},{"@type":"WebPage","@id":"https:\/\/hierostrasbourg.com\/index.php\/2022\/09\/25\/la-ville-de-saint-louis-recrute-un-directeur-du-conservatoire-de-musique-et-de-danse-a-rayonnement-communal-f-h\/","url":"https:\/\/hierostrasbourg.com\/index.php\/2022\/09\/25\/la-ville-de-saint-louis-recrute-un-directeur-du-conservatoire-de-musique-et-de-danse-a-rayonnement-communal-f-h\/","name":"LA VILLE DE SAINT-LOUIS recrute un directeur du Conservatoire de musique et de danse \u00e0 rayonnement communal [F\/H] - HIERO STRASBOURG","isPartOf":{"@id":"https:\/\/hierostrasbourg.com\/#website"},"datePublished":"2022-09-25T17:32:02+00:00","breadcrumb":{"@id":"https:\/\/hierostrasbourg.com\/index.php\/2022\/09\/25\/la-ville-de-saint-louis-recrute-un-directeur-du-conservatoire-de-musique-et-de-danse-a-rayonnement-communal-f-h\/#breadcrumb"},"inLanguage":"fr-FR","potentialAction":[{"@type":"ReadAction","target":["https:\/\/hierostrasbourg.com\/index.php\/2022\/09\/25\/la-ville-de-saint-louis-recrute-un-directeur-du-conservatoire-de-musique-et-de-danse-a-rayonnement-communal-f-h\/"]}]},{"@type":"BreadcrumbList","@id":"https:\/\/hierostrasbourg.com\/index.php\/2022\/09\/25\/la-ville-de-saint-louis-recrute-un-directeur-du-conservatoire-de-musique-et-de-danse-a-rayonnement-communal-f-h\/#breadcrumb","itemListElement":[{"@type":"ListItem","position":1,"name":"Accueil","item":"https:\/\/hierostrasbourg.com\/"},{"@type":"ListItem","position":2,"name":"LA VILLE DE SAINT-LOUIS recrute un directeur du Conservatoire de musique et de danse \u00e0 rayonnement communal [F\/H]"}]},{"@type":"WebSite","@id":"https:\/\/hierostrasbourg.com\/#website","url":"https:\/\/hierostrasbourg.com\/","name":"HIERO STRASBOURG","description":"Centre de Ressources Musiques Actuelles","publisher":{"@id":"https:\/\/hierostrasbourg.com\/#organization"},"potentialAction":[{"@type":"SearchAction","target":{"@type":"EntryPoint","urlTemplate":"https:\/\/hierostrasbourg.com\/?s={search_term_string}"},"query-input":{"@type":"PropertyValueSpecification","valueRequired":true,"valueName":"search_term_string"}}],"inLanguage":"fr-FR"},{"@type":"Organization","@id":"https:\/\/hierostrasbourg.com\/#organization","name":"F\u00e9d\u00e9ration Hi\u00e9ro Strasbourg","url":"https:\/\/hierostrasbourg.com\/","logo":{"@type":"ImageObject","inLanguage":"fr-FR","@id":"https:\/\/hierostrasbourg.com\/#\/schema\/logo\/image\/","url":"https:\/\/hierostrasbourg.com\/wp-content\/uploads\/2026\/04\/logo-hiero-strasbourg.jpg","contentUrl":"https:\/\/hierostrasbourg.com\/wp-content\/uploads\/2026\/04\/logo-hiero-strasbourg.jpg","width":204,"height":192,"caption":"F\u00e9d\u00e9ration Hi\u00e9ro Strasbourg"},"image":{"@id":"https:\/\/hierostrasbourg.com\/#\/schema\/logo\/image\/"},"sameAs":["https:\/\/www.facebook.com\/fedehierostrasbourg","https:\/\/x.com\/hierostrasbourg"]}]}},"_links":{"self":[{"href":"https:\/\/hierostrasbourg.com\/index.php\/wp-json\/wp\/v2\/posts\/3692","targetHints":{"allow":["GET"]}}],"collection":[{"href":"https:\/\/hierostrasbourg.com\/index.php\/wp-json\/wp\/v2\/posts"}],"about":[{"href":"https:\/\/hierostrasbourg.com\/index.php\/wp-json\/wp\/v2\/types\/post"}],"replies":[{"embeddable":true,"href":"https:\/\/hierostrasbourg.com\/index.php\/wp-json\/wp\/v2\/comments?post=3692"}],"version-history":[{"count":0,"href":"https:\/\/hierostrasbourg.com\/index.php\/wp-json\/wp\/v2\/posts\/3692\/revisions"}],"wp:attachment":[{"href":"https:\/\/hierostrasbourg.com\/index.php\/wp-json\/wp\/v2\/media?parent=3692"}],"wp:term":[{"taxonomy":"category","embeddable":true,"href":"https:\/\/hierostrasbourg.com\/index.php\/wp-json\/wp\/v2\/categories?post=3692"},{"taxonomy":"post_tag","embeddable":true,"href":"https:\/\/hierostrasbourg.com\/index.php\/wp-json\/wp\/v2\/tags?post=3692"}],"curies":[{"name":"wp","href":"https:\/\/api.w.org\/{rel}","templated":true}]}}