{"id":3689,"date":"2022-09-25T18:32:35","date_gmt":"2022-09-25T16:32:35","guid":{"rendered":"https:\/\/hierostrasbourg.com\/index.php\/2022\/09\/25\/musiciens-malentendants-une-cabine-a-musique-in-ouie\/"},"modified":"2022-09-25T18:32:35","modified_gmt":"2022-09-25T16:32:35","slug":"musiciens-malentendants-une-cabine-a-musique-in-ouie","status":"publish","type":"post","link":"https:\/\/hierostrasbourg.com\/index.php\/2022\/09\/25\/musiciens-malentendants-une-cabine-a-musique-in-ouie\/","title":{"rendered":"Musiciens malentendants : une cabine \u00e0 musique \u201cin-ou\u00efe\u201d"},"content":{"rendered":"<p><a href=\"https:\/\/musiquesactuelles.alsace\/musiciens-malentendants-une-cabine-a-musique-in-ouie\/\" title=\"Musiciens malentendants : une cabine \u00e0 musique \u201cin-ou\u00efe\u201d\"><\/a><\/p>\n<p>Permettre aux musiciens et m\u00e9lomanes d\u00e9ficients auditifs de retrouver le plaisir d\u2019\u00e9couter de la musique, c\u2019est l\u2019enjeu de la cabine 8.1 implant\u00e9e \u00e0 Paris. Bernard Hugon, audioproth\u00e9siste chez Audika, m\u00e8ne leur appareil auditif \u00e0 la baguette. Source \/ Lire la suite : Musiciens malentendants : une cabine \u00e0 musique \u201cin-ou\u00efe\u201d<\/p>\n<p>L\u2019article <a href=\"https:\/\/musiquesactuelles.alsace\/musiciens-malentendants-une-cabine-a-musique-in-ouie\/\">Musiciens malentendants : une cabine \u00e0 musique \u201cin-ou\u00efe\u201d<\/a> est apparu en premier sur <a href=\"https:\/\/musiquesactuelles.alsace\/\">Musiques Actuelles en Alsace<\/a>.<\/p>\n<p>L\u2019article <a href=\"https:\/\/popburo.fr\/musiciens-malentendants-une-cabine-a-musique-in-ouie\/\">Musiciens malentendants : une cabine \u00e0 musique \u201cin-ou\u00efe\u201d<\/a> est apparu en premier sur <a href=\"https:\/\/popburo.fr\/\">POP B\u00dcRO<\/a>.<\/p>\n","protected":false},"excerpt":{"rendered":"<p>Permettre aux musiciens et m\u00e9lomanes d\u00e9ficients auditifs de retrouver le plaisir d\u2019\u00e9couter de la musique, c\u2019est l\u2019enjeu de la cabine 8.1 implant\u00e9e \u00e0 Paris. Bernard Hugon, audioproth\u00e9siste chez Audika, m\u00e8ne leur appareil auditif \u00e0 la baguette. Source \/ Lire la suite : Musiciens malentendants : une cabine \u00e0 musique \u201cin-ou\u00efe\u201d L\u2019article Musiciens malentendants : une cabine \u00e0 musique \u201cin-ou\u00efe\u201d est apparu en premier sur Musiques Actuelles en Alsace. L\u2019article Musiciens malentendants : une cabine \u00e0 musique \u201cin-ou\u00efe\u201d est apparu en [&hellip;]<\/p>\n","protected":false},"author":0,"featured_media":0,"comment_status":"closed","ping_status":"open","sticky":false,"template":"","format":"standard","meta":{"footnotes":""},"categories":[1],"tags":[],"class_list":["post-3689","post","type-post","status-publish","format-standard","hentry","category-non-classe"],"yoast_head":"<!-- This site is optimized with the Yoast SEO plugin v27.5 - https:\/\/yoast.com\/product\/yoast-seo-wordpress\/ -->\n<title>Musiciens malentendants : une cabine \u00e0 musique \u201cin-ou\u00efe\u201d - HIERO STRASBOURG<\/title>\n<meta name=\"robots\" content=\"index, follow, max-snippet:-1, max-image-preview:large, max-video-preview:-1\" \/>\n<link rel=\"canonical\" href=\"https:\/\/hierostrasbourg.com\/index.php\/2022\/09\/25\/musiciens-malentendants-une-cabine-a-musique-in-ouie\/\" \/>\n<meta property=\"og:locale\" content=\"fr_FR\" \/>\n<meta property=\"og:type\" content=\"article\" \/>\n<meta property=\"og:title\" content=\"Musiciens malentendants : une cabine \u00e0 musique \u201cin-ou\u00efe\u201d - HIERO STRASBOURG\" \/>\n<meta property=\"og:description\" content=\"Permettre aux musiciens et m\u00e9lomanes d\u00e9ficients auditifs de retrouver le plaisir d\u2019\u00e9couter de la musique, c\u2019est l\u2019enjeu de la cabine 8.1 implant\u00e9e \u00e0 Paris. Bernard Hugon, audioproth\u00e9siste chez Audika, m\u00e8ne leur appareil auditif \u00e0 la baguette. Source \/ Lire la suite : Musiciens malentendants : une cabine \u00e0 musique \u201cin-ou\u00efe\u201d L\u2019article Musiciens malentendants : une cabine \u00e0 musique \u201cin-ou\u00efe\u201d est apparu en premier sur Musiques Actuelles en Alsace. L\u2019article Musiciens malentendants : une cabine \u00e0 musique \u201cin-ou\u00efe\u201d est apparu en [&hellip;]\" \/>\n<meta property=\"og:url\" content=\"https:\/\/hierostrasbourg.com\/index.php\/2022\/09\/25\/musiciens-malentendants-une-cabine-a-musique-in-ouie\/\" \/>\n<meta property=\"og:site_name\" content=\"HIERO STRASBOURG\" \/>\n<meta property=\"article:publisher\" content=\"https:\/\/www.facebook.com\/fedehierostrasbourg\" \/>\n<meta property=\"article:published_time\" content=\"2022-09-25T16:32:35+00:00\" \/>\n<meta name=\"twitter:card\" content=\"summary_large_image\" \/>\n<meta name=\"twitter:creator\" content=\"@hierostrasbourg\" \/>\n<meta name=\"twitter:site\" content=\"@hierostrasbourg\" \/>\n<script type=\"application\/ld+json\" class=\"yoast-schema-graph\">{\"@context\":\"https:\\\/\\\/schema.org\",\"@graph\":[{\"@type\":\"Article\",\"@id\":\"https:\\\/\\\/hierostrasbourg.com\\\/index.php\\\/2022\\\/09\\\/25\\\/musiciens-malentendants-une-cabine-a-musique-in-ouie\\\/#article\",\"isPartOf\":{\"@id\":\"https:\\\/\\\/hierostrasbourg.com\\\/index.php\\\/2022\\\/09\\\/25\\\/musiciens-malentendants-une-cabine-a-musique-in-ouie\\\/\"},\"author\":{\"name\":\"\",\"@id\":\"\"},\"headline\":\"Musiciens malentendants : une cabine \u00e0 musique \u201cin-ou\u00efe\u201d\",\"datePublished\":\"2022-09-25T16:32:35+00:00\",\"mainEntityOfPage\":{\"@id\":\"https:\\\/\\\/hierostrasbourg.com\\\/index.php\\\/2022\\\/09\\\/25\\\/musiciens-malentendants-une-cabine-a-musique-in-ouie\\\/\"},\"wordCount\":94,\"publisher\":{\"@id\":\"https:\\\/\\\/hierostrasbourg.com\\\/#organization\"},\"inLanguage\":\"fr-FR\"},{\"@type\":\"WebPage\",\"@id\":\"https:\\\/\\\/hierostrasbourg.com\\\/index.php\\\/2022\\\/09\\\/25\\\/musiciens-malentendants-une-cabine-a-musique-in-ouie\\\/\",\"url\":\"https:\\\/\\\/hierostrasbourg.com\\\/index.php\\\/2022\\\/09\\\/25\\\/musiciens-malentendants-une-cabine-a-musique-in-ouie\\\/\",\"name\":\"Musiciens malentendants : une cabine \u00e0 musique \u201cin-ou\u00efe\u201d - HIERO STRASBOURG\",\"isPartOf\":{\"@id\":\"https:\\\/\\\/hierostrasbourg.com\\\/#website\"},\"datePublished\":\"2022-09-25T16:32:35+00:00\",\"breadcrumb\":{\"@id\":\"https:\\\/\\\/hierostrasbourg.com\\\/index.php\\\/2022\\\/09\\\/25\\\/musiciens-malentendants-une-cabine-a-musique-in-ouie\\\/#breadcrumb\"},\"inLanguage\":\"fr-FR\",\"potentialAction\":[{\"@type\":\"ReadAction\",\"target\":[\"https:\\\/\\\/hierostrasbourg.com\\\/index.php\\\/2022\\\/09\\\/25\\\/musiciens-malentendants-une-cabine-a-musique-in-ouie\\\/\"]}]},{\"@type\":\"BreadcrumbList\",\"@id\":\"https:\\\/\\\/hierostrasbourg.com\\\/index.php\\\/2022\\\/09\\\/25\\\/musiciens-malentendants-une-cabine-a-musique-in-ouie\\\/#breadcrumb\",\"itemListElement\":[{\"@type\":\"ListItem\",\"position\":1,\"name\":\"Accueil\",\"item\":\"https:\\\/\\\/hierostrasbourg.com\\\/\"},{\"@type\":\"ListItem\",\"position\":2,\"name\":\"Musiciens malentendants : une cabine \u00e0 musique \u201cin-ou\u00efe\u201d\"}]},{\"@type\":\"WebSite\",\"@id\":\"https:\\\/\\\/hierostrasbourg.com\\\/#website\",\"url\":\"https:\\\/\\\/hierostrasbourg.com\\\/\",\"name\":\"HIERO STRASBOURG\",\"description\":\"Centre de Ressources Musiques Actuelles\",\"publisher\":{\"@id\":\"https:\\\/\\\/hierostrasbourg.com\\\/#organization\"},\"potentialAction\":[{\"@type\":\"SearchAction\",\"target\":{\"@type\":\"EntryPoint\",\"urlTemplate\":\"https:\\\/\\\/hierostrasbourg.com\\\/?s={search_term_string}\"},\"query-input\":{\"@type\":\"PropertyValueSpecification\",\"valueRequired\":true,\"valueName\":\"search_term_string\"}}],\"inLanguage\":\"fr-FR\"},{\"@type\":\"Organization\",\"@id\":\"https:\\\/\\\/hierostrasbourg.com\\\/#organization\",\"name\":\"F\u00e9d\u00e9ration Hi\u00e9ro Strasbourg\",\"url\":\"https:\\\/\\\/hierostrasbourg.com\\\/\",\"logo\":{\"@type\":\"ImageObject\",\"inLanguage\":\"fr-FR\",\"@id\":\"https:\\\/\\\/hierostrasbourg.com\\\/#\\\/schema\\\/logo\\\/image\\\/\",\"url\":\"https:\\\/\\\/hierostrasbourg.com\\\/wp-content\\\/uploads\\\/2026\\\/04\\\/logo-hiero-strasbourg.jpg\",\"contentUrl\":\"https:\\\/\\\/hierostrasbourg.com\\\/wp-content\\\/uploads\\\/2026\\\/04\\\/logo-hiero-strasbourg.jpg\",\"width\":204,\"height\":192,\"caption\":\"F\u00e9d\u00e9ration Hi\u00e9ro Strasbourg\"},\"image\":{\"@id\":\"https:\\\/\\\/hierostrasbourg.com\\\/#\\\/schema\\\/logo\\\/image\\\/\"},\"sameAs\":[\"https:\\\/\\\/www.facebook.com\\\/fedehierostrasbourg\",\"https:\\\/\\\/x.com\\\/hierostrasbourg\"]}]}<\/script>\n<!-- \/ Yoast SEO plugin. -->","yoast_head_json":{"title":"Musiciens malentendants : une cabine \u00e0 musique \u201cin-ou\u00efe\u201d - HIERO STRASBOURG","robots":{"index":"index","follow":"follow","max-snippet":"max-snippet:-1","max-image-preview":"max-image-preview:large","max-video-preview":"max-video-preview:-1"},"canonical":"https:\/\/hierostrasbourg.com\/index.php\/2022\/09\/25\/musiciens-malentendants-une-cabine-a-musique-in-ouie\/","og_locale":"fr_FR","og_type":"article","og_title":"Musiciens malentendants : une cabine \u00e0 musique \u201cin-ou\u00efe\u201d - HIERO STRASBOURG","og_description":"Permettre aux musiciens et m\u00e9lomanes d\u00e9ficients auditifs de retrouver le plaisir d\u2019\u00e9couter de la musique, c\u2019est l\u2019enjeu de la cabine 8.1 implant\u00e9e \u00e0 Paris. Bernard Hugon, audioproth\u00e9siste chez Audika, m\u00e8ne leur appareil auditif \u00e0 la baguette. Source \/ Lire la suite : Musiciens malentendants : une cabine \u00e0 musique \u201cin-ou\u00efe\u201d L\u2019article Musiciens malentendants : une cabine \u00e0 musique \u201cin-ou\u00efe\u201d est apparu en premier sur Musiques Actuelles en Alsace. L\u2019article Musiciens malentendants : une cabine \u00e0 musique \u201cin-ou\u00efe\u201d est apparu en [&hellip;]","og_url":"https:\/\/hierostrasbourg.com\/index.php\/2022\/09\/25\/musiciens-malentendants-une-cabine-a-musique-in-ouie\/","og_site_name":"HIERO STRASBOURG","article_publisher":"https:\/\/www.facebook.com\/fedehierostrasbourg","article_published_time":"2022-09-25T16:32:35+00:00","twitter_card":"summary_large_image","twitter_creator":"@hierostrasbourg","twitter_site":"@hierostrasbourg","schema":{"@context":"https:\/\/schema.org","@graph":[{"@type":"Article","@id":"https:\/\/hierostrasbourg.com\/index.php\/2022\/09\/25\/musiciens-malentendants-une-cabine-a-musique-in-ouie\/#article","isPartOf":{"@id":"https:\/\/hierostrasbourg.com\/index.php\/2022\/09\/25\/musiciens-malentendants-une-cabine-a-musique-in-ouie\/"},"author":{"name":"","@id":""},"headline":"Musiciens malentendants : une cabine \u00e0 musique \u201cin-ou\u00efe\u201d","datePublished":"2022-09-25T16:32:35+00:00","mainEntityOfPage":{"@id":"https:\/\/hierostrasbourg.com\/index.php\/2022\/09\/25\/musiciens-malentendants-une-cabine-a-musique-in-ouie\/"},"wordCount":94,"publisher":{"@id":"https:\/\/hierostrasbourg.com\/#organization"},"inLanguage":"fr-FR"},{"@type":"WebPage","@id":"https:\/\/hierostrasbourg.com\/index.php\/2022\/09\/25\/musiciens-malentendants-une-cabine-a-musique-in-ouie\/","url":"https:\/\/hierostrasbourg.com\/index.php\/2022\/09\/25\/musiciens-malentendants-une-cabine-a-musique-in-ouie\/","name":"Musiciens malentendants : une cabine \u00e0 musique \u201cin-ou\u00efe\u201d - HIERO STRASBOURG","isPartOf":{"@id":"https:\/\/hierostrasbourg.com\/#website"},"datePublished":"2022-09-25T16:32:35+00:00","breadcrumb":{"@id":"https:\/\/hierostrasbourg.com\/index.php\/2022\/09\/25\/musiciens-malentendants-une-cabine-a-musique-in-ouie\/#breadcrumb"},"inLanguage":"fr-FR","potentialAction":[{"@type":"ReadAction","target":["https:\/\/hierostrasbourg.com\/index.php\/2022\/09\/25\/musiciens-malentendants-une-cabine-a-musique-in-ouie\/"]}]},{"@type":"BreadcrumbList","@id":"https:\/\/hierostrasbourg.com\/index.php\/2022\/09\/25\/musiciens-malentendants-une-cabine-a-musique-in-ouie\/#breadcrumb","itemListElement":[{"@type":"ListItem","position":1,"name":"Accueil","item":"https:\/\/hierostrasbourg.com\/"},{"@type":"ListItem","position":2,"name":"Musiciens malentendants : une cabine \u00e0 musique \u201cin-ou\u00efe\u201d"}]},{"@type":"WebSite","@id":"https:\/\/hierostrasbourg.com\/#website","url":"https:\/\/hierostrasbourg.com\/","name":"HIERO STRASBOURG","description":"Centre de Ressources Musiques Actuelles","publisher":{"@id":"https:\/\/hierostrasbourg.com\/#organization"},"potentialAction":[{"@type":"SearchAction","target":{"@type":"EntryPoint","urlTemplate":"https:\/\/hierostrasbourg.com\/?s={search_term_string}"},"query-input":{"@type":"PropertyValueSpecification","valueRequired":true,"valueName":"search_term_string"}}],"inLanguage":"fr-FR"},{"@type":"Organization","@id":"https:\/\/hierostrasbourg.com\/#organization","name":"F\u00e9d\u00e9ration Hi\u00e9ro Strasbourg","url":"https:\/\/hierostrasbourg.com\/","logo":{"@type":"ImageObject","inLanguage":"fr-FR","@id":"https:\/\/hierostrasbourg.com\/#\/schema\/logo\/image\/","url":"https:\/\/hierostrasbourg.com\/wp-content\/uploads\/2026\/04\/logo-hiero-strasbourg.jpg","contentUrl":"https:\/\/hierostrasbourg.com\/wp-content\/uploads\/2026\/04\/logo-hiero-strasbourg.jpg","width":204,"height":192,"caption":"F\u00e9d\u00e9ration Hi\u00e9ro Strasbourg"},"image":{"@id":"https:\/\/hierostrasbourg.com\/#\/schema\/logo\/image\/"},"sameAs":["https:\/\/www.facebook.com\/fedehierostrasbourg","https:\/\/x.com\/hierostrasbourg"]}]}},"_links":{"self":[{"href":"https:\/\/hierostrasbourg.com\/index.php\/wp-json\/wp\/v2\/posts\/3689","targetHints":{"allow":["GET"]}}],"collection":[{"href":"https:\/\/hierostrasbourg.com\/index.php\/wp-json\/wp\/v2\/posts"}],"about":[{"href":"https:\/\/hierostrasbourg.com\/index.php\/wp-json\/wp\/v2\/types\/post"}],"replies":[{"embeddable":true,"href":"https:\/\/hierostrasbourg.com\/index.php\/wp-json\/wp\/v2\/comments?post=3689"}],"version-history":[{"count":0,"href":"https:\/\/hierostrasbourg.com\/index.php\/wp-json\/wp\/v2\/posts\/3689\/revisions"}],"wp:attachment":[{"href":"https:\/\/hierostrasbourg.com\/index.php\/wp-json\/wp\/v2\/media?parent=3689"}],"wp:term":[{"taxonomy":"category","embeddable":true,"href":"https:\/\/hierostrasbourg.com\/index.php\/wp-json\/wp\/v2\/categories?post=3689"},{"taxonomy":"post_tag","embeddable":true,"href":"https:\/\/hierostrasbourg.com\/index.php\/wp-json\/wp\/v2\/tags?post=3689"}],"curies":[{"name":"wp","href":"https:\/\/api.w.org\/{rel}","templated":true}]}}