{"id":3679,"date":"2022-09-24T20:31:31","date_gmt":"2022-09-24T18:31:31","guid":{"rendered":"https:\/\/hierostrasbourg.com\/index.php\/2022\/09\/24\/les-professionnels-de-la-musique-electronique-fragilises\/"},"modified":"2022-09-24T20:31:31","modified_gmt":"2022-09-24T18:31:31","slug":"les-professionnels-de-la-musique-electronique-fragilises","status":"publish","type":"post","link":"https:\/\/hierostrasbourg.com\/index.php\/2022\/09\/24\/les-professionnels-de-la-musique-electronique-fragilises\/","title":{"rendered":"Les professionnels de la musique \u00e9lectronique fragilis\u00e9s"},"content":{"rendered":"<p><a href=\"https:\/\/musiquesactuelles.alsace\/les-professionnels-de-la-musique-electronique-fragilises\/\" title=\"Les professionnels de la musique \u00e9lectronique fragilis\u00e9s\"><\/a><\/p>\n<p>Une \u00e9tude, publi\u00e9e \u00e0 l\u2019occasion de la Paris Electronic Week, souligne la pr\u00e9carit\u00e9 du secteur, alors que la saison 2022 des festivals n\u2019a pas \u00e9t\u00e9 brillante pour l\u2019electro. Source \/ Lire la suite : Les professionnels de la musique \u00e9lectronique fragilis\u00e9s<\/p>\n<p>L\u2019article <a href=\"https:\/\/musiquesactuelles.alsace\/les-professionnels-de-la-musique-electronique-fragilises\/\">Les professionnels de la musique \u00e9lectronique fragilis\u00e9s<\/a> est apparu en premier sur <a href=\"https:\/\/musiquesactuelles.alsace\/\">Musiques Actuelles en Alsace<\/a>.<\/p>\n<p>L\u2019article <a href=\"https:\/\/popburo.fr\/les-professionnels-de-la-musique-electronique-fragilises\/\">Les professionnels de la musique \u00e9lectronique fragilis\u00e9s<\/a> est apparu en premier sur <a href=\"https:\/\/popburo.fr\/\">POP B\u00dcRO<\/a>.<\/p>\n","protected":false},"excerpt":{"rendered":"<p>Une \u00e9tude, publi\u00e9e \u00e0 l\u2019occasion de la Paris Electronic Week, souligne la pr\u00e9carit\u00e9 du secteur, alors que la saison 2022 des festivals n\u2019a pas \u00e9t\u00e9 brillante pour l\u2019electro. Source \/ Lire la suite : Les professionnels de la musique \u00e9lectronique fragilis\u00e9s L\u2019article Les professionnels de la musique \u00e9lectronique fragilis\u00e9s est apparu en premier sur Musiques Actuelles en Alsace. L\u2019article Les professionnels de la musique \u00e9lectronique fragilis\u00e9s est apparu en premier sur POP B\u00dcRO.<\/p>\n","protected":false},"author":0,"featured_media":0,"comment_status":"closed","ping_status":"open","sticky":false,"template":"","format":"standard","meta":{"footnotes":""},"categories":[1],"tags":[],"class_list":["post-3679","post","type-post","status-publish","format-standard","hentry","category-non-classe"],"yoast_head":"<!-- This site is optimized with the Yoast SEO plugin v27.5 - https:\/\/yoast.com\/product\/yoast-seo-wordpress\/ -->\n<title>Les professionnels de la musique \u00e9lectronique fragilis\u00e9s - HIERO STRASBOURG<\/title>\n<meta name=\"robots\" content=\"index, follow, max-snippet:-1, max-image-preview:large, max-video-preview:-1\" \/>\n<link rel=\"canonical\" href=\"https:\/\/hierostrasbourg.com\/index.php\/2022\/09\/24\/les-professionnels-de-la-musique-electronique-fragilises\/\" \/>\n<meta property=\"og:locale\" content=\"fr_FR\" \/>\n<meta property=\"og:type\" content=\"article\" \/>\n<meta property=\"og:title\" content=\"Les professionnels de la musique \u00e9lectronique fragilis\u00e9s - HIERO STRASBOURG\" \/>\n<meta property=\"og:description\" content=\"Une \u00e9tude, publi\u00e9e \u00e0 l\u2019occasion de la Paris Electronic Week, souligne la pr\u00e9carit\u00e9 du secteur, alors que la saison 2022 des festivals n\u2019a pas \u00e9t\u00e9 brillante pour l\u2019electro. Source \/ Lire la suite : Les professionnels de la musique \u00e9lectronique fragilis\u00e9s L\u2019article Les professionnels de la musique \u00e9lectronique fragilis\u00e9s est apparu en premier sur Musiques Actuelles en Alsace. L\u2019article Les professionnels de la musique \u00e9lectronique fragilis\u00e9s est apparu en premier sur POP B\u00dcRO.\" \/>\n<meta property=\"og:url\" content=\"https:\/\/hierostrasbourg.com\/index.php\/2022\/09\/24\/les-professionnels-de-la-musique-electronique-fragilises\/\" \/>\n<meta property=\"og:site_name\" content=\"HIERO STRASBOURG\" \/>\n<meta property=\"article:publisher\" content=\"https:\/\/www.facebook.com\/fedehierostrasbourg\" \/>\n<meta property=\"article:published_time\" content=\"2022-09-24T18:31:31+00:00\" \/>\n<meta name=\"twitter:card\" content=\"summary_large_image\" \/>\n<meta name=\"twitter:creator\" content=\"@hierostrasbourg\" \/>\n<meta name=\"twitter:site\" content=\"@hierostrasbourg\" \/>\n<script type=\"application\/ld+json\" class=\"yoast-schema-graph\">{\"@context\":\"https:\\\/\\\/schema.org\",\"@graph\":[{\"@type\":\"Article\",\"@id\":\"https:\\\/\\\/hierostrasbourg.com\\\/index.php\\\/2022\\\/09\\\/24\\\/les-professionnels-de-la-musique-electronique-fragilises\\\/#article\",\"isPartOf\":{\"@id\":\"https:\\\/\\\/hierostrasbourg.com\\\/index.php\\\/2022\\\/09\\\/24\\\/les-professionnels-de-la-musique-electronique-fragilises\\\/\"},\"author\":{\"name\":\"\",\"@id\":\"\"},\"headline\":\"Les professionnels de la musique \u00e9lectronique fragilis\u00e9s\",\"datePublished\":\"2022-09-24T18:31:31+00:00\",\"mainEntityOfPage\":{\"@id\":\"https:\\\/\\\/hierostrasbourg.com\\\/index.php\\\/2022\\\/09\\\/24\\\/les-professionnels-de-la-musique-electronique-fragilises\\\/\"},\"wordCount\":88,\"publisher\":{\"@id\":\"https:\\\/\\\/hierostrasbourg.com\\\/#organization\"},\"inLanguage\":\"fr-FR\"},{\"@type\":\"WebPage\",\"@id\":\"https:\\\/\\\/hierostrasbourg.com\\\/index.php\\\/2022\\\/09\\\/24\\\/les-professionnels-de-la-musique-electronique-fragilises\\\/\",\"url\":\"https:\\\/\\\/hierostrasbourg.com\\\/index.php\\\/2022\\\/09\\\/24\\\/les-professionnels-de-la-musique-electronique-fragilises\\\/\",\"name\":\"Les professionnels de la musique \u00e9lectronique fragilis\u00e9s - HIERO STRASBOURG\",\"isPartOf\":{\"@id\":\"https:\\\/\\\/hierostrasbourg.com\\\/#website\"},\"datePublished\":\"2022-09-24T18:31:31+00:00\",\"breadcrumb\":{\"@id\":\"https:\\\/\\\/hierostrasbourg.com\\\/index.php\\\/2022\\\/09\\\/24\\\/les-professionnels-de-la-musique-electronique-fragilises\\\/#breadcrumb\"},\"inLanguage\":\"fr-FR\",\"potentialAction\":[{\"@type\":\"ReadAction\",\"target\":[\"https:\\\/\\\/hierostrasbourg.com\\\/index.php\\\/2022\\\/09\\\/24\\\/les-professionnels-de-la-musique-electronique-fragilises\\\/\"]}]},{\"@type\":\"BreadcrumbList\",\"@id\":\"https:\\\/\\\/hierostrasbourg.com\\\/index.php\\\/2022\\\/09\\\/24\\\/les-professionnels-de-la-musique-electronique-fragilises\\\/#breadcrumb\",\"itemListElement\":[{\"@type\":\"ListItem\",\"position\":1,\"name\":\"Accueil\",\"item\":\"https:\\\/\\\/hierostrasbourg.com\\\/\"},{\"@type\":\"ListItem\",\"position\":2,\"name\":\"Les professionnels de la musique \u00e9lectronique fragilis\u00e9s\"}]},{\"@type\":\"WebSite\",\"@id\":\"https:\\\/\\\/hierostrasbourg.com\\\/#website\",\"url\":\"https:\\\/\\\/hierostrasbourg.com\\\/\",\"name\":\"HIERO STRASBOURG\",\"description\":\"Centre de Ressources Musiques Actuelles\",\"publisher\":{\"@id\":\"https:\\\/\\\/hierostrasbourg.com\\\/#organization\"},\"potentialAction\":[{\"@type\":\"SearchAction\",\"target\":{\"@type\":\"EntryPoint\",\"urlTemplate\":\"https:\\\/\\\/hierostrasbourg.com\\\/?s={search_term_string}\"},\"query-input\":{\"@type\":\"PropertyValueSpecification\",\"valueRequired\":true,\"valueName\":\"search_term_string\"}}],\"inLanguage\":\"fr-FR\"},{\"@type\":\"Organization\",\"@id\":\"https:\\\/\\\/hierostrasbourg.com\\\/#organization\",\"name\":\"F\u00e9d\u00e9ration Hi\u00e9ro Strasbourg\",\"url\":\"https:\\\/\\\/hierostrasbourg.com\\\/\",\"logo\":{\"@type\":\"ImageObject\",\"inLanguage\":\"fr-FR\",\"@id\":\"https:\\\/\\\/hierostrasbourg.com\\\/#\\\/schema\\\/logo\\\/image\\\/\",\"url\":\"https:\\\/\\\/hierostrasbourg.com\\\/wp-content\\\/uploads\\\/2026\\\/04\\\/logo-hiero-strasbourg.jpg\",\"contentUrl\":\"https:\\\/\\\/hierostrasbourg.com\\\/wp-content\\\/uploads\\\/2026\\\/04\\\/logo-hiero-strasbourg.jpg\",\"width\":204,\"height\":192,\"caption\":\"F\u00e9d\u00e9ration Hi\u00e9ro Strasbourg\"},\"image\":{\"@id\":\"https:\\\/\\\/hierostrasbourg.com\\\/#\\\/schema\\\/logo\\\/image\\\/\"},\"sameAs\":[\"https:\\\/\\\/www.facebook.com\\\/fedehierostrasbourg\",\"https:\\\/\\\/x.com\\\/hierostrasbourg\"]}]}<\/script>\n<!-- \/ Yoast SEO plugin. -->","yoast_head_json":{"title":"Les professionnels de la musique \u00e9lectronique fragilis\u00e9s - HIERO STRASBOURG","robots":{"index":"index","follow":"follow","max-snippet":"max-snippet:-1","max-image-preview":"max-image-preview:large","max-video-preview":"max-video-preview:-1"},"canonical":"https:\/\/hierostrasbourg.com\/index.php\/2022\/09\/24\/les-professionnels-de-la-musique-electronique-fragilises\/","og_locale":"fr_FR","og_type":"article","og_title":"Les professionnels de la musique \u00e9lectronique fragilis\u00e9s - HIERO STRASBOURG","og_description":"Une \u00e9tude, publi\u00e9e \u00e0 l\u2019occasion de la Paris Electronic Week, souligne la pr\u00e9carit\u00e9 du secteur, alors que la saison 2022 des festivals n\u2019a pas \u00e9t\u00e9 brillante pour l\u2019electro. Source \/ Lire la suite : Les professionnels de la musique \u00e9lectronique fragilis\u00e9s L\u2019article Les professionnels de la musique \u00e9lectronique fragilis\u00e9s est apparu en premier sur Musiques Actuelles en Alsace. L\u2019article Les professionnels de la musique \u00e9lectronique fragilis\u00e9s est apparu en premier sur POP B\u00dcRO.","og_url":"https:\/\/hierostrasbourg.com\/index.php\/2022\/09\/24\/les-professionnels-de-la-musique-electronique-fragilises\/","og_site_name":"HIERO STRASBOURG","article_publisher":"https:\/\/www.facebook.com\/fedehierostrasbourg","article_published_time":"2022-09-24T18:31:31+00:00","twitter_card":"summary_large_image","twitter_creator":"@hierostrasbourg","twitter_site":"@hierostrasbourg","schema":{"@context":"https:\/\/schema.org","@graph":[{"@type":"Article","@id":"https:\/\/hierostrasbourg.com\/index.php\/2022\/09\/24\/les-professionnels-de-la-musique-electronique-fragilises\/#article","isPartOf":{"@id":"https:\/\/hierostrasbourg.com\/index.php\/2022\/09\/24\/les-professionnels-de-la-musique-electronique-fragilises\/"},"author":{"name":"","@id":""},"headline":"Les professionnels de la musique \u00e9lectronique fragilis\u00e9s","datePublished":"2022-09-24T18:31:31+00:00","mainEntityOfPage":{"@id":"https:\/\/hierostrasbourg.com\/index.php\/2022\/09\/24\/les-professionnels-de-la-musique-electronique-fragilises\/"},"wordCount":88,"publisher":{"@id":"https:\/\/hierostrasbourg.com\/#organization"},"inLanguage":"fr-FR"},{"@type":"WebPage","@id":"https:\/\/hierostrasbourg.com\/index.php\/2022\/09\/24\/les-professionnels-de-la-musique-electronique-fragilises\/","url":"https:\/\/hierostrasbourg.com\/index.php\/2022\/09\/24\/les-professionnels-de-la-musique-electronique-fragilises\/","name":"Les professionnels de la musique \u00e9lectronique fragilis\u00e9s - HIERO STRASBOURG","isPartOf":{"@id":"https:\/\/hierostrasbourg.com\/#website"},"datePublished":"2022-09-24T18:31:31+00:00","breadcrumb":{"@id":"https:\/\/hierostrasbourg.com\/index.php\/2022\/09\/24\/les-professionnels-de-la-musique-electronique-fragilises\/#breadcrumb"},"inLanguage":"fr-FR","potentialAction":[{"@type":"ReadAction","target":["https:\/\/hierostrasbourg.com\/index.php\/2022\/09\/24\/les-professionnels-de-la-musique-electronique-fragilises\/"]}]},{"@type":"BreadcrumbList","@id":"https:\/\/hierostrasbourg.com\/index.php\/2022\/09\/24\/les-professionnels-de-la-musique-electronique-fragilises\/#breadcrumb","itemListElement":[{"@type":"ListItem","position":1,"name":"Accueil","item":"https:\/\/hierostrasbourg.com\/"},{"@type":"ListItem","position":2,"name":"Les professionnels de la musique \u00e9lectronique fragilis\u00e9s"}]},{"@type":"WebSite","@id":"https:\/\/hierostrasbourg.com\/#website","url":"https:\/\/hierostrasbourg.com\/","name":"HIERO STRASBOURG","description":"Centre de Ressources Musiques Actuelles","publisher":{"@id":"https:\/\/hierostrasbourg.com\/#organization"},"potentialAction":[{"@type":"SearchAction","target":{"@type":"EntryPoint","urlTemplate":"https:\/\/hierostrasbourg.com\/?s={search_term_string}"},"query-input":{"@type":"PropertyValueSpecification","valueRequired":true,"valueName":"search_term_string"}}],"inLanguage":"fr-FR"},{"@type":"Organization","@id":"https:\/\/hierostrasbourg.com\/#organization","name":"F\u00e9d\u00e9ration Hi\u00e9ro Strasbourg","url":"https:\/\/hierostrasbourg.com\/","logo":{"@type":"ImageObject","inLanguage":"fr-FR","@id":"https:\/\/hierostrasbourg.com\/#\/schema\/logo\/image\/","url":"https:\/\/hierostrasbourg.com\/wp-content\/uploads\/2026\/04\/logo-hiero-strasbourg.jpg","contentUrl":"https:\/\/hierostrasbourg.com\/wp-content\/uploads\/2026\/04\/logo-hiero-strasbourg.jpg","width":204,"height":192,"caption":"F\u00e9d\u00e9ration Hi\u00e9ro Strasbourg"},"image":{"@id":"https:\/\/hierostrasbourg.com\/#\/schema\/logo\/image\/"},"sameAs":["https:\/\/www.facebook.com\/fedehierostrasbourg","https:\/\/x.com\/hierostrasbourg"]}]}},"_links":{"self":[{"href":"https:\/\/hierostrasbourg.com\/index.php\/wp-json\/wp\/v2\/posts\/3679","targetHints":{"allow":["GET"]}}],"collection":[{"href":"https:\/\/hierostrasbourg.com\/index.php\/wp-json\/wp\/v2\/posts"}],"about":[{"href":"https:\/\/hierostrasbourg.com\/index.php\/wp-json\/wp\/v2\/types\/post"}],"replies":[{"embeddable":true,"href":"https:\/\/hierostrasbourg.com\/index.php\/wp-json\/wp\/v2\/comments?post=3679"}],"version-history":[{"count":0,"href":"https:\/\/hierostrasbourg.com\/index.php\/wp-json\/wp\/v2\/posts\/3679\/revisions"}],"wp:attachment":[{"href":"https:\/\/hierostrasbourg.com\/index.php\/wp-json\/wp\/v2\/media?parent=3679"}],"wp:term":[{"taxonomy":"category","embeddable":true,"href":"https:\/\/hierostrasbourg.com\/index.php\/wp-json\/wp\/v2\/categories?post=3679"},{"taxonomy":"post_tag","embeddable":true,"href":"https:\/\/hierostrasbourg.com\/index.php\/wp-json\/wp\/v2\/tags?post=3679"}],"curies":[{"name":"wp","href":"https:\/\/api.w.org\/{rel}","templated":true}]}}