{"id":3675,"date":"2022-09-24T18:34:00","date_gmt":"2022-09-24T16:34:00","guid":{"rendered":"https:\/\/hierostrasbourg.com\/index.php\/2022\/09\/24\/musiques-et-transition-ecologique-panorama-dinitiatives-collectives\/"},"modified":"2022-09-24T18:34:00","modified_gmt":"2022-09-24T16:34:00","slug":"musiques-et-transition-ecologique-panorama-dinitiatives-collectives","status":"publish","type":"post","link":"https:\/\/hierostrasbourg.com\/index.php\/2022\/09\/24\/musiques-et-transition-ecologique-panorama-dinitiatives-collectives\/","title":{"rendered":"Musiques et transition \u00e9cologique : panorama d\u2019initiatives collectives"},"content":{"rendered":"<p><a href=\"https:\/\/musiquesactuelles.alsace\/musiques-et-transition-ecologique-panorama-dinitiatives-collectives\/\" title=\"Musiques et transition \u00e9cologique : panorama d\u2019initiatives collectives\"><\/a><\/p>\n<p>Ces deux derni\u00e8res ann\u00e9es, profitant de la pause forc\u00e9e de la pand\u00e9mie, de nombreux\u00b7ses acteur\u00b7rices des champs de la musique se sont rassembl\u00e9\u00b7es pour approfondir des r\u00e9flexions collectives et donner vie \u00e0 des initiatives pour accompagner la mutation des pratiques face aux cons\u00e9quences du changement climatique et \u00e0 la vuln\u00e9rabilit\u00e9 du secteur. Source \/ Lire la suite : Musiques et transition \u00e9cologique : panorama d\u2019initiatives collectives<\/p>\n<p>L\u2019article <a href=\"https:\/\/musiquesactuelles.alsace\/musiques-et-transition-ecologique-panorama-dinitiatives-collectives\/\">Musiques et transition \u00e9cologique : panorama d\u2019initiatives collectives<\/a> est apparu en premier sur <a href=\"https:\/\/musiquesactuelles.alsace\/\">Musiques Actuelles en Alsace<\/a>.<\/p>\n<p>L\u2019article <a href=\"https:\/\/popburo.fr\/musiques-et-transition-ecologique-panorama-dinitiatives-collectives\/\">Musiques et transition \u00e9cologique : panorama d\u2019initiatives collectives<\/a> est apparu en premier sur <a href=\"https:\/\/popburo.fr\/\">POP B\u00dcRO<\/a>.<\/p>\n","protected":false},"excerpt":{"rendered":"<p>Ces deux derni\u00e8res ann\u00e9es, profitant de la pause forc\u00e9e de la pand\u00e9mie, de nombreux\u00b7ses acteur\u00b7rices des champs de la musique se sont rassembl\u00e9\u00b7es pour approfondir des r\u00e9flexions collectives et donner vie \u00e0 des initiatives pour accompagner la mutation des pratiques face aux cons\u00e9quences du changement climatique et \u00e0 la vuln\u00e9rabilit\u00e9 du secteur. Source \/ Lire la suite : Musiques et transition \u00e9cologique : panorama d\u2019initiatives collectives L\u2019article Musiques et transition \u00e9cologique : panorama d\u2019initiatives collectives est apparu en premier sur [&hellip;]<\/p>\n","protected":false},"author":0,"featured_media":0,"comment_status":"closed","ping_status":"open","sticky":false,"template":"","format":"standard","meta":{"footnotes":""},"categories":[1],"tags":[],"class_list":["post-3675","post","type-post","status-publish","format-standard","hentry","category-non-classe"],"yoast_head":"<!-- This site is optimized with the Yoast SEO plugin v27.5 - https:\/\/yoast.com\/product\/yoast-seo-wordpress\/ -->\n<title>Musiques et transition \u00e9cologique : panorama d\u2019initiatives collectives - HIERO STRASBOURG<\/title>\n<meta name=\"robots\" content=\"index, follow, max-snippet:-1, max-image-preview:large, max-video-preview:-1\" \/>\n<link rel=\"canonical\" href=\"https:\/\/hierostrasbourg.com\/index.php\/2022\/09\/24\/musiques-et-transition-ecologique-panorama-dinitiatives-collectives\/\" \/>\n<meta property=\"og:locale\" content=\"fr_FR\" \/>\n<meta property=\"og:type\" content=\"article\" \/>\n<meta property=\"og:title\" content=\"Musiques et transition \u00e9cologique : panorama d\u2019initiatives collectives - HIERO STRASBOURG\" \/>\n<meta property=\"og:description\" content=\"Ces deux derni\u00e8res ann\u00e9es, profitant de la pause forc\u00e9e de la pand\u00e9mie, de nombreux\u00b7ses acteur\u00b7rices des champs de la musique se sont rassembl\u00e9\u00b7es pour approfondir des r\u00e9flexions collectives et donner vie \u00e0 des initiatives pour accompagner la mutation des pratiques face aux cons\u00e9quences du changement climatique et \u00e0 la vuln\u00e9rabilit\u00e9 du secteur. Source \/ Lire la suite : Musiques et transition \u00e9cologique : panorama d\u2019initiatives collectives L\u2019article Musiques et transition \u00e9cologique : panorama d\u2019initiatives collectives est apparu en premier sur [&hellip;]\" \/>\n<meta property=\"og:url\" content=\"https:\/\/hierostrasbourg.com\/index.php\/2022\/09\/24\/musiques-et-transition-ecologique-panorama-dinitiatives-collectives\/\" \/>\n<meta property=\"og:site_name\" content=\"HIERO STRASBOURG\" \/>\n<meta property=\"article:publisher\" content=\"https:\/\/www.facebook.com\/fedehierostrasbourg\" \/>\n<meta property=\"article:published_time\" content=\"2022-09-24T16:34:00+00:00\" \/>\n<meta name=\"twitter:card\" content=\"summary_large_image\" \/>\n<meta name=\"twitter:creator\" content=\"@hierostrasbourg\" \/>\n<meta name=\"twitter:site\" content=\"@hierostrasbourg\" \/>\n<meta name=\"twitter:label1\" content=\"Dur\u00e9e de lecture estim\u00e9e\" \/>\n\t<meta name=\"twitter:data1\" content=\"1 minute\" \/>\n<script type=\"application\/ld+json\" class=\"yoast-schema-graph\">{\"@context\":\"https:\\\/\\\/schema.org\",\"@graph\":[{\"@type\":\"Article\",\"@id\":\"https:\\\/\\\/hierostrasbourg.com\\\/index.php\\\/2022\\\/09\\\/24\\\/musiques-et-transition-ecologique-panorama-dinitiatives-collectives\\\/#article\",\"isPartOf\":{\"@id\":\"https:\\\/\\\/hierostrasbourg.com\\\/index.php\\\/2022\\\/09\\\/24\\\/musiques-et-transition-ecologique-panorama-dinitiatives-collectives\\\/\"},\"author\":{\"name\":\"\",\"@id\":\"\"},\"headline\":\"Musiques et transition \u00e9cologique : panorama d\u2019initiatives collectives\",\"datePublished\":\"2022-09-24T16:34:00+00:00\",\"mainEntityOfPage\":{\"@id\":\"https:\\\/\\\/hierostrasbourg.com\\\/index.php\\\/2022\\\/09\\\/24\\\/musiques-et-transition-ecologique-panorama-dinitiatives-collectives\\\/\"},\"wordCount\":117,\"publisher\":{\"@id\":\"https:\\\/\\\/hierostrasbourg.com\\\/#organization\"},\"inLanguage\":\"fr-FR\"},{\"@type\":\"WebPage\",\"@id\":\"https:\\\/\\\/hierostrasbourg.com\\\/index.php\\\/2022\\\/09\\\/24\\\/musiques-et-transition-ecologique-panorama-dinitiatives-collectives\\\/\",\"url\":\"https:\\\/\\\/hierostrasbourg.com\\\/index.php\\\/2022\\\/09\\\/24\\\/musiques-et-transition-ecologique-panorama-dinitiatives-collectives\\\/\",\"name\":\"Musiques et transition \u00e9cologique : panorama d\u2019initiatives collectives - HIERO STRASBOURG\",\"isPartOf\":{\"@id\":\"https:\\\/\\\/hierostrasbourg.com\\\/#website\"},\"datePublished\":\"2022-09-24T16:34:00+00:00\",\"breadcrumb\":{\"@id\":\"https:\\\/\\\/hierostrasbourg.com\\\/index.php\\\/2022\\\/09\\\/24\\\/musiques-et-transition-ecologique-panorama-dinitiatives-collectives\\\/#breadcrumb\"},\"inLanguage\":\"fr-FR\",\"potentialAction\":[{\"@type\":\"ReadAction\",\"target\":[\"https:\\\/\\\/hierostrasbourg.com\\\/index.php\\\/2022\\\/09\\\/24\\\/musiques-et-transition-ecologique-panorama-dinitiatives-collectives\\\/\"]}]},{\"@type\":\"BreadcrumbList\",\"@id\":\"https:\\\/\\\/hierostrasbourg.com\\\/index.php\\\/2022\\\/09\\\/24\\\/musiques-et-transition-ecologique-panorama-dinitiatives-collectives\\\/#breadcrumb\",\"itemListElement\":[{\"@type\":\"ListItem\",\"position\":1,\"name\":\"Accueil\",\"item\":\"https:\\\/\\\/hierostrasbourg.com\\\/\"},{\"@type\":\"ListItem\",\"position\":2,\"name\":\"Musiques et transition \u00e9cologique : panorama d\u2019initiatives collectives\"}]},{\"@type\":\"WebSite\",\"@id\":\"https:\\\/\\\/hierostrasbourg.com\\\/#website\",\"url\":\"https:\\\/\\\/hierostrasbourg.com\\\/\",\"name\":\"HIERO STRASBOURG\",\"description\":\"Centre de Ressources Musiques Actuelles\",\"publisher\":{\"@id\":\"https:\\\/\\\/hierostrasbourg.com\\\/#organization\"},\"potentialAction\":[{\"@type\":\"SearchAction\",\"target\":{\"@type\":\"EntryPoint\",\"urlTemplate\":\"https:\\\/\\\/hierostrasbourg.com\\\/?s={search_term_string}\"},\"query-input\":{\"@type\":\"PropertyValueSpecification\",\"valueRequired\":true,\"valueName\":\"search_term_string\"}}],\"inLanguage\":\"fr-FR\"},{\"@type\":\"Organization\",\"@id\":\"https:\\\/\\\/hierostrasbourg.com\\\/#organization\",\"name\":\"F\u00e9d\u00e9ration Hi\u00e9ro Strasbourg\",\"url\":\"https:\\\/\\\/hierostrasbourg.com\\\/\",\"logo\":{\"@type\":\"ImageObject\",\"inLanguage\":\"fr-FR\",\"@id\":\"https:\\\/\\\/hierostrasbourg.com\\\/#\\\/schema\\\/logo\\\/image\\\/\",\"url\":\"https:\\\/\\\/hierostrasbourg.com\\\/wp-content\\\/uploads\\\/2026\\\/04\\\/logo-hiero-strasbourg.jpg\",\"contentUrl\":\"https:\\\/\\\/hierostrasbourg.com\\\/wp-content\\\/uploads\\\/2026\\\/04\\\/logo-hiero-strasbourg.jpg\",\"width\":204,\"height\":192,\"caption\":\"F\u00e9d\u00e9ration Hi\u00e9ro Strasbourg\"},\"image\":{\"@id\":\"https:\\\/\\\/hierostrasbourg.com\\\/#\\\/schema\\\/logo\\\/image\\\/\"},\"sameAs\":[\"https:\\\/\\\/www.facebook.com\\\/fedehierostrasbourg\",\"https:\\\/\\\/x.com\\\/hierostrasbourg\"]}]}<\/script>\n<!-- \/ Yoast SEO plugin. -->","yoast_head_json":{"title":"Musiques et transition \u00e9cologique : panorama d\u2019initiatives collectives - HIERO STRASBOURG","robots":{"index":"index","follow":"follow","max-snippet":"max-snippet:-1","max-image-preview":"max-image-preview:large","max-video-preview":"max-video-preview:-1"},"canonical":"https:\/\/hierostrasbourg.com\/index.php\/2022\/09\/24\/musiques-et-transition-ecologique-panorama-dinitiatives-collectives\/","og_locale":"fr_FR","og_type":"article","og_title":"Musiques et transition \u00e9cologique : panorama d\u2019initiatives collectives - HIERO STRASBOURG","og_description":"Ces deux derni\u00e8res ann\u00e9es, profitant de la pause forc\u00e9e de la pand\u00e9mie, de nombreux\u00b7ses acteur\u00b7rices des champs de la musique se sont rassembl\u00e9\u00b7es pour approfondir des r\u00e9flexions collectives et donner vie \u00e0 des initiatives pour accompagner la mutation des pratiques face aux cons\u00e9quences du changement climatique et \u00e0 la vuln\u00e9rabilit\u00e9 du secteur. Source \/ Lire la suite : Musiques et transition \u00e9cologique : panorama d\u2019initiatives collectives L\u2019article Musiques et transition \u00e9cologique : panorama d\u2019initiatives collectives est apparu en premier sur [&hellip;]","og_url":"https:\/\/hierostrasbourg.com\/index.php\/2022\/09\/24\/musiques-et-transition-ecologique-panorama-dinitiatives-collectives\/","og_site_name":"HIERO STRASBOURG","article_publisher":"https:\/\/www.facebook.com\/fedehierostrasbourg","article_published_time":"2022-09-24T16:34:00+00:00","twitter_card":"summary_large_image","twitter_creator":"@hierostrasbourg","twitter_site":"@hierostrasbourg","twitter_misc":{"Dur\u00e9e de lecture estim\u00e9e":"1 minute"},"schema":{"@context":"https:\/\/schema.org","@graph":[{"@type":"Article","@id":"https:\/\/hierostrasbourg.com\/index.php\/2022\/09\/24\/musiques-et-transition-ecologique-panorama-dinitiatives-collectives\/#article","isPartOf":{"@id":"https:\/\/hierostrasbourg.com\/index.php\/2022\/09\/24\/musiques-et-transition-ecologique-panorama-dinitiatives-collectives\/"},"author":{"name":"","@id":""},"headline":"Musiques et transition \u00e9cologique : panorama d\u2019initiatives collectives","datePublished":"2022-09-24T16:34:00+00:00","mainEntityOfPage":{"@id":"https:\/\/hierostrasbourg.com\/index.php\/2022\/09\/24\/musiques-et-transition-ecologique-panorama-dinitiatives-collectives\/"},"wordCount":117,"publisher":{"@id":"https:\/\/hierostrasbourg.com\/#organization"},"inLanguage":"fr-FR"},{"@type":"WebPage","@id":"https:\/\/hierostrasbourg.com\/index.php\/2022\/09\/24\/musiques-et-transition-ecologique-panorama-dinitiatives-collectives\/","url":"https:\/\/hierostrasbourg.com\/index.php\/2022\/09\/24\/musiques-et-transition-ecologique-panorama-dinitiatives-collectives\/","name":"Musiques et transition \u00e9cologique : panorama d\u2019initiatives collectives - HIERO STRASBOURG","isPartOf":{"@id":"https:\/\/hierostrasbourg.com\/#website"},"datePublished":"2022-09-24T16:34:00+00:00","breadcrumb":{"@id":"https:\/\/hierostrasbourg.com\/index.php\/2022\/09\/24\/musiques-et-transition-ecologique-panorama-dinitiatives-collectives\/#breadcrumb"},"inLanguage":"fr-FR","potentialAction":[{"@type":"ReadAction","target":["https:\/\/hierostrasbourg.com\/index.php\/2022\/09\/24\/musiques-et-transition-ecologique-panorama-dinitiatives-collectives\/"]}]},{"@type":"BreadcrumbList","@id":"https:\/\/hierostrasbourg.com\/index.php\/2022\/09\/24\/musiques-et-transition-ecologique-panorama-dinitiatives-collectives\/#breadcrumb","itemListElement":[{"@type":"ListItem","position":1,"name":"Accueil","item":"https:\/\/hierostrasbourg.com\/"},{"@type":"ListItem","position":2,"name":"Musiques et transition \u00e9cologique : panorama d\u2019initiatives collectives"}]},{"@type":"WebSite","@id":"https:\/\/hierostrasbourg.com\/#website","url":"https:\/\/hierostrasbourg.com\/","name":"HIERO STRASBOURG","description":"Centre de Ressources Musiques Actuelles","publisher":{"@id":"https:\/\/hierostrasbourg.com\/#organization"},"potentialAction":[{"@type":"SearchAction","target":{"@type":"EntryPoint","urlTemplate":"https:\/\/hierostrasbourg.com\/?s={search_term_string}"},"query-input":{"@type":"PropertyValueSpecification","valueRequired":true,"valueName":"search_term_string"}}],"inLanguage":"fr-FR"},{"@type":"Organization","@id":"https:\/\/hierostrasbourg.com\/#organization","name":"F\u00e9d\u00e9ration Hi\u00e9ro Strasbourg","url":"https:\/\/hierostrasbourg.com\/","logo":{"@type":"ImageObject","inLanguage":"fr-FR","@id":"https:\/\/hierostrasbourg.com\/#\/schema\/logo\/image\/","url":"https:\/\/hierostrasbourg.com\/wp-content\/uploads\/2026\/04\/logo-hiero-strasbourg.jpg","contentUrl":"https:\/\/hierostrasbourg.com\/wp-content\/uploads\/2026\/04\/logo-hiero-strasbourg.jpg","width":204,"height":192,"caption":"F\u00e9d\u00e9ration Hi\u00e9ro Strasbourg"},"image":{"@id":"https:\/\/hierostrasbourg.com\/#\/schema\/logo\/image\/"},"sameAs":["https:\/\/www.facebook.com\/fedehierostrasbourg","https:\/\/x.com\/hierostrasbourg"]}]}},"_links":{"self":[{"href":"https:\/\/hierostrasbourg.com\/index.php\/wp-json\/wp\/v2\/posts\/3675","targetHints":{"allow":["GET"]}}],"collection":[{"href":"https:\/\/hierostrasbourg.com\/index.php\/wp-json\/wp\/v2\/posts"}],"about":[{"href":"https:\/\/hierostrasbourg.com\/index.php\/wp-json\/wp\/v2\/types\/post"}],"replies":[{"embeddable":true,"href":"https:\/\/hierostrasbourg.com\/index.php\/wp-json\/wp\/v2\/comments?post=3675"}],"version-history":[{"count":0,"href":"https:\/\/hierostrasbourg.com\/index.php\/wp-json\/wp\/v2\/posts\/3675\/revisions"}],"wp:attachment":[{"href":"https:\/\/hierostrasbourg.com\/index.php\/wp-json\/wp\/v2\/media?parent=3675"}],"wp:term":[{"taxonomy":"category","embeddable":true,"href":"https:\/\/hierostrasbourg.com\/index.php\/wp-json\/wp\/v2\/categories?post=3675"},{"taxonomy":"post_tag","embeddable":true,"href":"https:\/\/hierostrasbourg.com\/index.php\/wp-json\/wp\/v2\/tags?post=3675"}],"curies":[{"name":"wp","href":"https:\/\/api.w.org\/{rel}","templated":true}]}}