{"id":3668,"date":"2022-09-24T00:31:52","date_gmt":"2022-09-23T22:31:52","guid":{"rendered":"https:\/\/hierostrasbourg.com\/index.php\/2022\/09\/24\/les-attaches-de-presse-ou-les-soutiers-de-la-gloire-des-musiciens\/"},"modified":"2022-09-24T00:31:52","modified_gmt":"2022-09-23T22:31:52","slug":"les-attaches-de-presse-ou-les-soutiers-de-la-gloire-des-musiciens","status":"publish","type":"post","link":"https:\/\/hierostrasbourg.com\/index.php\/2022\/09\/24\/les-attaches-de-presse-ou-les-soutiers-de-la-gloire-des-musiciens\/","title":{"rendered":"Les attach\u00e9s de presse ou les soutiers de la gloire des musiciens"},"content":{"rendered":"<p><a href=\"https:\/\/musiquesactuelles.alsace\/les-attaches-de-presse-ou-les-soutiers-de-la-gloire-des-musiciens\/\" title=\"Les attach\u00e9s de presse ou les soutiers de la gloire des musiciens\"><\/a><\/p>\n<p>Alors que leur m\u00e9tier change au rythme des bouleversements de l\u2019industrie musicale et du paysage m\u00e9diatique, les attach\u00e9s de presse restent, dans l\u2019ombre des artistes, un cha\u00eenon important du d\u00e9veloppement de leur carri\u00e8re. Source \/ Lire la suite : Les attach\u00e9s de presse ou les soutiers de la gloire des musiciens<\/p>\n<p>L\u2019article <a href=\"https:\/\/musiquesactuelles.alsace\/les-attaches-de-presse-ou-les-soutiers-de-la-gloire-des-musiciens\/\">Les attach\u00e9s de presse ou les soutiers de la gloire des musiciens<\/a> est apparu en premier sur <a href=\"https:\/\/musiquesactuelles.alsace\/\">Musiques Actuelles en Alsace<\/a>.<\/p>\n<p>L\u2019article <a href=\"https:\/\/popburo.fr\/les-attaches-de-presse-ou-les-soutiers-de-la-gloire-des-musiciens\/\">Les attach\u00e9s de presse ou les soutiers de la gloire des musiciens<\/a> est apparu en premier sur <a href=\"https:\/\/popburo.fr\/\">POP B\u00dcRO<\/a>.<\/p>\n","protected":false},"excerpt":{"rendered":"<p>Alors que leur m\u00e9tier change au rythme des bouleversements de l\u2019industrie musicale et du paysage m\u00e9diatique, les attach\u00e9s de presse restent, dans l\u2019ombre des artistes, un cha\u00eenon important du d\u00e9veloppement de leur carri\u00e8re. Source \/ Lire la suite : Les attach\u00e9s de presse ou les soutiers de la gloire des musiciens L\u2019article Les attach\u00e9s de presse ou les soutiers de la gloire des musiciens est apparu en premier sur Musiques Actuelles en Alsace. L\u2019article Les attach\u00e9s de presse ou les [&hellip;]<\/p>\n","protected":false},"author":0,"featured_media":0,"comment_status":"closed","ping_status":"open","sticky":false,"template":"","format":"standard","meta":{"footnotes":""},"categories":[1],"tags":[],"class_list":["post-3668","post","type-post","status-publish","format-standard","hentry","category-non-classe"],"yoast_head":"<!-- This site is optimized with the Yoast SEO plugin v27.5 - https:\/\/yoast.com\/product\/yoast-seo-wordpress\/ -->\n<title>Les attach\u00e9s de presse ou les soutiers de la gloire des musiciens - HIERO STRASBOURG<\/title>\n<meta name=\"robots\" content=\"index, follow, max-snippet:-1, max-image-preview:large, max-video-preview:-1\" \/>\n<link rel=\"canonical\" href=\"https:\/\/hierostrasbourg.com\/index.php\/2022\/09\/24\/les-attaches-de-presse-ou-les-soutiers-de-la-gloire-des-musiciens\/\" \/>\n<meta property=\"og:locale\" content=\"fr_FR\" \/>\n<meta property=\"og:type\" content=\"article\" \/>\n<meta property=\"og:title\" content=\"Les attach\u00e9s de presse ou les soutiers de la gloire des musiciens - HIERO STRASBOURG\" \/>\n<meta property=\"og:description\" content=\"Alors que leur m\u00e9tier change au rythme des bouleversements de l\u2019industrie musicale et du paysage m\u00e9diatique, les attach\u00e9s de presse restent, dans l\u2019ombre des artistes, un cha\u00eenon important du d\u00e9veloppement de leur carri\u00e8re. Source \/ Lire la suite : Les attach\u00e9s de presse ou les soutiers de la gloire des musiciens L\u2019article Les attach\u00e9s de presse ou les soutiers de la gloire des musiciens est apparu en premier sur Musiques Actuelles en Alsace. L\u2019article Les attach\u00e9s de presse ou les [&hellip;]\" \/>\n<meta property=\"og:url\" content=\"https:\/\/hierostrasbourg.com\/index.php\/2022\/09\/24\/les-attaches-de-presse-ou-les-soutiers-de-la-gloire-des-musiciens\/\" \/>\n<meta property=\"og:site_name\" content=\"HIERO STRASBOURG\" \/>\n<meta property=\"article:publisher\" content=\"https:\/\/www.facebook.com\/fedehierostrasbourg\" \/>\n<meta property=\"article:published_time\" content=\"2022-09-23T22:31:52+00:00\" \/>\n<meta name=\"twitter:card\" content=\"summary_large_image\" \/>\n<meta name=\"twitter:creator\" content=\"@hierostrasbourg\" \/>\n<meta name=\"twitter:site\" content=\"@hierostrasbourg\" \/>\n<meta name=\"twitter:label1\" content=\"Dur\u00e9e de lecture estim\u00e9e\" \/>\n\t<meta name=\"twitter:data1\" content=\"1 minute\" \/>\n<script type=\"application\/ld+json\" class=\"yoast-schema-graph\">{\"@context\":\"https:\\\/\\\/schema.org\",\"@graph\":[{\"@type\":\"Article\",\"@id\":\"https:\\\/\\\/hierostrasbourg.com\\\/index.php\\\/2022\\\/09\\\/24\\\/les-attaches-de-presse-ou-les-soutiers-de-la-gloire-des-musiciens\\\/#article\",\"isPartOf\":{\"@id\":\"https:\\\/\\\/hierostrasbourg.com\\\/index.php\\\/2022\\\/09\\\/24\\\/les-attaches-de-presse-ou-les-soutiers-de-la-gloire-des-musiciens\\\/\"},\"author\":{\"name\":\"\",\"@id\":\"\"},\"headline\":\"Les attach\u00e9s de presse ou les soutiers de la gloire des musiciens\",\"datePublished\":\"2022-09-23T22:31:52+00:00\",\"mainEntityOfPage\":{\"@id\":\"https:\\\/\\\/hierostrasbourg.com\\\/index.php\\\/2022\\\/09\\\/24\\\/les-attaches-de-presse-ou-les-soutiers-de-la-gloire-des-musiciens\\\/\"},\"wordCount\":118,\"publisher\":{\"@id\":\"https:\\\/\\\/hierostrasbourg.com\\\/#organization\"},\"inLanguage\":\"fr-FR\"},{\"@type\":\"WebPage\",\"@id\":\"https:\\\/\\\/hierostrasbourg.com\\\/index.php\\\/2022\\\/09\\\/24\\\/les-attaches-de-presse-ou-les-soutiers-de-la-gloire-des-musiciens\\\/\",\"url\":\"https:\\\/\\\/hierostrasbourg.com\\\/index.php\\\/2022\\\/09\\\/24\\\/les-attaches-de-presse-ou-les-soutiers-de-la-gloire-des-musiciens\\\/\",\"name\":\"Les attach\u00e9s de presse ou les soutiers de la gloire des musiciens - HIERO STRASBOURG\",\"isPartOf\":{\"@id\":\"https:\\\/\\\/hierostrasbourg.com\\\/#website\"},\"datePublished\":\"2022-09-23T22:31:52+00:00\",\"breadcrumb\":{\"@id\":\"https:\\\/\\\/hierostrasbourg.com\\\/index.php\\\/2022\\\/09\\\/24\\\/les-attaches-de-presse-ou-les-soutiers-de-la-gloire-des-musiciens\\\/#breadcrumb\"},\"inLanguage\":\"fr-FR\",\"potentialAction\":[{\"@type\":\"ReadAction\",\"target\":[\"https:\\\/\\\/hierostrasbourg.com\\\/index.php\\\/2022\\\/09\\\/24\\\/les-attaches-de-presse-ou-les-soutiers-de-la-gloire-des-musiciens\\\/\"]}]},{\"@type\":\"BreadcrumbList\",\"@id\":\"https:\\\/\\\/hierostrasbourg.com\\\/index.php\\\/2022\\\/09\\\/24\\\/les-attaches-de-presse-ou-les-soutiers-de-la-gloire-des-musiciens\\\/#breadcrumb\",\"itemListElement\":[{\"@type\":\"ListItem\",\"position\":1,\"name\":\"Accueil\",\"item\":\"https:\\\/\\\/hierostrasbourg.com\\\/\"},{\"@type\":\"ListItem\",\"position\":2,\"name\":\"Les attach\u00e9s de presse ou les soutiers de la gloire des musiciens\"}]},{\"@type\":\"WebSite\",\"@id\":\"https:\\\/\\\/hierostrasbourg.com\\\/#website\",\"url\":\"https:\\\/\\\/hierostrasbourg.com\\\/\",\"name\":\"HIERO STRASBOURG\",\"description\":\"Centre de Ressources Musiques Actuelles\",\"publisher\":{\"@id\":\"https:\\\/\\\/hierostrasbourg.com\\\/#organization\"},\"potentialAction\":[{\"@type\":\"SearchAction\",\"target\":{\"@type\":\"EntryPoint\",\"urlTemplate\":\"https:\\\/\\\/hierostrasbourg.com\\\/?s={search_term_string}\"},\"query-input\":{\"@type\":\"PropertyValueSpecification\",\"valueRequired\":true,\"valueName\":\"search_term_string\"}}],\"inLanguage\":\"fr-FR\"},{\"@type\":\"Organization\",\"@id\":\"https:\\\/\\\/hierostrasbourg.com\\\/#organization\",\"name\":\"F\u00e9d\u00e9ration Hi\u00e9ro Strasbourg\",\"url\":\"https:\\\/\\\/hierostrasbourg.com\\\/\",\"logo\":{\"@type\":\"ImageObject\",\"inLanguage\":\"fr-FR\",\"@id\":\"https:\\\/\\\/hierostrasbourg.com\\\/#\\\/schema\\\/logo\\\/image\\\/\",\"url\":\"https:\\\/\\\/hierostrasbourg.com\\\/wp-content\\\/uploads\\\/2026\\\/04\\\/logo-hiero-strasbourg.jpg\",\"contentUrl\":\"https:\\\/\\\/hierostrasbourg.com\\\/wp-content\\\/uploads\\\/2026\\\/04\\\/logo-hiero-strasbourg.jpg\",\"width\":204,\"height\":192,\"caption\":\"F\u00e9d\u00e9ration Hi\u00e9ro Strasbourg\"},\"image\":{\"@id\":\"https:\\\/\\\/hierostrasbourg.com\\\/#\\\/schema\\\/logo\\\/image\\\/\"},\"sameAs\":[\"https:\\\/\\\/www.facebook.com\\\/fedehierostrasbourg\",\"https:\\\/\\\/x.com\\\/hierostrasbourg\"]}]}<\/script>\n<!-- \/ Yoast SEO plugin. -->","yoast_head_json":{"title":"Les attach\u00e9s de presse ou les soutiers de la gloire des musiciens - HIERO STRASBOURG","robots":{"index":"index","follow":"follow","max-snippet":"max-snippet:-1","max-image-preview":"max-image-preview:large","max-video-preview":"max-video-preview:-1"},"canonical":"https:\/\/hierostrasbourg.com\/index.php\/2022\/09\/24\/les-attaches-de-presse-ou-les-soutiers-de-la-gloire-des-musiciens\/","og_locale":"fr_FR","og_type":"article","og_title":"Les attach\u00e9s de presse ou les soutiers de la gloire des musiciens - HIERO STRASBOURG","og_description":"Alors que leur m\u00e9tier change au rythme des bouleversements de l\u2019industrie musicale et du paysage m\u00e9diatique, les attach\u00e9s de presse restent, dans l\u2019ombre des artistes, un cha\u00eenon important du d\u00e9veloppement de leur carri\u00e8re. Source \/ Lire la suite : Les attach\u00e9s de presse ou les soutiers de la gloire des musiciens L\u2019article Les attach\u00e9s de presse ou les soutiers de la gloire des musiciens est apparu en premier sur Musiques Actuelles en Alsace. L\u2019article Les attach\u00e9s de presse ou les [&hellip;]","og_url":"https:\/\/hierostrasbourg.com\/index.php\/2022\/09\/24\/les-attaches-de-presse-ou-les-soutiers-de-la-gloire-des-musiciens\/","og_site_name":"HIERO STRASBOURG","article_publisher":"https:\/\/www.facebook.com\/fedehierostrasbourg","article_published_time":"2022-09-23T22:31:52+00:00","twitter_card":"summary_large_image","twitter_creator":"@hierostrasbourg","twitter_site":"@hierostrasbourg","twitter_misc":{"Dur\u00e9e de lecture estim\u00e9e":"1 minute"},"schema":{"@context":"https:\/\/schema.org","@graph":[{"@type":"Article","@id":"https:\/\/hierostrasbourg.com\/index.php\/2022\/09\/24\/les-attaches-de-presse-ou-les-soutiers-de-la-gloire-des-musiciens\/#article","isPartOf":{"@id":"https:\/\/hierostrasbourg.com\/index.php\/2022\/09\/24\/les-attaches-de-presse-ou-les-soutiers-de-la-gloire-des-musiciens\/"},"author":{"name":"","@id":""},"headline":"Les attach\u00e9s de presse ou les soutiers de la gloire des musiciens","datePublished":"2022-09-23T22:31:52+00:00","mainEntityOfPage":{"@id":"https:\/\/hierostrasbourg.com\/index.php\/2022\/09\/24\/les-attaches-de-presse-ou-les-soutiers-de-la-gloire-des-musiciens\/"},"wordCount":118,"publisher":{"@id":"https:\/\/hierostrasbourg.com\/#organization"},"inLanguage":"fr-FR"},{"@type":"WebPage","@id":"https:\/\/hierostrasbourg.com\/index.php\/2022\/09\/24\/les-attaches-de-presse-ou-les-soutiers-de-la-gloire-des-musiciens\/","url":"https:\/\/hierostrasbourg.com\/index.php\/2022\/09\/24\/les-attaches-de-presse-ou-les-soutiers-de-la-gloire-des-musiciens\/","name":"Les attach\u00e9s de presse ou les soutiers de la gloire des musiciens - HIERO STRASBOURG","isPartOf":{"@id":"https:\/\/hierostrasbourg.com\/#website"},"datePublished":"2022-09-23T22:31:52+00:00","breadcrumb":{"@id":"https:\/\/hierostrasbourg.com\/index.php\/2022\/09\/24\/les-attaches-de-presse-ou-les-soutiers-de-la-gloire-des-musiciens\/#breadcrumb"},"inLanguage":"fr-FR","potentialAction":[{"@type":"ReadAction","target":["https:\/\/hierostrasbourg.com\/index.php\/2022\/09\/24\/les-attaches-de-presse-ou-les-soutiers-de-la-gloire-des-musiciens\/"]}]},{"@type":"BreadcrumbList","@id":"https:\/\/hierostrasbourg.com\/index.php\/2022\/09\/24\/les-attaches-de-presse-ou-les-soutiers-de-la-gloire-des-musiciens\/#breadcrumb","itemListElement":[{"@type":"ListItem","position":1,"name":"Accueil","item":"https:\/\/hierostrasbourg.com\/"},{"@type":"ListItem","position":2,"name":"Les attach\u00e9s de presse ou les soutiers de la gloire des musiciens"}]},{"@type":"WebSite","@id":"https:\/\/hierostrasbourg.com\/#website","url":"https:\/\/hierostrasbourg.com\/","name":"HIERO STRASBOURG","description":"Centre de Ressources Musiques Actuelles","publisher":{"@id":"https:\/\/hierostrasbourg.com\/#organization"},"potentialAction":[{"@type":"SearchAction","target":{"@type":"EntryPoint","urlTemplate":"https:\/\/hierostrasbourg.com\/?s={search_term_string}"},"query-input":{"@type":"PropertyValueSpecification","valueRequired":true,"valueName":"search_term_string"}}],"inLanguage":"fr-FR"},{"@type":"Organization","@id":"https:\/\/hierostrasbourg.com\/#organization","name":"F\u00e9d\u00e9ration Hi\u00e9ro Strasbourg","url":"https:\/\/hierostrasbourg.com\/","logo":{"@type":"ImageObject","inLanguage":"fr-FR","@id":"https:\/\/hierostrasbourg.com\/#\/schema\/logo\/image\/","url":"https:\/\/hierostrasbourg.com\/wp-content\/uploads\/2026\/04\/logo-hiero-strasbourg.jpg","contentUrl":"https:\/\/hierostrasbourg.com\/wp-content\/uploads\/2026\/04\/logo-hiero-strasbourg.jpg","width":204,"height":192,"caption":"F\u00e9d\u00e9ration Hi\u00e9ro Strasbourg"},"image":{"@id":"https:\/\/hierostrasbourg.com\/#\/schema\/logo\/image\/"},"sameAs":["https:\/\/www.facebook.com\/fedehierostrasbourg","https:\/\/x.com\/hierostrasbourg"]}]}},"_links":{"self":[{"href":"https:\/\/hierostrasbourg.com\/index.php\/wp-json\/wp\/v2\/posts\/3668","targetHints":{"allow":["GET"]}}],"collection":[{"href":"https:\/\/hierostrasbourg.com\/index.php\/wp-json\/wp\/v2\/posts"}],"about":[{"href":"https:\/\/hierostrasbourg.com\/index.php\/wp-json\/wp\/v2\/types\/post"}],"replies":[{"embeddable":true,"href":"https:\/\/hierostrasbourg.com\/index.php\/wp-json\/wp\/v2\/comments?post=3668"}],"version-history":[{"count":0,"href":"https:\/\/hierostrasbourg.com\/index.php\/wp-json\/wp\/v2\/posts\/3668\/revisions"}],"wp:attachment":[{"href":"https:\/\/hierostrasbourg.com\/index.php\/wp-json\/wp\/v2\/media?parent=3668"}],"wp:term":[{"taxonomy":"category","embeddable":true,"href":"https:\/\/hierostrasbourg.com\/index.php\/wp-json\/wp\/v2\/categories?post=3668"},{"taxonomy":"post_tag","embeddable":true,"href":"https:\/\/hierostrasbourg.com\/index.php\/wp-json\/wp\/v2\/tags?post=3668"}],"curies":[{"name":"wp","href":"https:\/\/api.w.org\/{rel}","templated":true}]}}