{"id":3651,"date":"2022-09-20T13:32:15","date_gmt":"2022-09-20T11:32:15","guid":{"rendered":"https:\/\/hierostrasbourg.com\/index.php\/2022\/09\/20\/la-mac-relais-culturel-de-bischwiller-recrute-un-projectionniste-cinema-f-h\/"},"modified":"2022-09-20T13:32:15","modified_gmt":"2022-09-20T11:32:15","slug":"la-mac-relais-culturel-de-bischwiller-recrute-un-projectionniste-cinema-f-h","status":"publish","type":"post","link":"https:\/\/hierostrasbourg.com\/index.php\/2022\/09\/20\/la-mac-relais-culturel-de-bischwiller-recrute-un-projectionniste-cinema-f-h\/","title":{"rendered":"La MAC \u2013 Relais culturel de Bischwiller recrute un projectionniste cin\u00e9ma [F\/H]"},"content":{"rendered":"<p>L\u2019Association de Gestion de la Maisons des Associations et de la Culture (MAC) de Bischwiller propose une saison culturelle de spectacles et de s\u00e9ances de cin\u00e9ma au Centre culturel Claude Vig\u00e9e.<\/p>\n<h2>DESCRIPTION DU POSTE<\/h2>\n<p>Suivre et coordonner toutes les op\u00e9rations li\u00e9es \u00e0 la projection\u00a0(t\u00e9l\u00e9chargement, circulation DCP, r\u00e9ception KDM, cr\u00e9ation et v\u00e9rification des programmes) ainsi que la gestion de la librairie de films<br \/>\nCr\u00e9er les cartons d\u2019information en format DCP,<br \/>\nAssurer les projections et en garantir le bon d\u00e9roulement,<br \/>\nAssurer l\u2019ouverture et la fermeture du cin\u00e9ma, en fonction du planning<br \/>\nParticiper \u00e0 l\u2019entretien et au bon fonctionnement de l\u2019ensemble des installations techniques cin\u00e9ma,<br \/>\nParticiper \u00e0 l\u2019organisation des s\u00e9ances scolaires dans le cadre des dispositifs Ecole et cin\u00e9ma, Coll\u00e8ge et cin\u00e9ma et Lyc\u00e9ens au Cin\u00e9ma, ainsi que du festival Augenblick, en collaboration avec l\u2019administration.<br \/>\nAide ponctuelle sur l\u2019entretien de la salle entre deux projections<br \/>\nAide ponctuelle sur la m\u00e9diation cin\u00e9ma avec des ateliers, cin\u00e9-d\u00e9bats, \u2026<br \/>\nAssurer toute activit\u00e9 n\u00e9cessaire dans le cadre des missions du service en accord avec la hi\u00e9rarchie, et notamment mission d\u2019accueil, de caisse et de contr\u00f4le.<\/p>\n<h2>PROFIL RECHERCH\u00c9<\/h2>\n<p>Formation CAP projectionniste et\/ou exp\u00e9rience en projection cin\u00e9ma de pr\u00e9f\u00e9rence<br \/>\nTitulaire du permis B obligatoire<br \/>\nMaitrise de l\u2019outil informatique indispensable<br \/>\nTravail en \u00e9quipe et esprit d\u2019initiative \/ Grande polyvalence<\/p>\n<h2>SP\u00c9CIFICIT\u00c9S<\/h2>\n<p>\u00catre disponible afin de r\u00e9pondre aux horaires sp\u00e9cifiques du poste<br \/>\nRythme horaire adapt\u00e9 en fonction des ouvertures du cin\u00e9ma (p\u00e9riode scolaire \/ vacances)<br \/>\nContrainte de travail en soir\u00e9e et possibles week-ends<\/p>\n<h2>INFORMATIONS COMPL\u00c9MENTAIRES<\/h2>\n<p>Recrutement : CDD 6 mois<br \/>\nR\u00e9mun\u00e9ration : Groupe 7 (Grille SYNDEAC), \u00e9chelon selon l\u2019exp\u00e9rience + mutuelle d\u2019entreprise<br \/>\nTemps de travail : Temps partiel \u00e0 20h\/semaine<br \/>\nLocalisation\u00a0: Bischwiller<\/p>\n<h2>CANDIDATURE<\/h2>\n<p>Date limite de candidature : 07\/10\/2022<br \/>\nPoste \u00e0 pourvoir d\u00e8s le 02\/11\/2022<br \/>\nEnvoyer CV et Lettre de motivation \u00e0 M. le Pr\u00e9sident de la MAC, 1, rue du Stade, BP 40090, 67243 Bischwiller Cedex ou \u00e0 l\u2019adresse stephane.heiderich@mac-bischwiller.fr<\/p>\n<p>L\u2019article <a href=\"https:\/\/popburo.fr\/la-mac-relais-culturel-de-bischwiller-recrute-un-projectionniste-cinema-f-h\/\">La MAC \u2013 Relais culturel de Bischwiller recrute un projectionniste cin\u00e9ma [F\/H]<\/a> est apparu en premier sur <a href=\"https:\/\/popburo.fr\/\">POP B\u00dcRO<\/a>.<\/p>\n","protected":false},"excerpt":{"rendered":"<p>L\u2019Association de Gestion de la Maisons des Associations et de la Culture (MAC) de Bischwiller propose une saison culturelle de spectacles et de s\u00e9ances de cin\u00e9ma au Centre culturel Claude Vig\u00e9e. DESCRIPTION DU POSTE Suivre et coordonner toutes les op\u00e9rations li\u00e9es \u00e0 la projection\u00a0(t\u00e9l\u00e9chargement, circulation DCP, r\u00e9ception KDM, cr\u00e9ation et v\u00e9rification des programmes) ainsi que la gestion de la librairie de films Cr\u00e9er les cartons d\u2019information en format DCP, Assurer les projections et en garantir le bon d\u00e9roulement, Assurer l\u2019ouverture [&hellip;]<\/p>\n","protected":false},"author":0,"featured_media":0,"comment_status":"closed","ping_status":"open","sticky":false,"template":"","format":"standard","meta":{"footnotes":""},"categories":[1],"tags":[],"class_list":["post-3651","post","type-post","status-publish","format-standard","hentry","category-non-classe"],"yoast_head":"<!-- This site is optimized with the Yoast SEO plugin v27.5 - https:\/\/yoast.com\/product\/yoast-seo-wordpress\/ -->\n<title>La MAC \u2013 Relais culturel de Bischwiller recrute un projectionniste cin\u00e9ma [F\/H] - HIERO STRASBOURG<\/title>\n<meta name=\"robots\" content=\"index, follow, max-snippet:-1, max-image-preview:large, max-video-preview:-1\" \/>\n<link rel=\"canonical\" href=\"https:\/\/hierostrasbourg.com\/index.php\/2022\/09\/20\/la-mac-relais-culturel-de-bischwiller-recrute-un-projectionniste-cinema-f-h\/\" \/>\n<meta property=\"og:locale\" content=\"fr_FR\" \/>\n<meta property=\"og:type\" content=\"article\" \/>\n<meta property=\"og:title\" content=\"La MAC \u2013 Relais culturel de Bischwiller recrute un projectionniste cin\u00e9ma [F\/H] - HIERO STRASBOURG\" \/>\n<meta property=\"og:description\" content=\"L\u2019Association de Gestion de la Maisons des Associations et de la Culture (MAC) de Bischwiller propose une saison culturelle de spectacles et de s\u00e9ances de cin\u00e9ma au Centre culturel Claude Vig\u00e9e. DESCRIPTION DU POSTE Suivre et coordonner toutes les op\u00e9rations li\u00e9es \u00e0 la projection\u00a0(t\u00e9l\u00e9chargement, circulation DCP, r\u00e9ception KDM, cr\u00e9ation et v\u00e9rification des programmes) ainsi que la gestion de la librairie de films Cr\u00e9er les cartons d\u2019information en format DCP, Assurer les projections et en garantir le bon d\u00e9roulement, Assurer l\u2019ouverture [&hellip;]\" \/>\n<meta property=\"og:url\" content=\"https:\/\/hierostrasbourg.com\/index.php\/2022\/09\/20\/la-mac-relais-culturel-de-bischwiller-recrute-un-projectionniste-cinema-f-h\/\" \/>\n<meta property=\"og:site_name\" content=\"HIERO STRASBOURG\" \/>\n<meta property=\"article:publisher\" content=\"https:\/\/www.facebook.com\/fedehierostrasbourg\" \/>\n<meta property=\"article:published_time\" content=\"2022-09-20T11:32:15+00:00\" \/>\n<meta name=\"twitter:card\" content=\"summary_large_image\" \/>\n<meta name=\"twitter:creator\" content=\"@hierostrasbourg\" \/>\n<meta name=\"twitter:site\" content=\"@hierostrasbourg\" \/>\n<meta name=\"twitter:label1\" content=\"Dur\u00e9e de lecture estim\u00e9e\" \/>\n\t<meta name=\"twitter:data1\" content=\"2 minutes\" \/>\n<script type=\"application\/ld+json\" class=\"yoast-schema-graph\">{\"@context\":\"https:\\\/\\\/schema.org\",\"@graph\":[{\"@type\":\"Article\",\"@id\":\"https:\\\/\\\/hierostrasbourg.com\\\/index.php\\\/2022\\\/09\\\/20\\\/la-mac-relais-culturel-de-bischwiller-recrute-un-projectionniste-cinema-f-h\\\/#article\",\"isPartOf\":{\"@id\":\"https:\\\/\\\/hierostrasbourg.com\\\/index.php\\\/2022\\\/09\\\/20\\\/la-mac-relais-culturel-de-bischwiller-recrute-un-projectionniste-cinema-f-h\\\/\"},\"author\":{\"name\":\"\",\"@id\":\"\"},\"headline\":\"La MAC \u2013 Relais culturel de Bischwiller recrute un projectionniste cin\u00e9ma [F\\\/H]\",\"datePublished\":\"2022-09-20T11:32:15+00:00\",\"mainEntityOfPage\":{\"@id\":\"https:\\\/\\\/hierostrasbourg.com\\\/index.php\\\/2022\\\/09\\\/20\\\/la-mac-relais-culturel-de-bischwiller-recrute-un-projectionniste-cinema-f-h\\\/\"},\"wordCount\":387,\"publisher\":{\"@id\":\"https:\\\/\\\/hierostrasbourg.com\\\/#organization\"},\"inLanguage\":\"fr-FR\"},{\"@type\":\"WebPage\",\"@id\":\"https:\\\/\\\/hierostrasbourg.com\\\/index.php\\\/2022\\\/09\\\/20\\\/la-mac-relais-culturel-de-bischwiller-recrute-un-projectionniste-cinema-f-h\\\/\",\"url\":\"https:\\\/\\\/hierostrasbourg.com\\\/index.php\\\/2022\\\/09\\\/20\\\/la-mac-relais-culturel-de-bischwiller-recrute-un-projectionniste-cinema-f-h\\\/\",\"name\":\"La MAC \u2013 Relais culturel de Bischwiller recrute un projectionniste cin\u00e9ma [F\\\/H] - HIERO STRASBOURG\",\"isPartOf\":{\"@id\":\"https:\\\/\\\/hierostrasbourg.com\\\/#website\"},\"datePublished\":\"2022-09-20T11:32:15+00:00\",\"breadcrumb\":{\"@id\":\"https:\\\/\\\/hierostrasbourg.com\\\/index.php\\\/2022\\\/09\\\/20\\\/la-mac-relais-culturel-de-bischwiller-recrute-un-projectionniste-cinema-f-h\\\/#breadcrumb\"},\"inLanguage\":\"fr-FR\",\"potentialAction\":[{\"@type\":\"ReadAction\",\"target\":[\"https:\\\/\\\/hierostrasbourg.com\\\/index.php\\\/2022\\\/09\\\/20\\\/la-mac-relais-culturel-de-bischwiller-recrute-un-projectionniste-cinema-f-h\\\/\"]}]},{\"@type\":\"BreadcrumbList\",\"@id\":\"https:\\\/\\\/hierostrasbourg.com\\\/index.php\\\/2022\\\/09\\\/20\\\/la-mac-relais-culturel-de-bischwiller-recrute-un-projectionniste-cinema-f-h\\\/#breadcrumb\",\"itemListElement\":[{\"@type\":\"ListItem\",\"position\":1,\"name\":\"Accueil\",\"item\":\"https:\\\/\\\/hierostrasbourg.com\\\/\"},{\"@type\":\"ListItem\",\"position\":2,\"name\":\"La MAC \u2013 Relais culturel de Bischwiller recrute un projectionniste cin\u00e9ma [F\\\/H]\"}]},{\"@type\":\"WebSite\",\"@id\":\"https:\\\/\\\/hierostrasbourg.com\\\/#website\",\"url\":\"https:\\\/\\\/hierostrasbourg.com\\\/\",\"name\":\"HIERO STRASBOURG\",\"description\":\"Centre de Ressources Musiques Actuelles\",\"publisher\":{\"@id\":\"https:\\\/\\\/hierostrasbourg.com\\\/#organization\"},\"potentialAction\":[{\"@type\":\"SearchAction\",\"target\":{\"@type\":\"EntryPoint\",\"urlTemplate\":\"https:\\\/\\\/hierostrasbourg.com\\\/?s={search_term_string}\"},\"query-input\":{\"@type\":\"PropertyValueSpecification\",\"valueRequired\":true,\"valueName\":\"search_term_string\"}}],\"inLanguage\":\"fr-FR\"},{\"@type\":\"Organization\",\"@id\":\"https:\\\/\\\/hierostrasbourg.com\\\/#organization\",\"name\":\"F\u00e9d\u00e9ration Hi\u00e9ro Strasbourg\",\"url\":\"https:\\\/\\\/hierostrasbourg.com\\\/\",\"logo\":{\"@type\":\"ImageObject\",\"inLanguage\":\"fr-FR\",\"@id\":\"https:\\\/\\\/hierostrasbourg.com\\\/#\\\/schema\\\/logo\\\/image\\\/\",\"url\":\"https:\\\/\\\/hierostrasbourg.com\\\/wp-content\\\/uploads\\\/2026\\\/04\\\/logo-hiero-strasbourg.jpg\",\"contentUrl\":\"https:\\\/\\\/hierostrasbourg.com\\\/wp-content\\\/uploads\\\/2026\\\/04\\\/logo-hiero-strasbourg.jpg\",\"width\":204,\"height\":192,\"caption\":\"F\u00e9d\u00e9ration Hi\u00e9ro Strasbourg\"},\"image\":{\"@id\":\"https:\\\/\\\/hierostrasbourg.com\\\/#\\\/schema\\\/logo\\\/image\\\/\"},\"sameAs\":[\"https:\\\/\\\/www.facebook.com\\\/fedehierostrasbourg\",\"https:\\\/\\\/x.com\\\/hierostrasbourg\"]}]}<\/script>\n<!-- \/ Yoast SEO plugin. -->","yoast_head_json":{"title":"La MAC \u2013 Relais culturel de Bischwiller recrute un projectionniste cin\u00e9ma [F\/H] - HIERO STRASBOURG","robots":{"index":"index","follow":"follow","max-snippet":"max-snippet:-1","max-image-preview":"max-image-preview:large","max-video-preview":"max-video-preview:-1"},"canonical":"https:\/\/hierostrasbourg.com\/index.php\/2022\/09\/20\/la-mac-relais-culturel-de-bischwiller-recrute-un-projectionniste-cinema-f-h\/","og_locale":"fr_FR","og_type":"article","og_title":"La MAC \u2013 Relais culturel de Bischwiller recrute un projectionniste cin\u00e9ma [F\/H] - HIERO STRASBOURG","og_description":"L\u2019Association de Gestion de la Maisons des Associations et de la Culture (MAC) de Bischwiller propose une saison culturelle de spectacles et de s\u00e9ances de cin\u00e9ma au Centre culturel Claude Vig\u00e9e. DESCRIPTION DU POSTE Suivre et coordonner toutes les op\u00e9rations li\u00e9es \u00e0 la projection\u00a0(t\u00e9l\u00e9chargement, circulation DCP, r\u00e9ception KDM, cr\u00e9ation et v\u00e9rification des programmes) ainsi que la gestion de la librairie de films Cr\u00e9er les cartons d\u2019information en format DCP, Assurer les projections et en garantir le bon d\u00e9roulement, Assurer l\u2019ouverture [&hellip;]","og_url":"https:\/\/hierostrasbourg.com\/index.php\/2022\/09\/20\/la-mac-relais-culturel-de-bischwiller-recrute-un-projectionniste-cinema-f-h\/","og_site_name":"HIERO STRASBOURG","article_publisher":"https:\/\/www.facebook.com\/fedehierostrasbourg","article_published_time":"2022-09-20T11:32:15+00:00","twitter_card":"summary_large_image","twitter_creator":"@hierostrasbourg","twitter_site":"@hierostrasbourg","twitter_misc":{"Dur\u00e9e de lecture estim\u00e9e":"2 minutes"},"schema":{"@context":"https:\/\/schema.org","@graph":[{"@type":"Article","@id":"https:\/\/hierostrasbourg.com\/index.php\/2022\/09\/20\/la-mac-relais-culturel-de-bischwiller-recrute-un-projectionniste-cinema-f-h\/#article","isPartOf":{"@id":"https:\/\/hierostrasbourg.com\/index.php\/2022\/09\/20\/la-mac-relais-culturel-de-bischwiller-recrute-un-projectionniste-cinema-f-h\/"},"author":{"name":"","@id":""},"headline":"La MAC \u2013 Relais culturel de Bischwiller recrute un projectionniste cin\u00e9ma [F\/H]","datePublished":"2022-09-20T11:32:15+00:00","mainEntityOfPage":{"@id":"https:\/\/hierostrasbourg.com\/index.php\/2022\/09\/20\/la-mac-relais-culturel-de-bischwiller-recrute-un-projectionniste-cinema-f-h\/"},"wordCount":387,"publisher":{"@id":"https:\/\/hierostrasbourg.com\/#organization"},"inLanguage":"fr-FR"},{"@type":"WebPage","@id":"https:\/\/hierostrasbourg.com\/index.php\/2022\/09\/20\/la-mac-relais-culturel-de-bischwiller-recrute-un-projectionniste-cinema-f-h\/","url":"https:\/\/hierostrasbourg.com\/index.php\/2022\/09\/20\/la-mac-relais-culturel-de-bischwiller-recrute-un-projectionniste-cinema-f-h\/","name":"La MAC \u2013 Relais culturel de Bischwiller recrute un projectionniste cin\u00e9ma [F\/H] - HIERO STRASBOURG","isPartOf":{"@id":"https:\/\/hierostrasbourg.com\/#website"},"datePublished":"2022-09-20T11:32:15+00:00","breadcrumb":{"@id":"https:\/\/hierostrasbourg.com\/index.php\/2022\/09\/20\/la-mac-relais-culturel-de-bischwiller-recrute-un-projectionniste-cinema-f-h\/#breadcrumb"},"inLanguage":"fr-FR","potentialAction":[{"@type":"ReadAction","target":["https:\/\/hierostrasbourg.com\/index.php\/2022\/09\/20\/la-mac-relais-culturel-de-bischwiller-recrute-un-projectionniste-cinema-f-h\/"]}]},{"@type":"BreadcrumbList","@id":"https:\/\/hierostrasbourg.com\/index.php\/2022\/09\/20\/la-mac-relais-culturel-de-bischwiller-recrute-un-projectionniste-cinema-f-h\/#breadcrumb","itemListElement":[{"@type":"ListItem","position":1,"name":"Accueil","item":"https:\/\/hierostrasbourg.com\/"},{"@type":"ListItem","position":2,"name":"La MAC \u2013 Relais culturel de Bischwiller recrute un projectionniste cin\u00e9ma [F\/H]"}]},{"@type":"WebSite","@id":"https:\/\/hierostrasbourg.com\/#website","url":"https:\/\/hierostrasbourg.com\/","name":"HIERO STRASBOURG","description":"Centre de Ressources Musiques Actuelles","publisher":{"@id":"https:\/\/hierostrasbourg.com\/#organization"},"potentialAction":[{"@type":"SearchAction","target":{"@type":"EntryPoint","urlTemplate":"https:\/\/hierostrasbourg.com\/?s={search_term_string}"},"query-input":{"@type":"PropertyValueSpecification","valueRequired":true,"valueName":"search_term_string"}}],"inLanguage":"fr-FR"},{"@type":"Organization","@id":"https:\/\/hierostrasbourg.com\/#organization","name":"F\u00e9d\u00e9ration Hi\u00e9ro Strasbourg","url":"https:\/\/hierostrasbourg.com\/","logo":{"@type":"ImageObject","inLanguage":"fr-FR","@id":"https:\/\/hierostrasbourg.com\/#\/schema\/logo\/image\/","url":"https:\/\/hierostrasbourg.com\/wp-content\/uploads\/2026\/04\/logo-hiero-strasbourg.jpg","contentUrl":"https:\/\/hierostrasbourg.com\/wp-content\/uploads\/2026\/04\/logo-hiero-strasbourg.jpg","width":204,"height":192,"caption":"F\u00e9d\u00e9ration Hi\u00e9ro Strasbourg"},"image":{"@id":"https:\/\/hierostrasbourg.com\/#\/schema\/logo\/image\/"},"sameAs":["https:\/\/www.facebook.com\/fedehierostrasbourg","https:\/\/x.com\/hierostrasbourg"]}]}},"_links":{"self":[{"href":"https:\/\/hierostrasbourg.com\/index.php\/wp-json\/wp\/v2\/posts\/3651","targetHints":{"allow":["GET"]}}],"collection":[{"href":"https:\/\/hierostrasbourg.com\/index.php\/wp-json\/wp\/v2\/posts"}],"about":[{"href":"https:\/\/hierostrasbourg.com\/index.php\/wp-json\/wp\/v2\/types\/post"}],"replies":[{"embeddable":true,"href":"https:\/\/hierostrasbourg.com\/index.php\/wp-json\/wp\/v2\/comments?post=3651"}],"version-history":[{"count":0,"href":"https:\/\/hierostrasbourg.com\/index.php\/wp-json\/wp\/v2\/posts\/3651\/revisions"}],"wp:attachment":[{"href":"https:\/\/hierostrasbourg.com\/index.php\/wp-json\/wp\/v2\/media?parent=3651"}],"wp:term":[{"taxonomy":"category","embeddable":true,"href":"https:\/\/hierostrasbourg.com\/index.php\/wp-json\/wp\/v2\/categories?post=3651"},{"taxonomy":"post_tag","embeddable":true,"href":"https:\/\/hierostrasbourg.com\/index.php\/wp-json\/wp\/v2\/tags?post=3651"}],"curies":[{"name":"wp","href":"https:\/\/api.w.org\/{rel}","templated":true}]}}