{"id":3650,"date":"2022-09-20T13:32:15","date_gmt":"2022-09-20T11:32:15","guid":{"rendered":"https:\/\/hierostrasbourg.com\/index.php\/2022\/09\/20\/la-hear-recrute-un-charge-de-mission-technique-pour-le-redeploiement-dactivites-a-la-manufacture-f-h\/"},"modified":"2022-09-20T13:32:15","modified_gmt":"2022-09-20T11:32:15","slug":"la-hear-recrute-un-charge-de-mission-technique-pour-le-redeploiement-dactivites-a-la-manufacture-f-h","status":"publish","type":"post","link":"https:\/\/hierostrasbourg.com\/index.php\/2022\/09\/20\/la-hear-recrute-un-charge-de-mission-technique-pour-le-redeploiement-dactivites-a-la-manufacture-f-h\/","title":{"rendered":"La HEAR recrute un charg\u00e9 de mission technique pour le red\u00e9ploiement d\u2019activit\u00e9s \u00e0 la Manufacture [F\/H]"},"content":{"rendered":"<p>La Haute \u00e9cole des arts du Rhin est un \u00e9tablissement public d\u2019enseignement sup\u00e9rieur artistique d\u2019excellence. Elle dispense des enseignements en arts plastiques et en musique dans de nombreuses sp\u00e9cialit\u00e9s : art contemporain, communication graphique, illustration, design, sc\u00e9nographie, peinture, sculpture, objet (verre, c\u00e9ramique, livre, bijoux) mais aussi composition et interpr\u00e9tation musicale, etc. R\u00e9partie sur trois sites \u00e0 Strasbourg et \u00e0 Mulhouse, elle accueille pr\u00e8s de 750 \u00e9tudiants qu\u2019elle m\u00e8ne \u00e0 des dipl\u00f4mes de niveau licence et master. Forte de son histoire et de sa g\u00e9ographie et s\u2019appuyant sur 160 agents permanents, la HEAR fonde son projet d\u2019\u00e9tablissement sur la pluridisciplinarit\u00e9 et l\u2019engagement individuel et collectif de ses \u00e9tudiants. Elle recherche actuellement, pour son site d\u2019arts plastiques de Strasbourg, un\/une :<\/p>\n<p>CHARGE DE MISSION TECHNIQUE pour le red\u00e9ploiement d\u2019activit\u00e9s \u00e0 la Manufacture<\/p>\n<p>Date limite de candidature : le 7 octobre 2022<br \/>\nDate pr\u00e9vue du recrutement : Au plus t\u00f4t<br \/>\nType de recrutement : CDD (mission jusqu\u2019au 30\/06\/2023)<br \/>\nGrades : Technicien Technicien principal de 1\u00e8re classe Technicien principal de 2\u00e8me classe<\/p>\n<h2>MISSIONS<\/h2>\n<p>Sous l\u2019autorit\u00e9 de la responsable technique et pr\u00e9vention des risques et en relation avec l\u2019ensemble des services de la HEAR, le charg\u00e9 de mission Manufacture assurera les missions suivantes : Suivre et contribuer au projet de red\u00e9ploiement partiel des activit\u00e9s de la HEAR au sein de la Manufacture des tabacs :<\/p>\n<p>Suivre les r\u00e9unions de chantier en lien avec les services de l\u2019Eurom\u00e9tropole de Strasbourg<br \/>\nPiloter la pr\u00e9paration et l\u2019ex\u00e9cution du d\u00e9m\u00e9nagement \u00e0 la Manufacture en apportant une expertise technique et m\u00e9thodologique (\u00e9tude des besoins avec les usagers, \u00e9tablissement d\u2019un calendrier et des outils organisationnels)<br \/>\nContribuer \u00e0 la r\u00e9daction des cahiers des charges techniques pour les march\u00e9s publics pass\u00e9s dans le cadre du red\u00e9ploiement \u00e0 la Manufacture, en lien avec la responsable du service finances et march\u00e9s publics et les utilisateurs ( correspondant aupr\u00e8s des services, recensement des besoins, r\u00e9daction des clauses techniques, suivi de l\u2019ex\u00e9cution)<br \/>\nReporter aupr\u00e8s de la responsable technique et pr\u00e9vention des risques<\/p>\n<h2>PROFIL RECHERCH\u00c9<\/h2>\n<p>Dipl\u00f4mes : Dipl\u00f4me de technicien ou Exp\u00e9rience significative sur un poste technique au sein d\u2019une collectivit\u00e9 territoriale \u2013<br \/>\nConnaissance des march\u00e9s publics \u2013<br \/>\nConnaissance des r\u00e8gles de s\u00e9curit\u00e9 des biens et des personnes ainsi que des politiques de gestion durable des b\u00e2timents<br \/>\nCapacit\u00e9 \u00e0 la gestion de projet<br \/>\nMa\u00eetrise des outils informatiques (Excel, Word, logiciel de gestion, Outlook)<br \/>\nSavoir \u00eatre : qualit\u00e9s relationnelles, discr\u00e9tion, fiabilit\u00e9, disponibilit\u00e9, sens de l\u2019initiative et organisation, \u00e0 l\u2019\u00e9coute des usagers<br \/>\nAttrait pour le milieu artistique et connaissance de l\u2019environnement territorial<\/p>\n<p>Poste \u00e0 pourvoir d\u00e8s que possible Lieu et service d\u2019affectation : sites d\u2019arts plastiques de Strasbourg<br \/>\nTemps de travail : temps non complet 20 heures Les candidatures (curriculum vitae, lettre de motivation, indication du statut) sont \u00e0 adresser \u00e0 :<\/p>\n<p>par mail : ressources.humaines@hear.fr ou<br \/>\npar courrier : HAUTE ECOLE DES ARTS DU RHIN A l\u2019attention du Service des Ressources Humaines 1, rue de l\u2019Acad\u00e9mie CS 10032 67082 STRASBOURG Cedex<\/p>\n<p>L\u2019article <a href=\"https:\/\/popburo.fr\/la-hear-recrute-un-charge-de-mission-technique-pour-le-redeploiement-dactivites-a-la-manufacture-f-h\/\">La HEAR recrute un charg\u00e9 de mission technique pour le red\u00e9ploiement d\u2019activit\u00e9s \u00e0 la Manufacture [F\/H]<\/a> est apparu en premier sur <a href=\"https:\/\/popburo.fr\/\">POP B\u00dcRO<\/a>.<\/p>\n","protected":false},"excerpt":{"rendered":"<p>La Haute \u00e9cole des arts du Rhin est un \u00e9tablissement public d\u2019enseignement sup\u00e9rieur artistique d\u2019excellence. Elle dispense des enseignements en arts plastiques et en musique dans de nombreuses sp\u00e9cialit\u00e9s : art contemporain, communication graphique, illustration, design, sc\u00e9nographie, peinture, sculpture, objet (verre, c\u00e9ramique, livre, bijoux) mais aussi composition et interpr\u00e9tation musicale, etc. R\u00e9partie sur trois sites \u00e0 Strasbourg et \u00e0 Mulhouse, elle accueille pr\u00e8s de 750 \u00e9tudiants qu\u2019elle m\u00e8ne \u00e0 des dipl\u00f4mes de niveau licence et master. Forte de son histoire [&hellip;]<\/p>\n","protected":false},"author":0,"featured_media":0,"comment_status":"closed","ping_status":"open","sticky":false,"template":"","format":"standard","meta":{"footnotes":""},"categories":[1],"tags":[],"class_list":["post-3650","post","type-post","status-publish","format-standard","hentry","category-non-classe"],"yoast_head":"<!-- This site is optimized with the Yoast SEO plugin v27.5 - https:\/\/yoast.com\/product\/yoast-seo-wordpress\/ -->\n<title>La HEAR recrute un charg\u00e9 de mission technique pour le red\u00e9ploiement d\u2019activit\u00e9s \u00e0 la Manufacture [F\/H] - HIERO STRASBOURG<\/title>\n<meta name=\"robots\" content=\"index, follow, max-snippet:-1, max-image-preview:large, max-video-preview:-1\" \/>\n<link rel=\"canonical\" href=\"https:\/\/hierostrasbourg.com\/index.php\/2022\/09\/20\/la-hear-recrute-un-charge-de-mission-technique-pour-le-redeploiement-dactivites-a-la-manufacture-f-h\/\" \/>\n<meta property=\"og:locale\" content=\"fr_FR\" \/>\n<meta property=\"og:type\" content=\"article\" \/>\n<meta property=\"og:title\" content=\"La HEAR recrute un charg\u00e9 de mission technique pour le red\u00e9ploiement d\u2019activit\u00e9s \u00e0 la Manufacture [F\/H] - HIERO STRASBOURG\" \/>\n<meta property=\"og:description\" content=\"La Haute \u00e9cole des arts du Rhin est un \u00e9tablissement public d\u2019enseignement sup\u00e9rieur artistique d\u2019excellence. Elle dispense des enseignements en arts plastiques et en musique dans de nombreuses sp\u00e9cialit\u00e9s : art contemporain, communication graphique, illustration, design, sc\u00e9nographie, peinture, sculpture, objet (verre, c\u00e9ramique, livre, bijoux) mais aussi composition et interpr\u00e9tation musicale, etc. R\u00e9partie sur trois sites \u00e0 Strasbourg et \u00e0 Mulhouse, elle accueille pr\u00e8s de 750 \u00e9tudiants qu\u2019elle m\u00e8ne \u00e0 des dipl\u00f4mes de niveau licence et master. Forte de son histoire [&hellip;]\" \/>\n<meta property=\"og:url\" content=\"https:\/\/hierostrasbourg.com\/index.php\/2022\/09\/20\/la-hear-recrute-un-charge-de-mission-technique-pour-le-redeploiement-dactivites-a-la-manufacture-f-h\/\" \/>\n<meta property=\"og:site_name\" content=\"HIERO STRASBOURG\" \/>\n<meta property=\"article:publisher\" content=\"https:\/\/www.facebook.com\/fedehierostrasbourg\" \/>\n<meta property=\"article:published_time\" content=\"2022-09-20T11:32:15+00:00\" \/>\n<meta name=\"twitter:card\" content=\"summary_large_image\" \/>\n<meta name=\"twitter:creator\" content=\"@hierostrasbourg\" \/>\n<meta name=\"twitter:site\" content=\"@hierostrasbourg\" \/>\n<meta name=\"twitter:label1\" content=\"Dur\u00e9e de lecture estim\u00e9e\" \/>\n\t<meta name=\"twitter:data1\" content=\"3 minutes\" \/>\n<script type=\"application\/ld+json\" class=\"yoast-schema-graph\">{\"@context\":\"https:\\\/\\\/schema.org\",\"@graph\":[{\"@type\":\"Article\",\"@id\":\"https:\\\/\\\/hierostrasbourg.com\\\/index.php\\\/2022\\\/09\\\/20\\\/la-hear-recrute-un-charge-de-mission-technique-pour-le-redeploiement-dactivites-a-la-manufacture-f-h\\\/#article\",\"isPartOf\":{\"@id\":\"https:\\\/\\\/hierostrasbourg.com\\\/index.php\\\/2022\\\/09\\\/20\\\/la-hear-recrute-un-charge-de-mission-technique-pour-le-redeploiement-dactivites-a-la-manufacture-f-h\\\/\"},\"author\":{\"name\":\"\",\"@id\":\"\"},\"headline\":\"La HEAR recrute un charg\u00e9 de mission technique pour le red\u00e9ploiement d\u2019activit\u00e9s \u00e0 la Manufacture [F\\\/H]\",\"datePublished\":\"2022-09-20T11:32:15+00:00\",\"mainEntityOfPage\":{\"@id\":\"https:\\\/\\\/hierostrasbourg.com\\\/index.php\\\/2022\\\/09\\\/20\\\/la-hear-recrute-un-charge-de-mission-technique-pour-le-redeploiement-dactivites-a-la-manufacture-f-h\\\/\"},\"wordCount\":565,\"publisher\":{\"@id\":\"https:\\\/\\\/hierostrasbourg.com\\\/#organization\"},\"inLanguage\":\"fr-FR\"},{\"@type\":\"WebPage\",\"@id\":\"https:\\\/\\\/hierostrasbourg.com\\\/index.php\\\/2022\\\/09\\\/20\\\/la-hear-recrute-un-charge-de-mission-technique-pour-le-redeploiement-dactivites-a-la-manufacture-f-h\\\/\",\"url\":\"https:\\\/\\\/hierostrasbourg.com\\\/index.php\\\/2022\\\/09\\\/20\\\/la-hear-recrute-un-charge-de-mission-technique-pour-le-redeploiement-dactivites-a-la-manufacture-f-h\\\/\",\"name\":\"La HEAR recrute un charg\u00e9 de mission technique pour le red\u00e9ploiement d\u2019activit\u00e9s \u00e0 la Manufacture [F\\\/H] - HIERO STRASBOURG\",\"isPartOf\":{\"@id\":\"https:\\\/\\\/hierostrasbourg.com\\\/#website\"},\"datePublished\":\"2022-09-20T11:32:15+00:00\",\"breadcrumb\":{\"@id\":\"https:\\\/\\\/hierostrasbourg.com\\\/index.php\\\/2022\\\/09\\\/20\\\/la-hear-recrute-un-charge-de-mission-technique-pour-le-redeploiement-dactivites-a-la-manufacture-f-h\\\/#breadcrumb\"},\"inLanguage\":\"fr-FR\",\"potentialAction\":[{\"@type\":\"ReadAction\",\"target\":[\"https:\\\/\\\/hierostrasbourg.com\\\/index.php\\\/2022\\\/09\\\/20\\\/la-hear-recrute-un-charge-de-mission-technique-pour-le-redeploiement-dactivites-a-la-manufacture-f-h\\\/\"]}]},{\"@type\":\"BreadcrumbList\",\"@id\":\"https:\\\/\\\/hierostrasbourg.com\\\/index.php\\\/2022\\\/09\\\/20\\\/la-hear-recrute-un-charge-de-mission-technique-pour-le-redeploiement-dactivites-a-la-manufacture-f-h\\\/#breadcrumb\",\"itemListElement\":[{\"@type\":\"ListItem\",\"position\":1,\"name\":\"Accueil\",\"item\":\"https:\\\/\\\/hierostrasbourg.com\\\/\"},{\"@type\":\"ListItem\",\"position\":2,\"name\":\"La HEAR recrute un charg\u00e9 de mission technique pour le red\u00e9ploiement d\u2019activit\u00e9s \u00e0 la Manufacture [F\\\/H]\"}]},{\"@type\":\"WebSite\",\"@id\":\"https:\\\/\\\/hierostrasbourg.com\\\/#website\",\"url\":\"https:\\\/\\\/hierostrasbourg.com\\\/\",\"name\":\"HIERO STRASBOURG\",\"description\":\"Centre de Ressources Musiques Actuelles\",\"publisher\":{\"@id\":\"https:\\\/\\\/hierostrasbourg.com\\\/#organization\"},\"potentialAction\":[{\"@type\":\"SearchAction\",\"target\":{\"@type\":\"EntryPoint\",\"urlTemplate\":\"https:\\\/\\\/hierostrasbourg.com\\\/?s={search_term_string}\"},\"query-input\":{\"@type\":\"PropertyValueSpecification\",\"valueRequired\":true,\"valueName\":\"search_term_string\"}}],\"inLanguage\":\"fr-FR\"},{\"@type\":\"Organization\",\"@id\":\"https:\\\/\\\/hierostrasbourg.com\\\/#organization\",\"name\":\"F\u00e9d\u00e9ration Hi\u00e9ro Strasbourg\",\"url\":\"https:\\\/\\\/hierostrasbourg.com\\\/\",\"logo\":{\"@type\":\"ImageObject\",\"inLanguage\":\"fr-FR\",\"@id\":\"https:\\\/\\\/hierostrasbourg.com\\\/#\\\/schema\\\/logo\\\/image\\\/\",\"url\":\"https:\\\/\\\/hierostrasbourg.com\\\/wp-content\\\/uploads\\\/2026\\\/04\\\/logo-hiero-strasbourg.jpg\",\"contentUrl\":\"https:\\\/\\\/hierostrasbourg.com\\\/wp-content\\\/uploads\\\/2026\\\/04\\\/logo-hiero-strasbourg.jpg\",\"width\":204,\"height\":192,\"caption\":\"F\u00e9d\u00e9ration Hi\u00e9ro Strasbourg\"},\"image\":{\"@id\":\"https:\\\/\\\/hierostrasbourg.com\\\/#\\\/schema\\\/logo\\\/image\\\/\"},\"sameAs\":[\"https:\\\/\\\/www.facebook.com\\\/fedehierostrasbourg\",\"https:\\\/\\\/x.com\\\/hierostrasbourg\"]}]}<\/script>\n<!-- \/ Yoast SEO plugin. -->","yoast_head_json":{"title":"La HEAR recrute un charg\u00e9 de mission technique pour le red\u00e9ploiement d\u2019activit\u00e9s \u00e0 la Manufacture [F\/H] - HIERO STRASBOURG","robots":{"index":"index","follow":"follow","max-snippet":"max-snippet:-1","max-image-preview":"max-image-preview:large","max-video-preview":"max-video-preview:-1"},"canonical":"https:\/\/hierostrasbourg.com\/index.php\/2022\/09\/20\/la-hear-recrute-un-charge-de-mission-technique-pour-le-redeploiement-dactivites-a-la-manufacture-f-h\/","og_locale":"fr_FR","og_type":"article","og_title":"La HEAR recrute un charg\u00e9 de mission technique pour le red\u00e9ploiement d\u2019activit\u00e9s \u00e0 la Manufacture [F\/H] - HIERO STRASBOURG","og_description":"La Haute \u00e9cole des arts du Rhin est un \u00e9tablissement public d\u2019enseignement sup\u00e9rieur artistique d\u2019excellence. Elle dispense des enseignements en arts plastiques et en musique dans de nombreuses sp\u00e9cialit\u00e9s : art contemporain, communication graphique, illustration, design, sc\u00e9nographie, peinture, sculpture, objet (verre, c\u00e9ramique, livre, bijoux) mais aussi composition et interpr\u00e9tation musicale, etc. R\u00e9partie sur trois sites \u00e0 Strasbourg et \u00e0 Mulhouse, elle accueille pr\u00e8s de 750 \u00e9tudiants qu\u2019elle m\u00e8ne \u00e0 des dipl\u00f4mes de niveau licence et master. Forte de son histoire [&hellip;]","og_url":"https:\/\/hierostrasbourg.com\/index.php\/2022\/09\/20\/la-hear-recrute-un-charge-de-mission-technique-pour-le-redeploiement-dactivites-a-la-manufacture-f-h\/","og_site_name":"HIERO STRASBOURG","article_publisher":"https:\/\/www.facebook.com\/fedehierostrasbourg","article_published_time":"2022-09-20T11:32:15+00:00","twitter_card":"summary_large_image","twitter_creator":"@hierostrasbourg","twitter_site":"@hierostrasbourg","twitter_misc":{"Dur\u00e9e de lecture estim\u00e9e":"3 minutes"},"schema":{"@context":"https:\/\/schema.org","@graph":[{"@type":"Article","@id":"https:\/\/hierostrasbourg.com\/index.php\/2022\/09\/20\/la-hear-recrute-un-charge-de-mission-technique-pour-le-redeploiement-dactivites-a-la-manufacture-f-h\/#article","isPartOf":{"@id":"https:\/\/hierostrasbourg.com\/index.php\/2022\/09\/20\/la-hear-recrute-un-charge-de-mission-technique-pour-le-redeploiement-dactivites-a-la-manufacture-f-h\/"},"author":{"name":"","@id":""},"headline":"La HEAR recrute un charg\u00e9 de mission technique pour le red\u00e9ploiement d\u2019activit\u00e9s \u00e0 la Manufacture [F\/H]","datePublished":"2022-09-20T11:32:15+00:00","mainEntityOfPage":{"@id":"https:\/\/hierostrasbourg.com\/index.php\/2022\/09\/20\/la-hear-recrute-un-charge-de-mission-technique-pour-le-redeploiement-dactivites-a-la-manufacture-f-h\/"},"wordCount":565,"publisher":{"@id":"https:\/\/hierostrasbourg.com\/#organization"},"inLanguage":"fr-FR"},{"@type":"WebPage","@id":"https:\/\/hierostrasbourg.com\/index.php\/2022\/09\/20\/la-hear-recrute-un-charge-de-mission-technique-pour-le-redeploiement-dactivites-a-la-manufacture-f-h\/","url":"https:\/\/hierostrasbourg.com\/index.php\/2022\/09\/20\/la-hear-recrute-un-charge-de-mission-technique-pour-le-redeploiement-dactivites-a-la-manufacture-f-h\/","name":"La HEAR recrute un charg\u00e9 de mission technique pour le red\u00e9ploiement d\u2019activit\u00e9s \u00e0 la Manufacture [F\/H] - HIERO STRASBOURG","isPartOf":{"@id":"https:\/\/hierostrasbourg.com\/#website"},"datePublished":"2022-09-20T11:32:15+00:00","breadcrumb":{"@id":"https:\/\/hierostrasbourg.com\/index.php\/2022\/09\/20\/la-hear-recrute-un-charge-de-mission-technique-pour-le-redeploiement-dactivites-a-la-manufacture-f-h\/#breadcrumb"},"inLanguage":"fr-FR","potentialAction":[{"@type":"ReadAction","target":["https:\/\/hierostrasbourg.com\/index.php\/2022\/09\/20\/la-hear-recrute-un-charge-de-mission-technique-pour-le-redeploiement-dactivites-a-la-manufacture-f-h\/"]}]},{"@type":"BreadcrumbList","@id":"https:\/\/hierostrasbourg.com\/index.php\/2022\/09\/20\/la-hear-recrute-un-charge-de-mission-technique-pour-le-redeploiement-dactivites-a-la-manufacture-f-h\/#breadcrumb","itemListElement":[{"@type":"ListItem","position":1,"name":"Accueil","item":"https:\/\/hierostrasbourg.com\/"},{"@type":"ListItem","position":2,"name":"La HEAR recrute un charg\u00e9 de mission technique pour le red\u00e9ploiement d\u2019activit\u00e9s \u00e0 la Manufacture [F\/H]"}]},{"@type":"WebSite","@id":"https:\/\/hierostrasbourg.com\/#website","url":"https:\/\/hierostrasbourg.com\/","name":"HIERO STRASBOURG","description":"Centre de Ressources Musiques Actuelles","publisher":{"@id":"https:\/\/hierostrasbourg.com\/#organization"},"potentialAction":[{"@type":"SearchAction","target":{"@type":"EntryPoint","urlTemplate":"https:\/\/hierostrasbourg.com\/?s={search_term_string}"},"query-input":{"@type":"PropertyValueSpecification","valueRequired":true,"valueName":"search_term_string"}}],"inLanguage":"fr-FR"},{"@type":"Organization","@id":"https:\/\/hierostrasbourg.com\/#organization","name":"F\u00e9d\u00e9ration Hi\u00e9ro Strasbourg","url":"https:\/\/hierostrasbourg.com\/","logo":{"@type":"ImageObject","inLanguage":"fr-FR","@id":"https:\/\/hierostrasbourg.com\/#\/schema\/logo\/image\/","url":"https:\/\/hierostrasbourg.com\/wp-content\/uploads\/2026\/04\/logo-hiero-strasbourg.jpg","contentUrl":"https:\/\/hierostrasbourg.com\/wp-content\/uploads\/2026\/04\/logo-hiero-strasbourg.jpg","width":204,"height":192,"caption":"F\u00e9d\u00e9ration Hi\u00e9ro Strasbourg"},"image":{"@id":"https:\/\/hierostrasbourg.com\/#\/schema\/logo\/image\/"},"sameAs":["https:\/\/www.facebook.com\/fedehierostrasbourg","https:\/\/x.com\/hierostrasbourg"]}]}},"_links":{"self":[{"href":"https:\/\/hierostrasbourg.com\/index.php\/wp-json\/wp\/v2\/posts\/3650","targetHints":{"allow":["GET"]}}],"collection":[{"href":"https:\/\/hierostrasbourg.com\/index.php\/wp-json\/wp\/v2\/posts"}],"about":[{"href":"https:\/\/hierostrasbourg.com\/index.php\/wp-json\/wp\/v2\/types\/post"}],"replies":[{"embeddable":true,"href":"https:\/\/hierostrasbourg.com\/index.php\/wp-json\/wp\/v2\/comments?post=3650"}],"version-history":[{"count":0,"href":"https:\/\/hierostrasbourg.com\/index.php\/wp-json\/wp\/v2\/posts\/3650\/revisions"}],"wp:attachment":[{"href":"https:\/\/hierostrasbourg.com\/index.php\/wp-json\/wp\/v2\/media?parent=3650"}],"wp:term":[{"taxonomy":"category","embeddable":true,"href":"https:\/\/hierostrasbourg.com\/index.php\/wp-json\/wp\/v2\/categories?post=3650"},{"taxonomy":"post_tag","embeddable":true,"href":"https:\/\/hierostrasbourg.com\/index.php\/wp-json\/wp\/v2\/tags?post=3650"}],"curies":[{"name":"wp","href":"https:\/\/api.w.org\/{rel}","templated":true}]}}