{"id":3649,"date":"2022-09-20T13:32:15","date_gmt":"2022-09-20T11:32:15","guid":{"rendered":"https:\/\/hierostrasbourg.com\/index.php\/2022\/09\/20\/la-collectivite-europeenne-dalsace-recrute-un-responsable-du-service-du-patrimoine-f-h\/"},"modified":"2022-09-20T13:32:15","modified_gmt":"2022-09-20T11:32:15","slug":"la-collectivite-europeenne-dalsace-recrute-un-responsable-du-service-du-patrimoine-f-h","status":"publish","type":"post","link":"https:\/\/hierostrasbourg.com\/index.php\/2022\/09\/20\/la-collectivite-europeenne-dalsace-recrute-un-responsable-du-service-du-patrimoine-f-h\/","title":{"rendered":"LA COLLECTIVIT\u00c9 EUROP\u00c9ENNE D\u2019ALSACE recrute un responsable du service du patrimoine [F\/H]"},"content":{"rendered":"<p>poste n\u00b067-3619<\/p>\n<h2>Missions<\/h2>\n<p>La Direction de la Culture et du Patrimoine a pour objectif de g\u00e9n\u00e9raliser l\u2019\u00e9gal acc\u00e8s \u00e0 l\u2019\u00e9ducation artistique et culturelle, et au patrimoine alsacien, dans une d\u00e9marche inclusive.<\/p>\n<p>Dans le cadre d\u2019une politique culturelle d\u00e9finie par la Collectivit\u00e9 europ\u00e9enne d\u2019Alsace et pilot\u00e9e au sein de la Direction de la culture et du patrimoine, en qualit\u00e9 de responsable du service du patrimoine, membre du comit\u00e9 de direction pour la culture et le patrimoine, vous encadrez un service et assurez pour la direction le d\u00e9veloppement d\u2019une politique de conservation et de valorisation des patrimoines.<\/p>\n<h3>Fonction<\/h3>\n<h4>1. Elaborer, mettre en \u0153uvre et \u00e9valuer la politique de conservation et de valorisation des patrimoines :<\/h4>\n<p>Elaborer, mettre en \u0153uvre et \u00e9valuer la politique et son projet scientifique et culturel<br \/>\nValoriser la mise en \u0153uvre de la politique et consolider son portage politique<br \/>\nRechercher, analyser et proposer des offres de conservation et de m\u00e9diations novatrices pour anticiper les \u00e9volutions soci\u00e9tales et r\u00e9pondre aux attentes des usagers et des territoires<br \/>\nD\u00e9velopper l\u2019association des usagers et des citoyens dans les d\u00e9marches d\u2019adaptation du service public et de p\u00e9rennisation du patrimoine<br \/>\nFormuler une aide \u00e0 la d\u00e9cision des \u00e9lus sur les orientations permettant l\u2019am\u00e9lioration continue des dispositifs et de l\u2019ing\u00e9nierie du service<br \/>\nD\u00e9velopper et animer des r\u00e9seaux de partenariats<br \/>\nRepr\u00e9senter en interne et en externe la collectivit\u00e9 afin de favoriser une prise en compte du patrimoine dans les autres politiques publiques de la collectivit\u00e9 et dans les projets de d\u00e9veloppement des territoires<br \/>\nEntretenir des relations \u00e9troites avec les structures o\u00f9 la CeA joue un r\u00f4le pr\u00e9pond\u00e9rant (mus\u00e9e Lalique, Arch\u00e9ologie Alsace, Parc Naturel r\u00e9gional des Vosges du Nord, etc.) : d\u00e9velopper les liens avec les politiques de la CeA, suivre les r\u00e9alisations et \u00e9valuer les actions<\/p>\n<h4>2. Encadrer et mobiliser les \u00e9quipes du service :<\/h4>\n<p>Assurer la gestion administrative, juridique et financi\u00e8re du service<br \/>\nEncadrer et animer autour du projet politique l\u2019ensemble des \u00e9quipes du service<br \/>\nPorter le sens de l\u2019action publique et mobiliser les \u00e9quipes dans la dur\u00e9e<br \/>\nAnimer le collectif de direction du service<br \/>\nD\u00e9velopper une culture manag\u00e9riale fond\u00e9e sur le r\u00e9sultat, la responsabilisation et la recherche de solutions<br \/>\nVeiller \u00e0 la r\u00e9activit\u00e9 et \u00e0 la qualit\u00e9 des services rendus par le service<br \/>\nD\u00e9velopper une culture de l\u2019\u00e9valuation avec la d\u00e9finition d\u2019indicateurs de performance<\/p>\n<h4>3. Contribuer \u00e0 la d\u00e9finition et \u00e0 la mise en \u0153uvre des politiques culturelles et patrimoniales :<\/h4>\n<p>Contribuer au pilotage des politiques culturelles et patrimoniales, au sein du collectif de cadres de la Direction de la Culture et du Patrimoine<br \/>\nPiloter des projets transversaux<br \/>\nEtre acteur de l\u2019innovation et du d\u00e9veloppement manag\u00e9rial de la direction<br \/>\nCr\u00e9er des passerelles entre les actions men\u00e9es dans une d\u00e9marche qui consid\u00e8re les publics et les territoires au centre des enjeux des actions men\u00e9es<br \/>\nParticiper et contribuer aux diff\u00e9rentes instances de pilotages de la direction et plus largement de la collectivit\u00e9<\/p>\n<h2>Profil recherch\u00e9<\/h2>\n<p>Dipl\u00f4m\u00e9 de niveau BAC+3 vous poss\u00e9dez une exp\u00e9rience r\u00e9ussie dans l\u2019encadrement, les finances et le d\u00e9veloppement de projets;<br \/>\nVous disposez de solides connaissances dans les domaines culturels et patrimoniaux, mais aussi techniques, juridiques, financiers et scientifiques, tant publics que priv\u00e9s;<br \/>\nVous \u00eates au fait des enjeux de conservation et de valorisation des patrimoines dans une d\u00e9marche citoyenne;<br \/>\nVos capacit\u00e9s \u00e0 n\u00e9gocier et communiquer vous permettent d\u2019impulser des projets dans une approche collaborative en interne comme en externe;<br \/>\nA l\u2019\u00e9coute, p\u00e9dagogue et capable de prendre des d\u00e9cisions, vous managez votre \u00e9quipe dans un souci de performance et de respect.<\/p>\n<h2>Statut et particularit\u00e9s li\u00e9es au poste<\/h2>\n<p>Recrutement sur le grade d\u2019attach\u00e9 territorial ou attach\u00e9 territorial de conservation du patrimoine, ou \u00e0 d\u00e9faut par voie contractuelle.<br \/>\nPoste \u00e0 temps plein bas\u00e9 \u00e0 l\u2019HCeA \u00e0 Strasbourg ou Colmar.<br \/>\nDate limite de d\u00e9p\u00f4t des candidatures 15\/10\/2022<\/p>\n<p><a class=\"maxbutton-1 maxbutton maxbutton-inscription\" href=\"https:\/\/www.alsace.eu\/postuler-a-une-offre-d-emploi\/id\/2646\/title\/Une%20ou%20un%20responsable%20du%20service%20du%20patrimoine%20F-H%20(poste%20n%C2%B067-3619)\/contrat\/Emploi\/\"><span class=\"mb-text\">POSTULEZ<\/span><\/a><\/p>\n<p>L\u2019article <a href=\"https:\/\/popburo.fr\/la-collectivite-europeenne-dalsace-recrute-un-responsable-du-service-du-patrimoine-f-h\/\">LA COLLECTIVIT\u00c9 EUROP\u00c9ENNE D\u2019ALSACE recrute un responsable du service du patrimoine [F\/H]<\/a> est apparu en premier sur <a href=\"https:\/\/popburo.fr\/\">POP B\u00dcRO<\/a>.<\/p>\n","protected":false},"excerpt":{"rendered":"<p>poste n\u00b067-3619 Missions La Direction de la Culture et du Patrimoine a pour objectif de g\u00e9n\u00e9raliser l\u2019\u00e9gal acc\u00e8s \u00e0 l\u2019\u00e9ducation artistique et culturelle, et au patrimoine alsacien, dans une d\u00e9marche inclusive. Dans le cadre d\u2019une politique culturelle d\u00e9finie par la Collectivit\u00e9 europ\u00e9enne d\u2019Alsace et pilot\u00e9e au sein de la Direction de la culture et du patrimoine, en qualit\u00e9 de responsable du service du patrimoine, membre du comit\u00e9 de direction pour la culture et le patrimoine, vous encadrez un service et [&hellip;]<\/p>\n","protected":false},"author":0,"featured_media":0,"comment_status":"closed","ping_status":"open","sticky":false,"template":"","format":"standard","meta":{"footnotes":""},"categories":[1],"tags":[],"class_list":["post-3649","post","type-post","status-publish","format-standard","hentry","category-non-classe"],"yoast_head":"<!-- This site is optimized with the Yoast SEO plugin v27.5 - https:\/\/yoast.com\/product\/yoast-seo-wordpress\/ -->\n<title>LA COLLECTIVIT\u00c9 EUROP\u00c9ENNE D\u2019ALSACE recrute un responsable du service du patrimoine [F\/H] - HIERO STRASBOURG<\/title>\n<meta name=\"robots\" content=\"index, follow, max-snippet:-1, max-image-preview:large, max-video-preview:-1\" \/>\n<link rel=\"canonical\" href=\"https:\/\/hierostrasbourg.com\/index.php\/2022\/09\/20\/la-collectivite-europeenne-dalsace-recrute-un-responsable-du-service-du-patrimoine-f-h\/\" \/>\n<meta property=\"og:locale\" content=\"fr_FR\" \/>\n<meta property=\"og:type\" content=\"article\" \/>\n<meta property=\"og:title\" content=\"LA COLLECTIVIT\u00c9 EUROP\u00c9ENNE D\u2019ALSACE recrute un responsable du service du patrimoine [F\/H] - HIERO STRASBOURG\" \/>\n<meta property=\"og:description\" content=\"poste n\u00b067-3619 Missions La Direction de la Culture et du Patrimoine a pour objectif de g\u00e9n\u00e9raliser l\u2019\u00e9gal acc\u00e8s \u00e0 l\u2019\u00e9ducation artistique et culturelle, et au patrimoine alsacien, dans une d\u00e9marche inclusive. Dans le cadre d\u2019une politique culturelle d\u00e9finie par la Collectivit\u00e9 europ\u00e9enne d\u2019Alsace et pilot\u00e9e au sein de la Direction de la culture et du patrimoine, en qualit\u00e9 de responsable du service du patrimoine, membre du comit\u00e9 de direction pour la culture et le patrimoine, vous encadrez un service et [&hellip;]\" \/>\n<meta property=\"og:url\" content=\"https:\/\/hierostrasbourg.com\/index.php\/2022\/09\/20\/la-collectivite-europeenne-dalsace-recrute-un-responsable-du-service-du-patrimoine-f-h\/\" \/>\n<meta property=\"og:site_name\" content=\"HIERO STRASBOURG\" \/>\n<meta property=\"article:publisher\" content=\"https:\/\/www.facebook.com\/fedehierostrasbourg\" \/>\n<meta property=\"article:published_time\" content=\"2022-09-20T11:32:15+00:00\" \/>\n<meta name=\"twitter:card\" content=\"summary_large_image\" \/>\n<meta name=\"twitter:creator\" content=\"@hierostrasbourg\" \/>\n<meta name=\"twitter:site\" content=\"@hierostrasbourg\" \/>\n<meta name=\"twitter:label1\" content=\"Dur\u00e9e de lecture estim\u00e9e\" \/>\n\t<meta name=\"twitter:data1\" content=\"4 minutes\" \/>\n<script type=\"application\/ld+json\" class=\"yoast-schema-graph\">{\"@context\":\"https:\\\/\\\/schema.org\",\"@graph\":[{\"@type\":\"Article\",\"@id\":\"https:\\\/\\\/hierostrasbourg.com\\\/index.php\\\/2022\\\/09\\\/20\\\/la-collectivite-europeenne-dalsace-recrute-un-responsable-du-service-du-patrimoine-f-h\\\/#article\",\"isPartOf\":{\"@id\":\"https:\\\/\\\/hierostrasbourg.com\\\/index.php\\\/2022\\\/09\\\/20\\\/la-collectivite-europeenne-dalsace-recrute-un-responsable-du-service-du-patrimoine-f-h\\\/\"},\"author\":{\"name\":\"\",\"@id\":\"\"},\"headline\":\"LA COLLECTIVIT\u00c9 EUROP\u00c9ENNE D\u2019ALSACE recrute un responsable du service du patrimoine [F\\\/H]\",\"datePublished\":\"2022-09-20T11:32:15+00:00\",\"mainEntityOfPage\":{\"@id\":\"https:\\\/\\\/hierostrasbourg.com\\\/index.php\\\/2022\\\/09\\\/20\\\/la-collectivite-europeenne-dalsace-recrute-un-responsable-du-service-du-patrimoine-f-h\\\/\"},\"wordCount\":723,\"publisher\":{\"@id\":\"https:\\\/\\\/hierostrasbourg.com\\\/#organization\"},\"inLanguage\":\"fr-FR\"},{\"@type\":\"WebPage\",\"@id\":\"https:\\\/\\\/hierostrasbourg.com\\\/index.php\\\/2022\\\/09\\\/20\\\/la-collectivite-europeenne-dalsace-recrute-un-responsable-du-service-du-patrimoine-f-h\\\/\",\"url\":\"https:\\\/\\\/hierostrasbourg.com\\\/index.php\\\/2022\\\/09\\\/20\\\/la-collectivite-europeenne-dalsace-recrute-un-responsable-du-service-du-patrimoine-f-h\\\/\",\"name\":\"LA COLLECTIVIT\u00c9 EUROP\u00c9ENNE D\u2019ALSACE recrute un responsable du service du patrimoine [F\\\/H] - HIERO STRASBOURG\",\"isPartOf\":{\"@id\":\"https:\\\/\\\/hierostrasbourg.com\\\/#website\"},\"datePublished\":\"2022-09-20T11:32:15+00:00\",\"breadcrumb\":{\"@id\":\"https:\\\/\\\/hierostrasbourg.com\\\/index.php\\\/2022\\\/09\\\/20\\\/la-collectivite-europeenne-dalsace-recrute-un-responsable-du-service-du-patrimoine-f-h\\\/#breadcrumb\"},\"inLanguage\":\"fr-FR\",\"potentialAction\":[{\"@type\":\"ReadAction\",\"target\":[\"https:\\\/\\\/hierostrasbourg.com\\\/index.php\\\/2022\\\/09\\\/20\\\/la-collectivite-europeenne-dalsace-recrute-un-responsable-du-service-du-patrimoine-f-h\\\/\"]}]},{\"@type\":\"BreadcrumbList\",\"@id\":\"https:\\\/\\\/hierostrasbourg.com\\\/index.php\\\/2022\\\/09\\\/20\\\/la-collectivite-europeenne-dalsace-recrute-un-responsable-du-service-du-patrimoine-f-h\\\/#breadcrumb\",\"itemListElement\":[{\"@type\":\"ListItem\",\"position\":1,\"name\":\"Accueil\",\"item\":\"https:\\\/\\\/hierostrasbourg.com\\\/\"},{\"@type\":\"ListItem\",\"position\":2,\"name\":\"LA COLLECTIVIT\u00c9 EUROP\u00c9ENNE D\u2019ALSACE recrute un responsable du service du patrimoine [F\\\/H]\"}]},{\"@type\":\"WebSite\",\"@id\":\"https:\\\/\\\/hierostrasbourg.com\\\/#website\",\"url\":\"https:\\\/\\\/hierostrasbourg.com\\\/\",\"name\":\"HIERO STRASBOURG\",\"description\":\"Centre de Ressources Musiques Actuelles\",\"publisher\":{\"@id\":\"https:\\\/\\\/hierostrasbourg.com\\\/#organization\"},\"potentialAction\":[{\"@type\":\"SearchAction\",\"target\":{\"@type\":\"EntryPoint\",\"urlTemplate\":\"https:\\\/\\\/hierostrasbourg.com\\\/?s={search_term_string}\"},\"query-input\":{\"@type\":\"PropertyValueSpecification\",\"valueRequired\":true,\"valueName\":\"search_term_string\"}}],\"inLanguage\":\"fr-FR\"},{\"@type\":\"Organization\",\"@id\":\"https:\\\/\\\/hierostrasbourg.com\\\/#organization\",\"name\":\"F\u00e9d\u00e9ration Hi\u00e9ro Strasbourg\",\"url\":\"https:\\\/\\\/hierostrasbourg.com\\\/\",\"logo\":{\"@type\":\"ImageObject\",\"inLanguage\":\"fr-FR\",\"@id\":\"https:\\\/\\\/hierostrasbourg.com\\\/#\\\/schema\\\/logo\\\/image\\\/\",\"url\":\"https:\\\/\\\/hierostrasbourg.com\\\/wp-content\\\/uploads\\\/2026\\\/04\\\/logo-hiero-strasbourg.jpg\",\"contentUrl\":\"https:\\\/\\\/hierostrasbourg.com\\\/wp-content\\\/uploads\\\/2026\\\/04\\\/logo-hiero-strasbourg.jpg\",\"width\":204,\"height\":192,\"caption\":\"F\u00e9d\u00e9ration Hi\u00e9ro Strasbourg\"},\"image\":{\"@id\":\"https:\\\/\\\/hierostrasbourg.com\\\/#\\\/schema\\\/logo\\\/image\\\/\"},\"sameAs\":[\"https:\\\/\\\/www.facebook.com\\\/fedehierostrasbourg\",\"https:\\\/\\\/x.com\\\/hierostrasbourg\"]}]}<\/script>\n<!-- \/ Yoast SEO plugin. -->","yoast_head_json":{"title":"LA COLLECTIVIT\u00c9 EUROP\u00c9ENNE D\u2019ALSACE recrute un responsable du service du patrimoine [F\/H] - HIERO STRASBOURG","robots":{"index":"index","follow":"follow","max-snippet":"max-snippet:-1","max-image-preview":"max-image-preview:large","max-video-preview":"max-video-preview:-1"},"canonical":"https:\/\/hierostrasbourg.com\/index.php\/2022\/09\/20\/la-collectivite-europeenne-dalsace-recrute-un-responsable-du-service-du-patrimoine-f-h\/","og_locale":"fr_FR","og_type":"article","og_title":"LA COLLECTIVIT\u00c9 EUROP\u00c9ENNE D\u2019ALSACE recrute un responsable du service du patrimoine [F\/H] - HIERO STRASBOURG","og_description":"poste n\u00b067-3619 Missions La Direction de la Culture et du Patrimoine a pour objectif de g\u00e9n\u00e9raliser l\u2019\u00e9gal acc\u00e8s \u00e0 l\u2019\u00e9ducation artistique et culturelle, et au patrimoine alsacien, dans une d\u00e9marche inclusive. Dans le cadre d\u2019une politique culturelle d\u00e9finie par la Collectivit\u00e9 europ\u00e9enne d\u2019Alsace et pilot\u00e9e au sein de la Direction de la culture et du patrimoine, en qualit\u00e9 de responsable du service du patrimoine, membre du comit\u00e9 de direction pour la culture et le patrimoine, vous encadrez un service et [&hellip;]","og_url":"https:\/\/hierostrasbourg.com\/index.php\/2022\/09\/20\/la-collectivite-europeenne-dalsace-recrute-un-responsable-du-service-du-patrimoine-f-h\/","og_site_name":"HIERO STRASBOURG","article_publisher":"https:\/\/www.facebook.com\/fedehierostrasbourg","article_published_time":"2022-09-20T11:32:15+00:00","twitter_card":"summary_large_image","twitter_creator":"@hierostrasbourg","twitter_site":"@hierostrasbourg","twitter_misc":{"Dur\u00e9e de lecture estim\u00e9e":"4 minutes"},"schema":{"@context":"https:\/\/schema.org","@graph":[{"@type":"Article","@id":"https:\/\/hierostrasbourg.com\/index.php\/2022\/09\/20\/la-collectivite-europeenne-dalsace-recrute-un-responsable-du-service-du-patrimoine-f-h\/#article","isPartOf":{"@id":"https:\/\/hierostrasbourg.com\/index.php\/2022\/09\/20\/la-collectivite-europeenne-dalsace-recrute-un-responsable-du-service-du-patrimoine-f-h\/"},"author":{"name":"","@id":""},"headline":"LA COLLECTIVIT\u00c9 EUROP\u00c9ENNE D\u2019ALSACE recrute un responsable du service du patrimoine [F\/H]","datePublished":"2022-09-20T11:32:15+00:00","mainEntityOfPage":{"@id":"https:\/\/hierostrasbourg.com\/index.php\/2022\/09\/20\/la-collectivite-europeenne-dalsace-recrute-un-responsable-du-service-du-patrimoine-f-h\/"},"wordCount":723,"publisher":{"@id":"https:\/\/hierostrasbourg.com\/#organization"},"inLanguage":"fr-FR"},{"@type":"WebPage","@id":"https:\/\/hierostrasbourg.com\/index.php\/2022\/09\/20\/la-collectivite-europeenne-dalsace-recrute-un-responsable-du-service-du-patrimoine-f-h\/","url":"https:\/\/hierostrasbourg.com\/index.php\/2022\/09\/20\/la-collectivite-europeenne-dalsace-recrute-un-responsable-du-service-du-patrimoine-f-h\/","name":"LA COLLECTIVIT\u00c9 EUROP\u00c9ENNE D\u2019ALSACE recrute un responsable du service du patrimoine [F\/H] - HIERO STRASBOURG","isPartOf":{"@id":"https:\/\/hierostrasbourg.com\/#website"},"datePublished":"2022-09-20T11:32:15+00:00","breadcrumb":{"@id":"https:\/\/hierostrasbourg.com\/index.php\/2022\/09\/20\/la-collectivite-europeenne-dalsace-recrute-un-responsable-du-service-du-patrimoine-f-h\/#breadcrumb"},"inLanguage":"fr-FR","potentialAction":[{"@type":"ReadAction","target":["https:\/\/hierostrasbourg.com\/index.php\/2022\/09\/20\/la-collectivite-europeenne-dalsace-recrute-un-responsable-du-service-du-patrimoine-f-h\/"]}]},{"@type":"BreadcrumbList","@id":"https:\/\/hierostrasbourg.com\/index.php\/2022\/09\/20\/la-collectivite-europeenne-dalsace-recrute-un-responsable-du-service-du-patrimoine-f-h\/#breadcrumb","itemListElement":[{"@type":"ListItem","position":1,"name":"Accueil","item":"https:\/\/hierostrasbourg.com\/"},{"@type":"ListItem","position":2,"name":"LA COLLECTIVIT\u00c9 EUROP\u00c9ENNE D\u2019ALSACE recrute un responsable du service du patrimoine [F\/H]"}]},{"@type":"WebSite","@id":"https:\/\/hierostrasbourg.com\/#website","url":"https:\/\/hierostrasbourg.com\/","name":"HIERO STRASBOURG","description":"Centre de Ressources Musiques Actuelles","publisher":{"@id":"https:\/\/hierostrasbourg.com\/#organization"},"potentialAction":[{"@type":"SearchAction","target":{"@type":"EntryPoint","urlTemplate":"https:\/\/hierostrasbourg.com\/?s={search_term_string}"},"query-input":{"@type":"PropertyValueSpecification","valueRequired":true,"valueName":"search_term_string"}}],"inLanguage":"fr-FR"},{"@type":"Organization","@id":"https:\/\/hierostrasbourg.com\/#organization","name":"F\u00e9d\u00e9ration Hi\u00e9ro Strasbourg","url":"https:\/\/hierostrasbourg.com\/","logo":{"@type":"ImageObject","inLanguage":"fr-FR","@id":"https:\/\/hierostrasbourg.com\/#\/schema\/logo\/image\/","url":"https:\/\/hierostrasbourg.com\/wp-content\/uploads\/2026\/04\/logo-hiero-strasbourg.jpg","contentUrl":"https:\/\/hierostrasbourg.com\/wp-content\/uploads\/2026\/04\/logo-hiero-strasbourg.jpg","width":204,"height":192,"caption":"F\u00e9d\u00e9ration Hi\u00e9ro Strasbourg"},"image":{"@id":"https:\/\/hierostrasbourg.com\/#\/schema\/logo\/image\/"},"sameAs":["https:\/\/www.facebook.com\/fedehierostrasbourg","https:\/\/x.com\/hierostrasbourg"]}]}},"_links":{"self":[{"href":"https:\/\/hierostrasbourg.com\/index.php\/wp-json\/wp\/v2\/posts\/3649","targetHints":{"allow":["GET"]}}],"collection":[{"href":"https:\/\/hierostrasbourg.com\/index.php\/wp-json\/wp\/v2\/posts"}],"about":[{"href":"https:\/\/hierostrasbourg.com\/index.php\/wp-json\/wp\/v2\/types\/post"}],"replies":[{"embeddable":true,"href":"https:\/\/hierostrasbourg.com\/index.php\/wp-json\/wp\/v2\/comments?post=3649"}],"version-history":[{"count":0,"href":"https:\/\/hierostrasbourg.com\/index.php\/wp-json\/wp\/v2\/posts\/3649\/revisions"}],"wp:attachment":[{"href":"https:\/\/hierostrasbourg.com\/index.php\/wp-json\/wp\/v2\/media?parent=3649"}],"wp:term":[{"taxonomy":"category","embeddable":true,"href":"https:\/\/hierostrasbourg.com\/index.php\/wp-json\/wp\/v2\/categories?post=3649"},{"taxonomy":"post_tag","embeddable":true,"href":"https:\/\/hierostrasbourg.com\/index.php\/wp-json\/wp\/v2\/tags?post=3649"}],"curies":[{"name":"wp","href":"https:\/\/api.w.org\/{rel}","templated":true}]}}