{"id":3644,"date":"2022-09-18T18:32:13","date_gmt":"2022-09-18T16:32:13","guid":{"rendered":"https:\/\/hierostrasbourg.com\/index.php\/2022\/09\/18\/la-collectivite-europeenne-dalsace-recrute-un-responsable-de-pole-diffusion-et-creation-et-pratiques-artistiques-f-h-2\/"},"modified":"2022-09-18T18:32:13","modified_gmt":"2022-09-18T16:32:13","slug":"la-collectivite-europeenne-dalsace-recrute-un-responsable-de-pole-diffusion-et-creation-et-pratiques-artistiques-f-h-2","status":"publish","type":"post","link":"https:\/\/hierostrasbourg.com\/index.php\/2022\/09\/18\/la-collectivite-europeenne-dalsace-recrute-un-responsable-de-pole-diffusion-et-creation-et-pratiques-artistiques-f-h-2\/","title":{"rendered":"LA COLLECTIVIT\u00c9 EUROP\u00c9ENNE D\u2019ALSACE recrute un responsable de p\u00f4le diffusion et cr\u00e9ation et pratiques artistiques [F\/H]"},"content":{"rendered":"<p>La Direction de la Culture et du Patrimoine a pour objectif de g\u00e9n\u00e9raliser l\u2019\u00e9gal acc\u00e8s \u00e0 l\u2019\u00e9ducation artistique et culturelle, et au patrimoine alsacien, dans une d\u00e9marche inclusive.<\/p>\n<p>Le service a pour mission de soutenir et coordonner l\u2019action culturelle men\u00e9e par les op\u00e9rateurs financ\u00e9s par la Collectivit\u00e9, mais aussi par la Collectivit\u00e9 europ\u00e9enne d\u2019Alsace elle-m\u00eame. Le service favorise le d\u00e9veloppement d\u2019une r\u00e9elle ing\u00e9nierie de projets culturels, encourageant notamment l\u2019interdisciplinarit\u00e9, la mise en r\u00e9seau\u2026. Le service veille \u00e0 ce que tout projet culturel soutenu par la Collectivit\u00e9 permette aux publics prioritaires d\u2019acc\u00e9der \u00e0 l\u2019offre culturelle sous toutes ses formes.<\/p>\n<h2>Missions<\/h2>\n<p>Vous \u00eates charg\u00e9 de mettre en oeuvre la politique culturelle de la Collectivit\u00e9 en veillant \u00e0 ce que les orientations politiques se d\u00e9clinent sur l\u2019ensemble de la politique culturelle, tant le d\u00e9veloppement culturel, l\u2019enseignement et l\u2019\u00e9ducation artistique, le patrimoine, la m\u00e9moire, et en lien avec les chefs de services concern\u00e9s, la lecture publique et les archives.<\/p>\n<p>Participer \u00e0 la d\u00e9finition du projet global et \u00e0 sa strat\u00e9gie de mise en \u0153uvre ;<br \/>\nManager, encadrer et animer une \u00e9quipe ;<br \/>\nAssurer le pilotage strat\u00e9gique et la coordination des politiques de la Collectivit\u00e9 dans son domaine d\u2019intervention ;<br \/>\nEtre le garant de l\u2019efficacit\u00e9 de la direction et de sa plus-value ;<br \/>\nAssurer l\u2019\u00e9laboration, le suivi et le contr\u00f4le de la politique financi\u00e8re et budg\u00e9taire de la Direction.<br \/>\nAssurer, en liens \u00e9troits avec le service appui et ressources, une pr\u00e9paration optimis\u00e9e (temps, processus, partage et circulation de l\u2019information), des dossiers pr\u00e9sent\u00e9s en commission th\u00e9matiques, commission permanente et s\u00e9ance pl\u00e9ni\u00e8re ;<br \/>\nContribuer \u00e0 faire \u00e9merger des projets favorisant une meilleure visibilit\u00e9 de la politique culturelle et une bonne articulation de celle-ci avec les politiques de la Collectivit\u00e9 ;<br \/>\nInciter les structures et acteurs soutenus par la Collectivit\u00e9 \u00e0 mettre en oeuvre des actions visant \u00e0 mieux toucher les publics prioritaires, notamment les coll\u00e9giens, et ce dans le respect de la libert\u00e9 de cr\u00e9ation artistique ;<br \/>\nFormaliser, en \u00e9troite collaboration avec le service appui et ressources, des appels \u00e0 projets, piloter le suivi des conventions liant la Collectivit\u00e9 \u00e0 des structures culturelles et des partenaires institutionnels ;<br \/>\nImpulser l\u2019animation de r\u00e9seaux d\u2019acteurs culturels et \u00eatre en veille sur leurs attentes de ceux-ci ;<br \/>\nCoordonner l\u2019action culturelle \u00e0 l\u2019\u00e9chelle Alsace, pour s\u2019assurer que tout projet mis en oeuvre par la Collectivit\u00e9 d\u00e9cline les orientations politiques : apporter conseils et m\u00e9thode aux projets mis en oeuvre par le service des archives d\u2019Alsace et par le service de la lecture publique.<\/p>\n<h2>Profils recherch\u00e9s<\/h2>\n<p>Id\u00e9alement dipl\u00f4m\u00e9 de niveau BAC+5 vous justifiez d\u2019une exp\u00e9rience r\u00e9ussie dans le management de projets et l\u2019encadrement d\u2019une \u00e9quipe.<br \/>\nVous connaissez le domaine culturel et le d\u00e9veloppement artistique et avez les capacit\u00e9s de porter une politique \u00e0 votre \u00e9chelle aupr\u00e8s des partenaires et de vos collaborateurs.<br \/>\nVote aptitude \u00e0 la communication et votre esprit de conviction vous permettent de manager votre \u00e9quipe, coordonner vos actions et animer des r\u00e9seaux d\u2019acteurs dans un souci de respect, d\u2019\u00e9coute et de r\u00e9ussite collective.<\/p>\n<p>Temps de travail : 35h00 hebdomadaire<br \/>\nPoste \u00e0 pourvoir le 15\/12\/2022<br \/>\nDate limite de candidature 15\/10\/2022<\/p>\n<p>Recrutement sur le cadre d\u2019emploi des Attach\u00e9s territoriaux, \u00e0 d\u00e9faut par voie contractuelle.<\/p>\n<p>Poste \u00e0 temps complet bas\u00e9 \u00e0 l\u2019H\u00f4tel de la Collectivit\u00e9 europ\u00e9enne d\u2019Alsace \u00e0 COLMAR ou STRASBOURG.<\/p>\n<p>COLLECTIVITE EUROPEENNE D\u2019ALSACE<br \/>\nH\u00f4tel de la CeA \u2013 Place du Quartier Blanc \u2013 67964 Strasbourg cedex 9<br \/>\n67964 Strasbourg<\/p>\n<p><a class=\"maxbutton-1 maxbutton maxbutton-inscription\" href=\"https:\/\/www.alsace.eu\/offres-d-emploi-et-stages\/details-l-offre-d-emploi-ou-stage\/id\/dd92d825-92c8-4b88-8a85-9fc3c26aa241\/title\/Une%20ou%20un%20Responsable%20de%20p%C3%B4le%20diffusion%20et%20cr%C3%A9ation%20et%20pratiques%20artistiques%20F-H%20(Poste%20n%C2%B068-1330)\"><span class=\"mb-text\">POSTULEZ<\/span><\/a><\/p>\n<p>L\u2019article <a href=\"https:\/\/popburo.fr\/la-collectivite-europeenne-dalsace-recrute-un-responsable-de-pole-diffusion-et-creation-et-pratiques-artistiques-f-h-2\/\">LA COLLECTIVIT\u00c9 EUROP\u00c9ENNE D\u2019ALSACE recrute un responsable de p\u00f4le diffusion et cr\u00e9ation et pratiques artistiques [F\/H]<\/a> est apparu en premier sur <a href=\"https:\/\/popburo.fr\/\">POP B\u00dcRO<\/a>.<\/p>\n","protected":false},"excerpt":{"rendered":"<p>La Direction de la Culture et du Patrimoine a pour objectif de g\u00e9n\u00e9raliser l\u2019\u00e9gal acc\u00e8s \u00e0 l\u2019\u00e9ducation artistique et culturelle, et au patrimoine alsacien, dans une d\u00e9marche inclusive. Le service a pour mission de soutenir et coordonner l\u2019action culturelle men\u00e9e par les op\u00e9rateurs financ\u00e9s par la Collectivit\u00e9, mais aussi par la Collectivit\u00e9 europ\u00e9enne d\u2019Alsace elle-m\u00eame. Le service favorise le d\u00e9veloppement d\u2019une r\u00e9elle ing\u00e9nierie de projets culturels, encourageant notamment l\u2019interdisciplinarit\u00e9, la mise en r\u00e9seau\u2026. Le service veille \u00e0 ce que tout [&hellip;]<\/p>\n","protected":false},"author":0,"featured_media":0,"comment_status":"closed","ping_status":"open","sticky":false,"template":"","format":"standard","meta":{"footnotes":""},"categories":[1],"tags":[],"class_list":["post-3644","post","type-post","status-publish","format-standard","hentry","category-non-classe"],"yoast_head":"<!-- This site is optimized with the Yoast SEO plugin v27.5 - https:\/\/yoast.com\/product\/yoast-seo-wordpress\/ -->\n<title>LA COLLECTIVIT\u00c9 EUROP\u00c9ENNE D\u2019ALSACE recrute un responsable de p\u00f4le diffusion et cr\u00e9ation et pratiques artistiques [F\/H] - HIERO STRASBOURG<\/title>\n<meta name=\"robots\" content=\"index, follow, max-snippet:-1, max-image-preview:large, max-video-preview:-1\" \/>\n<link rel=\"canonical\" href=\"https:\/\/hierostrasbourg.com\/index.php\/2022\/09\/18\/la-collectivite-europeenne-dalsace-recrute-un-responsable-de-pole-diffusion-et-creation-et-pratiques-artistiques-f-h-2\/\" \/>\n<meta property=\"og:locale\" content=\"fr_FR\" \/>\n<meta property=\"og:type\" content=\"article\" \/>\n<meta property=\"og:title\" content=\"LA COLLECTIVIT\u00c9 EUROP\u00c9ENNE D\u2019ALSACE recrute un responsable de p\u00f4le diffusion et cr\u00e9ation et pratiques artistiques [F\/H] - HIERO STRASBOURG\" \/>\n<meta property=\"og:description\" content=\"La Direction de la Culture et du Patrimoine a pour objectif de g\u00e9n\u00e9raliser l\u2019\u00e9gal acc\u00e8s \u00e0 l\u2019\u00e9ducation artistique et culturelle, et au patrimoine alsacien, dans une d\u00e9marche inclusive. Le service a pour mission de soutenir et coordonner l\u2019action culturelle men\u00e9e par les op\u00e9rateurs financ\u00e9s par la Collectivit\u00e9, mais aussi par la Collectivit\u00e9 europ\u00e9enne d\u2019Alsace elle-m\u00eame. Le service favorise le d\u00e9veloppement d\u2019une r\u00e9elle ing\u00e9nierie de projets culturels, encourageant notamment l\u2019interdisciplinarit\u00e9, la mise en r\u00e9seau\u2026. Le service veille \u00e0 ce que tout [&hellip;]\" \/>\n<meta property=\"og:url\" content=\"https:\/\/hierostrasbourg.com\/index.php\/2022\/09\/18\/la-collectivite-europeenne-dalsace-recrute-un-responsable-de-pole-diffusion-et-creation-et-pratiques-artistiques-f-h-2\/\" \/>\n<meta property=\"og:site_name\" content=\"HIERO STRASBOURG\" \/>\n<meta property=\"article:publisher\" content=\"https:\/\/www.facebook.com\/fedehierostrasbourg\" \/>\n<meta property=\"article:published_time\" content=\"2022-09-18T16:32:13+00:00\" \/>\n<meta name=\"twitter:card\" content=\"summary_large_image\" \/>\n<meta name=\"twitter:creator\" content=\"@hierostrasbourg\" \/>\n<meta name=\"twitter:site\" content=\"@hierostrasbourg\" \/>\n<meta name=\"twitter:label1\" content=\"Dur\u00e9e de lecture estim\u00e9e\" \/>\n\t<meta name=\"twitter:data1\" content=\"3 minutes\" \/>\n<script type=\"application\/ld+json\" class=\"yoast-schema-graph\">{\"@context\":\"https:\\\/\\\/schema.org\",\"@graph\":[{\"@type\":\"Article\",\"@id\":\"https:\\\/\\\/hierostrasbourg.com\\\/index.php\\\/2022\\\/09\\\/18\\\/la-collectivite-europeenne-dalsace-recrute-un-responsable-de-pole-diffusion-et-creation-et-pratiques-artistiques-f-h-2\\\/#article\",\"isPartOf\":{\"@id\":\"https:\\\/\\\/hierostrasbourg.com\\\/index.php\\\/2022\\\/09\\\/18\\\/la-collectivite-europeenne-dalsace-recrute-un-responsable-de-pole-diffusion-et-creation-et-pratiques-artistiques-f-h-2\\\/\"},\"author\":{\"name\":\"\",\"@id\":\"\"},\"headline\":\"LA COLLECTIVIT\u00c9 EUROP\u00c9ENNE D\u2019ALSACE recrute un responsable de p\u00f4le diffusion et cr\u00e9ation et pratiques artistiques [F\\\/H]\",\"datePublished\":\"2022-09-18T16:32:13+00:00\",\"mainEntityOfPage\":{\"@id\":\"https:\\\/\\\/hierostrasbourg.com\\\/index.php\\\/2022\\\/09\\\/18\\\/la-collectivite-europeenne-dalsace-recrute-un-responsable-de-pole-diffusion-et-creation-et-pratiques-artistiques-f-h-2\\\/\"},\"wordCount\":656,\"publisher\":{\"@id\":\"https:\\\/\\\/hierostrasbourg.com\\\/#organization\"},\"inLanguage\":\"fr-FR\"},{\"@type\":\"WebPage\",\"@id\":\"https:\\\/\\\/hierostrasbourg.com\\\/index.php\\\/2022\\\/09\\\/18\\\/la-collectivite-europeenne-dalsace-recrute-un-responsable-de-pole-diffusion-et-creation-et-pratiques-artistiques-f-h-2\\\/\",\"url\":\"https:\\\/\\\/hierostrasbourg.com\\\/index.php\\\/2022\\\/09\\\/18\\\/la-collectivite-europeenne-dalsace-recrute-un-responsable-de-pole-diffusion-et-creation-et-pratiques-artistiques-f-h-2\\\/\",\"name\":\"LA COLLECTIVIT\u00c9 EUROP\u00c9ENNE D\u2019ALSACE recrute un responsable de p\u00f4le diffusion et cr\u00e9ation et pratiques artistiques [F\\\/H] - HIERO STRASBOURG\",\"isPartOf\":{\"@id\":\"https:\\\/\\\/hierostrasbourg.com\\\/#website\"},\"datePublished\":\"2022-09-18T16:32:13+00:00\",\"breadcrumb\":{\"@id\":\"https:\\\/\\\/hierostrasbourg.com\\\/index.php\\\/2022\\\/09\\\/18\\\/la-collectivite-europeenne-dalsace-recrute-un-responsable-de-pole-diffusion-et-creation-et-pratiques-artistiques-f-h-2\\\/#breadcrumb\"},\"inLanguage\":\"fr-FR\",\"potentialAction\":[{\"@type\":\"ReadAction\",\"target\":[\"https:\\\/\\\/hierostrasbourg.com\\\/index.php\\\/2022\\\/09\\\/18\\\/la-collectivite-europeenne-dalsace-recrute-un-responsable-de-pole-diffusion-et-creation-et-pratiques-artistiques-f-h-2\\\/\"]}]},{\"@type\":\"BreadcrumbList\",\"@id\":\"https:\\\/\\\/hierostrasbourg.com\\\/index.php\\\/2022\\\/09\\\/18\\\/la-collectivite-europeenne-dalsace-recrute-un-responsable-de-pole-diffusion-et-creation-et-pratiques-artistiques-f-h-2\\\/#breadcrumb\",\"itemListElement\":[{\"@type\":\"ListItem\",\"position\":1,\"name\":\"Accueil\",\"item\":\"https:\\\/\\\/hierostrasbourg.com\\\/\"},{\"@type\":\"ListItem\",\"position\":2,\"name\":\"LA COLLECTIVIT\u00c9 EUROP\u00c9ENNE D\u2019ALSACE recrute un responsable de p\u00f4le diffusion et cr\u00e9ation et pratiques artistiques [F\\\/H]\"}]},{\"@type\":\"WebSite\",\"@id\":\"https:\\\/\\\/hierostrasbourg.com\\\/#website\",\"url\":\"https:\\\/\\\/hierostrasbourg.com\\\/\",\"name\":\"HIERO STRASBOURG\",\"description\":\"Centre de Ressources Musiques Actuelles\",\"publisher\":{\"@id\":\"https:\\\/\\\/hierostrasbourg.com\\\/#organization\"},\"potentialAction\":[{\"@type\":\"SearchAction\",\"target\":{\"@type\":\"EntryPoint\",\"urlTemplate\":\"https:\\\/\\\/hierostrasbourg.com\\\/?s={search_term_string}\"},\"query-input\":{\"@type\":\"PropertyValueSpecification\",\"valueRequired\":true,\"valueName\":\"search_term_string\"}}],\"inLanguage\":\"fr-FR\"},{\"@type\":\"Organization\",\"@id\":\"https:\\\/\\\/hierostrasbourg.com\\\/#organization\",\"name\":\"F\u00e9d\u00e9ration Hi\u00e9ro Strasbourg\",\"url\":\"https:\\\/\\\/hierostrasbourg.com\\\/\",\"logo\":{\"@type\":\"ImageObject\",\"inLanguage\":\"fr-FR\",\"@id\":\"https:\\\/\\\/hierostrasbourg.com\\\/#\\\/schema\\\/logo\\\/image\\\/\",\"url\":\"https:\\\/\\\/hierostrasbourg.com\\\/wp-content\\\/uploads\\\/2026\\\/04\\\/logo-hiero-strasbourg.jpg\",\"contentUrl\":\"https:\\\/\\\/hierostrasbourg.com\\\/wp-content\\\/uploads\\\/2026\\\/04\\\/logo-hiero-strasbourg.jpg\",\"width\":204,\"height\":192,\"caption\":\"F\u00e9d\u00e9ration Hi\u00e9ro Strasbourg\"},\"image\":{\"@id\":\"https:\\\/\\\/hierostrasbourg.com\\\/#\\\/schema\\\/logo\\\/image\\\/\"},\"sameAs\":[\"https:\\\/\\\/www.facebook.com\\\/fedehierostrasbourg\",\"https:\\\/\\\/x.com\\\/hierostrasbourg\"]}]}<\/script>\n<!-- \/ Yoast SEO plugin. -->","yoast_head_json":{"title":"LA COLLECTIVIT\u00c9 EUROP\u00c9ENNE D\u2019ALSACE recrute un responsable de p\u00f4le diffusion et cr\u00e9ation et pratiques artistiques [F\/H] - HIERO STRASBOURG","robots":{"index":"index","follow":"follow","max-snippet":"max-snippet:-1","max-image-preview":"max-image-preview:large","max-video-preview":"max-video-preview:-1"},"canonical":"https:\/\/hierostrasbourg.com\/index.php\/2022\/09\/18\/la-collectivite-europeenne-dalsace-recrute-un-responsable-de-pole-diffusion-et-creation-et-pratiques-artistiques-f-h-2\/","og_locale":"fr_FR","og_type":"article","og_title":"LA COLLECTIVIT\u00c9 EUROP\u00c9ENNE D\u2019ALSACE recrute un responsable de p\u00f4le diffusion et cr\u00e9ation et pratiques artistiques [F\/H] - HIERO STRASBOURG","og_description":"La Direction de la Culture et du Patrimoine a pour objectif de g\u00e9n\u00e9raliser l\u2019\u00e9gal acc\u00e8s \u00e0 l\u2019\u00e9ducation artistique et culturelle, et au patrimoine alsacien, dans une d\u00e9marche inclusive. Le service a pour mission de soutenir et coordonner l\u2019action culturelle men\u00e9e par les op\u00e9rateurs financ\u00e9s par la Collectivit\u00e9, mais aussi par la Collectivit\u00e9 europ\u00e9enne d\u2019Alsace elle-m\u00eame. Le service favorise le d\u00e9veloppement d\u2019une r\u00e9elle ing\u00e9nierie de projets culturels, encourageant notamment l\u2019interdisciplinarit\u00e9, la mise en r\u00e9seau\u2026. Le service veille \u00e0 ce que tout [&hellip;]","og_url":"https:\/\/hierostrasbourg.com\/index.php\/2022\/09\/18\/la-collectivite-europeenne-dalsace-recrute-un-responsable-de-pole-diffusion-et-creation-et-pratiques-artistiques-f-h-2\/","og_site_name":"HIERO STRASBOURG","article_publisher":"https:\/\/www.facebook.com\/fedehierostrasbourg","article_published_time":"2022-09-18T16:32:13+00:00","twitter_card":"summary_large_image","twitter_creator":"@hierostrasbourg","twitter_site":"@hierostrasbourg","twitter_misc":{"Dur\u00e9e de lecture estim\u00e9e":"3 minutes"},"schema":{"@context":"https:\/\/schema.org","@graph":[{"@type":"Article","@id":"https:\/\/hierostrasbourg.com\/index.php\/2022\/09\/18\/la-collectivite-europeenne-dalsace-recrute-un-responsable-de-pole-diffusion-et-creation-et-pratiques-artistiques-f-h-2\/#article","isPartOf":{"@id":"https:\/\/hierostrasbourg.com\/index.php\/2022\/09\/18\/la-collectivite-europeenne-dalsace-recrute-un-responsable-de-pole-diffusion-et-creation-et-pratiques-artistiques-f-h-2\/"},"author":{"name":"","@id":""},"headline":"LA COLLECTIVIT\u00c9 EUROP\u00c9ENNE D\u2019ALSACE recrute un responsable de p\u00f4le diffusion et cr\u00e9ation et pratiques artistiques [F\/H]","datePublished":"2022-09-18T16:32:13+00:00","mainEntityOfPage":{"@id":"https:\/\/hierostrasbourg.com\/index.php\/2022\/09\/18\/la-collectivite-europeenne-dalsace-recrute-un-responsable-de-pole-diffusion-et-creation-et-pratiques-artistiques-f-h-2\/"},"wordCount":656,"publisher":{"@id":"https:\/\/hierostrasbourg.com\/#organization"},"inLanguage":"fr-FR"},{"@type":"WebPage","@id":"https:\/\/hierostrasbourg.com\/index.php\/2022\/09\/18\/la-collectivite-europeenne-dalsace-recrute-un-responsable-de-pole-diffusion-et-creation-et-pratiques-artistiques-f-h-2\/","url":"https:\/\/hierostrasbourg.com\/index.php\/2022\/09\/18\/la-collectivite-europeenne-dalsace-recrute-un-responsable-de-pole-diffusion-et-creation-et-pratiques-artistiques-f-h-2\/","name":"LA COLLECTIVIT\u00c9 EUROP\u00c9ENNE D\u2019ALSACE recrute un responsable de p\u00f4le diffusion et cr\u00e9ation et pratiques artistiques [F\/H] - HIERO STRASBOURG","isPartOf":{"@id":"https:\/\/hierostrasbourg.com\/#website"},"datePublished":"2022-09-18T16:32:13+00:00","breadcrumb":{"@id":"https:\/\/hierostrasbourg.com\/index.php\/2022\/09\/18\/la-collectivite-europeenne-dalsace-recrute-un-responsable-de-pole-diffusion-et-creation-et-pratiques-artistiques-f-h-2\/#breadcrumb"},"inLanguage":"fr-FR","potentialAction":[{"@type":"ReadAction","target":["https:\/\/hierostrasbourg.com\/index.php\/2022\/09\/18\/la-collectivite-europeenne-dalsace-recrute-un-responsable-de-pole-diffusion-et-creation-et-pratiques-artistiques-f-h-2\/"]}]},{"@type":"BreadcrumbList","@id":"https:\/\/hierostrasbourg.com\/index.php\/2022\/09\/18\/la-collectivite-europeenne-dalsace-recrute-un-responsable-de-pole-diffusion-et-creation-et-pratiques-artistiques-f-h-2\/#breadcrumb","itemListElement":[{"@type":"ListItem","position":1,"name":"Accueil","item":"https:\/\/hierostrasbourg.com\/"},{"@type":"ListItem","position":2,"name":"LA COLLECTIVIT\u00c9 EUROP\u00c9ENNE D\u2019ALSACE recrute un responsable de p\u00f4le diffusion et cr\u00e9ation et pratiques artistiques [F\/H]"}]},{"@type":"WebSite","@id":"https:\/\/hierostrasbourg.com\/#website","url":"https:\/\/hierostrasbourg.com\/","name":"HIERO STRASBOURG","description":"Centre de Ressources Musiques Actuelles","publisher":{"@id":"https:\/\/hierostrasbourg.com\/#organization"},"potentialAction":[{"@type":"SearchAction","target":{"@type":"EntryPoint","urlTemplate":"https:\/\/hierostrasbourg.com\/?s={search_term_string}"},"query-input":{"@type":"PropertyValueSpecification","valueRequired":true,"valueName":"search_term_string"}}],"inLanguage":"fr-FR"},{"@type":"Organization","@id":"https:\/\/hierostrasbourg.com\/#organization","name":"F\u00e9d\u00e9ration Hi\u00e9ro Strasbourg","url":"https:\/\/hierostrasbourg.com\/","logo":{"@type":"ImageObject","inLanguage":"fr-FR","@id":"https:\/\/hierostrasbourg.com\/#\/schema\/logo\/image\/","url":"https:\/\/hierostrasbourg.com\/wp-content\/uploads\/2026\/04\/logo-hiero-strasbourg.jpg","contentUrl":"https:\/\/hierostrasbourg.com\/wp-content\/uploads\/2026\/04\/logo-hiero-strasbourg.jpg","width":204,"height":192,"caption":"F\u00e9d\u00e9ration Hi\u00e9ro Strasbourg"},"image":{"@id":"https:\/\/hierostrasbourg.com\/#\/schema\/logo\/image\/"},"sameAs":["https:\/\/www.facebook.com\/fedehierostrasbourg","https:\/\/x.com\/hierostrasbourg"]}]}},"_links":{"self":[{"href":"https:\/\/hierostrasbourg.com\/index.php\/wp-json\/wp\/v2\/posts\/3644","targetHints":{"allow":["GET"]}}],"collection":[{"href":"https:\/\/hierostrasbourg.com\/index.php\/wp-json\/wp\/v2\/posts"}],"about":[{"href":"https:\/\/hierostrasbourg.com\/index.php\/wp-json\/wp\/v2\/types\/post"}],"replies":[{"embeddable":true,"href":"https:\/\/hierostrasbourg.com\/index.php\/wp-json\/wp\/v2\/comments?post=3644"}],"version-history":[{"count":0,"href":"https:\/\/hierostrasbourg.com\/index.php\/wp-json\/wp\/v2\/posts\/3644\/revisions"}],"wp:attachment":[{"href":"https:\/\/hierostrasbourg.com\/index.php\/wp-json\/wp\/v2\/media?parent=3644"}],"wp:term":[{"taxonomy":"category","embeddable":true,"href":"https:\/\/hierostrasbourg.com\/index.php\/wp-json\/wp\/v2\/categories?post=3644"},{"taxonomy":"post_tag","embeddable":true,"href":"https:\/\/hierostrasbourg.com\/index.php\/wp-json\/wp\/v2\/tags?post=3644"}],"curies":[{"name":"wp","href":"https:\/\/api.w.org\/{rel}","templated":true}]}}