{"id":3643,"date":"2022-09-18T18:32:12","date_gmt":"2022-09-18T16:32:12","guid":{"rendered":"https:\/\/hierostrasbourg.com\/index.php\/2022\/09\/18\/le-cinema-cosmos-recrute-un-charge-de-mediation-et-de-developpement-des-publics-referent-publics-scolaires-et-jeune-public-f-h\/"},"modified":"2022-09-18T18:32:12","modified_gmt":"2022-09-18T16:32:12","slug":"le-cinema-cosmos-recrute-un-charge-de-mediation-et-de-developpement-des-publics-referent-publics-scolaires-et-jeune-public-f-h","status":"publish","type":"post","link":"https:\/\/hierostrasbourg.com\/index.php\/2022\/09\/18\/le-cinema-cosmos-recrute-un-charge-de-mediation-et-de-developpement-des-publics-referent-publics-scolaires-et-jeune-public-f-h\/","title":{"rendered":"Le CIN\u00c9MA COSMOS recrute un charg\u00e9 de m\u00e9diation et de d\u00e9veloppement des publics \u2013 r\u00e9f\u00e9rent publics scolaires et jeune public [F\/H]"},"content":{"rendered":"<p>Le Cosmos, cin\u00e9ma municipal de Strasbourg (2 salles, 258 et 63 fauteuils) est exploit\u00e9 par l\u2019association Le Troisi\u00e8me Souffle dans le cadre d\u2019une d\u00e9l\u00e9gation de service public. Le cin\u00e9ma est class\u00e9 Art et Essai et b\u00e9n\u00e9ficie des labels Jeune Public, Recherche et D\u00e9couverte et Patrimoine et R\u00e9pertoire. Il est \u00e9galement membre du r\u00e9seau Europa Cinemas. En tant que d\u00e9l\u00e9gataire d\u2019une mission de service public, Le Cosmos a pour projet de mener une politique ambitieuse de d\u00e9veloppement des publics par des actions de m\u00e9diation, p\u00e9dagogie et transmission en et hors de ses murs. Les habitant\u00b7es, partenaires et salari\u00e9\u00b7es sont invit\u00e9\u00b7es \u00e0 prendre part aux choix strat\u00e9giques et \u00e9ditoriaux qui r\u00e9gissent le cin\u00e9ma par l\u2019interm\u00e9diaire de sa coop\u00e9rative. Des passerelles vers d\u2019autres structures culturelles, sociales, m\u00e9dico-sociales et associatives ainsi que vers d\u2019autres disciplines artistiques seront construites en r\u00e9sonance avec sa programmation. Le cin\u00e9ma est ferm\u00e9 depuis avril 2022 pour des travaux de r\u00e9novation et de mise aux normes engag\u00e9s par la Ville de Strasbourg et rouvrira d\u00e9but 2023.<\/p>\n<h2>Missions<\/h2>\n<p>Sous la responsabilit\u00e9 de la Secr\u00e9taire g\u00e9n\u00e9rale et au sein du P\u00f4le Relations publiques \u2013 Action culturelle, le\u00b7la charg\u00e9\u00b7e de m\u00e9diation et de d\u00e9veloppement des publics \u2013 r\u00e9f\u00e9rent\u00b7e publics scolaires et jeune public, met en \u0153uvre les strat\u00e9gies de programmation, de communication, d\u2019animation et de partenariats afin d\u2019\u00e9largir, de renouveler et de fid\u00e9liser, de mani\u00e8re progressive et p\u00e9renne, la fr\u00e9quentation des publics cibles du cin\u00e9ma Cosmos.<\/p>\n<h3>Publics scolaires<\/h3>\n<p>Concevoir et mettre en place des parcours d\u2019\u00e9ducation \u00e0 l\u2019image : animations de s\u00e9ance et ateliers pour des films programm\u00e9s hors dispositifs scolaires ou \u00e0 la demande<br \/>\nConcevoir des ateliers pour accompagner les films programm\u00e9s dans le cadre des dispositifs nationaux d\u2019\u00e9ducation \u00e0 l\u2019image<br \/>\nConcevoir et diffuser une communication d\u00e9di\u00e9e aux enseignant\u00b7es pour faire conna\u00eetre le cin\u00e9ma et son offre d\u2019accueil des scolaires en et hors dispositif<br \/>\nAssurer la gestion des r\u00e9servations des s\u00e9ances scolaires en et hors dispositif<br \/>\nAccueillir les groupes scolaires et pr\u00e9senter les s\u00e9ances<br \/>\nConna\u00eetre et d\u00e9velopper des relations avec les acteur\u00b7rices locaux et locales de l\u2019\u00e9ducation \u00e0 l\u2019image :\u202fle RECIT, le Rectorat, la D\u00e9l\u00e9gation Acad\u00e9mique \u00e0 l\u2019Action Culturelle, la DRAC\u2026<br \/>\nD\u00e9velopper des relations p\u00e9rennes avec les enseignant\u00b7es en organisant des temps de rencontres (\u00e9changes, portes ouvertes, venues en classe, etc.) pour leur faire d\u00e9couvrir le cin\u00e9ma, ses \u00e9quipes et son projet<\/p>\n<h3>Jeune public<\/h3>\n<p>\u00c9laborer une offre jeune public gr\u00e2ce \u00e0 une veille en programmation et de d\u00e9veloppement de relations avec les distributeur\u00b7rices sp\u00e9cialis\u00e9\u00b7es (GEBEKA, les Films du Pr\u00e9au, KMBO\u2026)<br \/>\nConcevoir des propositions d\u2019animations\u202f: s\u00e9ances sp\u00e9ciales, ateliers, rencontres, d\u00e9bats, concours\u2026 pour accompagner les s\u00e9ances jeune public (tout petits, jeune public, 15-25)<br \/>\nAssurer la veille des divers appels \u00e0 projet et dispositifs de financement sp\u00e9cifiques au jeune public<br \/>\nConcevoir et diffuser la communication sp\u00e9cifique \u00e0 l\u2019offre jeune public (r\u00e9flexion sur les supports, rythmes, canaux de diffusion, relais\u2026)<br \/>\nAssurer la gestion des r\u00e9servations des s\u00e9ances jeune public \u00e0 la demande<br \/>\nD\u00e9velopper des partenariats avec les centres socioculturels, les accueils de loisirs et les structures d\u00e9di\u00e9es \u00e0 la jeunesse (\u00e9coles de musique, clubs de sports\u2026.)<br \/>\nCr\u00e9er des passerelles avec les structures culturelles d\u00e9veloppant des programmes \u00e0 destination du jeune public (TJP-CDN de Strasbourg, Festival Musica\u2026)<br \/>\nCr\u00e9er et animer un programme d\u2019ambassadeur\u00b7rices, relais du cin\u00e9ma aupr\u00e8s de leurs pairs, en et hors milieu scolaire<br \/>\nCr\u00e9er et animer des cin\u00e9-clubs jeune public (en et hors temps scolaire)<br \/>\nParticiper aux festivals et rencontres professionnelles d\u00e9di\u00e9s au jeune public (Rencontres Jeune public de l\u2019AFCAE, Rencontres professionnelles Cin\u00e9mas 93\u2026)<\/p>\n<h2>Profil recherch\u00e9<\/h2>\n<h3>Profil souhait\u00e9<\/h3>\n<p>Connaissance de la culture cin\u00e9matographique<br \/>\nConnaissance des dispositifs nationaux d\u2019\u00e9ducation \u00e0 l\u2019image en temps scolaire et hors temps scolaire<br \/>\nConnaissance du milieu et des programmes scolaires<br \/>\nConnaissance des r\u00e9seaux et partenaires de l\u2019\u00e9ducation \u00e0 l\u2019image<br \/>\nCapacit\u00e9 \u00e0 pr\u00e9senter, animer une s\u00e9ance, un d\u00e9bat ou une rencontre<br \/>\n\u00a0Capacit\u00e9 d\u2019encadrement (stagiaire, volontaire, b\u00e9n\u00e9voles\u2026)<\/p>\n<h3>Qualit\u00e9s requises<\/h3>\n<p>Qualit\u00e9s relationnelles (go\u00fbt du travail en \u00e9quipe, aisance \u00e0 l\u2019oral\u2026)<br \/>\nRigueur dans l\u2019organisation, initiative et r\u00e9activit\u00e9<br \/>\nEsprit d\u2019analyse et de synth\u00e8se<\/p>\n<h2>Conditions<\/h2>\n<p>Travail possible le soir et le week-end<\/p>\n<p>Date de prise de fonction : 1er d\u00e9cembre 2022<br \/>\nDate limite de candidature : 14 octobre 2022<br \/>\nR\u00e9mun\u00e9ration selon le profil du\u00b7de la candidat\u00b7e et le bar\u00e8me des salaires minima de la convention collective de l\u2019exploitation cin\u00e9matographique<\/p>\n<p>Cin\u00e9ma Cosmos, 3, rue des Francs-Bourgeois, 67000 Strasbourg<\/p>\n<p>Veuillez adresser votre candidature, lettre de motivation et CV, jusqu\u2019au 14 octobre 2022 inclus \u00e0 l\u2019attention de Mme C\u00e9cile Becker, Secr\u00e9taire g\u00e9n\u00e9rale du Cosmos<br \/>\nCDI \u00e0 temps plein \u2013 35 heures par semaine, statut non cadre<\/p>\n<p>L\u2019article <a href=\"https:\/\/popburo.fr\/le-cinema-cosmos-recrute-un-charge-de-mediation-et-de-developpement-des-publics-referent-publics-scolaires-et-jeune-public-f-h\/\">Le CIN\u00c9MA COSMOS recrute un charg\u00e9 de m\u00e9diation et de d\u00e9veloppement des publics \u2013 r\u00e9f\u00e9rent publics scolaires et jeune public [F\/H]<\/a> est apparu en premier sur <a href=\"https:\/\/popburo.fr\/\">POP B\u00dcRO<\/a>.<\/p>\n","protected":false},"excerpt":{"rendered":"<p>Le Cosmos, cin\u00e9ma municipal de Strasbourg (2 salles, 258 et 63 fauteuils) est exploit\u00e9 par l\u2019association Le Troisi\u00e8me Souffle dans le cadre d\u2019une d\u00e9l\u00e9gation de service public. Le cin\u00e9ma est class\u00e9 Art et Essai et b\u00e9n\u00e9ficie des labels Jeune Public, Recherche et D\u00e9couverte et Patrimoine et R\u00e9pertoire. Il est \u00e9galement membre du r\u00e9seau Europa Cinemas. En tant que d\u00e9l\u00e9gataire d\u2019une mission de service public, Le Cosmos a pour projet de mener une politique ambitieuse de d\u00e9veloppement des publics par des [&hellip;]<\/p>\n","protected":false},"author":0,"featured_media":0,"comment_status":"closed","ping_status":"open","sticky":false,"template":"","format":"standard","meta":{"footnotes":""},"categories":[1],"tags":[],"class_list":["post-3643","post","type-post","status-publish","format-standard","hentry","category-non-classe"],"yoast_head":"<!-- This site is optimized with the Yoast SEO plugin v27.5 - https:\/\/yoast.com\/product\/yoast-seo-wordpress\/ -->\n<title>Le CIN\u00c9MA COSMOS recrute un charg\u00e9 de m\u00e9diation et de d\u00e9veloppement des publics \u2013 r\u00e9f\u00e9rent publics scolaires et jeune public [F\/H] - HIERO STRASBOURG<\/title>\n<meta name=\"robots\" content=\"index, follow, max-snippet:-1, max-image-preview:large, max-video-preview:-1\" \/>\n<link rel=\"canonical\" href=\"https:\/\/hierostrasbourg.com\/index.php\/2022\/09\/18\/le-cinema-cosmos-recrute-un-charge-de-mediation-et-de-developpement-des-publics-referent-publics-scolaires-et-jeune-public-f-h\/\" \/>\n<meta property=\"og:locale\" content=\"fr_FR\" \/>\n<meta property=\"og:type\" content=\"article\" \/>\n<meta property=\"og:title\" content=\"Le CIN\u00c9MA COSMOS recrute un charg\u00e9 de m\u00e9diation et de d\u00e9veloppement des publics \u2013 r\u00e9f\u00e9rent publics scolaires et jeune public [F\/H] - HIERO STRASBOURG\" \/>\n<meta property=\"og:description\" content=\"Le Cosmos, cin\u00e9ma municipal de Strasbourg (2 salles, 258 et 63 fauteuils) est exploit\u00e9 par l\u2019association Le Troisi\u00e8me Souffle dans le cadre d\u2019une d\u00e9l\u00e9gation de service public. Le cin\u00e9ma est class\u00e9 Art et Essai et b\u00e9n\u00e9ficie des labels Jeune Public, Recherche et D\u00e9couverte et Patrimoine et R\u00e9pertoire. Il est \u00e9galement membre du r\u00e9seau Europa Cinemas. En tant que d\u00e9l\u00e9gataire d\u2019une mission de service public, Le Cosmos a pour projet de mener une politique ambitieuse de d\u00e9veloppement des publics par des [&hellip;]\" \/>\n<meta property=\"og:url\" content=\"https:\/\/hierostrasbourg.com\/index.php\/2022\/09\/18\/le-cinema-cosmos-recrute-un-charge-de-mediation-et-de-developpement-des-publics-referent-publics-scolaires-et-jeune-public-f-h\/\" \/>\n<meta property=\"og:site_name\" content=\"HIERO STRASBOURG\" \/>\n<meta property=\"article:publisher\" content=\"https:\/\/www.facebook.com\/fedehierostrasbourg\" \/>\n<meta property=\"article:published_time\" content=\"2022-09-18T16:32:12+00:00\" \/>\n<meta name=\"twitter:card\" content=\"summary_large_image\" \/>\n<meta name=\"twitter:creator\" content=\"@hierostrasbourg\" \/>\n<meta name=\"twitter:site\" content=\"@hierostrasbourg\" \/>\n<meta name=\"twitter:label1\" content=\"Dur\u00e9e de lecture estim\u00e9e\" \/>\n\t<meta name=\"twitter:data1\" content=\"4 minutes\" \/>\n<script type=\"application\/ld+json\" class=\"yoast-schema-graph\">{\"@context\":\"https:\\\/\\\/schema.org\",\"@graph\":[{\"@type\":\"Article\",\"@id\":\"https:\\\/\\\/hierostrasbourg.com\\\/index.php\\\/2022\\\/09\\\/18\\\/le-cinema-cosmos-recrute-un-charge-de-mediation-et-de-developpement-des-publics-referent-publics-scolaires-et-jeune-public-f-h\\\/#article\",\"isPartOf\":{\"@id\":\"https:\\\/\\\/hierostrasbourg.com\\\/index.php\\\/2022\\\/09\\\/18\\\/le-cinema-cosmos-recrute-un-charge-de-mediation-et-de-developpement-des-publics-referent-publics-scolaires-et-jeune-public-f-h\\\/\"},\"author\":{\"name\":\"\",\"@id\":\"\"},\"headline\":\"Le CIN\u00c9MA COSMOS recrute un charg\u00e9 de m\u00e9diation et de d\u00e9veloppement des publics \u2013 r\u00e9f\u00e9rent publics scolaires et jeune public [F\\\/H]\",\"datePublished\":\"2022-09-18T16:32:12+00:00\",\"mainEntityOfPage\":{\"@id\":\"https:\\\/\\\/hierostrasbourg.com\\\/index.php\\\/2022\\\/09\\\/18\\\/le-cinema-cosmos-recrute-un-charge-de-mediation-et-de-developpement-des-publics-referent-publics-scolaires-et-jeune-public-f-h\\\/\"},\"wordCount\":913,\"publisher\":{\"@id\":\"https:\\\/\\\/hierostrasbourg.com\\\/#organization\"},\"inLanguage\":\"fr-FR\"},{\"@type\":\"WebPage\",\"@id\":\"https:\\\/\\\/hierostrasbourg.com\\\/index.php\\\/2022\\\/09\\\/18\\\/le-cinema-cosmos-recrute-un-charge-de-mediation-et-de-developpement-des-publics-referent-publics-scolaires-et-jeune-public-f-h\\\/\",\"url\":\"https:\\\/\\\/hierostrasbourg.com\\\/index.php\\\/2022\\\/09\\\/18\\\/le-cinema-cosmos-recrute-un-charge-de-mediation-et-de-developpement-des-publics-referent-publics-scolaires-et-jeune-public-f-h\\\/\",\"name\":\"Le CIN\u00c9MA COSMOS recrute un charg\u00e9 de m\u00e9diation et de d\u00e9veloppement des publics \u2013 r\u00e9f\u00e9rent publics scolaires et jeune public [F\\\/H] - HIERO STRASBOURG\",\"isPartOf\":{\"@id\":\"https:\\\/\\\/hierostrasbourg.com\\\/#website\"},\"datePublished\":\"2022-09-18T16:32:12+00:00\",\"breadcrumb\":{\"@id\":\"https:\\\/\\\/hierostrasbourg.com\\\/index.php\\\/2022\\\/09\\\/18\\\/le-cinema-cosmos-recrute-un-charge-de-mediation-et-de-developpement-des-publics-referent-publics-scolaires-et-jeune-public-f-h\\\/#breadcrumb\"},\"inLanguage\":\"fr-FR\",\"potentialAction\":[{\"@type\":\"ReadAction\",\"target\":[\"https:\\\/\\\/hierostrasbourg.com\\\/index.php\\\/2022\\\/09\\\/18\\\/le-cinema-cosmos-recrute-un-charge-de-mediation-et-de-developpement-des-publics-referent-publics-scolaires-et-jeune-public-f-h\\\/\"]}]},{\"@type\":\"BreadcrumbList\",\"@id\":\"https:\\\/\\\/hierostrasbourg.com\\\/index.php\\\/2022\\\/09\\\/18\\\/le-cinema-cosmos-recrute-un-charge-de-mediation-et-de-developpement-des-publics-referent-publics-scolaires-et-jeune-public-f-h\\\/#breadcrumb\",\"itemListElement\":[{\"@type\":\"ListItem\",\"position\":1,\"name\":\"Accueil\",\"item\":\"https:\\\/\\\/hierostrasbourg.com\\\/\"},{\"@type\":\"ListItem\",\"position\":2,\"name\":\"Le CIN\u00c9MA COSMOS recrute un charg\u00e9 de m\u00e9diation et de d\u00e9veloppement des publics \u2013 r\u00e9f\u00e9rent publics scolaires et jeune public [F\\\/H]\"}]},{\"@type\":\"WebSite\",\"@id\":\"https:\\\/\\\/hierostrasbourg.com\\\/#website\",\"url\":\"https:\\\/\\\/hierostrasbourg.com\\\/\",\"name\":\"HIERO STRASBOURG\",\"description\":\"Centre de Ressources Musiques Actuelles\",\"publisher\":{\"@id\":\"https:\\\/\\\/hierostrasbourg.com\\\/#organization\"},\"potentialAction\":[{\"@type\":\"SearchAction\",\"target\":{\"@type\":\"EntryPoint\",\"urlTemplate\":\"https:\\\/\\\/hierostrasbourg.com\\\/?s={search_term_string}\"},\"query-input\":{\"@type\":\"PropertyValueSpecification\",\"valueRequired\":true,\"valueName\":\"search_term_string\"}}],\"inLanguage\":\"fr-FR\"},{\"@type\":\"Organization\",\"@id\":\"https:\\\/\\\/hierostrasbourg.com\\\/#organization\",\"name\":\"F\u00e9d\u00e9ration Hi\u00e9ro Strasbourg\",\"url\":\"https:\\\/\\\/hierostrasbourg.com\\\/\",\"logo\":{\"@type\":\"ImageObject\",\"inLanguage\":\"fr-FR\",\"@id\":\"https:\\\/\\\/hierostrasbourg.com\\\/#\\\/schema\\\/logo\\\/image\\\/\",\"url\":\"https:\\\/\\\/hierostrasbourg.com\\\/wp-content\\\/uploads\\\/2026\\\/04\\\/logo-hiero-strasbourg.jpg\",\"contentUrl\":\"https:\\\/\\\/hierostrasbourg.com\\\/wp-content\\\/uploads\\\/2026\\\/04\\\/logo-hiero-strasbourg.jpg\",\"width\":204,\"height\":192,\"caption\":\"F\u00e9d\u00e9ration Hi\u00e9ro Strasbourg\"},\"image\":{\"@id\":\"https:\\\/\\\/hierostrasbourg.com\\\/#\\\/schema\\\/logo\\\/image\\\/\"},\"sameAs\":[\"https:\\\/\\\/www.facebook.com\\\/fedehierostrasbourg\",\"https:\\\/\\\/x.com\\\/hierostrasbourg\"]}]}<\/script>\n<!-- \/ Yoast SEO plugin. -->","yoast_head_json":{"title":"Le CIN\u00c9MA COSMOS recrute un charg\u00e9 de m\u00e9diation et de d\u00e9veloppement des publics \u2013 r\u00e9f\u00e9rent publics scolaires et jeune public [F\/H] - HIERO STRASBOURG","robots":{"index":"index","follow":"follow","max-snippet":"max-snippet:-1","max-image-preview":"max-image-preview:large","max-video-preview":"max-video-preview:-1"},"canonical":"https:\/\/hierostrasbourg.com\/index.php\/2022\/09\/18\/le-cinema-cosmos-recrute-un-charge-de-mediation-et-de-developpement-des-publics-referent-publics-scolaires-et-jeune-public-f-h\/","og_locale":"fr_FR","og_type":"article","og_title":"Le CIN\u00c9MA COSMOS recrute un charg\u00e9 de m\u00e9diation et de d\u00e9veloppement des publics \u2013 r\u00e9f\u00e9rent publics scolaires et jeune public [F\/H] - HIERO STRASBOURG","og_description":"Le Cosmos, cin\u00e9ma municipal de Strasbourg (2 salles, 258 et 63 fauteuils) est exploit\u00e9 par l\u2019association Le Troisi\u00e8me Souffle dans le cadre d\u2019une d\u00e9l\u00e9gation de service public. Le cin\u00e9ma est class\u00e9 Art et Essai et b\u00e9n\u00e9ficie des labels Jeune Public, Recherche et D\u00e9couverte et Patrimoine et R\u00e9pertoire. Il est \u00e9galement membre du r\u00e9seau Europa Cinemas. En tant que d\u00e9l\u00e9gataire d\u2019une mission de service public, Le Cosmos a pour projet de mener une politique ambitieuse de d\u00e9veloppement des publics par des [&hellip;]","og_url":"https:\/\/hierostrasbourg.com\/index.php\/2022\/09\/18\/le-cinema-cosmos-recrute-un-charge-de-mediation-et-de-developpement-des-publics-referent-publics-scolaires-et-jeune-public-f-h\/","og_site_name":"HIERO STRASBOURG","article_publisher":"https:\/\/www.facebook.com\/fedehierostrasbourg","article_published_time":"2022-09-18T16:32:12+00:00","twitter_card":"summary_large_image","twitter_creator":"@hierostrasbourg","twitter_site":"@hierostrasbourg","twitter_misc":{"Dur\u00e9e de lecture estim\u00e9e":"4 minutes"},"schema":{"@context":"https:\/\/schema.org","@graph":[{"@type":"Article","@id":"https:\/\/hierostrasbourg.com\/index.php\/2022\/09\/18\/le-cinema-cosmos-recrute-un-charge-de-mediation-et-de-developpement-des-publics-referent-publics-scolaires-et-jeune-public-f-h\/#article","isPartOf":{"@id":"https:\/\/hierostrasbourg.com\/index.php\/2022\/09\/18\/le-cinema-cosmos-recrute-un-charge-de-mediation-et-de-developpement-des-publics-referent-publics-scolaires-et-jeune-public-f-h\/"},"author":{"name":"","@id":""},"headline":"Le CIN\u00c9MA COSMOS recrute un charg\u00e9 de m\u00e9diation et de d\u00e9veloppement des publics \u2013 r\u00e9f\u00e9rent publics scolaires et jeune public [F\/H]","datePublished":"2022-09-18T16:32:12+00:00","mainEntityOfPage":{"@id":"https:\/\/hierostrasbourg.com\/index.php\/2022\/09\/18\/le-cinema-cosmos-recrute-un-charge-de-mediation-et-de-developpement-des-publics-referent-publics-scolaires-et-jeune-public-f-h\/"},"wordCount":913,"publisher":{"@id":"https:\/\/hierostrasbourg.com\/#organization"},"inLanguage":"fr-FR"},{"@type":"WebPage","@id":"https:\/\/hierostrasbourg.com\/index.php\/2022\/09\/18\/le-cinema-cosmos-recrute-un-charge-de-mediation-et-de-developpement-des-publics-referent-publics-scolaires-et-jeune-public-f-h\/","url":"https:\/\/hierostrasbourg.com\/index.php\/2022\/09\/18\/le-cinema-cosmos-recrute-un-charge-de-mediation-et-de-developpement-des-publics-referent-publics-scolaires-et-jeune-public-f-h\/","name":"Le CIN\u00c9MA COSMOS recrute un charg\u00e9 de m\u00e9diation et de d\u00e9veloppement des publics \u2013 r\u00e9f\u00e9rent publics scolaires et jeune public [F\/H] - HIERO STRASBOURG","isPartOf":{"@id":"https:\/\/hierostrasbourg.com\/#website"},"datePublished":"2022-09-18T16:32:12+00:00","breadcrumb":{"@id":"https:\/\/hierostrasbourg.com\/index.php\/2022\/09\/18\/le-cinema-cosmos-recrute-un-charge-de-mediation-et-de-developpement-des-publics-referent-publics-scolaires-et-jeune-public-f-h\/#breadcrumb"},"inLanguage":"fr-FR","potentialAction":[{"@type":"ReadAction","target":["https:\/\/hierostrasbourg.com\/index.php\/2022\/09\/18\/le-cinema-cosmos-recrute-un-charge-de-mediation-et-de-developpement-des-publics-referent-publics-scolaires-et-jeune-public-f-h\/"]}]},{"@type":"BreadcrumbList","@id":"https:\/\/hierostrasbourg.com\/index.php\/2022\/09\/18\/le-cinema-cosmos-recrute-un-charge-de-mediation-et-de-developpement-des-publics-referent-publics-scolaires-et-jeune-public-f-h\/#breadcrumb","itemListElement":[{"@type":"ListItem","position":1,"name":"Accueil","item":"https:\/\/hierostrasbourg.com\/"},{"@type":"ListItem","position":2,"name":"Le CIN\u00c9MA COSMOS recrute un charg\u00e9 de m\u00e9diation et de d\u00e9veloppement des publics \u2013 r\u00e9f\u00e9rent publics scolaires et jeune public [F\/H]"}]},{"@type":"WebSite","@id":"https:\/\/hierostrasbourg.com\/#website","url":"https:\/\/hierostrasbourg.com\/","name":"HIERO STRASBOURG","description":"Centre de Ressources Musiques Actuelles","publisher":{"@id":"https:\/\/hierostrasbourg.com\/#organization"},"potentialAction":[{"@type":"SearchAction","target":{"@type":"EntryPoint","urlTemplate":"https:\/\/hierostrasbourg.com\/?s={search_term_string}"},"query-input":{"@type":"PropertyValueSpecification","valueRequired":true,"valueName":"search_term_string"}}],"inLanguage":"fr-FR"},{"@type":"Organization","@id":"https:\/\/hierostrasbourg.com\/#organization","name":"F\u00e9d\u00e9ration Hi\u00e9ro Strasbourg","url":"https:\/\/hierostrasbourg.com\/","logo":{"@type":"ImageObject","inLanguage":"fr-FR","@id":"https:\/\/hierostrasbourg.com\/#\/schema\/logo\/image\/","url":"https:\/\/hierostrasbourg.com\/wp-content\/uploads\/2026\/04\/logo-hiero-strasbourg.jpg","contentUrl":"https:\/\/hierostrasbourg.com\/wp-content\/uploads\/2026\/04\/logo-hiero-strasbourg.jpg","width":204,"height":192,"caption":"F\u00e9d\u00e9ration Hi\u00e9ro Strasbourg"},"image":{"@id":"https:\/\/hierostrasbourg.com\/#\/schema\/logo\/image\/"},"sameAs":["https:\/\/www.facebook.com\/fedehierostrasbourg","https:\/\/x.com\/hierostrasbourg"]}]}},"_links":{"self":[{"href":"https:\/\/hierostrasbourg.com\/index.php\/wp-json\/wp\/v2\/posts\/3643","targetHints":{"allow":["GET"]}}],"collection":[{"href":"https:\/\/hierostrasbourg.com\/index.php\/wp-json\/wp\/v2\/posts"}],"about":[{"href":"https:\/\/hierostrasbourg.com\/index.php\/wp-json\/wp\/v2\/types\/post"}],"replies":[{"embeddable":true,"href":"https:\/\/hierostrasbourg.com\/index.php\/wp-json\/wp\/v2\/comments?post=3643"}],"version-history":[{"count":0,"href":"https:\/\/hierostrasbourg.com\/index.php\/wp-json\/wp\/v2\/posts\/3643\/revisions"}],"wp:attachment":[{"href":"https:\/\/hierostrasbourg.com\/index.php\/wp-json\/wp\/v2\/media?parent=3643"}],"wp:term":[{"taxonomy":"category","embeddable":true,"href":"https:\/\/hierostrasbourg.com\/index.php\/wp-json\/wp\/v2\/categories?post=3643"},{"taxonomy":"post_tag","embeddable":true,"href":"https:\/\/hierostrasbourg.com\/index.php\/wp-json\/wp\/v2\/tags?post=3643"}],"curies":[{"name":"wp","href":"https:\/\/api.w.org\/{rel}","templated":true}]}}