{"id":3636,"date":"2022-09-18T00:36:21","date_gmt":"2022-09-17T22:36:21","guid":{"rendered":"https:\/\/hierostrasbourg.com\/index.php\/2022\/09\/18\/demandes-de-subventions-2023-a-la-drac-grand-est-2\/"},"modified":"2022-09-18T00:36:21","modified_gmt":"2022-09-17T22:36:21","slug":"demandes-de-subventions-2023-a-la-drac-grand-est-2","status":"publish","type":"post","link":"https:\/\/hierostrasbourg.com\/index.php\/2022\/09\/18\/demandes-de-subventions-2023-a-la-drac-grand-est-2\/","title":{"rendered":"Demandes de subventions 2023 \u00e0 la DRAC Grand Est"},"content":{"rendered":"<p><a href=\"https:\/\/musiquesactuelles.alsace\/demandes-de-subventions-2023-a-la-drac-grand-est\/\" title=\"Demandes de subventions 2023 \u00e0 la DRAC Grand Est\"><\/a><\/p>\n<p>communiqu\u00e9 D\u00e9mat\u00e9rialisation des demandes de subventions pour 2023 \u00e0 la DRAC Grand Est : ouverture du d\u00e9p\u00f4t des demandes le 1er novembre 2022. Dans le cadre de la d\u00e9mat\u00e9rialisation des services aux usagers, harmonis\u00e9e \u00e0 l\u2019\u00e9chelle nationale,\u00a0le d\u00e9p\u00f4t des dossiers de demandes de subvention de fonctionnement ou d\u2019aide au projet \u00e0 la DRAC Grand Est sera d\u00e9sormais \u00e0 r\u00e9aliser\u00a0sur l\u2019application\u00a0d\u00e9marches simplifi\u00e9es\u00a0pour les demandes de subventions concernant l\u2019ann\u00e9e budg\u00e9taire 2023. La mise en place des formulaires d\u00e9mat\u00e9rialis\u00e9s sur d\u00e9marches simplifi\u00e9es sera\u00a0accessible [\u2026]<\/p>\n<p>L\u2019article <a href=\"https:\/\/musiquesactuelles.alsace\/demandes-de-subventions-2023-a-la-drac-grand-est\/\">Demandes de subventions 2023 \u00e0 la DRAC Grand Est<\/a> est apparu en premier sur <a href=\"https:\/\/musiquesactuelles.alsace\/\">Musiques Actuelles en Alsace<\/a>.<\/p>\n<p>L\u2019article <a href=\"https:\/\/popburo.fr\/demandes-de-subventions-2023-a-la-drac-grand-est-2\/\">Demandes de subventions 2023 \u00e0 la DRAC Grand Est<\/a> est apparu en premier sur <a href=\"https:\/\/popburo.fr\/\">POP B\u00dcRO<\/a>.<\/p>\n","protected":false},"excerpt":{"rendered":"<p>communiqu\u00e9 D\u00e9mat\u00e9rialisation des demandes de subventions pour 2023 \u00e0 la DRAC Grand Est : ouverture du d\u00e9p\u00f4t des demandes le 1er novembre 2022. Dans le cadre de la d\u00e9mat\u00e9rialisation des services aux usagers, harmonis\u00e9e \u00e0 l\u2019\u00e9chelle nationale,\u00a0le d\u00e9p\u00f4t des dossiers de demandes de subvention de fonctionnement ou d\u2019aide au projet \u00e0 la DRAC Grand Est sera d\u00e9sormais \u00e0 r\u00e9aliser\u00a0sur l\u2019application\u00a0d\u00e9marches simplifi\u00e9es\u00a0pour les demandes de subventions concernant l\u2019ann\u00e9e budg\u00e9taire 2023. La mise en place des formulaires d\u00e9mat\u00e9rialis\u00e9s sur d\u00e9marches simplifi\u00e9es sera\u00a0accessible [&hellip;]<\/p>\n","protected":false},"author":0,"featured_media":0,"comment_status":"closed","ping_status":"open","sticky":false,"template":"","format":"standard","meta":{"footnotes":""},"categories":[1],"tags":[],"class_list":["post-3636","post","type-post","status-publish","format-standard","hentry","category-non-classe"],"yoast_head":"<!-- This site is optimized with the Yoast SEO plugin v27.5 - https:\/\/yoast.com\/product\/yoast-seo-wordpress\/ -->\n<title>Demandes de subventions 2023 \u00e0 la DRAC Grand Est - HIERO STRASBOURG<\/title>\n<meta name=\"robots\" content=\"index, follow, max-snippet:-1, max-image-preview:large, max-video-preview:-1\" \/>\n<link rel=\"canonical\" href=\"https:\/\/hierostrasbourg.com\/index.php\/2022\/09\/18\/demandes-de-subventions-2023-a-la-drac-grand-est-2\/\" \/>\n<meta property=\"og:locale\" content=\"fr_FR\" \/>\n<meta property=\"og:type\" content=\"article\" \/>\n<meta property=\"og:title\" content=\"Demandes de subventions 2023 \u00e0 la DRAC Grand Est - HIERO STRASBOURG\" \/>\n<meta property=\"og:description\" content=\"communiqu\u00e9 D\u00e9mat\u00e9rialisation des demandes de subventions pour 2023 \u00e0 la DRAC Grand Est : ouverture du d\u00e9p\u00f4t des demandes le 1er novembre 2022. Dans le cadre de la d\u00e9mat\u00e9rialisation des services aux usagers, harmonis\u00e9e \u00e0 l\u2019\u00e9chelle nationale,\u00a0le d\u00e9p\u00f4t des dossiers de demandes de subvention de fonctionnement ou d\u2019aide au projet \u00e0 la DRAC Grand Est sera d\u00e9sormais \u00e0 r\u00e9aliser\u00a0sur l\u2019application\u00a0d\u00e9marches simplifi\u00e9es\u00a0pour les demandes de subventions concernant l\u2019ann\u00e9e budg\u00e9taire 2023. La mise en place des formulaires d\u00e9mat\u00e9rialis\u00e9s sur d\u00e9marches simplifi\u00e9es sera\u00a0accessible [&hellip;]\" \/>\n<meta property=\"og:url\" content=\"https:\/\/hierostrasbourg.com\/index.php\/2022\/09\/18\/demandes-de-subventions-2023-a-la-drac-grand-est-2\/\" \/>\n<meta property=\"og:site_name\" content=\"HIERO STRASBOURG\" \/>\n<meta property=\"article:publisher\" content=\"https:\/\/www.facebook.com\/fedehierostrasbourg\" \/>\n<meta property=\"article:published_time\" content=\"2022-09-17T22:36:21+00:00\" \/>\n<meta name=\"twitter:card\" content=\"summary_large_image\" \/>\n<meta name=\"twitter:creator\" content=\"@hierostrasbourg\" \/>\n<meta name=\"twitter:site\" content=\"@hierostrasbourg\" \/>\n<meta name=\"twitter:label1\" content=\"Dur\u00e9e de lecture estim\u00e9e\" \/>\n\t<meta name=\"twitter:data1\" content=\"1 minute\" \/>\n<script type=\"application\/ld+json\" class=\"yoast-schema-graph\">{\"@context\":\"https:\\\/\\\/schema.org\",\"@graph\":[{\"@type\":\"Article\",\"@id\":\"https:\\\/\\\/hierostrasbourg.com\\\/index.php\\\/2022\\\/09\\\/18\\\/demandes-de-subventions-2023-a-la-drac-grand-est-2\\\/#article\",\"isPartOf\":{\"@id\":\"https:\\\/\\\/hierostrasbourg.com\\\/index.php\\\/2022\\\/09\\\/18\\\/demandes-de-subventions-2023-a-la-drac-grand-est-2\\\/\"},\"author\":{\"name\":\"\",\"@id\":\"\"},\"headline\":\"Demandes de subventions 2023 \u00e0 la DRAC Grand Est\",\"datePublished\":\"2022-09-17T22:36:21+00:00\",\"mainEntityOfPage\":{\"@id\":\"https:\\\/\\\/hierostrasbourg.com\\\/index.php\\\/2022\\\/09\\\/18\\\/demandes-de-subventions-2023-a-la-drac-grand-est-2\\\/\"},\"wordCount\":143,\"publisher\":{\"@id\":\"https:\\\/\\\/hierostrasbourg.com\\\/#organization\"},\"inLanguage\":\"fr-FR\"},{\"@type\":\"WebPage\",\"@id\":\"https:\\\/\\\/hierostrasbourg.com\\\/index.php\\\/2022\\\/09\\\/18\\\/demandes-de-subventions-2023-a-la-drac-grand-est-2\\\/\",\"url\":\"https:\\\/\\\/hierostrasbourg.com\\\/index.php\\\/2022\\\/09\\\/18\\\/demandes-de-subventions-2023-a-la-drac-grand-est-2\\\/\",\"name\":\"Demandes de subventions 2023 \u00e0 la DRAC Grand Est - HIERO STRASBOURG\",\"isPartOf\":{\"@id\":\"https:\\\/\\\/hierostrasbourg.com\\\/#website\"},\"datePublished\":\"2022-09-17T22:36:21+00:00\",\"breadcrumb\":{\"@id\":\"https:\\\/\\\/hierostrasbourg.com\\\/index.php\\\/2022\\\/09\\\/18\\\/demandes-de-subventions-2023-a-la-drac-grand-est-2\\\/#breadcrumb\"},\"inLanguage\":\"fr-FR\",\"potentialAction\":[{\"@type\":\"ReadAction\",\"target\":[\"https:\\\/\\\/hierostrasbourg.com\\\/index.php\\\/2022\\\/09\\\/18\\\/demandes-de-subventions-2023-a-la-drac-grand-est-2\\\/\"]}]},{\"@type\":\"BreadcrumbList\",\"@id\":\"https:\\\/\\\/hierostrasbourg.com\\\/index.php\\\/2022\\\/09\\\/18\\\/demandes-de-subventions-2023-a-la-drac-grand-est-2\\\/#breadcrumb\",\"itemListElement\":[{\"@type\":\"ListItem\",\"position\":1,\"name\":\"Accueil\",\"item\":\"https:\\\/\\\/hierostrasbourg.com\\\/\"},{\"@type\":\"ListItem\",\"position\":2,\"name\":\"Demandes de subventions 2023 \u00e0 la DRAC Grand Est\"}]},{\"@type\":\"WebSite\",\"@id\":\"https:\\\/\\\/hierostrasbourg.com\\\/#website\",\"url\":\"https:\\\/\\\/hierostrasbourg.com\\\/\",\"name\":\"HIERO STRASBOURG\",\"description\":\"Centre de Ressources Musiques Actuelles\",\"publisher\":{\"@id\":\"https:\\\/\\\/hierostrasbourg.com\\\/#organization\"},\"potentialAction\":[{\"@type\":\"SearchAction\",\"target\":{\"@type\":\"EntryPoint\",\"urlTemplate\":\"https:\\\/\\\/hierostrasbourg.com\\\/?s={search_term_string}\"},\"query-input\":{\"@type\":\"PropertyValueSpecification\",\"valueRequired\":true,\"valueName\":\"search_term_string\"}}],\"inLanguage\":\"fr-FR\"},{\"@type\":\"Organization\",\"@id\":\"https:\\\/\\\/hierostrasbourg.com\\\/#organization\",\"name\":\"F\u00e9d\u00e9ration Hi\u00e9ro Strasbourg\",\"url\":\"https:\\\/\\\/hierostrasbourg.com\\\/\",\"logo\":{\"@type\":\"ImageObject\",\"inLanguage\":\"fr-FR\",\"@id\":\"https:\\\/\\\/hierostrasbourg.com\\\/#\\\/schema\\\/logo\\\/image\\\/\",\"url\":\"https:\\\/\\\/hierostrasbourg.com\\\/wp-content\\\/uploads\\\/2026\\\/04\\\/logo-hiero-strasbourg.jpg\",\"contentUrl\":\"https:\\\/\\\/hierostrasbourg.com\\\/wp-content\\\/uploads\\\/2026\\\/04\\\/logo-hiero-strasbourg.jpg\",\"width\":204,\"height\":192,\"caption\":\"F\u00e9d\u00e9ration Hi\u00e9ro Strasbourg\"},\"image\":{\"@id\":\"https:\\\/\\\/hierostrasbourg.com\\\/#\\\/schema\\\/logo\\\/image\\\/\"},\"sameAs\":[\"https:\\\/\\\/www.facebook.com\\\/fedehierostrasbourg\",\"https:\\\/\\\/x.com\\\/hierostrasbourg\"]}]}<\/script>\n<!-- \/ Yoast SEO plugin. -->","yoast_head_json":{"title":"Demandes de subventions 2023 \u00e0 la DRAC Grand Est - HIERO STRASBOURG","robots":{"index":"index","follow":"follow","max-snippet":"max-snippet:-1","max-image-preview":"max-image-preview:large","max-video-preview":"max-video-preview:-1"},"canonical":"https:\/\/hierostrasbourg.com\/index.php\/2022\/09\/18\/demandes-de-subventions-2023-a-la-drac-grand-est-2\/","og_locale":"fr_FR","og_type":"article","og_title":"Demandes de subventions 2023 \u00e0 la DRAC Grand Est - HIERO STRASBOURG","og_description":"communiqu\u00e9 D\u00e9mat\u00e9rialisation des demandes de subventions pour 2023 \u00e0 la DRAC Grand Est : ouverture du d\u00e9p\u00f4t des demandes le 1er novembre 2022. Dans le cadre de la d\u00e9mat\u00e9rialisation des services aux usagers, harmonis\u00e9e \u00e0 l\u2019\u00e9chelle nationale,\u00a0le d\u00e9p\u00f4t des dossiers de demandes de subvention de fonctionnement ou d\u2019aide au projet \u00e0 la DRAC Grand Est sera d\u00e9sormais \u00e0 r\u00e9aliser\u00a0sur l\u2019application\u00a0d\u00e9marches simplifi\u00e9es\u00a0pour les demandes de subventions concernant l\u2019ann\u00e9e budg\u00e9taire 2023. La mise en place des formulaires d\u00e9mat\u00e9rialis\u00e9s sur d\u00e9marches simplifi\u00e9es sera\u00a0accessible [&hellip;]","og_url":"https:\/\/hierostrasbourg.com\/index.php\/2022\/09\/18\/demandes-de-subventions-2023-a-la-drac-grand-est-2\/","og_site_name":"HIERO STRASBOURG","article_publisher":"https:\/\/www.facebook.com\/fedehierostrasbourg","article_published_time":"2022-09-17T22:36:21+00:00","twitter_card":"summary_large_image","twitter_creator":"@hierostrasbourg","twitter_site":"@hierostrasbourg","twitter_misc":{"Dur\u00e9e de lecture estim\u00e9e":"1 minute"},"schema":{"@context":"https:\/\/schema.org","@graph":[{"@type":"Article","@id":"https:\/\/hierostrasbourg.com\/index.php\/2022\/09\/18\/demandes-de-subventions-2023-a-la-drac-grand-est-2\/#article","isPartOf":{"@id":"https:\/\/hierostrasbourg.com\/index.php\/2022\/09\/18\/demandes-de-subventions-2023-a-la-drac-grand-est-2\/"},"author":{"name":"","@id":""},"headline":"Demandes de subventions 2023 \u00e0 la DRAC Grand Est","datePublished":"2022-09-17T22:36:21+00:00","mainEntityOfPage":{"@id":"https:\/\/hierostrasbourg.com\/index.php\/2022\/09\/18\/demandes-de-subventions-2023-a-la-drac-grand-est-2\/"},"wordCount":143,"publisher":{"@id":"https:\/\/hierostrasbourg.com\/#organization"},"inLanguage":"fr-FR"},{"@type":"WebPage","@id":"https:\/\/hierostrasbourg.com\/index.php\/2022\/09\/18\/demandes-de-subventions-2023-a-la-drac-grand-est-2\/","url":"https:\/\/hierostrasbourg.com\/index.php\/2022\/09\/18\/demandes-de-subventions-2023-a-la-drac-grand-est-2\/","name":"Demandes de subventions 2023 \u00e0 la DRAC Grand Est - HIERO STRASBOURG","isPartOf":{"@id":"https:\/\/hierostrasbourg.com\/#website"},"datePublished":"2022-09-17T22:36:21+00:00","breadcrumb":{"@id":"https:\/\/hierostrasbourg.com\/index.php\/2022\/09\/18\/demandes-de-subventions-2023-a-la-drac-grand-est-2\/#breadcrumb"},"inLanguage":"fr-FR","potentialAction":[{"@type":"ReadAction","target":["https:\/\/hierostrasbourg.com\/index.php\/2022\/09\/18\/demandes-de-subventions-2023-a-la-drac-grand-est-2\/"]}]},{"@type":"BreadcrumbList","@id":"https:\/\/hierostrasbourg.com\/index.php\/2022\/09\/18\/demandes-de-subventions-2023-a-la-drac-grand-est-2\/#breadcrumb","itemListElement":[{"@type":"ListItem","position":1,"name":"Accueil","item":"https:\/\/hierostrasbourg.com\/"},{"@type":"ListItem","position":2,"name":"Demandes de subventions 2023 \u00e0 la DRAC Grand Est"}]},{"@type":"WebSite","@id":"https:\/\/hierostrasbourg.com\/#website","url":"https:\/\/hierostrasbourg.com\/","name":"HIERO STRASBOURG","description":"Centre de Ressources Musiques Actuelles","publisher":{"@id":"https:\/\/hierostrasbourg.com\/#organization"},"potentialAction":[{"@type":"SearchAction","target":{"@type":"EntryPoint","urlTemplate":"https:\/\/hierostrasbourg.com\/?s={search_term_string}"},"query-input":{"@type":"PropertyValueSpecification","valueRequired":true,"valueName":"search_term_string"}}],"inLanguage":"fr-FR"},{"@type":"Organization","@id":"https:\/\/hierostrasbourg.com\/#organization","name":"F\u00e9d\u00e9ration Hi\u00e9ro Strasbourg","url":"https:\/\/hierostrasbourg.com\/","logo":{"@type":"ImageObject","inLanguage":"fr-FR","@id":"https:\/\/hierostrasbourg.com\/#\/schema\/logo\/image\/","url":"https:\/\/hierostrasbourg.com\/wp-content\/uploads\/2026\/04\/logo-hiero-strasbourg.jpg","contentUrl":"https:\/\/hierostrasbourg.com\/wp-content\/uploads\/2026\/04\/logo-hiero-strasbourg.jpg","width":204,"height":192,"caption":"F\u00e9d\u00e9ration Hi\u00e9ro Strasbourg"},"image":{"@id":"https:\/\/hierostrasbourg.com\/#\/schema\/logo\/image\/"},"sameAs":["https:\/\/www.facebook.com\/fedehierostrasbourg","https:\/\/x.com\/hierostrasbourg"]}]}},"_links":{"self":[{"href":"https:\/\/hierostrasbourg.com\/index.php\/wp-json\/wp\/v2\/posts\/3636","targetHints":{"allow":["GET"]}}],"collection":[{"href":"https:\/\/hierostrasbourg.com\/index.php\/wp-json\/wp\/v2\/posts"}],"about":[{"href":"https:\/\/hierostrasbourg.com\/index.php\/wp-json\/wp\/v2\/types\/post"}],"replies":[{"embeddable":true,"href":"https:\/\/hierostrasbourg.com\/index.php\/wp-json\/wp\/v2\/comments?post=3636"}],"version-history":[{"count":0,"href":"https:\/\/hierostrasbourg.com\/index.php\/wp-json\/wp\/v2\/posts\/3636\/revisions"}],"wp:attachment":[{"href":"https:\/\/hierostrasbourg.com\/index.php\/wp-json\/wp\/v2\/media?parent=3636"}],"wp:term":[{"taxonomy":"category","embeddable":true,"href":"https:\/\/hierostrasbourg.com\/index.php\/wp-json\/wp\/v2\/categories?post=3636"},{"taxonomy":"post_tag","embeddable":true,"href":"https:\/\/hierostrasbourg.com\/index.php\/wp-json\/wp\/v2\/tags?post=3636"}],"curies":[{"name":"wp","href":"https:\/\/api.w.org\/{rel}","templated":true}]}}