{"id":3628,"date":"2022-09-16T21:35:03","date_gmt":"2022-09-16T19:35:03","guid":{"rendered":"https:\/\/hierostrasbourg.com\/index.php\/2022\/09\/16\/lindustrie-musicale-en-marche-vers-legalite\/"},"modified":"2022-09-16T21:35:03","modified_gmt":"2022-09-16T19:35:03","slug":"lindustrie-musicale-en-marche-vers-legalite","status":"publish","type":"post","link":"https:\/\/hierostrasbourg.com\/index.php\/2022\/09\/16\/lindustrie-musicale-en-marche-vers-legalite\/","title":{"rendered":"L\u2019industrie musicale en marche vers l\u2019\u00e9galit\u00e9 ?"},"content":{"rendered":"<p><a href=\"https:\/\/musiquesactuelles.alsace\/lindustrie-musicale-en-marche-vers-legalite\/\" title=\"L\u2019industrie musicale en marche vers l\u2019\u00e9galit\u00e9 ?\"><\/a><\/p>\n<p>Longtemps trait\u00e9es avec un certain m\u00e9pris pour leurs comp\u00e9tences, invisibilis\u00e9es, r\u00e9duites \u00e0 des st\u00e9r\u00e9otypes voire, victimes de s\u00e9vices, les femmes parviennent peu \u00e0 peu \u00e0 occuper une place plus importante au sein de l\u2019industrie musicale. Source \/ Lire la suite : L\u2019industrie musicale en marche vers l\u2019\u00e9galit\u00e9 ?<\/p>\n<p>L\u2019article <a href=\"https:\/\/musiquesactuelles.alsace\/lindustrie-musicale-en-marche-vers-legalite\/\">L\u2019industrie musicale en marche vers l\u2019\u00e9galit\u00e9 ?<\/a> est apparu en premier sur <a href=\"https:\/\/musiquesactuelles.alsace\/\">Musiques Actuelles en Alsace<\/a>.<\/p>\n<p>L\u2019article <a href=\"https:\/\/popburo.fr\/lindustrie-musicale-en-marche-vers-legalite\/\">L\u2019industrie musicale en marche vers l\u2019\u00e9galit\u00e9 ?<\/a> est apparu en premier sur <a href=\"https:\/\/popburo.fr\/\">POP B\u00dcRO<\/a>.<\/p>\n","protected":false},"excerpt":{"rendered":"<p>Longtemps trait\u00e9es avec un certain m\u00e9pris pour leurs comp\u00e9tences, invisibilis\u00e9es, r\u00e9duites \u00e0 des st\u00e9r\u00e9otypes voire, victimes de s\u00e9vices, les femmes parviennent peu \u00e0 peu \u00e0 occuper une place plus importante au sein de l\u2019industrie musicale. Source \/ Lire la suite : L\u2019industrie musicale en marche vers l\u2019\u00e9galit\u00e9 ? L\u2019article L\u2019industrie musicale en marche vers l\u2019\u00e9galit\u00e9 ? est apparu en premier sur Musiques Actuelles en Alsace. L\u2019article L\u2019industrie musicale en marche vers l\u2019\u00e9galit\u00e9 ? est apparu en premier sur POP B\u00dcRO.<\/p>\n","protected":false},"author":0,"featured_media":0,"comment_status":"closed","ping_status":"open","sticky":false,"template":"","format":"standard","meta":{"footnotes":""},"categories":[1],"tags":[],"class_list":["post-3628","post","type-post","status-publish","format-standard","hentry","category-non-classe"],"yoast_head":"<!-- This site is optimized with the Yoast SEO plugin v27.5 - https:\/\/yoast.com\/product\/yoast-seo-wordpress\/ -->\n<title>L\u2019industrie musicale en marche vers l\u2019\u00e9galit\u00e9 ? - HIERO STRASBOURG<\/title>\n<meta name=\"robots\" content=\"index, follow, max-snippet:-1, max-image-preview:large, max-video-preview:-1\" \/>\n<link rel=\"canonical\" href=\"https:\/\/hierostrasbourg.com\/index.php\/2022\/09\/16\/lindustrie-musicale-en-marche-vers-legalite\/\" \/>\n<meta property=\"og:locale\" content=\"fr_FR\" \/>\n<meta property=\"og:type\" content=\"article\" \/>\n<meta property=\"og:title\" content=\"L\u2019industrie musicale en marche vers l\u2019\u00e9galit\u00e9 ? - HIERO STRASBOURG\" \/>\n<meta property=\"og:description\" content=\"Longtemps trait\u00e9es avec un certain m\u00e9pris pour leurs comp\u00e9tences, invisibilis\u00e9es, r\u00e9duites \u00e0 des st\u00e9r\u00e9otypes voire, victimes de s\u00e9vices, les femmes parviennent peu \u00e0 peu \u00e0 occuper une place plus importante au sein de l\u2019industrie musicale. Source \/ Lire la suite : L\u2019industrie musicale en marche vers l\u2019\u00e9galit\u00e9 ? L\u2019article L\u2019industrie musicale en marche vers l\u2019\u00e9galit\u00e9 ? est apparu en premier sur Musiques Actuelles en Alsace. L\u2019article L\u2019industrie musicale en marche vers l\u2019\u00e9galit\u00e9 ? est apparu en premier sur POP B\u00dcRO.\" \/>\n<meta property=\"og:url\" content=\"https:\/\/hierostrasbourg.com\/index.php\/2022\/09\/16\/lindustrie-musicale-en-marche-vers-legalite\/\" \/>\n<meta property=\"og:site_name\" content=\"HIERO STRASBOURG\" \/>\n<meta property=\"article:publisher\" content=\"https:\/\/www.facebook.com\/fedehierostrasbourg\" \/>\n<meta property=\"article:published_time\" content=\"2022-09-16T19:35:03+00:00\" \/>\n<meta name=\"twitter:card\" content=\"summary_large_image\" \/>\n<meta name=\"twitter:creator\" content=\"@hierostrasbourg\" \/>\n<meta name=\"twitter:site\" content=\"@hierostrasbourg\" \/>\n<script type=\"application\/ld+json\" class=\"yoast-schema-graph\">{\"@context\":\"https:\\\/\\\/schema.org\",\"@graph\":[{\"@type\":\"Article\",\"@id\":\"https:\\\/\\\/hierostrasbourg.com\\\/index.php\\\/2022\\\/09\\\/16\\\/lindustrie-musicale-en-marche-vers-legalite\\\/#article\",\"isPartOf\":{\"@id\":\"https:\\\/\\\/hierostrasbourg.com\\\/index.php\\\/2022\\\/09\\\/16\\\/lindustrie-musicale-en-marche-vers-legalite\\\/\"},\"author\":{\"name\":\"\",\"@id\":\"\"},\"headline\":\"L\u2019industrie musicale en marche vers l\u2019\u00e9galit\u00e9 ?\",\"datePublished\":\"2022-09-16T19:35:03+00:00\",\"mainEntityOfPage\":{\"@id\":\"https:\\\/\\\/hierostrasbourg.com\\\/index.php\\\/2022\\\/09\\\/16\\\/lindustrie-musicale-en-marche-vers-legalite\\\/\"},\"wordCount\":98,\"publisher\":{\"@id\":\"https:\\\/\\\/hierostrasbourg.com\\\/#organization\"},\"inLanguage\":\"fr-FR\"},{\"@type\":\"WebPage\",\"@id\":\"https:\\\/\\\/hierostrasbourg.com\\\/index.php\\\/2022\\\/09\\\/16\\\/lindustrie-musicale-en-marche-vers-legalite\\\/\",\"url\":\"https:\\\/\\\/hierostrasbourg.com\\\/index.php\\\/2022\\\/09\\\/16\\\/lindustrie-musicale-en-marche-vers-legalite\\\/\",\"name\":\"L\u2019industrie musicale en marche vers l\u2019\u00e9galit\u00e9 ? - HIERO STRASBOURG\",\"isPartOf\":{\"@id\":\"https:\\\/\\\/hierostrasbourg.com\\\/#website\"},\"datePublished\":\"2022-09-16T19:35:03+00:00\",\"breadcrumb\":{\"@id\":\"https:\\\/\\\/hierostrasbourg.com\\\/index.php\\\/2022\\\/09\\\/16\\\/lindustrie-musicale-en-marche-vers-legalite\\\/#breadcrumb\"},\"inLanguage\":\"fr-FR\",\"potentialAction\":[{\"@type\":\"ReadAction\",\"target\":[\"https:\\\/\\\/hierostrasbourg.com\\\/index.php\\\/2022\\\/09\\\/16\\\/lindustrie-musicale-en-marche-vers-legalite\\\/\"]}]},{\"@type\":\"BreadcrumbList\",\"@id\":\"https:\\\/\\\/hierostrasbourg.com\\\/index.php\\\/2022\\\/09\\\/16\\\/lindustrie-musicale-en-marche-vers-legalite\\\/#breadcrumb\",\"itemListElement\":[{\"@type\":\"ListItem\",\"position\":1,\"name\":\"Accueil\",\"item\":\"https:\\\/\\\/hierostrasbourg.com\\\/\"},{\"@type\":\"ListItem\",\"position\":2,\"name\":\"L\u2019industrie musicale en marche vers l\u2019\u00e9galit\u00e9 ?\"}]},{\"@type\":\"WebSite\",\"@id\":\"https:\\\/\\\/hierostrasbourg.com\\\/#website\",\"url\":\"https:\\\/\\\/hierostrasbourg.com\\\/\",\"name\":\"HIERO STRASBOURG\",\"description\":\"Centre de Ressources Musiques Actuelles\",\"publisher\":{\"@id\":\"https:\\\/\\\/hierostrasbourg.com\\\/#organization\"},\"potentialAction\":[{\"@type\":\"SearchAction\",\"target\":{\"@type\":\"EntryPoint\",\"urlTemplate\":\"https:\\\/\\\/hierostrasbourg.com\\\/?s={search_term_string}\"},\"query-input\":{\"@type\":\"PropertyValueSpecification\",\"valueRequired\":true,\"valueName\":\"search_term_string\"}}],\"inLanguage\":\"fr-FR\"},{\"@type\":\"Organization\",\"@id\":\"https:\\\/\\\/hierostrasbourg.com\\\/#organization\",\"name\":\"F\u00e9d\u00e9ration Hi\u00e9ro Strasbourg\",\"url\":\"https:\\\/\\\/hierostrasbourg.com\\\/\",\"logo\":{\"@type\":\"ImageObject\",\"inLanguage\":\"fr-FR\",\"@id\":\"https:\\\/\\\/hierostrasbourg.com\\\/#\\\/schema\\\/logo\\\/image\\\/\",\"url\":\"https:\\\/\\\/hierostrasbourg.com\\\/wp-content\\\/uploads\\\/2026\\\/04\\\/logo-hiero-strasbourg.jpg\",\"contentUrl\":\"https:\\\/\\\/hierostrasbourg.com\\\/wp-content\\\/uploads\\\/2026\\\/04\\\/logo-hiero-strasbourg.jpg\",\"width\":204,\"height\":192,\"caption\":\"F\u00e9d\u00e9ration Hi\u00e9ro Strasbourg\"},\"image\":{\"@id\":\"https:\\\/\\\/hierostrasbourg.com\\\/#\\\/schema\\\/logo\\\/image\\\/\"},\"sameAs\":[\"https:\\\/\\\/www.facebook.com\\\/fedehierostrasbourg\",\"https:\\\/\\\/x.com\\\/hierostrasbourg\"]}]}<\/script>\n<!-- \/ Yoast SEO plugin. -->","yoast_head_json":{"title":"L\u2019industrie musicale en marche vers l\u2019\u00e9galit\u00e9 ? - HIERO STRASBOURG","robots":{"index":"index","follow":"follow","max-snippet":"max-snippet:-1","max-image-preview":"max-image-preview:large","max-video-preview":"max-video-preview:-1"},"canonical":"https:\/\/hierostrasbourg.com\/index.php\/2022\/09\/16\/lindustrie-musicale-en-marche-vers-legalite\/","og_locale":"fr_FR","og_type":"article","og_title":"L\u2019industrie musicale en marche vers l\u2019\u00e9galit\u00e9 ? - HIERO STRASBOURG","og_description":"Longtemps trait\u00e9es avec un certain m\u00e9pris pour leurs comp\u00e9tences, invisibilis\u00e9es, r\u00e9duites \u00e0 des st\u00e9r\u00e9otypes voire, victimes de s\u00e9vices, les femmes parviennent peu \u00e0 peu \u00e0 occuper une place plus importante au sein de l\u2019industrie musicale. Source \/ Lire la suite : L\u2019industrie musicale en marche vers l\u2019\u00e9galit\u00e9 ? L\u2019article L\u2019industrie musicale en marche vers l\u2019\u00e9galit\u00e9 ? est apparu en premier sur Musiques Actuelles en Alsace. L\u2019article L\u2019industrie musicale en marche vers l\u2019\u00e9galit\u00e9 ? est apparu en premier sur POP B\u00dcRO.","og_url":"https:\/\/hierostrasbourg.com\/index.php\/2022\/09\/16\/lindustrie-musicale-en-marche-vers-legalite\/","og_site_name":"HIERO STRASBOURG","article_publisher":"https:\/\/www.facebook.com\/fedehierostrasbourg","article_published_time":"2022-09-16T19:35:03+00:00","twitter_card":"summary_large_image","twitter_creator":"@hierostrasbourg","twitter_site":"@hierostrasbourg","schema":{"@context":"https:\/\/schema.org","@graph":[{"@type":"Article","@id":"https:\/\/hierostrasbourg.com\/index.php\/2022\/09\/16\/lindustrie-musicale-en-marche-vers-legalite\/#article","isPartOf":{"@id":"https:\/\/hierostrasbourg.com\/index.php\/2022\/09\/16\/lindustrie-musicale-en-marche-vers-legalite\/"},"author":{"name":"","@id":""},"headline":"L\u2019industrie musicale en marche vers l\u2019\u00e9galit\u00e9 ?","datePublished":"2022-09-16T19:35:03+00:00","mainEntityOfPage":{"@id":"https:\/\/hierostrasbourg.com\/index.php\/2022\/09\/16\/lindustrie-musicale-en-marche-vers-legalite\/"},"wordCount":98,"publisher":{"@id":"https:\/\/hierostrasbourg.com\/#organization"},"inLanguage":"fr-FR"},{"@type":"WebPage","@id":"https:\/\/hierostrasbourg.com\/index.php\/2022\/09\/16\/lindustrie-musicale-en-marche-vers-legalite\/","url":"https:\/\/hierostrasbourg.com\/index.php\/2022\/09\/16\/lindustrie-musicale-en-marche-vers-legalite\/","name":"L\u2019industrie musicale en marche vers l\u2019\u00e9galit\u00e9 ? - HIERO STRASBOURG","isPartOf":{"@id":"https:\/\/hierostrasbourg.com\/#website"},"datePublished":"2022-09-16T19:35:03+00:00","breadcrumb":{"@id":"https:\/\/hierostrasbourg.com\/index.php\/2022\/09\/16\/lindustrie-musicale-en-marche-vers-legalite\/#breadcrumb"},"inLanguage":"fr-FR","potentialAction":[{"@type":"ReadAction","target":["https:\/\/hierostrasbourg.com\/index.php\/2022\/09\/16\/lindustrie-musicale-en-marche-vers-legalite\/"]}]},{"@type":"BreadcrumbList","@id":"https:\/\/hierostrasbourg.com\/index.php\/2022\/09\/16\/lindustrie-musicale-en-marche-vers-legalite\/#breadcrumb","itemListElement":[{"@type":"ListItem","position":1,"name":"Accueil","item":"https:\/\/hierostrasbourg.com\/"},{"@type":"ListItem","position":2,"name":"L\u2019industrie musicale en marche vers l\u2019\u00e9galit\u00e9 ?"}]},{"@type":"WebSite","@id":"https:\/\/hierostrasbourg.com\/#website","url":"https:\/\/hierostrasbourg.com\/","name":"HIERO STRASBOURG","description":"Centre de Ressources Musiques Actuelles","publisher":{"@id":"https:\/\/hierostrasbourg.com\/#organization"},"potentialAction":[{"@type":"SearchAction","target":{"@type":"EntryPoint","urlTemplate":"https:\/\/hierostrasbourg.com\/?s={search_term_string}"},"query-input":{"@type":"PropertyValueSpecification","valueRequired":true,"valueName":"search_term_string"}}],"inLanguage":"fr-FR"},{"@type":"Organization","@id":"https:\/\/hierostrasbourg.com\/#organization","name":"F\u00e9d\u00e9ration Hi\u00e9ro Strasbourg","url":"https:\/\/hierostrasbourg.com\/","logo":{"@type":"ImageObject","inLanguage":"fr-FR","@id":"https:\/\/hierostrasbourg.com\/#\/schema\/logo\/image\/","url":"https:\/\/hierostrasbourg.com\/wp-content\/uploads\/2026\/04\/logo-hiero-strasbourg.jpg","contentUrl":"https:\/\/hierostrasbourg.com\/wp-content\/uploads\/2026\/04\/logo-hiero-strasbourg.jpg","width":204,"height":192,"caption":"F\u00e9d\u00e9ration Hi\u00e9ro Strasbourg"},"image":{"@id":"https:\/\/hierostrasbourg.com\/#\/schema\/logo\/image\/"},"sameAs":["https:\/\/www.facebook.com\/fedehierostrasbourg","https:\/\/x.com\/hierostrasbourg"]}]}},"_links":{"self":[{"href":"https:\/\/hierostrasbourg.com\/index.php\/wp-json\/wp\/v2\/posts\/3628","targetHints":{"allow":["GET"]}}],"collection":[{"href":"https:\/\/hierostrasbourg.com\/index.php\/wp-json\/wp\/v2\/posts"}],"about":[{"href":"https:\/\/hierostrasbourg.com\/index.php\/wp-json\/wp\/v2\/types\/post"}],"replies":[{"embeddable":true,"href":"https:\/\/hierostrasbourg.com\/index.php\/wp-json\/wp\/v2\/comments?post=3628"}],"version-history":[{"count":0,"href":"https:\/\/hierostrasbourg.com\/index.php\/wp-json\/wp\/v2\/posts\/3628\/revisions"}],"wp:attachment":[{"href":"https:\/\/hierostrasbourg.com\/index.php\/wp-json\/wp\/v2\/media?parent=3628"}],"wp:term":[{"taxonomy":"category","embeddable":true,"href":"https:\/\/hierostrasbourg.com\/index.php\/wp-json\/wp\/v2\/categories?post=3628"},{"taxonomy":"post_tag","embeddable":true,"href":"https:\/\/hierostrasbourg.com\/index.php\/wp-json\/wp\/v2\/tags?post=3628"}],"curies":[{"name":"wp","href":"https:\/\/api.w.org\/{rel}","templated":true}]}}