{"id":3617,"date":"2022-09-12T20:31:53","date_gmt":"2022-09-12T18:31:53","guid":{"rendered":"https:\/\/hierostrasbourg.com\/index.php\/2022\/09\/12\/la-rentree-des-conservatoires-les-fermetures-qui-inquietent\/"},"modified":"2022-09-12T20:31:53","modified_gmt":"2022-09-12T18:31:53","slug":"la-rentree-des-conservatoires-les-fermetures-qui-inquietent","status":"publish","type":"post","link":"https:\/\/hierostrasbourg.com\/index.php\/2022\/09\/12\/la-rentree-des-conservatoires-les-fermetures-qui-inquietent\/","title":{"rendered":"La rentr\u00e9e des conservatoires : les fermetures qui inqui\u00e8tent"},"content":{"rendered":"<p><a href=\"https:\/\/musiquesactuelles.alsace\/la-rentree-des-conservatoires-les-fermetures-qui-inquietent\/\" title=\"La rentr\u00e9e des conservatoires : les fermetures qui inqui\u00e8tent\"><\/a><\/p>\n<p>Alors que les uns s\u2019appr\u00eatent \u00e0 accorder leurs violons apr\u00e8s un long \u00e9t\u00e9 ensoleill\u00e9, d\u2019autres se retrouvent devant les portes ferm\u00e9es. C\u2019est le cas des \u00e9l\u00e8ves de l\u2019\u00e9cole de musique intercommunale de Blaye en Haute Gironde, qui en cette rentr\u00e9e ne rouvrira pas. Et qui risque de faire t\u00e2che d\u2019huile. Source \/ Lire la suite : La rentr\u00e9e des conservatoires : les fermetures qui inqui\u00e8tent<\/p>\n<p>L\u2019article <a href=\"https:\/\/musiquesactuelles.alsace\/la-rentree-des-conservatoires-les-fermetures-qui-inquietent\/\">La rentr\u00e9e des conservatoires : les fermetures qui inqui\u00e8tent<\/a> est apparu en premier sur <a href=\"https:\/\/musiquesactuelles.alsace\/\">Musiques Actuelles en Alsace<\/a>.<\/p>\n<p>L\u2019article <a href=\"https:\/\/popburo.fr\/la-rentree-des-conservatoires-les-fermetures-qui-inquietent\/\">La rentr\u00e9e des conservatoires : les fermetures qui inqui\u00e8tent<\/a> est apparu en premier sur <a href=\"https:\/\/popburo.fr\/\">POP B\u00dcRO<\/a>.<\/p>\n","protected":false},"excerpt":{"rendered":"<p>Alors que les uns s\u2019appr\u00eatent \u00e0 accorder leurs violons apr\u00e8s un long \u00e9t\u00e9 ensoleill\u00e9, d\u2019autres se retrouvent devant les portes ferm\u00e9es. C\u2019est le cas des \u00e9l\u00e8ves de l\u2019\u00e9cole de musique intercommunale de Blaye en Haute Gironde, qui en cette rentr\u00e9e ne rouvrira pas. Et qui risque de faire t\u00e2che d\u2019huile. Source \/ Lire la suite : La rentr\u00e9e des conservatoires : les fermetures qui inqui\u00e8tent L\u2019article La rentr\u00e9e des conservatoires : les fermetures qui inqui\u00e8tent est apparu en premier sur [&hellip;]<\/p>\n","protected":false},"author":0,"featured_media":0,"comment_status":"closed","ping_status":"open","sticky":false,"template":"","format":"standard","meta":{"footnotes":""},"categories":[1],"tags":[],"class_list":["post-3617","post","type-post","status-publish","format-standard","hentry","category-non-classe"],"yoast_head":"<!-- This site is optimized with the Yoast SEO plugin v27.5 - https:\/\/yoast.com\/product\/yoast-seo-wordpress\/ -->\n<title>La rentr\u00e9e des conservatoires : les fermetures qui inqui\u00e8tent - HIERO STRASBOURG<\/title>\n<meta name=\"robots\" content=\"index, follow, max-snippet:-1, max-image-preview:large, max-video-preview:-1\" \/>\n<link rel=\"canonical\" href=\"https:\/\/hierostrasbourg.com\/index.php\/2022\/09\/12\/la-rentree-des-conservatoires-les-fermetures-qui-inquietent\/\" \/>\n<meta property=\"og:locale\" content=\"fr_FR\" \/>\n<meta property=\"og:type\" content=\"article\" \/>\n<meta property=\"og:title\" content=\"La rentr\u00e9e des conservatoires : les fermetures qui inqui\u00e8tent - HIERO STRASBOURG\" \/>\n<meta property=\"og:description\" content=\"Alors que les uns s\u2019appr\u00eatent \u00e0 accorder leurs violons apr\u00e8s un long \u00e9t\u00e9 ensoleill\u00e9, d\u2019autres se retrouvent devant les portes ferm\u00e9es. C\u2019est le cas des \u00e9l\u00e8ves de l\u2019\u00e9cole de musique intercommunale de Blaye en Haute Gironde, qui en cette rentr\u00e9e ne rouvrira pas. Et qui risque de faire t\u00e2che d\u2019huile. Source \/ Lire la suite : La rentr\u00e9e des conservatoires : les fermetures qui inqui\u00e8tent L\u2019article La rentr\u00e9e des conservatoires : les fermetures qui inqui\u00e8tent est apparu en premier sur [&hellip;]\" \/>\n<meta property=\"og:url\" content=\"https:\/\/hierostrasbourg.com\/index.php\/2022\/09\/12\/la-rentree-des-conservatoires-les-fermetures-qui-inquietent\/\" \/>\n<meta property=\"og:site_name\" content=\"HIERO STRASBOURG\" \/>\n<meta property=\"article:publisher\" content=\"https:\/\/www.facebook.com\/fedehierostrasbourg\" \/>\n<meta property=\"article:published_time\" content=\"2022-09-12T18:31:53+00:00\" \/>\n<meta name=\"twitter:card\" content=\"summary_large_image\" \/>\n<meta name=\"twitter:creator\" content=\"@hierostrasbourg\" \/>\n<meta name=\"twitter:site\" content=\"@hierostrasbourg\" \/>\n<meta name=\"twitter:label1\" content=\"Dur\u00e9e de lecture estim\u00e9e\" \/>\n\t<meta name=\"twitter:data1\" content=\"1 minute\" \/>\n<script type=\"application\/ld+json\" class=\"yoast-schema-graph\">{\"@context\":\"https:\\\/\\\/schema.org\",\"@graph\":[{\"@type\":\"Article\",\"@id\":\"https:\\\/\\\/hierostrasbourg.com\\\/index.php\\\/2022\\\/09\\\/12\\\/la-rentree-des-conservatoires-les-fermetures-qui-inquietent\\\/#article\",\"isPartOf\":{\"@id\":\"https:\\\/\\\/hierostrasbourg.com\\\/index.php\\\/2022\\\/09\\\/12\\\/la-rentree-des-conservatoires-les-fermetures-qui-inquietent\\\/\"},\"author\":{\"name\":\"\",\"@id\":\"\"},\"headline\":\"La rentr\u00e9e des conservatoires : les fermetures qui inqui\u00e8tent\",\"datePublished\":\"2022-09-12T18:31:53+00:00\",\"mainEntityOfPage\":{\"@id\":\"https:\\\/\\\/hierostrasbourg.com\\\/index.php\\\/2022\\\/09\\\/12\\\/la-rentree-des-conservatoires-les-fermetures-qui-inquietent\\\/\"},\"wordCount\":125,\"publisher\":{\"@id\":\"https:\\\/\\\/hierostrasbourg.com\\\/#organization\"},\"inLanguage\":\"fr-FR\"},{\"@type\":\"WebPage\",\"@id\":\"https:\\\/\\\/hierostrasbourg.com\\\/index.php\\\/2022\\\/09\\\/12\\\/la-rentree-des-conservatoires-les-fermetures-qui-inquietent\\\/\",\"url\":\"https:\\\/\\\/hierostrasbourg.com\\\/index.php\\\/2022\\\/09\\\/12\\\/la-rentree-des-conservatoires-les-fermetures-qui-inquietent\\\/\",\"name\":\"La rentr\u00e9e des conservatoires : les fermetures qui inqui\u00e8tent - HIERO STRASBOURG\",\"isPartOf\":{\"@id\":\"https:\\\/\\\/hierostrasbourg.com\\\/#website\"},\"datePublished\":\"2022-09-12T18:31:53+00:00\",\"breadcrumb\":{\"@id\":\"https:\\\/\\\/hierostrasbourg.com\\\/index.php\\\/2022\\\/09\\\/12\\\/la-rentree-des-conservatoires-les-fermetures-qui-inquietent\\\/#breadcrumb\"},\"inLanguage\":\"fr-FR\",\"potentialAction\":[{\"@type\":\"ReadAction\",\"target\":[\"https:\\\/\\\/hierostrasbourg.com\\\/index.php\\\/2022\\\/09\\\/12\\\/la-rentree-des-conservatoires-les-fermetures-qui-inquietent\\\/\"]}]},{\"@type\":\"BreadcrumbList\",\"@id\":\"https:\\\/\\\/hierostrasbourg.com\\\/index.php\\\/2022\\\/09\\\/12\\\/la-rentree-des-conservatoires-les-fermetures-qui-inquietent\\\/#breadcrumb\",\"itemListElement\":[{\"@type\":\"ListItem\",\"position\":1,\"name\":\"Accueil\",\"item\":\"https:\\\/\\\/hierostrasbourg.com\\\/\"},{\"@type\":\"ListItem\",\"position\":2,\"name\":\"La rentr\u00e9e des conservatoires : les fermetures qui inqui\u00e8tent\"}]},{\"@type\":\"WebSite\",\"@id\":\"https:\\\/\\\/hierostrasbourg.com\\\/#website\",\"url\":\"https:\\\/\\\/hierostrasbourg.com\\\/\",\"name\":\"HIERO STRASBOURG\",\"description\":\"Centre de Ressources Musiques Actuelles\",\"publisher\":{\"@id\":\"https:\\\/\\\/hierostrasbourg.com\\\/#organization\"},\"potentialAction\":[{\"@type\":\"SearchAction\",\"target\":{\"@type\":\"EntryPoint\",\"urlTemplate\":\"https:\\\/\\\/hierostrasbourg.com\\\/?s={search_term_string}\"},\"query-input\":{\"@type\":\"PropertyValueSpecification\",\"valueRequired\":true,\"valueName\":\"search_term_string\"}}],\"inLanguage\":\"fr-FR\"},{\"@type\":\"Organization\",\"@id\":\"https:\\\/\\\/hierostrasbourg.com\\\/#organization\",\"name\":\"F\u00e9d\u00e9ration Hi\u00e9ro Strasbourg\",\"url\":\"https:\\\/\\\/hierostrasbourg.com\\\/\",\"logo\":{\"@type\":\"ImageObject\",\"inLanguage\":\"fr-FR\",\"@id\":\"https:\\\/\\\/hierostrasbourg.com\\\/#\\\/schema\\\/logo\\\/image\\\/\",\"url\":\"https:\\\/\\\/hierostrasbourg.com\\\/wp-content\\\/uploads\\\/2026\\\/04\\\/logo-hiero-strasbourg.jpg\",\"contentUrl\":\"https:\\\/\\\/hierostrasbourg.com\\\/wp-content\\\/uploads\\\/2026\\\/04\\\/logo-hiero-strasbourg.jpg\",\"width\":204,\"height\":192,\"caption\":\"F\u00e9d\u00e9ration Hi\u00e9ro Strasbourg\"},\"image\":{\"@id\":\"https:\\\/\\\/hierostrasbourg.com\\\/#\\\/schema\\\/logo\\\/image\\\/\"},\"sameAs\":[\"https:\\\/\\\/www.facebook.com\\\/fedehierostrasbourg\",\"https:\\\/\\\/x.com\\\/hierostrasbourg\"]}]}<\/script>\n<!-- \/ Yoast SEO plugin. -->","yoast_head_json":{"title":"La rentr\u00e9e des conservatoires : les fermetures qui inqui\u00e8tent - HIERO STRASBOURG","robots":{"index":"index","follow":"follow","max-snippet":"max-snippet:-1","max-image-preview":"max-image-preview:large","max-video-preview":"max-video-preview:-1"},"canonical":"https:\/\/hierostrasbourg.com\/index.php\/2022\/09\/12\/la-rentree-des-conservatoires-les-fermetures-qui-inquietent\/","og_locale":"fr_FR","og_type":"article","og_title":"La rentr\u00e9e des conservatoires : les fermetures qui inqui\u00e8tent - HIERO STRASBOURG","og_description":"Alors que les uns s\u2019appr\u00eatent \u00e0 accorder leurs violons apr\u00e8s un long \u00e9t\u00e9 ensoleill\u00e9, d\u2019autres se retrouvent devant les portes ferm\u00e9es. C\u2019est le cas des \u00e9l\u00e8ves de l\u2019\u00e9cole de musique intercommunale de Blaye en Haute Gironde, qui en cette rentr\u00e9e ne rouvrira pas. Et qui risque de faire t\u00e2che d\u2019huile. Source \/ Lire la suite : La rentr\u00e9e des conservatoires : les fermetures qui inqui\u00e8tent L\u2019article La rentr\u00e9e des conservatoires : les fermetures qui inqui\u00e8tent est apparu en premier sur [&hellip;]","og_url":"https:\/\/hierostrasbourg.com\/index.php\/2022\/09\/12\/la-rentree-des-conservatoires-les-fermetures-qui-inquietent\/","og_site_name":"HIERO STRASBOURG","article_publisher":"https:\/\/www.facebook.com\/fedehierostrasbourg","article_published_time":"2022-09-12T18:31:53+00:00","twitter_card":"summary_large_image","twitter_creator":"@hierostrasbourg","twitter_site":"@hierostrasbourg","twitter_misc":{"Dur\u00e9e de lecture estim\u00e9e":"1 minute"},"schema":{"@context":"https:\/\/schema.org","@graph":[{"@type":"Article","@id":"https:\/\/hierostrasbourg.com\/index.php\/2022\/09\/12\/la-rentree-des-conservatoires-les-fermetures-qui-inquietent\/#article","isPartOf":{"@id":"https:\/\/hierostrasbourg.com\/index.php\/2022\/09\/12\/la-rentree-des-conservatoires-les-fermetures-qui-inquietent\/"},"author":{"name":"","@id":""},"headline":"La rentr\u00e9e des conservatoires : les fermetures qui inqui\u00e8tent","datePublished":"2022-09-12T18:31:53+00:00","mainEntityOfPage":{"@id":"https:\/\/hierostrasbourg.com\/index.php\/2022\/09\/12\/la-rentree-des-conservatoires-les-fermetures-qui-inquietent\/"},"wordCount":125,"publisher":{"@id":"https:\/\/hierostrasbourg.com\/#organization"},"inLanguage":"fr-FR"},{"@type":"WebPage","@id":"https:\/\/hierostrasbourg.com\/index.php\/2022\/09\/12\/la-rentree-des-conservatoires-les-fermetures-qui-inquietent\/","url":"https:\/\/hierostrasbourg.com\/index.php\/2022\/09\/12\/la-rentree-des-conservatoires-les-fermetures-qui-inquietent\/","name":"La rentr\u00e9e des conservatoires : les fermetures qui inqui\u00e8tent - HIERO STRASBOURG","isPartOf":{"@id":"https:\/\/hierostrasbourg.com\/#website"},"datePublished":"2022-09-12T18:31:53+00:00","breadcrumb":{"@id":"https:\/\/hierostrasbourg.com\/index.php\/2022\/09\/12\/la-rentree-des-conservatoires-les-fermetures-qui-inquietent\/#breadcrumb"},"inLanguage":"fr-FR","potentialAction":[{"@type":"ReadAction","target":["https:\/\/hierostrasbourg.com\/index.php\/2022\/09\/12\/la-rentree-des-conservatoires-les-fermetures-qui-inquietent\/"]}]},{"@type":"BreadcrumbList","@id":"https:\/\/hierostrasbourg.com\/index.php\/2022\/09\/12\/la-rentree-des-conservatoires-les-fermetures-qui-inquietent\/#breadcrumb","itemListElement":[{"@type":"ListItem","position":1,"name":"Accueil","item":"https:\/\/hierostrasbourg.com\/"},{"@type":"ListItem","position":2,"name":"La rentr\u00e9e des conservatoires : les fermetures qui inqui\u00e8tent"}]},{"@type":"WebSite","@id":"https:\/\/hierostrasbourg.com\/#website","url":"https:\/\/hierostrasbourg.com\/","name":"HIERO STRASBOURG","description":"Centre de Ressources Musiques Actuelles","publisher":{"@id":"https:\/\/hierostrasbourg.com\/#organization"},"potentialAction":[{"@type":"SearchAction","target":{"@type":"EntryPoint","urlTemplate":"https:\/\/hierostrasbourg.com\/?s={search_term_string}"},"query-input":{"@type":"PropertyValueSpecification","valueRequired":true,"valueName":"search_term_string"}}],"inLanguage":"fr-FR"},{"@type":"Organization","@id":"https:\/\/hierostrasbourg.com\/#organization","name":"F\u00e9d\u00e9ration Hi\u00e9ro Strasbourg","url":"https:\/\/hierostrasbourg.com\/","logo":{"@type":"ImageObject","inLanguage":"fr-FR","@id":"https:\/\/hierostrasbourg.com\/#\/schema\/logo\/image\/","url":"https:\/\/hierostrasbourg.com\/wp-content\/uploads\/2026\/04\/logo-hiero-strasbourg.jpg","contentUrl":"https:\/\/hierostrasbourg.com\/wp-content\/uploads\/2026\/04\/logo-hiero-strasbourg.jpg","width":204,"height":192,"caption":"F\u00e9d\u00e9ration Hi\u00e9ro Strasbourg"},"image":{"@id":"https:\/\/hierostrasbourg.com\/#\/schema\/logo\/image\/"},"sameAs":["https:\/\/www.facebook.com\/fedehierostrasbourg","https:\/\/x.com\/hierostrasbourg"]}]}},"_links":{"self":[{"href":"https:\/\/hierostrasbourg.com\/index.php\/wp-json\/wp\/v2\/posts\/3617","targetHints":{"allow":["GET"]}}],"collection":[{"href":"https:\/\/hierostrasbourg.com\/index.php\/wp-json\/wp\/v2\/posts"}],"about":[{"href":"https:\/\/hierostrasbourg.com\/index.php\/wp-json\/wp\/v2\/types\/post"}],"replies":[{"embeddable":true,"href":"https:\/\/hierostrasbourg.com\/index.php\/wp-json\/wp\/v2\/comments?post=3617"}],"version-history":[{"count":0,"href":"https:\/\/hierostrasbourg.com\/index.php\/wp-json\/wp\/v2\/posts\/3617\/revisions"}],"wp:attachment":[{"href":"https:\/\/hierostrasbourg.com\/index.php\/wp-json\/wp\/v2\/media?parent=3617"}],"wp:term":[{"taxonomy":"category","embeddable":true,"href":"https:\/\/hierostrasbourg.com\/index.php\/wp-json\/wp\/v2\/categories?post=3617"},{"taxonomy":"post_tag","embeddable":true,"href":"https:\/\/hierostrasbourg.com\/index.php\/wp-json\/wp\/v2\/tags?post=3617"}],"curies":[{"name":"wp","href":"https:\/\/api.w.org\/{rel}","templated":true}]}}