{"id":3614,"date":"2022-09-12T17:31:30","date_gmt":"2022-09-12T15:31:30","guid":{"rendered":"https:\/\/hierostrasbourg.com\/index.php\/2022\/09\/12\/appel-a-candidatures-pour-le-5ieme-edition-du-prix-lno\/"},"modified":"2022-09-12T17:31:30","modified_gmt":"2022-09-12T15:31:30","slug":"appel-a-candidatures-pour-le-5ieme-edition-du-prix-lno","status":"publish","type":"post","link":"https:\/\/hierostrasbourg.com\/index.php\/2022\/09\/12\/appel-a-candidatures-pour-le-5ieme-edition-du-prix-lno\/","title":{"rendered":"Appel \u00e0 candidatures pour le 5i\u00e8me \u00e9dition du PRIX LNO"},"content":{"rendered":"<p><a href=\"https:\/\/musiquesactuelles.alsace\/appel-a-candidatures-pour-le-5ieme-edition-du-prix-lno\/\" title=\"Appel \u00e0 candidatures pour le 5i\u00e8me \u00e9dition du PRIX LNO\"><\/a><\/p>\n<p>communiqu\u00e9 En partenariat avec le\u00a0CNM,\u00a0le\u00a0MaMA,\u00a0She.Said.So,\u00a0la GAM, les #PrixLNO reviennent pour leur 5e \u00e9dition pour braquer les projecteurs sur la g\u00e9n\u00e9ration montante de talents de la fili\u00e8re musique. Le vendredi 14 octobre prochain, \u00e0 14:00 sur la sc\u00e8ne de l\u2019Elys\u00e9e-Montmartre au MaMA, 5 prix seront remis \u00e0 10 laur\u00e9at.e.s, r\u00e9compens\u00e9.e.s pour leurs parcours d\u00e9j\u00e0 impressionnants dans l\u2019industrie musicale. Un mois plus tard, 30 talents compl\u00e9mentaires seront distingu\u00e9s parmi celles et ceux ayant candidat\u00e9 aux #PrixLNO : la liste des #30demoinsde30\u00a0sera d\u00e9voil\u00e9e [\u2026]<\/p>\n<p>L\u2019article <a href=\"https:\/\/musiquesactuelles.alsace\/appel-a-candidatures-pour-le-5ieme-edition-du-prix-lno\/\">Appel \u00e0 candidatures pour le 5i\u00e8me \u00e9dition du PRIX LNO<\/a> est apparu en premier sur <a href=\"https:\/\/musiquesactuelles.alsace\/\">Musiques Actuelles en Alsace<\/a>.<\/p>\n<p>L\u2019article <a href=\"https:\/\/popburo.fr\/appel-a-candidatures-pour-le-5ieme-edition-du-prix-lno\/\">Appel \u00e0 candidatures pour le 5i\u00e8me \u00e9dition du PRIX LNO<\/a> est apparu en premier sur <a href=\"https:\/\/popburo.fr\/\">POP B\u00dcRO<\/a>.<\/p>\n","protected":false},"excerpt":{"rendered":"<p>communiqu\u00e9 En partenariat avec le\u00a0CNM,\u00a0le\u00a0MaMA,\u00a0She.Said.So,\u00a0la GAM, les #PrixLNO reviennent pour leur 5e \u00e9dition pour braquer les projecteurs sur la g\u00e9n\u00e9ration montante de talents de la fili\u00e8re musique. Le vendredi 14 octobre prochain, \u00e0 14:00 sur la sc\u00e8ne de l\u2019Elys\u00e9e-Montmartre au MaMA, 5 prix seront remis \u00e0 10 laur\u00e9at.e.s, r\u00e9compens\u00e9.e.s pour leurs parcours d\u00e9j\u00e0 impressionnants dans l\u2019industrie musicale. Un mois plus tard, 30 talents compl\u00e9mentaires seront distingu\u00e9s parmi celles et ceux ayant candidat\u00e9 aux #PrixLNO : la liste des #30demoinsde30\u00a0sera d\u00e9voil\u00e9e [&hellip;]<\/p>\n","protected":false},"author":0,"featured_media":0,"comment_status":"closed","ping_status":"open","sticky":false,"template":"","format":"standard","meta":{"footnotes":""},"categories":[1],"tags":[],"class_list":["post-3614","post","type-post","status-publish","format-standard","hentry","category-non-classe"],"yoast_head":"<!-- This site is optimized with the Yoast SEO plugin v27.5 - https:\/\/yoast.com\/product\/yoast-seo-wordpress\/ -->\n<title>Appel \u00e0 candidatures pour le 5i\u00e8me \u00e9dition du PRIX LNO - HIERO STRASBOURG<\/title>\n<meta name=\"robots\" content=\"index, follow, max-snippet:-1, max-image-preview:large, max-video-preview:-1\" \/>\n<link rel=\"canonical\" href=\"https:\/\/hierostrasbourg.com\/index.php\/2022\/09\/12\/appel-a-candidatures-pour-le-5ieme-edition-du-prix-lno\/\" \/>\n<meta property=\"og:locale\" content=\"fr_FR\" \/>\n<meta property=\"og:type\" content=\"article\" \/>\n<meta property=\"og:title\" content=\"Appel \u00e0 candidatures pour le 5i\u00e8me \u00e9dition du PRIX LNO - HIERO STRASBOURG\" \/>\n<meta property=\"og:description\" content=\"communiqu\u00e9 En partenariat avec le\u00a0CNM,\u00a0le\u00a0MaMA,\u00a0She.Said.So,\u00a0la GAM, les #PrixLNO reviennent pour leur 5e \u00e9dition pour braquer les projecteurs sur la g\u00e9n\u00e9ration montante de talents de la fili\u00e8re musique. Le vendredi 14 octobre prochain, \u00e0 14:00 sur la sc\u00e8ne de l\u2019Elys\u00e9e-Montmartre au MaMA, 5 prix seront remis \u00e0 10 laur\u00e9at.e.s, r\u00e9compens\u00e9.e.s pour leurs parcours d\u00e9j\u00e0 impressionnants dans l\u2019industrie musicale. Un mois plus tard, 30 talents compl\u00e9mentaires seront distingu\u00e9s parmi celles et ceux ayant candidat\u00e9 aux #PrixLNO : la liste des #30demoinsde30\u00a0sera d\u00e9voil\u00e9e [&hellip;]\" \/>\n<meta property=\"og:url\" content=\"https:\/\/hierostrasbourg.com\/index.php\/2022\/09\/12\/appel-a-candidatures-pour-le-5ieme-edition-du-prix-lno\/\" \/>\n<meta property=\"og:site_name\" content=\"HIERO STRASBOURG\" \/>\n<meta property=\"article:publisher\" content=\"https:\/\/www.facebook.com\/fedehierostrasbourg\" \/>\n<meta property=\"article:published_time\" content=\"2022-09-12T15:31:30+00:00\" \/>\n<meta name=\"twitter:card\" content=\"summary_large_image\" \/>\n<meta name=\"twitter:creator\" content=\"@hierostrasbourg\" \/>\n<meta name=\"twitter:site\" content=\"@hierostrasbourg\" \/>\n<meta name=\"twitter:label1\" content=\"Dur\u00e9e de lecture estim\u00e9e\" \/>\n\t<meta name=\"twitter:data1\" content=\"1 minute\" \/>\n<script type=\"application\/ld+json\" class=\"yoast-schema-graph\">{\"@context\":\"https:\\\/\\\/schema.org\",\"@graph\":[{\"@type\":\"Article\",\"@id\":\"https:\\\/\\\/hierostrasbourg.com\\\/index.php\\\/2022\\\/09\\\/12\\\/appel-a-candidatures-pour-le-5ieme-edition-du-prix-lno\\\/#article\",\"isPartOf\":{\"@id\":\"https:\\\/\\\/hierostrasbourg.com\\\/index.php\\\/2022\\\/09\\\/12\\\/appel-a-candidatures-pour-le-5ieme-edition-du-prix-lno\\\/\"},\"author\":{\"name\":\"\",\"@id\":\"\"},\"headline\":\"Appel \u00e0 candidatures pour le 5i\u00e8me \u00e9dition du PRIX LNO\",\"datePublished\":\"2022-09-12T15:31:30+00:00\",\"mainEntityOfPage\":{\"@id\":\"https:\\\/\\\/hierostrasbourg.com\\\/index.php\\\/2022\\\/09\\\/12\\\/appel-a-candidatures-pour-le-5ieme-edition-du-prix-lno\\\/\"},\"wordCount\":149,\"publisher\":{\"@id\":\"https:\\\/\\\/hierostrasbourg.com\\\/#organization\"},\"inLanguage\":\"fr-FR\"},{\"@type\":\"WebPage\",\"@id\":\"https:\\\/\\\/hierostrasbourg.com\\\/index.php\\\/2022\\\/09\\\/12\\\/appel-a-candidatures-pour-le-5ieme-edition-du-prix-lno\\\/\",\"url\":\"https:\\\/\\\/hierostrasbourg.com\\\/index.php\\\/2022\\\/09\\\/12\\\/appel-a-candidatures-pour-le-5ieme-edition-du-prix-lno\\\/\",\"name\":\"Appel \u00e0 candidatures pour le 5i\u00e8me \u00e9dition du PRIX LNO - HIERO STRASBOURG\",\"isPartOf\":{\"@id\":\"https:\\\/\\\/hierostrasbourg.com\\\/#website\"},\"datePublished\":\"2022-09-12T15:31:30+00:00\",\"breadcrumb\":{\"@id\":\"https:\\\/\\\/hierostrasbourg.com\\\/index.php\\\/2022\\\/09\\\/12\\\/appel-a-candidatures-pour-le-5ieme-edition-du-prix-lno\\\/#breadcrumb\"},\"inLanguage\":\"fr-FR\",\"potentialAction\":[{\"@type\":\"ReadAction\",\"target\":[\"https:\\\/\\\/hierostrasbourg.com\\\/index.php\\\/2022\\\/09\\\/12\\\/appel-a-candidatures-pour-le-5ieme-edition-du-prix-lno\\\/\"]}]},{\"@type\":\"BreadcrumbList\",\"@id\":\"https:\\\/\\\/hierostrasbourg.com\\\/index.php\\\/2022\\\/09\\\/12\\\/appel-a-candidatures-pour-le-5ieme-edition-du-prix-lno\\\/#breadcrumb\",\"itemListElement\":[{\"@type\":\"ListItem\",\"position\":1,\"name\":\"Accueil\",\"item\":\"https:\\\/\\\/hierostrasbourg.com\\\/\"},{\"@type\":\"ListItem\",\"position\":2,\"name\":\"Appel \u00e0 candidatures pour le 5i\u00e8me \u00e9dition du PRIX LNO\"}]},{\"@type\":\"WebSite\",\"@id\":\"https:\\\/\\\/hierostrasbourg.com\\\/#website\",\"url\":\"https:\\\/\\\/hierostrasbourg.com\\\/\",\"name\":\"HIERO STRASBOURG\",\"description\":\"Centre de Ressources Musiques Actuelles\",\"publisher\":{\"@id\":\"https:\\\/\\\/hierostrasbourg.com\\\/#organization\"},\"potentialAction\":[{\"@type\":\"SearchAction\",\"target\":{\"@type\":\"EntryPoint\",\"urlTemplate\":\"https:\\\/\\\/hierostrasbourg.com\\\/?s={search_term_string}\"},\"query-input\":{\"@type\":\"PropertyValueSpecification\",\"valueRequired\":true,\"valueName\":\"search_term_string\"}}],\"inLanguage\":\"fr-FR\"},{\"@type\":\"Organization\",\"@id\":\"https:\\\/\\\/hierostrasbourg.com\\\/#organization\",\"name\":\"F\u00e9d\u00e9ration Hi\u00e9ro Strasbourg\",\"url\":\"https:\\\/\\\/hierostrasbourg.com\\\/\",\"logo\":{\"@type\":\"ImageObject\",\"inLanguage\":\"fr-FR\",\"@id\":\"https:\\\/\\\/hierostrasbourg.com\\\/#\\\/schema\\\/logo\\\/image\\\/\",\"url\":\"https:\\\/\\\/hierostrasbourg.com\\\/wp-content\\\/uploads\\\/2026\\\/04\\\/logo-hiero-strasbourg.jpg\",\"contentUrl\":\"https:\\\/\\\/hierostrasbourg.com\\\/wp-content\\\/uploads\\\/2026\\\/04\\\/logo-hiero-strasbourg.jpg\",\"width\":204,\"height\":192,\"caption\":\"F\u00e9d\u00e9ration Hi\u00e9ro Strasbourg\"},\"image\":{\"@id\":\"https:\\\/\\\/hierostrasbourg.com\\\/#\\\/schema\\\/logo\\\/image\\\/\"},\"sameAs\":[\"https:\\\/\\\/www.facebook.com\\\/fedehierostrasbourg\",\"https:\\\/\\\/x.com\\\/hierostrasbourg\"]}]}<\/script>\n<!-- \/ Yoast SEO plugin. -->","yoast_head_json":{"title":"Appel \u00e0 candidatures pour le 5i\u00e8me \u00e9dition du PRIX LNO - HIERO STRASBOURG","robots":{"index":"index","follow":"follow","max-snippet":"max-snippet:-1","max-image-preview":"max-image-preview:large","max-video-preview":"max-video-preview:-1"},"canonical":"https:\/\/hierostrasbourg.com\/index.php\/2022\/09\/12\/appel-a-candidatures-pour-le-5ieme-edition-du-prix-lno\/","og_locale":"fr_FR","og_type":"article","og_title":"Appel \u00e0 candidatures pour le 5i\u00e8me \u00e9dition du PRIX LNO - HIERO STRASBOURG","og_description":"communiqu\u00e9 En partenariat avec le\u00a0CNM,\u00a0le\u00a0MaMA,\u00a0She.Said.So,\u00a0la GAM, les #PrixLNO reviennent pour leur 5e \u00e9dition pour braquer les projecteurs sur la g\u00e9n\u00e9ration montante de talents de la fili\u00e8re musique. Le vendredi 14 octobre prochain, \u00e0 14:00 sur la sc\u00e8ne de l\u2019Elys\u00e9e-Montmartre au MaMA, 5 prix seront remis \u00e0 10 laur\u00e9at.e.s, r\u00e9compens\u00e9.e.s pour leurs parcours d\u00e9j\u00e0 impressionnants dans l\u2019industrie musicale. Un mois plus tard, 30 talents compl\u00e9mentaires seront distingu\u00e9s parmi celles et ceux ayant candidat\u00e9 aux #PrixLNO : la liste des #30demoinsde30\u00a0sera d\u00e9voil\u00e9e [&hellip;]","og_url":"https:\/\/hierostrasbourg.com\/index.php\/2022\/09\/12\/appel-a-candidatures-pour-le-5ieme-edition-du-prix-lno\/","og_site_name":"HIERO STRASBOURG","article_publisher":"https:\/\/www.facebook.com\/fedehierostrasbourg","article_published_time":"2022-09-12T15:31:30+00:00","twitter_card":"summary_large_image","twitter_creator":"@hierostrasbourg","twitter_site":"@hierostrasbourg","twitter_misc":{"Dur\u00e9e de lecture estim\u00e9e":"1 minute"},"schema":{"@context":"https:\/\/schema.org","@graph":[{"@type":"Article","@id":"https:\/\/hierostrasbourg.com\/index.php\/2022\/09\/12\/appel-a-candidatures-pour-le-5ieme-edition-du-prix-lno\/#article","isPartOf":{"@id":"https:\/\/hierostrasbourg.com\/index.php\/2022\/09\/12\/appel-a-candidatures-pour-le-5ieme-edition-du-prix-lno\/"},"author":{"name":"","@id":""},"headline":"Appel \u00e0 candidatures pour le 5i\u00e8me \u00e9dition du PRIX LNO","datePublished":"2022-09-12T15:31:30+00:00","mainEntityOfPage":{"@id":"https:\/\/hierostrasbourg.com\/index.php\/2022\/09\/12\/appel-a-candidatures-pour-le-5ieme-edition-du-prix-lno\/"},"wordCount":149,"publisher":{"@id":"https:\/\/hierostrasbourg.com\/#organization"},"inLanguage":"fr-FR"},{"@type":"WebPage","@id":"https:\/\/hierostrasbourg.com\/index.php\/2022\/09\/12\/appel-a-candidatures-pour-le-5ieme-edition-du-prix-lno\/","url":"https:\/\/hierostrasbourg.com\/index.php\/2022\/09\/12\/appel-a-candidatures-pour-le-5ieme-edition-du-prix-lno\/","name":"Appel \u00e0 candidatures pour le 5i\u00e8me \u00e9dition du PRIX LNO - HIERO STRASBOURG","isPartOf":{"@id":"https:\/\/hierostrasbourg.com\/#website"},"datePublished":"2022-09-12T15:31:30+00:00","breadcrumb":{"@id":"https:\/\/hierostrasbourg.com\/index.php\/2022\/09\/12\/appel-a-candidatures-pour-le-5ieme-edition-du-prix-lno\/#breadcrumb"},"inLanguage":"fr-FR","potentialAction":[{"@type":"ReadAction","target":["https:\/\/hierostrasbourg.com\/index.php\/2022\/09\/12\/appel-a-candidatures-pour-le-5ieme-edition-du-prix-lno\/"]}]},{"@type":"BreadcrumbList","@id":"https:\/\/hierostrasbourg.com\/index.php\/2022\/09\/12\/appel-a-candidatures-pour-le-5ieme-edition-du-prix-lno\/#breadcrumb","itemListElement":[{"@type":"ListItem","position":1,"name":"Accueil","item":"https:\/\/hierostrasbourg.com\/"},{"@type":"ListItem","position":2,"name":"Appel \u00e0 candidatures pour le 5i\u00e8me \u00e9dition du PRIX LNO"}]},{"@type":"WebSite","@id":"https:\/\/hierostrasbourg.com\/#website","url":"https:\/\/hierostrasbourg.com\/","name":"HIERO STRASBOURG","description":"Centre de Ressources Musiques Actuelles","publisher":{"@id":"https:\/\/hierostrasbourg.com\/#organization"},"potentialAction":[{"@type":"SearchAction","target":{"@type":"EntryPoint","urlTemplate":"https:\/\/hierostrasbourg.com\/?s={search_term_string}"},"query-input":{"@type":"PropertyValueSpecification","valueRequired":true,"valueName":"search_term_string"}}],"inLanguage":"fr-FR"},{"@type":"Organization","@id":"https:\/\/hierostrasbourg.com\/#organization","name":"F\u00e9d\u00e9ration Hi\u00e9ro Strasbourg","url":"https:\/\/hierostrasbourg.com\/","logo":{"@type":"ImageObject","inLanguage":"fr-FR","@id":"https:\/\/hierostrasbourg.com\/#\/schema\/logo\/image\/","url":"https:\/\/hierostrasbourg.com\/wp-content\/uploads\/2026\/04\/logo-hiero-strasbourg.jpg","contentUrl":"https:\/\/hierostrasbourg.com\/wp-content\/uploads\/2026\/04\/logo-hiero-strasbourg.jpg","width":204,"height":192,"caption":"F\u00e9d\u00e9ration Hi\u00e9ro Strasbourg"},"image":{"@id":"https:\/\/hierostrasbourg.com\/#\/schema\/logo\/image\/"},"sameAs":["https:\/\/www.facebook.com\/fedehierostrasbourg","https:\/\/x.com\/hierostrasbourg"]}]}},"_links":{"self":[{"href":"https:\/\/hierostrasbourg.com\/index.php\/wp-json\/wp\/v2\/posts\/3614","targetHints":{"allow":["GET"]}}],"collection":[{"href":"https:\/\/hierostrasbourg.com\/index.php\/wp-json\/wp\/v2\/posts"}],"about":[{"href":"https:\/\/hierostrasbourg.com\/index.php\/wp-json\/wp\/v2\/types\/post"}],"replies":[{"embeddable":true,"href":"https:\/\/hierostrasbourg.com\/index.php\/wp-json\/wp\/v2\/comments?post=3614"}],"version-history":[{"count":0,"href":"https:\/\/hierostrasbourg.com\/index.php\/wp-json\/wp\/v2\/posts\/3614\/revisions"}],"wp:attachment":[{"href":"https:\/\/hierostrasbourg.com\/index.php\/wp-json\/wp\/v2\/media?parent=3614"}],"wp:term":[{"taxonomy":"category","embeddable":true,"href":"https:\/\/hierostrasbourg.com\/index.php\/wp-json\/wp\/v2\/categories?post=3614"},{"taxonomy":"post_tag","embeddable":true,"href":"https:\/\/hierostrasbourg.com\/index.php\/wp-json\/wp\/v2\/tags?post=3614"}],"curies":[{"name":"wp","href":"https:\/\/api.w.org\/{rel}","templated":true}]}}