{"id":3591,"date":"2022-09-07T17:33:17","date_gmt":"2022-09-07T15:33:17","guid":{"rendered":"https:\/\/hierostrasbourg.com\/index.php\/2022\/09\/07\/4e-barometre-flash-de-la-cofac-coordination-des-federations-et-associations-de-culture-et-de-communication-2\/"},"modified":"2022-09-07T17:33:17","modified_gmt":"2022-09-07T15:33:17","slug":"4e-barometre-flash-de-la-cofac-coordination-des-federations-et-associations-de-culture-et-de-communication-2","status":"publish","type":"post","link":"https:\/\/hierostrasbourg.com\/index.php\/2022\/09\/07\/4e-barometre-flash-de-la-cofac-coordination-des-federations-et-associations-de-culture-et-de-communication-2\/","title":{"rendered":"4e Barom\u00e8tre Flash de la COFAC [Coordination des f\u00e9d\u00e9rations et associations de culture et de communication]"},"content":{"rendered":"<p><span>communiqu\u00e9<\/span><\/p>\n<p><em>Le Barom\u00e8tre Flash de la COFAC sonde les associations culturelles afin de mieux comprendre et anticiper leurs besoins. Tenue en ligne du 2 juin au 5 juillet 2022, la 4e \u00e9dition du barom\u00e8tre r\u00e9v\u00e8le les entraves dont souffrent les responsables des associations culturelles, au premier lieu desquelles une situation financi\u00e8re inqui\u00e9tante et un manque cruel de reconnaissance et de soutien de la part des pouvoirs publics, qui freine la mobilisation b\u00e9n\u00e9vole. <\/em><br \/><em>Voil\u00e0 l\u2019heure de la rentr\u00e9e, et notamment des inscriptions aux activit\u00e9s culturelles pour les familles. Cependant, certaines trouveront cette ann\u00e9e porte close. Et pour cause, le secteur culturel n\u2019a pas \u00e9t\u00e9 seulement victime du confinement, il est \u00e9galement d\u00e9cr\u00e9dibilis\u00e9 dans le d\u00e9bat public. D\u00e9clar\u00e9es \u00ab non-essentielles \u00bb pendant la crise sanitaire, les associations culturelles vont devoir assumer les cons\u00e9quences du discours sur la \u00ab fin de l\u2019abondance \u00bb, qui laisse craindre une nouvelle \u00e9tape dans leur abandon par l\u2019Etat. L\u2019existence des associations culturelles est d\u00e9sormais menac\u00e9e ; des fermetures sont d\u00e9j\u00e0 programm\u00e9es. Leur disparition fait na\u00eetre un risque r\u00e9el sur la qualit\u00e9 du lien culturel et social, car ce sont elles qui maillent l\u2019ensemble des territoires, au plus proche des personnes. <\/em><br \/><em>En premier lieu, plus de la moiti\u00e9 de nos associations constatent que leurs adh\u00e9rents ne sont pas tous revenus et peinent \u00e0 maintenir leurs activit\u00e9s. En cons\u00e9quence, une situation financi\u00e8re d\u00e9grad\u00e9e affecte 4 associations sur 10. Les budgets culturels faisant office de variable d\u2019ajustement dans les budgets locaux, ces associations font face de surcroit \u00e0 une baisse sensible des subventions. <\/em><br \/><em>De plus, le manque de consid\u00e9ration et de valorisation inspire aux responsables associatifs le sentiment d\u2019\u00eatre ignor\u00e9s. Plus de trois quarts d\u2019entre eux consid\u00e8rent qu\u2019ils ne sont pas suffisamment soutenus par les pouvoirs publics nationaux et r\u00e9gionaux. <\/em><br \/><em>Dans ce contexte, les associations cherchent \u00e0 mobiliser leurs b\u00e9n\u00e9voles et luttent contre le d\u00e9couragement et la lassitude. Malgr\u00e9 ces efforts, l\u2019implication de nouveaux b\u00e9n\u00e9voles ne permet pas de compenser le d\u00e9part de leurs pr\u00e9d\u00e9cesseurs dans 58% des associations. <\/em><br \/><em>Il est donc urgent de r\u00e9affirmer le caract\u00e8re essentiel des associations culturelles au service du lien social et de l\u2019\u00e9panouissement collectif. Cette reconnaissance doit articuler valorisation, financement et accompagnement. Ne croyons pas que les crises nous forcent \u00e0 abandonner notre vie culturelle. Le quinquennat qui s\u2019ouvre est l\u2019opportunit\u00e9 d\u2019\u00e9crire un nouveau chapitre dans la co-construction d\u2019une offre culturelle pour tous et avec tous.<\/em><\/p>\n<p>\u00a0<\/p>\n<div class=\"ead-preview\">\n<div class=\"ead-document\">\n<div class=\"ead-iframe-wrapper\"><\/div>\n<div class=\"ead-document-loading\">\n<div class=\"ead-loading-wrap\">\n<div class=\"ead-loading-main\">\n<div class=\"ead-loading\">\n\t\t\t\t\t\t\t<span>En cours de chargement\u2026<\/span>\n\t\t\t\t\t\t<\/div>\n<\/p><\/div>\n<div class=\"ead-loading-foot\">\n<div class=\"ead-loading-foot-title\">\n\t\t\t\t\t\t\t<span>Cela prend trop de temps\u00a0?<\/span>\n\t\t\t\t\t\t<\/div>\n<\/p>\n<div class=\"ead-document-btn ead-reload-btn\">\n\t\t\t\t\t\t\t\t Recharger le document\t\t\t\t\t\t\t<\/div>\n<p>\t\t\t\t\t\t\t<span>|<\/span><br \/>\n\t\t\t\t\t\t\t<a href=\"https:\/\/lamultinationaledelunderground.com\/musiquesactuelles\/wp-content\/uploads\/2022\/09\/4e-barometre-flash-1.pdf\" class=\"ead-document-btn\" target=\"_blank\" rel=\"noopener\"><br \/>\n\t\t\t\t\t\t\t\t Ouvrir dans un nouvel onglet\t\t\t\t\t\t\t<\/a>\n\t\t\t\t\t<\/div>\n<\/p><\/div>\n<\/p><\/div>\n<\/p><\/div>\n<p class=\"embed_download\"><a href=\"https:\/\/lamultinationaledelunderground.com\/musiquesactuelles\/wp-content\/uploads\/2022\/09\/4e-barometre-flash-1.pdf\">\ufeffT\u00e9l\u00e9charger [745.31 KB] <\/a><\/p>\n<\/div>\n<p>L\u2019article <a href=\"https:\/\/popburo.fr\/4e-barometre-flash-de-la-cofac-coordination-des-federations-et-associations-de-culture-et-de-communication\/\">4e Barom\u00e8tre Flash de la COFAC [Coordination des f\u00e9d\u00e9rations et associations de culture et de communication]<\/a> est apparu en premier sur <a href=\"https:\/\/popburo.fr\/\">POP B\u00dcRO<\/a>.<\/p>\n","protected":false},"excerpt":{"rendered":"<p>communiqu\u00e9 Le Barom\u00e8tre Flash de la COFAC sonde les associations culturelles afin de mieux comprendre et anticiper leurs besoins. Tenue en ligne du 2 juin au 5 juillet 2022, la 4e \u00e9dition du barom\u00e8tre r\u00e9v\u00e8le les entraves dont souffrent les responsables des associations culturelles, au premier lieu desquelles une situation financi\u00e8re inqui\u00e9tante et un manque cruel de reconnaissance et de soutien de la part des pouvoirs publics, qui freine la mobilisation b\u00e9n\u00e9vole. Voil\u00e0 l\u2019heure de la rentr\u00e9e, et notamment des [&hellip;]<\/p>\n","protected":false},"author":0,"featured_media":0,"comment_status":"closed","ping_status":"open","sticky":false,"template":"","format":"standard","meta":{"footnotes":""},"categories":[1],"tags":[],"class_list":["post-3591","post","type-post","status-publish","format-standard","hentry","category-non-classe"],"yoast_head":"<!-- This site is optimized with the Yoast SEO plugin v27.5 - https:\/\/yoast.com\/product\/yoast-seo-wordpress\/ -->\n<title>4e Barom\u00e8tre Flash de la COFAC [Coordination des f\u00e9d\u00e9rations et associations de culture et de communication] - HIERO STRASBOURG<\/title>\n<meta name=\"robots\" content=\"index, follow, max-snippet:-1, max-image-preview:large, max-video-preview:-1\" \/>\n<link rel=\"canonical\" href=\"https:\/\/hierostrasbourg.com\/index.php\/2022\/09\/07\/4e-barometre-flash-de-la-cofac-coordination-des-federations-et-associations-de-culture-et-de-communication-2\/\" \/>\n<meta property=\"og:locale\" content=\"fr_FR\" \/>\n<meta property=\"og:type\" content=\"article\" \/>\n<meta property=\"og:title\" content=\"4e Barom\u00e8tre Flash de la COFAC [Coordination des f\u00e9d\u00e9rations et associations de culture et de communication] - HIERO STRASBOURG\" \/>\n<meta property=\"og:description\" content=\"communiqu\u00e9 Le Barom\u00e8tre Flash de la COFAC sonde les associations culturelles afin de mieux comprendre et anticiper leurs besoins. Tenue en ligne du 2 juin au 5 juillet 2022, la 4e \u00e9dition du barom\u00e8tre r\u00e9v\u00e8le les entraves dont souffrent les responsables des associations culturelles, au premier lieu desquelles une situation financi\u00e8re inqui\u00e9tante et un manque cruel de reconnaissance et de soutien de la part des pouvoirs publics, qui freine la mobilisation b\u00e9n\u00e9vole. Voil\u00e0 l\u2019heure de la rentr\u00e9e, et notamment des [&hellip;]\" \/>\n<meta property=\"og:url\" content=\"https:\/\/hierostrasbourg.com\/index.php\/2022\/09\/07\/4e-barometre-flash-de-la-cofac-coordination-des-federations-et-associations-de-culture-et-de-communication-2\/\" \/>\n<meta property=\"og:site_name\" content=\"HIERO STRASBOURG\" \/>\n<meta property=\"article:publisher\" content=\"https:\/\/www.facebook.com\/fedehierostrasbourg\" \/>\n<meta property=\"article:published_time\" content=\"2022-09-07T15:33:17+00:00\" \/>\n<meta name=\"twitter:card\" content=\"summary_large_image\" \/>\n<meta name=\"twitter:creator\" content=\"@hierostrasbourg\" \/>\n<meta name=\"twitter:site\" content=\"@hierostrasbourg\" \/>\n<meta name=\"twitter:label1\" content=\"Dur\u00e9e de lecture estim\u00e9e\" \/>\n\t<meta name=\"twitter:data1\" content=\"2 minutes\" \/>\n<script type=\"application\/ld+json\" class=\"yoast-schema-graph\">{\"@context\":\"https:\\\/\\\/schema.org\",\"@graph\":[{\"@type\":\"Article\",\"@id\":\"https:\\\/\\\/hierostrasbourg.com\\\/index.php\\\/2022\\\/09\\\/07\\\/4e-barometre-flash-de-la-cofac-coordination-des-federations-et-associations-de-culture-et-de-communication-2\\\/#article\",\"isPartOf\":{\"@id\":\"https:\\\/\\\/hierostrasbourg.com\\\/index.php\\\/2022\\\/09\\\/07\\\/4e-barometre-flash-de-la-cofac-coordination-des-federations-et-associations-de-culture-et-de-communication-2\\\/\"},\"author\":{\"name\":\"\",\"@id\":\"\"},\"headline\":\"4e Barom\u00e8tre Flash de la COFAC [Coordination des f\u00e9d\u00e9rations et associations de culture et de communication]\",\"datePublished\":\"2022-09-07T15:33:17+00:00\",\"mainEntityOfPage\":{\"@id\":\"https:\\\/\\\/hierostrasbourg.com\\\/index.php\\\/2022\\\/09\\\/07\\\/4e-barometre-flash-de-la-cofac-coordination-des-federations-et-associations-de-culture-et-de-communication-2\\\/\"},\"wordCount\":505,\"publisher\":{\"@id\":\"https:\\\/\\\/hierostrasbourg.com\\\/#organization\"},\"inLanguage\":\"fr-FR\"},{\"@type\":\"WebPage\",\"@id\":\"https:\\\/\\\/hierostrasbourg.com\\\/index.php\\\/2022\\\/09\\\/07\\\/4e-barometre-flash-de-la-cofac-coordination-des-federations-et-associations-de-culture-et-de-communication-2\\\/\",\"url\":\"https:\\\/\\\/hierostrasbourg.com\\\/index.php\\\/2022\\\/09\\\/07\\\/4e-barometre-flash-de-la-cofac-coordination-des-federations-et-associations-de-culture-et-de-communication-2\\\/\",\"name\":\"4e Barom\u00e8tre Flash de la COFAC [Coordination des f\u00e9d\u00e9rations et associations de culture et de communication] - HIERO STRASBOURG\",\"isPartOf\":{\"@id\":\"https:\\\/\\\/hierostrasbourg.com\\\/#website\"},\"datePublished\":\"2022-09-07T15:33:17+00:00\",\"breadcrumb\":{\"@id\":\"https:\\\/\\\/hierostrasbourg.com\\\/index.php\\\/2022\\\/09\\\/07\\\/4e-barometre-flash-de-la-cofac-coordination-des-federations-et-associations-de-culture-et-de-communication-2\\\/#breadcrumb\"},\"inLanguage\":\"fr-FR\",\"potentialAction\":[{\"@type\":\"ReadAction\",\"target\":[\"https:\\\/\\\/hierostrasbourg.com\\\/index.php\\\/2022\\\/09\\\/07\\\/4e-barometre-flash-de-la-cofac-coordination-des-federations-et-associations-de-culture-et-de-communication-2\\\/\"]}]},{\"@type\":\"BreadcrumbList\",\"@id\":\"https:\\\/\\\/hierostrasbourg.com\\\/index.php\\\/2022\\\/09\\\/07\\\/4e-barometre-flash-de-la-cofac-coordination-des-federations-et-associations-de-culture-et-de-communication-2\\\/#breadcrumb\",\"itemListElement\":[{\"@type\":\"ListItem\",\"position\":1,\"name\":\"Accueil\",\"item\":\"https:\\\/\\\/hierostrasbourg.com\\\/\"},{\"@type\":\"ListItem\",\"position\":2,\"name\":\"4e Barom\u00e8tre Flash de la COFAC [Coordination des f\u00e9d\u00e9rations et associations de culture et de communication]\"}]},{\"@type\":\"WebSite\",\"@id\":\"https:\\\/\\\/hierostrasbourg.com\\\/#website\",\"url\":\"https:\\\/\\\/hierostrasbourg.com\\\/\",\"name\":\"HIERO STRASBOURG\",\"description\":\"Centre de Ressources Musiques Actuelles\",\"publisher\":{\"@id\":\"https:\\\/\\\/hierostrasbourg.com\\\/#organization\"},\"potentialAction\":[{\"@type\":\"SearchAction\",\"target\":{\"@type\":\"EntryPoint\",\"urlTemplate\":\"https:\\\/\\\/hierostrasbourg.com\\\/?s={search_term_string}\"},\"query-input\":{\"@type\":\"PropertyValueSpecification\",\"valueRequired\":true,\"valueName\":\"search_term_string\"}}],\"inLanguage\":\"fr-FR\"},{\"@type\":\"Organization\",\"@id\":\"https:\\\/\\\/hierostrasbourg.com\\\/#organization\",\"name\":\"F\u00e9d\u00e9ration Hi\u00e9ro Strasbourg\",\"url\":\"https:\\\/\\\/hierostrasbourg.com\\\/\",\"logo\":{\"@type\":\"ImageObject\",\"inLanguage\":\"fr-FR\",\"@id\":\"https:\\\/\\\/hierostrasbourg.com\\\/#\\\/schema\\\/logo\\\/image\\\/\",\"url\":\"https:\\\/\\\/hierostrasbourg.com\\\/wp-content\\\/uploads\\\/2026\\\/04\\\/logo-hiero-strasbourg.jpg\",\"contentUrl\":\"https:\\\/\\\/hierostrasbourg.com\\\/wp-content\\\/uploads\\\/2026\\\/04\\\/logo-hiero-strasbourg.jpg\",\"width\":204,\"height\":192,\"caption\":\"F\u00e9d\u00e9ration Hi\u00e9ro Strasbourg\"},\"image\":{\"@id\":\"https:\\\/\\\/hierostrasbourg.com\\\/#\\\/schema\\\/logo\\\/image\\\/\"},\"sameAs\":[\"https:\\\/\\\/www.facebook.com\\\/fedehierostrasbourg\",\"https:\\\/\\\/x.com\\\/hierostrasbourg\"]}]}<\/script>\n<!-- \/ Yoast SEO plugin. -->","yoast_head_json":{"title":"4e Barom\u00e8tre Flash de la COFAC [Coordination des f\u00e9d\u00e9rations et associations de culture et de communication] - HIERO STRASBOURG","robots":{"index":"index","follow":"follow","max-snippet":"max-snippet:-1","max-image-preview":"max-image-preview:large","max-video-preview":"max-video-preview:-1"},"canonical":"https:\/\/hierostrasbourg.com\/index.php\/2022\/09\/07\/4e-barometre-flash-de-la-cofac-coordination-des-federations-et-associations-de-culture-et-de-communication-2\/","og_locale":"fr_FR","og_type":"article","og_title":"4e Barom\u00e8tre Flash de la COFAC [Coordination des f\u00e9d\u00e9rations et associations de culture et de communication] - HIERO STRASBOURG","og_description":"communiqu\u00e9 Le Barom\u00e8tre Flash de la COFAC sonde les associations culturelles afin de mieux comprendre et anticiper leurs besoins. Tenue en ligne du 2 juin au 5 juillet 2022, la 4e \u00e9dition du barom\u00e8tre r\u00e9v\u00e8le les entraves dont souffrent les responsables des associations culturelles, au premier lieu desquelles une situation financi\u00e8re inqui\u00e9tante et un manque cruel de reconnaissance et de soutien de la part des pouvoirs publics, qui freine la mobilisation b\u00e9n\u00e9vole. Voil\u00e0 l\u2019heure de la rentr\u00e9e, et notamment des [&hellip;]","og_url":"https:\/\/hierostrasbourg.com\/index.php\/2022\/09\/07\/4e-barometre-flash-de-la-cofac-coordination-des-federations-et-associations-de-culture-et-de-communication-2\/","og_site_name":"HIERO STRASBOURG","article_publisher":"https:\/\/www.facebook.com\/fedehierostrasbourg","article_published_time":"2022-09-07T15:33:17+00:00","twitter_card":"summary_large_image","twitter_creator":"@hierostrasbourg","twitter_site":"@hierostrasbourg","twitter_misc":{"Dur\u00e9e de lecture estim\u00e9e":"2 minutes"},"schema":{"@context":"https:\/\/schema.org","@graph":[{"@type":"Article","@id":"https:\/\/hierostrasbourg.com\/index.php\/2022\/09\/07\/4e-barometre-flash-de-la-cofac-coordination-des-federations-et-associations-de-culture-et-de-communication-2\/#article","isPartOf":{"@id":"https:\/\/hierostrasbourg.com\/index.php\/2022\/09\/07\/4e-barometre-flash-de-la-cofac-coordination-des-federations-et-associations-de-culture-et-de-communication-2\/"},"author":{"name":"","@id":""},"headline":"4e Barom\u00e8tre Flash de la COFAC [Coordination des f\u00e9d\u00e9rations et associations de culture et de communication]","datePublished":"2022-09-07T15:33:17+00:00","mainEntityOfPage":{"@id":"https:\/\/hierostrasbourg.com\/index.php\/2022\/09\/07\/4e-barometre-flash-de-la-cofac-coordination-des-federations-et-associations-de-culture-et-de-communication-2\/"},"wordCount":505,"publisher":{"@id":"https:\/\/hierostrasbourg.com\/#organization"},"inLanguage":"fr-FR"},{"@type":"WebPage","@id":"https:\/\/hierostrasbourg.com\/index.php\/2022\/09\/07\/4e-barometre-flash-de-la-cofac-coordination-des-federations-et-associations-de-culture-et-de-communication-2\/","url":"https:\/\/hierostrasbourg.com\/index.php\/2022\/09\/07\/4e-barometre-flash-de-la-cofac-coordination-des-federations-et-associations-de-culture-et-de-communication-2\/","name":"4e Barom\u00e8tre Flash de la COFAC [Coordination des f\u00e9d\u00e9rations et associations de culture et de communication] - HIERO STRASBOURG","isPartOf":{"@id":"https:\/\/hierostrasbourg.com\/#website"},"datePublished":"2022-09-07T15:33:17+00:00","breadcrumb":{"@id":"https:\/\/hierostrasbourg.com\/index.php\/2022\/09\/07\/4e-barometre-flash-de-la-cofac-coordination-des-federations-et-associations-de-culture-et-de-communication-2\/#breadcrumb"},"inLanguage":"fr-FR","potentialAction":[{"@type":"ReadAction","target":["https:\/\/hierostrasbourg.com\/index.php\/2022\/09\/07\/4e-barometre-flash-de-la-cofac-coordination-des-federations-et-associations-de-culture-et-de-communication-2\/"]}]},{"@type":"BreadcrumbList","@id":"https:\/\/hierostrasbourg.com\/index.php\/2022\/09\/07\/4e-barometre-flash-de-la-cofac-coordination-des-federations-et-associations-de-culture-et-de-communication-2\/#breadcrumb","itemListElement":[{"@type":"ListItem","position":1,"name":"Accueil","item":"https:\/\/hierostrasbourg.com\/"},{"@type":"ListItem","position":2,"name":"4e Barom\u00e8tre Flash de la COFAC [Coordination des f\u00e9d\u00e9rations et associations de culture et de communication]"}]},{"@type":"WebSite","@id":"https:\/\/hierostrasbourg.com\/#website","url":"https:\/\/hierostrasbourg.com\/","name":"HIERO STRASBOURG","description":"Centre de Ressources Musiques Actuelles","publisher":{"@id":"https:\/\/hierostrasbourg.com\/#organization"},"potentialAction":[{"@type":"SearchAction","target":{"@type":"EntryPoint","urlTemplate":"https:\/\/hierostrasbourg.com\/?s={search_term_string}"},"query-input":{"@type":"PropertyValueSpecification","valueRequired":true,"valueName":"search_term_string"}}],"inLanguage":"fr-FR"},{"@type":"Organization","@id":"https:\/\/hierostrasbourg.com\/#organization","name":"F\u00e9d\u00e9ration Hi\u00e9ro Strasbourg","url":"https:\/\/hierostrasbourg.com\/","logo":{"@type":"ImageObject","inLanguage":"fr-FR","@id":"https:\/\/hierostrasbourg.com\/#\/schema\/logo\/image\/","url":"https:\/\/hierostrasbourg.com\/wp-content\/uploads\/2026\/04\/logo-hiero-strasbourg.jpg","contentUrl":"https:\/\/hierostrasbourg.com\/wp-content\/uploads\/2026\/04\/logo-hiero-strasbourg.jpg","width":204,"height":192,"caption":"F\u00e9d\u00e9ration Hi\u00e9ro Strasbourg"},"image":{"@id":"https:\/\/hierostrasbourg.com\/#\/schema\/logo\/image\/"},"sameAs":["https:\/\/www.facebook.com\/fedehierostrasbourg","https:\/\/x.com\/hierostrasbourg"]}]}},"_links":{"self":[{"href":"https:\/\/hierostrasbourg.com\/index.php\/wp-json\/wp\/v2\/posts\/3591","targetHints":{"allow":["GET"]}}],"collection":[{"href":"https:\/\/hierostrasbourg.com\/index.php\/wp-json\/wp\/v2\/posts"}],"about":[{"href":"https:\/\/hierostrasbourg.com\/index.php\/wp-json\/wp\/v2\/types\/post"}],"replies":[{"embeddable":true,"href":"https:\/\/hierostrasbourg.com\/index.php\/wp-json\/wp\/v2\/comments?post=3591"}],"version-history":[{"count":0,"href":"https:\/\/hierostrasbourg.com\/index.php\/wp-json\/wp\/v2\/posts\/3591\/revisions"}],"wp:attachment":[{"href":"https:\/\/hierostrasbourg.com\/index.php\/wp-json\/wp\/v2\/media?parent=3591"}],"wp:term":[{"taxonomy":"category","embeddable":true,"href":"https:\/\/hierostrasbourg.com\/index.php\/wp-json\/wp\/v2\/categories?post=3591"},{"taxonomy":"post_tag","embeddable":true,"href":"https:\/\/hierostrasbourg.com\/index.php\/wp-json\/wp\/v2\/tags?post=3591"}],"curies":[{"name":"wp","href":"https:\/\/api.w.org\/{rel}","templated":true}]}}