{"id":3590,"date":"2022-09-07T17:33:17","date_gmt":"2022-09-07T15:33:17","guid":{"rendered":"https:\/\/hierostrasbourg.com\/index.php\/2022\/09\/07\/4e-barometre-flash-de-la-cofac-coordination-des-federations-et-associations-de-culture-et-de-communication\/"},"modified":"2022-09-07T17:33:17","modified_gmt":"2022-09-07T15:33:17","slug":"4e-barometre-flash-de-la-cofac-coordination-des-federations-et-associations-de-culture-et-de-communication","status":"publish","type":"post","link":"https:\/\/hierostrasbourg.com\/index.php\/2022\/09\/07\/4e-barometre-flash-de-la-cofac-coordination-des-federations-et-associations-de-culture-et-de-communication\/","title":{"rendered":"4e Barom\u00e8tre Flash de la COFAC [Coordination des f\u00e9d\u00e9rations et associations de culture et de communication]"},"content":{"rendered":"<p><a href=\"https:\/\/musiquesactuelles.alsace\/4e-barometre-flash-de-la-cofac-coordination-des-federations-et-associations-de-culture-et-de-communication\/\" title=\"4e Barom\u00e8tre Flash de la COFAC [Coordination des f\u00e9d\u00e9rations et associations de culture et de communication]\"><\/a><\/p>\n<p>communiqu\u00e9 Le Barom\u00e8tre Flash de la COFAC sonde les associations culturelles afin de mieux comprendre et anticiper leurs besoins. Tenue en ligne du 2 juin au 5 juillet 2022, la 4e \u00e9dition du barom\u00e8tre r\u00e9v\u00e8le les entraves dont souffrent les responsables des associations culturelles, au premier lieu desquelles une situation financi\u00e8re inqui\u00e9tante et un manque cruel de reconnaissance et de soutien de la part des pouvoirs publics, qui freine la mobilisation b\u00e9n\u00e9vole. Voil\u00e0 l\u2019heure de la rentr\u00e9e, et notamment des [\u2026]<\/p>\n<p>L\u2019article <a href=\"https:\/\/musiquesactuelles.alsace\/4e-barometre-flash-de-la-cofac-coordination-des-federations-et-associations-de-culture-et-de-communication\/\">4e Barom\u00e8tre Flash de la COFAC [Coordination des f\u00e9d\u00e9rations et associations de culture et de communication]<\/a> est apparu en premier sur <a href=\"https:\/\/musiquesactuelles.alsace\/\">Musiques Actuelles en Alsace<\/a>.<\/p>\n<p>L\u2019article <a href=\"https:\/\/popburo.fr\/4e-barometre-flash-de-la-cofac-coordination-des-federations-et-associations-de-culture-et-de-communication-2\/\">4e Barom\u00e8tre Flash de la COFAC [Coordination des f\u00e9d\u00e9rations et associations de culture et de communication]<\/a> est apparu en premier sur <a href=\"https:\/\/popburo.fr\/\">POP B\u00dcRO<\/a>.<\/p>\n","protected":false},"excerpt":{"rendered":"<p>communiqu\u00e9 Le Barom\u00e8tre Flash de la COFAC sonde les associations culturelles afin de mieux comprendre et anticiper leurs besoins. Tenue en ligne du 2 juin au 5 juillet 2022, la 4e \u00e9dition du barom\u00e8tre r\u00e9v\u00e8le les entraves dont souffrent les responsables des associations culturelles, au premier lieu desquelles une situation financi\u00e8re inqui\u00e9tante et un manque cruel de reconnaissance et de soutien de la part des pouvoirs publics, qui freine la mobilisation b\u00e9n\u00e9vole. Voil\u00e0 l\u2019heure de la rentr\u00e9e, et notamment des [&hellip;]<\/p>\n","protected":false},"author":0,"featured_media":0,"comment_status":"closed","ping_status":"open","sticky":false,"template":"","format":"standard","meta":{"footnotes":""},"categories":[1],"tags":[],"class_list":["post-3590","post","type-post","status-publish","format-standard","hentry","category-non-classe"],"yoast_head":"<!-- This site is optimized with the Yoast SEO plugin v27.5 - https:\/\/yoast.com\/product\/yoast-seo-wordpress\/ -->\n<title>4e Barom\u00e8tre Flash de la COFAC [Coordination des f\u00e9d\u00e9rations et associations de culture et de communication] - HIERO STRASBOURG<\/title>\n<meta name=\"robots\" content=\"index, follow, max-snippet:-1, max-image-preview:large, max-video-preview:-1\" \/>\n<link rel=\"canonical\" href=\"https:\/\/hierostrasbourg.com\/index.php\/2022\/09\/07\/4e-barometre-flash-de-la-cofac-coordination-des-federations-et-associations-de-culture-et-de-communication\/\" \/>\n<meta property=\"og:locale\" content=\"fr_FR\" \/>\n<meta property=\"og:type\" content=\"article\" \/>\n<meta property=\"og:title\" content=\"4e Barom\u00e8tre Flash de la COFAC [Coordination des f\u00e9d\u00e9rations et associations de culture et de communication] - HIERO STRASBOURG\" \/>\n<meta property=\"og:description\" content=\"communiqu\u00e9 Le Barom\u00e8tre Flash de la COFAC sonde les associations culturelles afin de mieux comprendre et anticiper leurs besoins. Tenue en ligne du 2 juin au 5 juillet 2022, la 4e \u00e9dition du barom\u00e8tre r\u00e9v\u00e8le les entraves dont souffrent les responsables des associations culturelles, au premier lieu desquelles une situation financi\u00e8re inqui\u00e9tante et un manque cruel de reconnaissance et de soutien de la part des pouvoirs publics, qui freine la mobilisation b\u00e9n\u00e9vole. Voil\u00e0 l\u2019heure de la rentr\u00e9e, et notamment des [&hellip;]\" \/>\n<meta property=\"og:url\" content=\"https:\/\/hierostrasbourg.com\/index.php\/2022\/09\/07\/4e-barometre-flash-de-la-cofac-coordination-des-federations-et-associations-de-culture-et-de-communication\/\" \/>\n<meta property=\"og:site_name\" content=\"HIERO STRASBOURG\" \/>\n<meta property=\"article:publisher\" content=\"https:\/\/www.facebook.com\/fedehierostrasbourg\" \/>\n<meta property=\"article:published_time\" content=\"2022-09-07T15:33:17+00:00\" \/>\n<meta name=\"twitter:card\" content=\"summary_large_image\" \/>\n<meta name=\"twitter:creator\" content=\"@hierostrasbourg\" \/>\n<meta name=\"twitter:site\" content=\"@hierostrasbourg\" \/>\n<meta name=\"twitter:label1\" content=\"Dur\u00e9e de lecture estim\u00e9e\" \/>\n\t<meta name=\"twitter:data1\" content=\"1 minute\" \/>\n<script type=\"application\/ld+json\" class=\"yoast-schema-graph\">{\"@context\":\"https:\\\/\\\/schema.org\",\"@graph\":[{\"@type\":\"Article\",\"@id\":\"https:\\\/\\\/hierostrasbourg.com\\\/index.php\\\/2022\\\/09\\\/07\\\/4e-barometre-flash-de-la-cofac-coordination-des-federations-et-associations-de-culture-et-de-communication\\\/#article\",\"isPartOf\":{\"@id\":\"https:\\\/\\\/hierostrasbourg.com\\\/index.php\\\/2022\\\/09\\\/07\\\/4e-barometre-flash-de-la-cofac-coordination-des-federations-et-associations-de-culture-et-de-communication\\\/\"},\"author\":{\"name\":\"\",\"@id\":\"\"},\"headline\":\"4e Barom\u00e8tre Flash de la COFAC [Coordination des f\u00e9d\u00e9rations et associations de culture et de communication]\",\"datePublished\":\"2022-09-07T15:33:17+00:00\",\"mainEntityOfPage\":{\"@id\":\"https:\\\/\\\/hierostrasbourg.com\\\/index.php\\\/2022\\\/09\\\/07\\\/4e-barometre-flash-de-la-cofac-coordination-des-federations-et-associations-de-culture-et-de-communication\\\/\"},\"wordCount\":165,\"publisher\":{\"@id\":\"https:\\\/\\\/hierostrasbourg.com\\\/#organization\"},\"inLanguage\":\"fr-FR\"},{\"@type\":\"WebPage\",\"@id\":\"https:\\\/\\\/hierostrasbourg.com\\\/index.php\\\/2022\\\/09\\\/07\\\/4e-barometre-flash-de-la-cofac-coordination-des-federations-et-associations-de-culture-et-de-communication\\\/\",\"url\":\"https:\\\/\\\/hierostrasbourg.com\\\/index.php\\\/2022\\\/09\\\/07\\\/4e-barometre-flash-de-la-cofac-coordination-des-federations-et-associations-de-culture-et-de-communication\\\/\",\"name\":\"4e Barom\u00e8tre Flash de la COFAC [Coordination des f\u00e9d\u00e9rations et associations de culture et de communication] - HIERO STRASBOURG\",\"isPartOf\":{\"@id\":\"https:\\\/\\\/hierostrasbourg.com\\\/#website\"},\"datePublished\":\"2022-09-07T15:33:17+00:00\",\"breadcrumb\":{\"@id\":\"https:\\\/\\\/hierostrasbourg.com\\\/index.php\\\/2022\\\/09\\\/07\\\/4e-barometre-flash-de-la-cofac-coordination-des-federations-et-associations-de-culture-et-de-communication\\\/#breadcrumb\"},\"inLanguage\":\"fr-FR\",\"potentialAction\":[{\"@type\":\"ReadAction\",\"target\":[\"https:\\\/\\\/hierostrasbourg.com\\\/index.php\\\/2022\\\/09\\\/07\\\/4e-barometre-flash-de-la-cofac-coordination-des-federations-et-associations-de-culture-et-de-communication\\\/\"]}]},{\"@type\":\"BreadcrumbList\",\"@id\":\"https:\\\/\\\/hierostrasbourg.com\\\/index.php\\\/2022\\\/09\\\/07\\\/4e-barometre-flash-de-la-cofac-coordination-des-federations-et-associations-de-culture-et-de-communication\\\/#breadcrumb\",\"itemListElement\":[{\"@type\":\"ListItem\",\"position\":1,\"name\":\"Accueil\",\"item\":\"https:\\\/\\\/hierostrasbourg.com\\\/\"},{\"@type\":\"ListItem\",\"position\":2,\"name\":\"4e Barom\u00e8tre Flash de la COFAC [Coordination des f\u00e9d\u00e9rations et associations de culture et de communication]\"}]},{\"@type\":\"WebSite\",\"@id\":\"https:\\\/\\\/hierostrasbourg.com\\\/#website\",\"url\":\"https:\\\/\\\/hierostrasbourg.com\\\/\",\"name\":\"HIERO STRASBOURG\",\"description\":\"Centre de Ressources Musiques Actuelles\",\"publisher\":{\"@id\":\"https:\\\/\\\/hierostrasbourg.com\\\/#organization\"},\"potentialAction\":[{\"@type\":\"SearchAction\",\"target\":{\"@type\":\"EntryPoint\",\"urlTemplate\":\"https:\\\/\\\/hierostrasbourg.com\\\/?s={search_term_string}\"},\"query-input\":{\"@type\":\"PropertyValueSpecification\",\"valueRequired\":true,\"valueName\":\"search_term_string\"}}],\"inLanguage\":\"fr-FR\"},{\"@type\":\"Organization\",\"@id\":\"https:\\\/\\\/hierostrasbourg.com\\\/#organization\",\"name\":\"F\u00e9d\u00e9ration Hi\u00e9ro Strasbourg\",\"url\":\"https:\\\/\\\/hierostrasbourg.com\\\/\",\"logo\":{\"@type\":\"ImageObject\",\"inLanguage\":\"fr-FR\",\"@id\":\"https:\\\/\\\/hierostrasbourg.com\\\/#\\\/schema\\\/logo\\\/image\\\/\",\"url\":\"https:\\\/\\\/hierostrasbourg.com\\\/wp-content\\\/uploads\\\/2026\\\/04\\\/logo-hiero-strasbourg.jpg\",\"contentUrl\":\"https:\\\/\\\/hierostrasbourg.com\\\/wp-content\\\/uploads\\\/2026\\\/04\\\/logo-hiero-strasbourg.jpg\",\"width\":204,\"height\":192,\"caption\":\"F\u00e9d\u00e9ration Hi\u00e9ro Strasbourg\"},\"image\":{\"@id\":\"https:\\\/\\\/hierostrasbourg.com\\\/#\\\/schema\\\/logo\\\/image\\\/\"},\"sameAs\":[\"https:\\\/\\\/www.facebook.com\\\/fedehierostrasbourg\",\"https:\\\/\\\/x.com\\\/hierostrasbourg\"]}]}<\/script>\n<!-- \/ Yoast SEO plugin. -->","yoast_head_json":{"title":"4e Barom\u00e8tre Flash de la COFAC [Coordination des f\u00e9d\u00e9rations et associations de culture et de communication] - HIERO STRASBOURG","robots":{"index":"index","follow":"follow","max-snippet":"max-snippet:-1","max-image-preview":"max-image-preview:large","max-video-preview":"max-video-preview:-1"},"canonical":"https:\/\/hierostrasbourg.com\/index.php\/2022\/09\/07\/4e-barometre-flash-de-la-cofac-coordination-des-federations-et-associations-de-culture-et-de-communication\/","og_locale":"fr_FR","og_type":"article","og_title":"4e Barom\u00e8tre Flash de la COFAC [Coordination des f\u00e9d\u00e9rations et associations de culture et de communication] - HIERO STRASBOURG","og_description":"communiqu\u00e9 Le Barom\u00e8tre Flash de la COFAC sonde les associations culturelles afin de mieux comprendre et anticiper leurs besoins. Tenue en ligne du 2 juin au 5 juillet 2022, la 4e \u00e9dition du barom\u00e8tre r\u00e9v\u00e8le les entraves dont souffrent les responsables des associations culturelles, au premier lieu desquelles une situation financi\u00e8re inqui\u00e9tante et un manque cruel de reconnaissance et de soutien de la part des pouvoirs publics, qui freine la mobilisation b\u00e9n\u00e9vole. Voil\u00e0 l\u2019heure de la rentr\u00e9e, et notamment des [&hellip;]","og_url":"https:\/\/hierostrasbourg.com\/index.php\/2022\/09\/07\/4e-barometre-flash-de-la-cofac-coordination-des-federations-et-associations-de-culture-et-de-communication\/","og_site_name":"HIERO STRASBOURG","article_publisher":"https:\/\/www.facebook.com\/fedehierostrasbourg","article_published_time":"2022-09-07T15:33:17+00:00","twitter_card":"summary_large_image","twitter_creator":"@hierostrasbourg","twitter_site":"@hierostrasbourg","twitter_misc":{"Dur\u00e9e de lecture estim\u00e9e":"1 minute"},"schema":{"@context":"https:\/\/schema.org","@graph":[{"@type":"Article","@id":"https:\/\/hierostrasbourg.com\/index.php\/2022\/09\/07\/4e-barometre-flash-de-la-cofac-coordination-des-federations-et-associations-de-culture-et-de-communication\/#article","isPartOf":{"@id":"https:\/\/hierostrasbourg.com\/index.php\/2022\/09\/07\/4e-barometre-flash-de-la-cofac-coordination-des-federations-et-associations-de-culture-et-de-communication\/"},"author":{"name":"","@id":""},"headline":"4e Barom\u00e8tre Flash de la COFAC [Coordination des f\u00e9d\u00e9rations et associations de culture et de communication]","datePublished":"2022-09-07T15:33:17+00:00","mainEntityOfPage":{"@id":"https:\/\/hierostrasbourg.com\/index.php\/2022\/09\/07\/4e-barometre-flash-de-la-cofac-coordination-des-federations-et-associations-de-culture-et-de-communication\/"},"wordCount":165,"publisher":{"@id":"https:\/\/hierostrasbourg.com\/#organization"},"inLanguage":"fr-FR"},{"@type":"WebPage","@id":"https:\/\/hierostrasbourg.com\/index.php\/2022\/09\/07\/4e-barometre-flash-de-la-cofac-coordination-des-federations-et-associations-de-culture-et-de-communication\/","url":"https:\/\/hierostrasbourg.com\/index.php\/2022\/09\/07\/4e-barometre-flash-de-la-cofac-coordination-des-federations-et-associations-de-culture-et-de-communication\/","name":"4e Barom\u00e8tre Flash de la COFAC [Coordination des f\u00e9d\u00e9rations et associations de culture et de communication] - HIERO STRASBOURG","isPartOf":{"@id":"https:\/\/hierostrasbourg.com\/#website"},"datePublished":"2022-09-07T15:33:17+00:00","breadcrumb":{"@id":"https:\/\/hierostrasbourg.com\/index.php\/2022\/09\/07\/4e-barometre-flash-de-la-cofac-coordination-des-federations-et-associations-de-culture-et-de-communication\/#breadcrumb"},"inLanguage":"fr-FR","potentialAction":[{"@type":"ReadAction","target":["https:\/\/hierostrasbourg.com\/index.php\/2022\/09\/07\/4e-barometre-flash-de-la-cofac-coordination-des-federations-et-associations-de-culture-et-de-communication\/"]}]},{"@type":"BreadcrumbList","@id":"https:\/\/hierostrasbourg.com\/index.php\/2022\/09\/07\/4e-barometre-flash-de-la-cofac-coordination-des-federations-et-associations-de-culture-et-de-communication\/#breadcrumb","itemListElement":[{"@type":"ListItem","position":1,"name":"Accueil","item":"https:\/\/hierostrasbourg.com\/"},{"@type":"ListItem","position":2,"name":"4e Barom\u00e8tre Flash de la COFAC [Coordination des f\u00e9d\u00e9rations et associations de culture et de communication]"}]},{"@type":"WebSite","@id":"https:\/\/hierostrasbourg.com\/#website","url":"https:\/\/hierostrasbourg.com\/","name":"HIERO STRASBOURG","description":"Centre de Ressources Musiques Actuelles","publisher":{"@id":"https:\/\/hierostrasbourg.com\/#organization"},"potentialAction":[{"@type":"SearchAction","target":{"@type":"EntryPoint","urlTemplate":"https:\/\/hierostrasbourg.com\/?s={search_term_string}"},"query-input":{"@type":"PropertyValueSpecification","valueRequired":true,"valueName":"search_term_string"}}],"inLanguage":"fr-FR"},{"@type":"Organization","@id":"https:\/\/hierostrasbourg.com\/#organization","name":"F\u00e9d\u00e9ration Hi\u00e9ro Strasbourg","url":"https:\/\/hierostrasbourg.com\/","logo":{"@type":"ImageObject","inLanguage":"fr-FR","@id":"https:\/\/hierostrasbourg.com\/#\/schema\/logo\/image\/","url":"https:\/\/hierostrasbourg.com\/wp-content\/uploads\/2026\/04\/logo-hiero-strasbourg.jpg","contentUrl":"https:\/\/hierostrasbourg.com\/wp-content\/uploads\/2026\/04\/logo-hiero-strasbourg.jpg","width":204,"height":192,"caption":"F\u00e9d\u00e9ration Hi\u00e9ro Strasbourg"},"image":{"@id":"https:\/\/hierostrasbourg.com\/#\/schema\/logo\/image\/"},"sameAs":["https:\/\/www.facebook.com\/fedehierostrasbourg","https:\/\/x.com\/hierostrasbourg"]}]}},"_links":{"self":[{"href":"https:\/\/hierostrasbourg.com\/index.php\/wp-json\/wp\/v2\/posts\/3590","targetHints":{"allow":["GET"]}}],"collection":[{"href":"https:\/\/hierostrasbourg.com\/index.php\/wp-json\/wp\/v2\/posts"}],"about":[{"href":"https:\/\/hierostrasbourg.com\/index.php\/wp-json\/wp\/v2\/types\/post"}],"replies":[{"embeddable":true,"href":"https:\/\/hierostrasbourg.com\/index.php\/wp-json\/wp\/v2\/comments?post=3590"}],"version-history":[{"count":0,"href":"https:\/\/hierostrasbourg.com\/index.php\/wp-json\/wp\/v2\/posts\/3590\/revisions"}],"wp:attachment":[{"href":"https:\/\/hierostrasbourg.com\/index.php\/wp-json\/wp\/v2\/media?parent=3590"}],"wp:term":[{"taxonomy":"category","embeddable":true,"href":"https:\/\/hierostrasbourg.com\/index.php\/wp-json\/wp\/v2\/categories?post=3590"},{"taxonomy":"post_tag","embeddable":true,"href":"https:\/\/hierostrasbourg.com\/index.php\/wp-json\/wp\/v2\/tags?post=3590"}],"curies":[{"name":"wp","href":"https:\/\/api.w.org\/{rel}","templated":true}]}}