{"id":3589,"date":"2022-09-07T17:33:17","date_gmt":"2022-09-07T15:33:17","guid":{"rendered":"https:\/\/hierostrasbourg.com\/index.php\/2022\/09\/07\/le-cri-dalarme-des-associations-culturelles-2\/"},"modified":"2022-09-07T17:33:17","modified_gmt":"2022-09-07T15:33:17","slug":"le-cri-dalarme-des-associations-culturelles-2","status":"publish","type":"post","link":"https:\/\/hierostrasbourg.com\/index.php\/2022\/09\/07\/le-cri-dalarme-des-associations-culturelles-2\/","title":{"rendered":"Le cri d\u2019alarme des associations culturelles"},"content":{"rendered":"<p><a href=\"https:\/\/musiquesactuelles.alsace\/le-cri-dalarme-des-associations-culturelles\/\" title=\"Le cri d\u2019alarme des associations culturelles\"><\/a><\/p>\n<p>Beaucoup d\u2019associations peinent \u00e0 se remettre sur pied apr\u00e8s la crise sanitaire. Certaines pourraient m\u00eame dispara\u00eetre. Un sc\u00e9nario noir envisag\u00e9 par la Coordination des f\u00e9d\u00e9rations et associations de culture et de communication (Cofac), qui relaie les dol\u00e9ances de ses adh\u00e9rents pour conjurer le danger. Source \/ Lire la suite : Le cri d\u2019alarme des associations culturelles<\/p>\n<p>L\u2019article <a href=\"https:\/\/musiquesactuelles.alsace\/le-cri-dalarme-des-associations-culturelles\/\">Le cri d\u2019alarme des associations culturelles<\/a> est apparu en premier sur <a href=\"https:\/\/musiquesactuelles.alsace\/\">Musiques Actuelles en Alsace<\/a>.<\/p>\n<p>L\u2019article <a href=\"https:\/\/popburo.fr\/le-cri-dalarme-des-associations-culturelles-2\/\">Le cri d\u2019alarme des associations culturelles<\/a> est apparu en premier sur <a href=\"https:\/\/popburo.fr\/\">POP B\u00dcRO<\/a>.<\/p>\n","protected":false},"excerpt":{"rendered":"<p>Beaucoup d\u2019associations peinent \u00e0 se remettre sur pied apr\u00e8s la crise sanitaire. Certaines pourraient m\u00eame dispara\u00eetre. Un sc\u00e9nario noir envisag\u00e9 par la Coordination des f\u00e9d\u00e9rations et associations de culture et de communication (Cofac), qui relaie les dol\u00e9ances de ses adh\u00e9rents pour conjurer le danger. Source \/ Lire la suite : Le cri d\u2019alarme des associations culturelles L\u2019article Le cri d\u2019alarme des associations culturelles est apparu en premier sur Musiques Actuelles en Alsace. L\u2019article Le cri d\u2019alarme des associations culturelles est [&hellip;]<\/p>\n","protected":false},"author":0,"featured_media":0,"comment_status":"closed","ping_status":"open","sticky":false,"template":"","format":"standard","meta":{"footnotes":""},"categories":[1],"tags":[],"class_list":["post-3589","post","type-post","status-publish","format-standard","hentry","category-non-classe"],"yoast_head":"<!-- This site is optimized with the Yoast SEO plugin v27.5 - https:\/\/yoast.com\/product\/yoast-seo-wordpress\/ -->\n<title>Le cri d\u2019alarme des associations culturelles - HIERO STRASBOURG<\/title>\n<meta name=\"robots\" content=\"index, follow, max-snippet:-1, max-image-preview:large, max-video-preview:-1\" \/>\n<link rel=\"canonical\" href=\"https:\/\/hierostrasbourg.com\/index.php\/2022\/09\/07\/le-cri-dalarme-des-associations-culturelles-2\/\" \/>\n<meta property=\"og:locale\" content=\"fr_FR\" \/>\n<meta property=\"og:type\" content=\"article\" \/>\n<meta property=\"og:title\" content=\"Le cri d\u2019alarme des associations culturelles - HIERO STRASBOURG\" \/>\n<meta property=\"og:description\" content=\"Beaucoup d\u2019associations peinent \u00e0 se remettre sur pied apr\u00e8s la crise sanitaire. Certaines pourraient m\u00eame dispara\u00eetre. Un sc\u00e9nario noir envisag\u00e9 par la Coordination des f\u00e9d\u00e9rations et associations de culture et de communication (Cofac), qui relaie les dol\u00e9ances de ses adh\u00e9rents pour conjurer le danger. Source \/ Lire la suite : Le cri d\u2019alarme des associations culturelles L\u2019article Le cri d\u2019alarme des associations culturelles est apparu en premier sur Musiques Actuelles en Alsace. L\u2019article Le cri d\u2019alarme des associations culturelles est [&hellip;]\" \/>\n<meta property=\"og:url\" content=\"https:\/\/hierostrasbourg.com\/index.php\/2022\/09\/07\/le-cri-dalarme-des-associations-culturelles-2\/\" \/>\n<meta property=\"og:site_name\" content=\"HIERO STRASBOURG\" \/>\n<meta property=\"article:publisher\" content=\"https:\/\/www.facebook.com\/fedehierostrasbourg\" \/>\n<meta property=\"article:published_time\" content=\"2022-09-07T15:33:17+00:00\" \/>\n<meta name=\"twitter:card\" content=\"summary_large_image\" \/>\n<meta name=\"twitter:creator\" content=\"@hierostrasbourg\" \/>\n<meta name=\"twitter:site\" content=\"@hierostrasbourg\" \/>\n<script type=\"application\/ld+json\" class=\"yoast-schema-graph\">{\"@context\":\"https:\\\/\\\/schema.org\",\"@graph\":[{\"@type\":\"Article\",\"@id\":\"https:\\\/\\\/hierostrasbourg.com\\\/index.php\\\/2022\\\/09\\\/07\\\/le-cri-dalarme-des-associations-culturelles-2\\\/#article\",\"isPartOf\":{\"@id\":\"https:\\\/\\\/hierostrasbourg.com\\\/index.php\\\/2022\\\/09\\\/07\\\/le-cri-dalarme-des-associations-culturelles-2\\\/\"},\"author\":{\"name\":\"\",\"@id\":\"\"},\"headline\":\"Le cri d\u2019alarme des associations culturelles\",\"datePublished\":\"2022-09-07T15:33:17+00:00\",\"mainEntityOfPage\":{\"@id\":\"https:\\\/\\\/hierostrasbourg.com\\\/index.php\\\/2022\\\/09\\\/07\\\/le-cri-dalarme-des-associations-culturelles-2\\\/\"},\"wordCount\":105,\"publisher\":{\"@id\":\"https:\\\/\\\/hierostrasbourg.com\\\/#organization\"},\"inLanguage\":\"fr-FR\"},{\"@type\":\"WebPage\",\"@id\":\"https:\\\/\\\/hierostrasbourg.com\\\/index.php\\\/2022\\\/09\\\/07\\\/le-cri-dalarme-des-associations-culturelles-2\\\/\",\"url\":\"https:\\\/\\\/hierostrasbourg.com\\\/index.php\\\/2022\\\/09\\\/07\\\/le-cri-dalarme-des-associations-culturelles-2\\\/\",\"name\":\"Le cri d\u2019alarme des associations culturelles - HIERO STRASBOURG\",\"isPartOf\":{\"@id\":\"https:\\\/\\\/hierostrasbourg.com\\\/#website\"},\"datePublished\":\"2022-09-07T15:33:17+00:00\",\"breadcrumb\":{\"@id\":\"https:\\\/\\\/hierostrasbourg.com\\\/index.php\\\/2022\\\/09\\\/07\\\/le-cri-dalarme-des-associations-culturelles-2\\\/#breadcrumb\"},\"inLanguage\":\"fr-FR\",\"potentialAction\":[{\"@type\":\"ReadAction\",\"target\":[\"https:\\\/\\\/hierostrasbourg.com\\\/index.php\\\/2022\\\/09\\\/07\\\/le-cri-dalarme-des-associations-culturelles-2\\\/\"]}]},{\"@type\":\"BreadcrumbList\",\"@id\":\"https:\\\/\\\/hierostrasbourg.com\\\/index.php\\\/2022\\\/09\\\/07\\\/le-cri-dalarme-des-associations-culturelles-2\\\/#breadcrumb\",\"itemListElement\":[{\"@type\":\"ListItem\",\"position\":1,\"name\":\"Accueil\",\"item\":\"https:\\\/\\\/hierostrasbourg.com\\\/\"},{\"@type\":\"ListItem\",\"position\":2,\"name\":\"Le cri d\u2019alarme des associations culturelles\"}]},{\"@type\":\"WebSite\",\"@id\":\"https:\\\/\\\/hierostrasbourg.com\\\/#website\",\"url\":\"https:\\\/\\\/hierostrasbourg.com\\\/\",\"name\":\"HIERO STRASBOURG\",\"description\":\"Centre de Ressources Musiques Actuelles\",\"publisher\":{\"@id\":\"https:\\\/\\\/hierostrasbourg.com\\\/#organization\"},\"potentialAction\":[{\"@type\":\"SearchAction\",\"target\":{\"@type\":\"EntryPoint\",\"urlTemplate\":\"https:\\\/\\\/hierostrasbourg.com\\\/?s={search_term_string}\"},\"query-input\":{\"@type\":\"PropertyValueSpecification\",\"valueRequired\":true,\"valueName\":\"search_term_string\"}}],\"inLanguage\":\"fr-FR\"},{\"@type\":\"Organization\",\"@id\":\"https:\\\/\\\/hierostrasbourg.com\\\/#organization\",\"name\":\"F\u00e9d\u00e9ration Hi\u00e9ro Strasbourg\",\"url\":\"https:\\\/\\\/hierostrasbourg.com\\\/\",\"logo\":{\"@type\":\"ImageObject\",\"inLanguage\":\"fr-FR\",\"@id\":\"https:\\\/\\\/hierostrasbourg.com\\\/#\\\/schema\\\/logo\\\/image\\\/\",\"url\":\"https:\\\/\\\/hierostrasbourg.com\\\/wp-content\\\/uploads\\\/2026\\\/04\\\/logo-hiero-strasbourg.jpg\",\"contentUrl\":\"https:\\\/\\\/hierostrasbourg.com\\\/wp-content\\\/uploads\\\/2026\\\/04\\\/logo-hiero-strasbourg.jpg\",\"width\":204,\"height\":192,\"caption\":\"F\u00e9d\u00e9ration Hi\u00e9ro Strasbourg\"},\"image\":{\"@id\":\"https:\\\/\\\/hierostrasbourg.com\\\/#\\\/schema\\\/logo\\\/image\\\/\"},\"sameAs\":[\"https:\\\/\\\/www.facebook.com\\\/fedehierostrasbourg\",\"https:\\\/\\\/x.com\\\/hierostrasbourg\"]}]}<\/script>\n<!-- \/ Yoast SEO plugin. -->","yoast_head_json":{"title":"Le cri d\u2019alarme des associations culturelles - HIERO STRASBOURG","robots":{"index":"index","follow":"follow","max-snippet":"max-snippet:-1","max-image-preview":"max-image-preview:large","max-video-preview":"max-video-preview:-1"},"canonical":"https:\/\/hierostrasbourg.com\/index.php\/2022\/09\/07\/le-cri-dalarme-des-associations-culturelles-2\/","og_locale":"fr_FR","og_type":"article","og_title":"Le cri d\u2019alarme des associations culturelles - HIERO STRASBOURG","og_description":"Beaucoup d\u2019associations peinent \u00e0 se remettre sur pied apr\u00e8s la crise sanitaire. Certaines pourraient m\u00eame dispara\u00eetre. Un sc\u00e9nario noir envisag\u00e9 par la Coordination des f\u00e9d\u00e9rations et associations de culture et de communication (Cofac), qui relaie les dol\u00e9ances de ses adh\u00e9rents pour conjurer le danger. Source \/ Lire la suite : Le cri d\u2019alarme des associations culturelles L\u2019article Le cri d\u2019alarme des associations culturelles est apparu en premier sur Musiques Actuelles en Alsace. L\u2019article Le cri d\u2019alarme des associations culturelles est [&hellip;]","og_url":"https:\/\/hierostrasbourg.com\/index.php\/2022\/09\/07\/le-cri-dalarme-des-associations-culturelles-2\/","og_site_name":"HIERO STRASBOURG","article_publisher":"https:\/\/www.facebook.com\/fedehierostrasbourg","article_published_time":"2022-09-07T15:33:17+00:00","twitter_card":"summary_large_image","twitter_creator":"@hierostrasbourg","twitter_site":"@hierostrasbourg","schema":{"@context":"https:\/\/schema.org","@graph":[{"@type":"Article","@id":"https:\/\/hierostrasbourg.com\/index.php\/2022\/09\/07\/le-cri-dalarme-des-associations-culturelles-2\/#article","isPartOf":{"@id":"https:\/\/hierostrasbourg.com\/index.php\/2022\/09\/07\/le-cri-dalarme-des-associations-culturelles-2\/"},"author":{"name":"","@id":""},"headline":"Le cri d\u2019alarme des associations culturelles","datePublished":"2022-09-07T15:33:17+00:00","mainEntityOfPage":{"@id":"https:\/\/hierostrasbourg.com\/index.php\/2022\/09\/07\/le-cri-dalarme-des-associations-culturelles-2\/"},"wordCount":105,"publisher":{"@id":"https:\/\/hierostrasbourg.com\/#organization"},"inLanguage":"fr-FR"},{"@type":"WebPage","@id":"https:\/\/hierostrasbourg.com\/index.php\/2022\/09\/07\/le-cri-dalarme-des-associations-culturelles-2\/","url":"https:\/\/hierostrasbourg.com\/index.php\/2022\/09\/07\/le-cri-dalarme-des-associations-culturelles-2\/","name":"Le cri d\u2019alarme des associations culturelles - HIERO STRASBOURG","isPartOf":{"@id":"https:\/\/hierostrasbourg.com\/#website"},"datePublished":"2022-09-07T15:33:17+00:00","breadcrumb":{"@id":"https:\/\/hierostrasbourg.com\/index.php\/2022\/09\/07\/le-cri-dalarme-des-associations-culturelles-2\/#breadcrumb"},"inLanguage":"fr-FR","potentialAction":[{"@type":"ReadAction","target":["https:\/\/hierostrasbourg.com\/index.php\/2022\/09\/07\/le-cri-dalarme-des-associations-culturelles-2\/"]}]},{"@type":"BreadcrumbList","@id":"https:\/\/hierostrasbourg.com\/index.php\/2022\/09\/07\/le-cri-dalarme-des-associations-culturelles-2\/#breadcrumb","itemListElement":[{"@type":"ListItem","position":1,"name":"Accueil","item":"https:\/\/hierostrasbourg.com\/"},{"@type":"ListItem","position":2,"name":"Le cri d\u2019alarme des associations culturelles"}]},{"@type":"WebSite","@id":"https:\/\/hierostrasbourg.com\/#website","url":"https:\/\/hierostrasbourg.com\/","name":"HIERO STRASBOURG","description":"Centre de Ressources Musiques Actuelles","publisher":{"@id":"https:\/\/hierostrasbourg.com\/#organization"},"potentialAction":[{"@type":"SearchAction","target":{"@type":"EntryPoint","urlTemplate":"https:\/\/hierostrasbourg.com\/?s={search_term_string}"},"query-input":{"@type":"PropertyValueSpecification","valueRequired":true,"valueName":"search_term_string"}}],"inLanguage":"fr-FR"},{"@type":"Organization","@id":"https:\/\/hierostrasbourg.com\/#organization","name":"F\u00e9d\u00e9ration Hi\u00e9ro Strasbourg","url":"https:\/\/hierostrasbourg.com\/","logo":{"@type":"ImageObject","inLanguage":"fr-FR","@id":"https:\/\/hierostrasbourg.com\/#\/schema\/logo\/image\/","url":"https:\/\/hierostrasbourg.com\/wp-content\/uploads\/2026\/04\/logo-hiero-strasbourg.jpg","contentUrl":"https:\/\/hierostrasbourg.com\/wp-content\/uploads\/2026\/04\/logo-hiero-strasbourg.jpg","width":204,"height":192,"caption":"F\u00e9d\u00e9ration Hi\u00e9ro Strasbourg"},"image":{"@id":"https:\/\/hierostrasbourg.com\/#\/schema\/logo\/image\/"},"sameAs":["https:\/\/www.facebook.com\/fedehierostrasbourg","https:\/\/x.com\/hierostrasbourg"]}]}},"_links":{"self":[{"href":"https:\/\/hierostrasbourg.com\/index.php\/wp-json\/wp\/v2\/posts\/3589","targetHints":{"allow":["GET"]}}],"collection":[{"href":"https:\/\/hierostrasbourg.com\/index.php\/wp-json\/wp\/v2\/posts"}],"about":[{"href":"https:\/\/hierostrasbourg.com\/index.php\/wp-json\/wp\/v2\/types\/post"}],"replies":[{"embeddable":true,"href":"https:\/\/hierostrasbourg.com\/index.php\/wp-json\/wp\/v2\/comments?post=3589"}],"version-history":[{"count":0,"href":"https:\/\/hierostrasbourg.com\/index.php\/wp-json\/wp\/v2\/posts\/3589\/revisions"}],"wp:attachment":[{"href":"https:\/\/hierostrasbourg.com\/index.php\/wp-json\/wp\/v2\/media?parent=3589"}],"wp:term":[{"taxonomy":"category","embeddable":true,"href":"https:\/\/hierostrasbourg.com\/index.php\/wp-json\/wp\/v2\/categories?post=3589"},{"taxonomy":"post_tag","embeddable":true,"href":"https:\/\/hierostrasbourg.com\/index.php\/wp-json\/wp\/v2\/tags?post=3589"}],"curies":[{"name":"wp","href":"https:\/\/api.w.org\/{rel}","templated":true}]}}