{"id":3578,"date":"2022-09-07T12:31:40","date_gmt":"2022-09-07T10:31:40","guid":{"rendered":"https:\/\/hierostrasbourg.com\/index.php\/2022\/09\/07\/appel-a-candidatures-pour-le-fonds-culturel-franco-allemand-2\/"},"modified":"2022-09-07T12:31:40","modified_gmt":"2022-09-07T10:31:40","slug":"appel-a-candidatures-pour-le-fonds-culturel-franco-allemand-2","status":"publish","type":"post","link":"https:\/\/hierostrasbourg.com\/index.php\/2022\/09\/07\/appel-a-candidatures-pour-le-fonds-culturel-franco-allemand-2\/","title":{"rendered":"Appel \u00e0 candidatures pour le Fonds culturel franco-allemand"},"content":{"rendered":"<p>Le Fonds culturel franco-allemand (FCFA), institu\u00e9 en 2003 \u00e0 l\u2019occasion du 40\u00e8me anniversaire du Trait\u00e9 de l\u2019\u00c9lys\u00e9e, c\u00e9l\u00e9brera en 2023 ses 20 ans.<\/p>\n<p>Ce Fonds encourage et soutient des initiatives de coop\u00e9ration culturelle conduites dans des pays tiers par les r\u00e9seaux diplomatiques et culturels fran\u00e7ais et allemands en \u00e9troite collaboration avec des acteurs culturels locaux.<\/p>\n<p>Le FCFA est abond\u00e9 \u00e0 parit\u00e9 par les parties fran\u00e7aise et allemande. Depuis 2011, le Minist\u00e8re de l\u2019Europe et des Affaires \u00e9trang\u00e8res confie \u00e0 l\u2019Institut fran\u00e7ais la responsabilit\u00e9 de la gestion fran\u00e7aise du Fonds.<\/p>\n<h3>Le Fonds culturel franco-allemand en chiffres<\/h3>\n<p>20 appels \u00e0 projet depuis sa cr\u00e9ation<br \/>\nplus de 1000 projets soutenus dans 153 pays \u00e0 travers le monde<br \/>\npr\u00e8s de 300 artistes et intellectuels accompagn\u00e9s chaque ann\u00e9e<\/p>\n<h3>Qui peut proposer un projet ?<\/h3>\n<p>Le FCFA soutient uniquement des projets propos\u00e9s par les repr\u00e9sentations diplomatiques fran\u00e7aise et allemande \u00e0 l\u2019\u00e9tranger : services culturels des Ambassades ou Consulats, Instituts fran\u00e7ais, Alliances fran\u00e7aises, Goethe-Institut.<\/p>\n<p>Les r\u00e9seaux diplomatiques fran\u00e7ais et allemand du pays d\u2019accueil con\u00e7oivent et montent un projet commun, en partenariat \u00e9troit avec les institutions et interlocuteurs locaux. Si le projet est retenu, il est men\u00e9 conjointement par les partenaires fran\u00e7ais et allemand.<\/p>\n<h3>Quelle est la nature des projets soutenus ?<\/h3>\n<p>Ces projets doivent relever du domaine culturel entendu dans une acception large, allant de la cr\u00e9ation artistique \u00e0 la promotion des id\u00e9es : arts visuels, arts num\u00e9riques, arts de la sc\u00e8ne, design, mode, architecture, th\u00e9\u00e2tre, cin\u00e9ma, audiovisuel, nouveaux m\u00e9dias, d\u00e9bats d\u2019id\u00e9es, litt\u00e9rature, etc.<\/p>\n<h3>Quelles sont les orientations th\u00e9matiques de l\u2019\u00e9dition 2023 ?<\/h3>\n<p>Les 3 th\u00e9matiques retenues sont : Libert\u00e9 de cr\u00e9ation et solidarit\u00e9 culturelle, Jeunesse et Durabilit\u00e9 du secteur culturel.<\/p>\n<p>Des projets ax\u00e9s sur une autre th\u00e9matique (\u00ab Th\u00e9matique libre \u00bb) peuvent \u00eatre d\u00e9pos\u00e9s lorsque le contexte local le justifie. Ce choix doit alors \u00eatre expliqu\u00e9 lors du d\u00e9p\u00f4t.<\/p>\n<h3>Comment les projets sont-ils s\u00e9lectionn\u00e9s ?<\/h3>\n<p>Les projets sont examin\u00e9s par les experts des deux parties et \u00e9valu\u00e9s \u00e0 l\u2019aide d\u2019une grille d\u2019\u00e9valuation commune. Une Commission de s\u00e9lection binationale est ensuite r\u00e9unie, alternativement \u00e0 Paris et \u00e0 Berlin, sous la pr\u00e9sidence des deux minist\u00e8res, courant d\u00e9cembre.<\/p>\n<p>Appel \u00e0 candidature ouvert jusqu\u2019au\u00a0<em>21\/10\/2022<\/em><\/p>\n<p><a class=\"maxbutton-1 maxbutton maxbutton-inscription\" href=\"https:\/\/ifprog.emundus.fr\/fr\/index.php?option=com_emundus&amp;view=programme&amp;cid=151&amp;Itemid=1531\"><span class=\"mb-text\">CANDIDATER<\/span><\/a><\/p>\n<\/p>\n<div class=\"ead-preview\">\n<div class=\"ead-document\">\n<div class=\"ead-iframe-wrapper\"><\/div>\n<div class=\"ead-document-loading\">\n<div class=\"ead-loading-wrap\">\n<div class=\"ead-loading-main\">\n<div class=\"ead-loading\">\n\t\t\t\t\t\t\t<span>En cours de chargement\u2026<\/span>\n\t\t\t\t\t\t<\/div>\n<\/p><\/div>\n<div class=\"ead-loading-foot\">\n<div class=\"ead-loading-foot-title\">\n\t\t\t\t\t\t\t<span>Cela prend trop de temps\u00a0?<\/span>\n\t\t\t\t\t\t<\/div>\n<\/p>\n<div class=\"ead-document-btn ead-reload-btn\">\n\t\t\t\t\t\t\t\t Recharger le document\t\t\t\t\t\t\t<\/div>\n<p>\t\t\t\t\t\t\t<span>|<\/span><br \/>\n\t\t\t\t\t\t\t<a href=\"https:\/\/lamultinationaledelunderground.com\/musiquesactuelles\/wp-content\/uploads\/2022\/09\/fcfa_plaquette.pdf\" class=\"ead-document-btn\" target=\"_blank\" rel=\"noopener\"><br \/>\n\t\t\t\t\t\t\t\t Ouvrir dans un nouvel onglet\t\t\t\t\t\t\t<\/a>\n\t\t\t\t\t<\/div>\n<\/p><\/div>\n<\/p><\/div>\n<\/p><\/div>\n<p class=\"embed_download\"><a href=\"https:\/\/lamultinationaledelunderground.com\/musiquesactuelles\/wp-content\/uploads\/2022\/09\/fcfa_plaquette.pdf\">\ufeffT\u00e9l\u00e9charger [552.53 KB] <\/a><\/p>\n<\/div>\n<p>L\u2019article <a href=\"https:\/\/popburo.fr\/appel-a-candidatures-pour-le-fonds-culturel-franco-allemand\/\">Appel \u00e0 candidatures pour le Fonds culturel franco-allemand<\/a> est apparu en premier sur <a href=\"https:\/\/popburo.fr\/\">POP B\u00dcRO<\/a>.<\/p>\n","protected":false},"excerpt":{"rendered":"<p>Le Fonds culturel franco-allemand (FCFA), institu\u00e9 en 2003 \u00e0 l\u2019occasion du 40\u00e8me anniversaire du Trait\u00e9 de l\u2019\u00c9lys\u00e9e, c\u00e9l\u00e9brera en 2023 ses 20 ans. Ce Fonds encourage et soutient des initiatives de coop\u00e9ration culturelle conduites dans des pays tiers par les r\u00e9seaux diplomatiques et culturels fran\u00e7ais et allemands en \u00e9troite collaboration avec des acteurs culturels locaux. Le FCFA est abond\u00e9 \u00e0 parit\u00e9 par les parties fran\u00e7aise et allemande. Depuis 2011, le Minist\u00e8re de l\u2019Europe et des Affaires \u00e9trang\u00e8res confie \u00e0 l\u2019Institut [&hellip;]<\/p>\n","protected":false},"author":0,"featured_media":0,"comment_status":"closed","ping_status":"open","sticky":false,"template":"","format":"standard","meta":{"footnotes":""},"categories":[1],"tags":[],"class_list":["post-3578","post","type-post","status-publish","format-standard","hentry","category-non-classe"],"yoast_head":"<!-- This site is optimized with the Yoast SEO plugin v27.5 - https:\/\/yoast.com\/product\/yoast-seo-wordpress\/ -->\n<title>Appel \u00e0 candidatures pour le Fonds culturel franco-allemand - HIERO STRASBOURG<\/title>\n<meta name=\"robots\" content=\"index, follow, max-snippet:-1, max-image-preview:large, max-video-preview:-1\" \/>\n<link rel=\"canonical\" href=\"https:\/\/hierostrasbourg.com\/index.php\/2022\/09\/07\/appel-a-candidatures-pour-le-fonds-culturel-franco-allemand-2\/\" \/>\n<meta property=\"og:locale\" content=\"fr_FR\" \/>\n<meta property=\"og:type\" content=\"article\" \/>\n<meta property=\"og:title\" content=\"Appel \u00e0 candidatures pour le Fonds culturel franco-allemand - HIERO STRASBOURG\" \/>\n<meta property=\"og:description\" content=\"Le Fonds culturel franco-allemand (FCFA), institu\u00e9 en 2003 \u00e0 l\u2019occasion du 40\u00e8me anniversaire du Trait\u00e9 de l\u2019\u00c9lys\u00e9e, c\u00e9l\u00e9brera en 2023 ses 20 ans. Ce Fonds encourage et soutient des initiatives de coop\u00e9ration culturelle conduites dans des pays tiers par les r\u00e9seaux diplomatiques et culturels fran\u00e7ais et allemands en \u00e9troite collaboration avec des acteurs culturels locaux. Le FCFA est abond\u00e9 \u00e0 parit\u00e9 par les parties fran\u00e7aise et allemande. Depuis 2011, le Minist\u00e8re de l\u2019Europe et des Affaires \u00e9trang\u00e8res confie \u00e0 l\u2019Institut [&hellip;]\" \/>\n<meta property=\"og:url\" content=\"https:\/\/hierostrasbourg.com\/index.php\/2022\/09\/07\/appel-a-candidatures-pour-le-fonds-culturel-franco-allemand-2\/\" \/>\n<meta property=\"og:site_name\" content=\"HIERO STRASBOURG\" \/>\n<meta property=\"article:publisher\" content=\"https:\/\/www.facebook.com\/fedehierostrasbourg\" \/>\n<meta property=\"article:published_time\" content=\"2022-09-07T10:31:40+00:00\" \/>\n<meta name=\"twitter:card\" content=\"summary_large_image\" \/>\n<meta name=\"twitter:creator\" content=\"@hierostrasbourg\" \/>\n<meta name=\"twitter:site\" content=\"@hierostrasbourg\" \/>\n<meta name=\"twitter:label1\" content=\"Dur\u00e9e de lecture estim\u00e9e\" \/>\n\t<meta name=\"twitter:data1\" content=\"2 minutes\" \/>\n<script type=\"application\/ld+json\" class=\"yoast-schema-graph\">{\"@context\":\"https:\\\/\\\/schema.org\",\"@graph\":[{\"@type\":\"Article\",\"@id\":\"https:\\\/\\\/hierostrasbourg.com\\\/index.php\\\/2022\\\/09\\\/07\\\/appel-a-candidatures-pour-le-fonds-culturel-franco-allemand-2\\\/#article\",\"isPartOf\":{\"@id\":\"https:\\\/\\\/hierostrasbourg.com\\\/index.php\\\/2022\\\/09\\\/07\\\/appel-a-candidatures-pour-le-fonds-culturel-franco-allemand-2\\\/\"},\"author\":{\"name\":\"\",\"@id\":\"\"},\"headline\":\"Appel \u00e0 candidatures pour le Fonds culturel franco-allemand\",\"datePublished\":\"2022-09-07T10:31:40+00:00\",\"mainEntityOfPage\":{\"@id\":\"https:\\\/\\\/hierostrasbourg.com\\\/index.php\\\/2022\\\/09\\\/07\\\/appel-a-candidatures-pour-le-fonds-culturel-franco-allemand-2\\\/\"},\"wordCount\":435,\"publisher\":{\"@id\":\"https:\\\/\\\/hierostrasbourg.com\\\/#organization\"},\"inLanguage\":\"fr-FR\"},{\"@type\":\"WebPage\",\"@id\":\"https:\\\/\\\/hierostrasbourg.com\\\/index.php\\\/2022\\\/09\\\/07\\\/appel-a-candidatures-pour-le-fonds-culturel-franco-allemand-2\\\/\",\"url\":\"https:\\\/\\\/hierostrasbourg.com\\\/index.php\\\/2022\\\/09\\\/07\\\/appel-a-candidatures-pour-le-fonds-culturel-franco-allemand-2\\\/\",\"name\":\"Appel \u00e0 candidatures pour le Fonds culturel franco-allemand - HIERO STRASBOURG\",\"isPartOf\":{\"@id\":\"https:\\\/\\\/hierostrasbourg.com\\\/#website\"},\"datePublished\":\"2022-09-07T10:31:40+00:00\",\"breadcrumb\":{\"@id\":\"https:\\\/\\\/hierostrasbourg.com\\\/index.php\\\/2022\\\/09\\\/07\\\/appel-a-candidatures-pour-le-fonds-culturel-franco-allemand-2\\\/#breadcrumb\"},\"inLanguage\":\"fr-FR\",\"potentialAction\":[{\"@type\":\"ReadAction\",\"target\":[\"https:\\\/\\\/hierostrasbourg.com\\\/index.php\\\/2022\\\/09\\\/07\\\/appel-a-candidatures-pour-le-fonds-culturel-franco-allemand-2\\\/\"]}]},{\"@type\":\"BreadcrumbList\",\"@id\":\"https:\\\/\\\/hierostrasbourg.com\\\/index.php\\\/2022\\\/09\\\/07\\\/appel-a-candidatures-pour-le-fonds-culturel-franco-allemand-2\\\/#breadcrumb\",\"itemListElement\":[{\"@type\":\"ListItem\",\"position\":1,\"name\":\"Accueil\",\"item\":\"https:\\\/\\\/hierostrasbourg.com\\\/\"},{\"@type\":\"ListItem\",\"position\":2,\"name\":\"Appel \u00e0 candidatures pour le Fonds culturel franco-allemand\"}]},{\"@type\":\"WebSite\",\"@id\":\"https:\\\/\\\/hierostrasbourg.com\\\/#website\",\"url\":\"https:\\\/\\\/hierostrasbourg.com\\\/\",\"name\":\"HIERO STRASBOURG\",\"description\":\"Centre de Ressources Musiques Actuelles\",\"publisher\":{\"@id\":\"https:\\\/\\\/hierostrasbourg.com\\\/#organization\"},\"potentialAction\":[{\"@type\":\"SearchAction\",\"target\":{\"@type\":\"EntryPoint\",\"urlTemplate\":\"https:\\\/\\\/hierostrasbourg.com\\\/?s={search_term_string}\"},\"query-input\":{\"@type\":\"PropertyValueSpecification\",\"valueRequired\":true,\"valueName\":\"search_term_string\"}}],\"inLanguage\":\"fr-FR\"},{\"@type\":\"Organization\",\"@id\":\"https:\\\/\\\/hierostrasbourg.com\\\/#organization\",\"name\":\"F\u00e9d\u00e9ration Hi\u00e9ro Strasbourg\",\"url\":\"https:\\\/\\\/hierostrasbourg.com\\\/\",\"logo\":{\"@type\":\"ImageObject\",\"inLanguage\":\"fr-FR\",\"@id\":\"https:\\\/\\\/hierostrasbourg.com\\\/#\\\/schema\\\/logo\\\/image\\\/\",\"url\":\"https:\\\/\\\/hierostrasbourg.com\\\/wp-content\\\/uploads\\\/2026\\\/04\\\/logo-hiero-strasbourg.jpg\",\"contentUrl\":\"https:\\\/\\\/hierostrasbourg.com\\\/wp-content\\\/uploads\\\/2026\\\/04\\\/logo-hiero-strasbourg.jpg\",\"width\":204,\"height\":192,\"caption\":\"F\u00e9d\u00e9ration Hi\u00e9ro Strasbourg\"},\"image\":{\"@id\":\"https:\\\/\\\/hierostrasbourg.com\\\/#\\\/schema\\\/logo\\\/image\\\/\"},\"sameAs\":[\"https:\\\/\\\/www.facebook.com\\\/fedehierostrasbourg\",\"https:\\\/\\\/x.com\\\/hierostrasbourg\"]}]}<\/script>\n<!-- \/ Yoast SEO plugin. -->","yoast_head_json":{"title":"Appel \u00e0 candidatures pour le Fonds culturel franco-allemand - HIERO STRASBOURG","robots":{"index":"index","follow":"follow","max-snippet":"max-snippet:-1","max-image-preview":"max-image-preview:large","max-video-preview":"max-video-preview:-1"},"canonical":"https:\/\/hierostrasbourg.com\/index.php\/2022\/09\/07\/appel-a-candidatures-pour-le-fonds-culturel-franco-allemand-2\/","og_locale":"fr_FR","og_type":"article","og_title":"Appel \u00e0 candidatures pour le Fonds culturel franco-allemand - HIERO STRASBOURG","og_description":"Le Fonds culturel franco-allemand (FCFA), institu\u00e9 en 2003 \u00e0 l\u2019occasion du 40\u00e8me anniversaire du Trait\u00e9 de l\u2019\u00c9lys\u00e9e, c\u00e9l\u00e9brera en 2023 ses 20 ans. Ce Fonds encourage et soutient des initiatives de coop\u00e9ration culturelle conduites dans des pays tiers par les r\u00e9seaux diplomatiques et culturels fran\u00e7ais et allemands en \u00e9troite collaboration avec des acteurs culturels locaux. Le FCFA est abond\u00e9 \u00e0 parit\u00e9 par les parties fran\u00e7aise et allemande. Depuis 2011, le Minist\u00e8re de l\u2019Europe et des Affaires \u00e9trang\u00e8res confie \u00e0 l\u2019Institut [&hellip;]","og_url":"https:\/\/hierostrasbourg.com\/index.php\/2022\/09\/07\/appel-a-candidatures-pour-le-fonds-culturel-franco-allemand-2\/","og_site_name":"HIERO STRASBOURG","article_publisher":"https:\/\/www.facebook.com\/fedehierostrasbourg","article_published_time":"2022-09-07T10:31:40+00:00","twitter_card":"summary_large_image","twitter_creator":"@hierostrasbourg","twitter_site":"@hierostrasbourg","twitter_misc":{"Dur\u00e9e de lecture estim\u00e9e":"2 minutes"},"schema":{"@context":"https:\/\/schema.org","@graph":[{"@type":"Article","@id":"https:\/\/hierostrasbourg.com\/index.php\/2022\/09\/07\/appel-a-candidatures-pour-le-fonds-culturel-franco-allemand-2\/#article","isPartOf":{"@id":"https:\/\/hierostrasbourg.com\/index.php\/2022\/09\/07\/appel-a-candidatures-pour-le-fonds-culturel-franco-allemand-2\/"},"author":{"name":"","@id":""},"headline":"Appel \u00e0 candidatures pour le Fonds culturel franco-allemand","datePublished":"2022-09-07T10:31:40+00:00","mainEntityOfPage":{"@id":"https:\/\/hierostrasbourg.com\/index.php\/2022\/09\/07\/appel-a-candidatures-pour-le-fonds-culturel-franco-allemand-2\/"},"wordCount":435,"publisher":{"@id":"https:\/\/hierostrasbourg.com\/#organization"},"inLanguage":"fr-FR"},{"@type":"WebPage","@id":"https:\/\/hierostrasbourg.com\/index.php\/2022\/09\/07\/appel-a-candidatures-pour-le-fonds-culturel-franco-allemand-2\/","url":"https:\/\/hierostrasbourg.com\/index.php\/2022\/09\/07\/appel-a-candidatures-pour-le-fonds-culturel-franco-allemand-2\/","name":"Appel \u00e0 candidatures pour le Fonds culturel franco-allemand - HIERO STRASBOURG","isPartOf":{"@id":"https:\/\/hierostrasbourg.com\/#website"},"datePublished":"2022-09-07T10:31:40+00:00","breadcrumb":{"@id":"https:\/\/hierostrasbourg.com\/index.php\/2022\/09\/07\/appel-a-candidatures-pour-le-fonds-culturel-franco-allemand-2\/#breadcrumb"},"inLanguage":"fr-FR","potentialAction":[{"@type":"ReadAction","target":["https:\/\/hierostrasbourg.com\/index.php\/2022\/09\/07\/appel-a-candidatures-pour-le-fonds-culturel-franco-allemand-2\/"]}]},{"@type":"BreadcrumbList","@id":"https:\/\/hierostrasbourg.com\/index.php\/2022\/09\/07\/appel-a-candidatures-pour-le-fonds-culturel-franco-allemand-2\/#breadcrumb","itemListElement":[{"@type":"ListItem","position":1,"name":"Accueil","item":"https:\/\/hierostrasbourg.com\/"},{"@type":"ListItem","position":2,"name":"Appel \u00e0 candidatures pour le Fonds culturel franco-allemand"}]},{"@type":"WebSite","@id":"https:\/\/hierostrasbourg.com\/#website","url":"https:\/\/hierostrasbourg.com\/","name":"HIERO STRASBOURG","description":"Centre de Ressources Musiques Actuelles","publisher":{"@id":"https:\/\/hierostrasbourg.com\/#organization"},"potentialAction":[{"@type":"SearchAction","target":{"@type":"EntryPoint","urlTemplate":"https:\/\/hierostrasbourg.com\/?s={search_term_string}"},"query-input":{"@type":"PropertyValueSpecification","valueRequired":true,"valueName":"search_term_string"}}],"inLanguage":"fr-FR"},{"@type":"Organization","@id":"https:\/\/hierostrasbourg.com\/#organization","name":"F\u00e9d\u00e9ration Hi\u00e9ro Strasbourg","url":"https:\/\/hierostrasbourg.com\/","logo":{"@type":"ImageObject","inLanguage":"fr-FR","@id":"https:\/\/hierostrasbourg.com\/#\/schema\/logo\/image\/","url":"https:\/\/hierostrasbourg.com\/wp-content\/uploads\/2026\/04\/logo-hiero-strasbourg.jpg","contentUrl":"https:\/\/hierostrasbourg.com\/wp-content\/uploads\/2026\/04\/logo-hiero-strasbourg.jpg","width":204,"height":192,"caption":"F\u00e9d\u00e9ration Hi\u00e9ro Strasbourg"},"image":{"@id":"https:\/\/hierostrasbourg.com\/#\/schema\/logo\/image\/"},"sameAs":["https:\/\/www.facebook.com\/fedehierostrasbourg","https:\/\/x.com\/hierostrasbourg"]}]}},"_links":{"self":[{"href":"https:\/\/hierostrasbourg.com\/index.php\/wp-json\/wp\/v2\/posts\/3578","targetHints":{"allow":["GET"]}}],"collection":[{"href":"https:\/\/hierostrasbourg.com\/index.php\/wp-json\/wp\/v2\/posts"}],"about":[{"href":"https:\/\/hierostrasbourg.com\/index.php\/wp-json\/wp\/v2\/types\/post"}],"replies":[{"embeddable":true,"href":"https:\/\/hierostrasbourg.com\/index.php\/wp-json\/wp\/v2\/comments?post=3578"}],"version-history":[{"count":0,"href":"https:\/\/hierostrasbourg.com\/index.php\/wp-json\/wp\/v2\/posts\/3578\/revisions"}],"wp:attachment":[{"href":"https:\/\/hierostrasbourg.com\/index.php\/wp-json\/wp\/v2\/media?parent=3578"}],"wp:term":[{"taxonomy":"category","embeddable":true,"href":"https:\/\/hierostrasbourg.com\/index.php\/wp-json\/wp\/v2\/categories?post=3578"},{"taxonomy":"post_tag","embeddable":true,"href":"https:\/\/hierostrasbourg.com\/index.php\/wp-json\/wp\/v2\/tags?post=3578"}],"curies":[{"name":"wp","href":"https:\/\/api.w.org\/{rel}","templated":true}]}}