{"id":3577,"date":"2022-09-07T12:31:40","date_gmt":"2022-09-07T10:31:40","guid":{"rendered":"https:\/\/hierostrasbourg.com\/index.php\/2022\/09\/07\/appel-a-candidatures-pour-le-fonds-culturel-franco-allemand\/"},"modified":"2022-09-07T12:31:40","modified_gmt":"2022-09-07T10:31:40","slug":"appel-a-candidatures-pour-le-fonds-culturel-franco-allemand","status":"publish","type":"post","link":"https:\/\/hierostrasbourg.com\/index.php\/2022\/09\/07\/appel-a-candidatures-pour-le-fonds-culturel-franco-allemand\/","title":{"rendered":"Appel \u00e0 candidatures pour le Fonds culturel franco-allemand"},"content":{"rendered":"<p><a href=\"https:\/\/musiquesactuelles.alsace\/appel-a-candidatures-pour-le-fonds-culturel-franco-allemand\/\" title=\"Appel \u00e0 candidatures pour le Fonds culturel franco-allemand\"><\/a><\/p>\n<p>Le Fonds culturel franco-allemand (FCFA), institu\u00e9 en 2003 \u00e0 l\u2019occasion du 40\u00e8me anniversaire du Trait\u00e9 de l\u2019\u00c9lys\u00e9e, c\u00e9l\u00e9brera en 2023 ses 20 ans. Ce Fonds encourage et soutient des initiatives de coop\u00e9ration culturelle conduites dans des pays tiers par les r\u00e9seaux diplomatiques et culturels fran\u00e7ais et allemands en \u00e9troite collaboration avec des acteurs culturels locaux. Le FCFA est abond\u00e9 \u00e0 parit\u00e9 par les parties fran\u00e7aise et allemande. Depuis 2011, le Minist\u00e8re de l\u2019Europe et des Affaires \u00e9trang\u00e8res confie \u00e0 l\u2019Institut [\u2026]<\/p>\n<p>L\u2019article <a href=\"https:\/\/musiquesactuelles.alsace\/appel-a-candidatures-pour-le-fonds-culturel-franco-allemand\/\">Appel \u00e0 candidatures pour le Fonds culturel franco-allemand<\/a> est apparu en premier sur <a href=\"https:\/\/musiquesactuelles.alsace\/\">Musiques Actuelles en Alsace<\/a>.<\/p>\n<p>L\u2019article <a href=\"https:\/\/popburo.fr\/appel-a-candidatures-pour-le-fonds-culturel-franco-allemand-2\/\">Appel \u00e0 candidatures pour le Fonds culturel franco-allemand<\/a> est apparu en premier sur <a href=\"https:\/\/popburo.fr\/\">POP B\u00dcRO<\/a>.<\/p>\n","protected":false},"excerpt":{"rendered":"<p>Le Fonds culturel franco-allemand (FCFA), institu\u00e9 en 2003 \u00e0 l\u2019occasion du 40\u00e8me anniversaire du Trait\u00e9 de l\u2019\u00c9lys\u00e9e, c\u00e9l\u00e9brera en 2023 ses 20 ans. Ce Fonds encourage et soutient des initiatives de coop\u00e9ration culturelle conduites dans des pays tiers par les r\u00e9seaux diplomatiques et culturels fran\u00e7ais et allemands en \u00e9troite collaboration avec des acteurs culturels locaux. Le FCFA est abond\u00e9 \u00e0 parit\u00e9 par les parties fran\u00e7aise et allemande. Depuis 2011, le Minist\u00e8re de l\u2019Europe et des Affaires \u00e9trang\u00e8res confie \u00e0 l\u2019Institut [&hellip;]<\/p>\n","protected":false},"author":0,"featured_media":0,"comment_status":"closed","ping_status":"open","sticky":false,"template":"","format":"standard","meta":{"footnotes":""},"categories":[1],"tags":[],"class_list":["post-3577","post","type-post","status-publish","format-standard","hentry","category-non-classe"],"yoast_head":"<!-- This site is optimized with the Yoast SEO plugin v27.5 - https:\/\/yoast.com\/product\/yoast-seo-wordpress\/ -->\n<title>Appel \u00e0 candidatures pour le Fonds culturel franco-allemand - HIERO STRASBOURG<\/title>\n<meta name=\"robots\" content=\"index, follow, max-snippet:-1, max-image-preview:large, max-video-preview:-1\" \/>\n<link rel=\"canonical\" href=\"https:\/\/hierostrasbourg.com\/index.php\/2022\/09\/07\/appel-a-candidatures-pour-le-fonds-culturel-franco-allemand\/\" \/>\n<meta property=\"og:locale\" content=\"fr_FR\" \/>\n<meta property=\"og:type\" content=\"article\" \/>\n<meta property=\"og:title\" content=\"Appel \u00e0 candidatures pour le Fonds culturel franco-allemand - HIERO STRASBOURG\" \/>\n<meta property=\"og:description\" content=\"Le Fonds culturel franco-allemand (FCFA), institu\u00e9 en 2003 \u00e0 l\u2019occasion du 40\u00e8me anniversaire du Trait\u00e9 de l\u2019\u00c9lys\u00e9e, c\u00e9l\u00e9brera en 2023 ses 20 ans. Ce Fonds encourage et soutient des initiatives de coop\u00e9ration culturelle conduites dans des pays tiers par les r\u00e9seaux diplomatiques et culturels fran\u00e7ais et allemands en \u00e9troite collaboration avec des acteurs culturels locaux. Le FCFA est abond\u00e9 \u00e0 parit\u00e9 par les parties fran\u00e7aise et allemande. Depuis 2011, le Minist\u00e8re de l\u2019Europe et des Affaires \u00e9trang\u00e8res confie \u00e0 l\u2019Institut [&hellip;]\" \/>\n<meta property=\"og:url\" content=\"https:\/\/hierostrasbourg.com\/index.php\/2022\/09\/07\/appel-a-candidatures-pour-le-fonds-culturel-franco-allemand\/\" \/>\n<meta property=\"og:site_name\" content=\"HIERO STRASBOURG\" \/>\n<meta property=\"article:publisher\" content=\"https:\/\/www.facebook.com\/fedehierostrasbourg\" \/>\n<meta property=\"article:published_time\" content=\"2022-09-07T10:31:40+00:00\" \/>\n<meta name=\"twitter:card\" content=\"summary_large_image\" \/>\n<meta name=\"twitter:creator\" content=\"@hierostrasbourg\" \/>\n<meta name=\"twitter:site\" content=\"@hierostrasbourg\" \/>\n<meta name=\"twitter:label1\" content=\"Dur\u00e9e de lecture estim\u00e9e\" \/>\n\t<meta name=\"twitter:data1\" content=\"1 minute\" \/>\n<script type=\"application\/ld+json\" class=\"yoast-schema-graph\">{\"@context\":\"https:\\\/\\\/schema.org\",\"@graph\":[{\"@type\":\"Article\",\"@id\":\"https:\\\/\\\/hierostrasbourg.com\\\/index.php\\\/2022\\\/09\\\/07\\\/appel-a-candidatures-pour-le-fonds-culturel-franco-allemand\\\/#article\",\"isPartOf\":{\"@id\":\"https:\\\/\\\/hierostrasbourg.com\\\/index.php\\\/2022\\\/09\\\/07\\\/appel-a-candidatures-pour-le-fonds-culturel-franco-allemand\\\/\"},\"author\":{\"name\":\"\",\"@id\":\"\"},\"headline\":\"Appel \u00e0 candidatures pour le Fonds culturel franco-allemand\",\"datePublished\":\"2022-09-07T10:31:40+00:00\",\"mainEntityOfPage\":{\"@id\":\"https:\\\/\\\/hierostrasbourg.com\\\/index.php\\\/2022\\\/09\\\/07\\\/appel-a-candidatures-pour-le-fonds-culturel-franco-allemand\\\/\"},\"wordCount\":128,\"publisher\":{\"@id\":\"https:\\\/\\\/hierostrasbourg.com\\\/#organization\"},\"inLanguage\":\"fr-FR\"},{\"@type\":\"WebPage\",\"@id\":\"https:\\\/\\\/hierostrasbourg.com\\\/index.php\\\/2022\\\/09\\\/07\\\/appel-a-candidatures-pour-le-fonds-culturel-franco-allemand\\\/\",\"url\":\"https:\\\/\\\/hierostrasbourg.com\\\/index.php\\\/2022\\\/09\\\/07\\\/appel-a-candidatures-pour-le-fonds-culturel-franco-allemand\\\/\",\"name\":\"Appel \u00e0 candidatures pour le Fonds culturel franco-allemand - HIERO STRASBOURG\",\"isPartOf\":{\"@id\":\"https:\\\/\\\/hierostrasbourg.com\\\/#website\"},\"datePublished\":\"2022-09-07T10:31:40+00:00\",\"breadcrumb\":{\"@id\":\"https:\\\/\\\/hierostrasbourg.com\\\/index.php\\\/2022\\\/09\\\/07\\\/appel-a-candidatures-pour-le-fonds-culturel-franco-allemand\\\/#breadcrumb\"},\"inLanguage\":\"fr-FR\",\"potentialAction\":[{\"@type\":\"ReadAction\",\"target\":[\"https:\\\/\\\/hierostrasbourg.com\\\/index.php\\\/2022\\\/09\\\/07\\\/appel-a-candidatures-pour-le-fonds-culturel-franco-allemand\\\/\"]}]},{\"@type\":\"BreadcrumbList\",\"@id\":\"https:\\\/\\\/hierostrasbourg.com\\\/index.php\\\/2022\\\/09\\\/07\\\/appel-a-candidatures-pour-le-fonds-culturel-franco-allemand\\\/#breadcrumb\",\"itemListElement\":[{\"@type\":\"ListItem\",\"position\":1,\"name\":\"Accueil\",\"item\":\"https:\\\/\\\/hierostrasbourg.com\\\/\"},{\"@type\":\"ListItem\",\"position\":2,\"name\":\"Appel \u00e0 candidatures pour le Fonds culturel franco-allemand\"}]},{\"@type\":\"WebSite\",\"@id\":\"https:\\\/\\\/hierostrasbourg.com\\\/#website\",\"url\":\"https:\\\/\\\/hierostrasbourg.com\\\/\",\"name\":\"HIERO STRASBOURG\",\"description\":\"Centre de Ressources Musiques Actuelles\",\"publisher\":{\"@id\":\"https:\\\/\\\/hierostrasbourg.com\\\/#organization\"},\"potentialAction\":[{\"@type\":\"SearchAction\",\"target\":{\"@type\":\"EntryPoint\",\"urlTemplate\":\"https:\\\/\\\/hierostrasbourg.com\\\/?s={search_term_string}\"},\"query-input\":{\"@type\":\"PropertyValueSpecification\",\"valueRequired\":true,\"valueName\":\"search_term_string\"}}],\"inLanguage\":\"fr-FR\"},{\"@type\":\"Organization\",\"@id\":\"https:\\\/\\\/hierostrasbourg.com\\\/#organization\",\"name\":\"F\u00e9d\u00e9ration Hi\u00e9ro Strasbourg\",\"url\":\"https:\\\/\\\/hierostrasbourg.com\\\/\",\"logo\":{\"@type\":\"ImageObject\",\"inLanguage\":\"fr-FR\",\"@id\":\"https:\\\/\\\/hierostrasbourg.com\\\/#\\\/schema\\\/logo\\\/image\\\/\",\"url\":\"https:\\\/\\\/hierostrasbourg.com\\\/wp-content\\\/uploads\\\/2026\\\/04\\\/logo-hiero-strasbourg.jpg\",\"contentUrl\":\"https:\\\/\\\/hierostrasbourg.com\\\/wp-content\\\/uploads\\\/2026\\\/04\\\/logo-hiero-strasbourg.jpg\",\"width\":204,\"height\":192,\"caption\":\"F\u00e9d\u00e9ration Hi\u00e9ro Strasbourg\"},\"image\":{\"@id\":\"https:\\\/\\\/hierostrasbourg.com\\\/#\\\/schema\\\/logo\\\/image\\\/\"},\"sameAs\":[\"https:\\\/\\\/www.facebook.com\\\/fedehierostrasbourg\",\"https:\\\/\\\/x.com\\\/hierostrasbourg\"]}]}<\/script>\n<!-- \/ Yoast SEO plugin. -->","yoast_head_json":{"title":"Appel \u00e0 candidatures pour le Fonds culturel franco-allemand - HIERO STRASBOURG","robots":{"index":"index","follow":"follow","max-snippet":"max-snippet:-1","max-image-preview":"max-image-preview:large","max-video-preview":"max-video-preview:-1"},"canonical":"https:\/\/hierostrasbourg.com\/index.php\/2022\/09\/07\/appel-a-candidatures-pour-le-fonds-culturel-franco-allemand\/","og_locale":"fr_FR","og_type":"article","og_title":"Appel \u00e0 candidatures pour le Fonds culturel franco-allemand - HIERO STRASBOURG","og_description":"Le Fonds culturel franco-allemand (FCFA), institu\u00e9 en 2003 \u00e0 l\u2019occasion du 40\u00e8me anniversaire du Trait\u00e9 de l\u2019\u00c9lys\u00e9e, c\u00e9l\u00e9brera en 2023 ses 20 ans. Ce Fonds encourage et soutient des initiatives de coop\u00e9ration culturelle conduites dans des pays tiers par les r\u00e9seaux diplomatiques et culturels fran\u00e7ais et allemands en \u00e9troite collaboration avec des acteurs culturels locaux. Le FCFA est abond\u00e9 \u00e0 parit\u00e9 par les parties fran\u00e7aise et allemande. Depuis 2011, le Minist\u00e8re de l\u2019Europe et des Affaires \u00e9trang\u00e8res confie \u00e0 l\u2019Institut [&hellip;]","og_url":"https:\/\/hierostrasbourg.com\/index.php\/2022\/09\/07\/appel-a-candidatures-pour-le-fonds-culturel-franco-allemand\/","og_site_name":"HIERO STRASBOURG","article_publisher":"https:\/\/www.facebook.com\/fedehierostrasbourg","article_published_time":"2022-09-07T10:31:40+00:00","twitter_card":"summary_large_image","twitter_creator":"@hierostrasbourg","twitter_site":"@hierostrasbourg","twitter_misc":{"Dur\u00e9e de lecture estim\u00e9e":"1 minute"},"schema":{"@context":"https:\/\/schema.org","@graph":[{"@type":"Article","@id":"https:\/\/hierostrasbourg.com\/index.php\/2022\/09\/07\/appel-a-candidatures-pour-le-fonds-culturel-franco-allemand\/#article","isPartOf":{"@id":"https:\/\/hierostrasbourg.com\/index.php\/2022\/09\/07\/appel-a-candidatures-pour-le-fonds-culturel-franco-allemand\/"},"author":{"name":"","@id":""},"headline":"Appel \u00e0 candidatures pour le Fonds culturel franco-allemand","datePublished":"2022-09-07T10:31:40+00:00","mainEntityOfPage":{"@id":"https:\/\/hierostrasbourg.com\/index.php\/2022\/09\/07\/appel-a-candidatures-pour-le-fonds-culturel-franco-allemand\/"},"wordCount":128,"publisher":{"@id":"https:\/\/hierostrasbourg.com\/#organization"},"inLanguage":"fr-FR"},{"@type":"WebPage","@id":"https:\/\/hierostrasbourg.com\/index.php\/2022\/09\/07\/appel-a-candidatures-pour-le-fonds-culturel-franco-allemand\/","url":"https:\/\/hierostrasbourg.com\/index.php\/2022\/09\/07\/appel-a-candidatures-pour-le-fonds-culturel-franco-allemand\/","name":"Appel \u00e0 candidatures pour le Fonds culturel franco-allemand - HIERO STRASBOURG","isPartOf":{"@id":"https:\/\/hierostrasbourg.com\/#website"},"datePublished":"2022-09-07T10:31:40+00:00","breadcrumb":{"@id":"https:\/\/hierostrasbourg.com\/index.php\/2022\/09\/07\/appel-a-candidatures-pour-le-fonds-culturel-franco-allemand\/#breadcrumb"},"inLanguage":"fr-FR","potentialAction":[{"@type":"ReadAction","target":["https:\/\/hierostrasbourg.com\/index.php\/2022\/09\/07\/appel-a-candidatures-pour-le-fonds-culturel-franco-allemand\/"]}]},{"@type":"BreadcrumbList","@id":"https:\/\/hierostrasbourg.com\/index.php\/2022\/09\/07\/appel-a-candidatures-pour-le-fonds-culturel-franco-allemand\/#breadcrumb","itemListElement":[{"@type":"ListItem","position":1,"name":"Accueil","item":"https:\/\/hierostrasbourg.com\/"},{"@type":"ListItem","position":2,"name":"Appel \u00e0 candidatures pour le Fonds culturel franco-allemand"}]},{"@type":"WebSite","@id":"https:\/\/hierostrasbourg.com\/#website","url":"https:\/\/hierostrasbourg.com\/","name":"HIERO STRASBOURG","description":"Centre de Ressources Musiques Actuelles","publisher":{"@id":"https:\/\/hierostrasbourg.com\/#organization"},"potentialAction":[{"@type":"SearchAction","target":{"@type":"EntryPoint","urlTemplate":"https:\/\/hierostrasbourg.com\/?s={search_term_string}"},"query-input":{"@type":"PropertyValueSpecification","valueRequired":true,"valueName":"search_term_string"}}],"inLanguage":"fr-FR"},{"@type":"Organization","@id":"https:\/\/hierostrasbourg.com\/#organization","name":"F\u00e9d\u00e9ration Hi\u00e9ro Strasbourg","url":"https:\/\/hierostrasbourg.com\/","logo":{"@type":"ImageObject","inLanguage":"fr-FR","@id":"https:\/\/hierostrasbourg.com\/#\/schema\/logo\/image\/","url":"https:\/\/hierostrasbourg.com\/wp-content\/uploads\/2026\/04\/logo-hiero-strasbourg.jpg","contentUrl":"https:\/\/hierostrasbourg.com\/wp-content\/uploads\/2026\/04\/logo-hiero-strasbourg.jpg","width":204,"height":192,"caption":"F\u00e9d\u00e9ration Hi\u00e9ro Strasbourg"},"image":{"@id":"https:\/\/hierostrasbourg.com\/#\/schema\/logo\/image\/"},"sameAs":["https:\/\/www.facebook.com\/fedehierostrasbourg","https:\/\/x.com\/hierostrasbourg"]}]}},"_links":{"self":[{"href":"https:\/\/hierostrasbourg.com\/index.php\/wp-json\/wp\/v2\/posts\/3577","targetHints":{"allow":["GET"]}}],"collection":[{"href":"https:\/\/hierostrasbourg.com\/index.php\/wp-json\/wp\/v2\/posts"}],"about":[{"href":"https:\/\/hierostrasbourg.com\/index.php\/wp-json\/wp\/v2\/types\/post"}],"replies":[{"embeddable":true,"href":"https:\/\/hierostrasbourg.com\/index.php\/wp-json\/wp\/v2\/comments?post=3577"}],"version-history":[{"count":0,"href":"https:\/\/hierostrasbourg.com\/index.php\/wp-json\/wp\/v2\/posts\/3577\/revisions"}],"wp:attachment":[{"href":"https:\/\/hierostrasbourg.com\/index.php\/wp-json\/wp\/v2\/media?parent=3577"}],"wp:term":[{"taxonomy":"category","embeddable":true,"href":"https:\/\/hierostrasbourg.com\/index.php\/wp-json\/wp\/v2\/categories?post=3577"},{"taxonomy":"post_tag","embeddable":true,"href":"https:\/\/hierostrasbourg.com\/index.php\/wp-json\/wp\/v2\/tags?post=3577"}],"curies":[{"name":"wp","href":"https:\/\/api.w.org\/{rel}","templated":true}]}}