{"id":3570,"date":"2022-09-07T09:32:31","date_gmt":"2022-09-07T07:32:31","guid":{"rendered":"https:\/\/hierostrasbourg.com\/index.php\/2022\/09\/07\/pourquoi-la-generation-a-consomme-de-la-musique-si-differemment\/"},"modified":"2022-09-07T09:32:31","modified_gmt":"2022-09-07T07:32:31","slug":"pourquoi-la-generation-a-consomme-de-la-musique-si-differemment","status":"publish","type":"post","link":"https:\/\/hierostrasbourg.com\/index.php\/2022\/09\/07\/pourquoi-la-generation-a-consomme-de-la-musique-si-differemment\/","title":{"rendered":"Pourquoi la \u00ab g\u00e9n\u00e9ration A \u00bb consomme de la musique si diff\u00e9remment"},"content":{"rendered":"<p><a href=\"https:\/\/musiquesactuelles.alsace\/pourquoi-la-generation-a-consomme-de-la-musique-si-differemment\/\" title=\"Pourquoi la \u00ab g\u00e9n\u00e9ration A \u00bb consomme de la musique si diff\u00e9remment\"><\/a><\/p>\n<p>La g\u00e9n\u00e9ration Alpha, ou la g\u00e9n\u00e9ration A comme on les appelle plus commun\u00e9ment, est la g\u00e9n\u00e9ration n\u00e9e depuis l\u2019ann\u00e9e 2010. Relativement naissante en ce moment, elle devrait atteindre 2,2 milliards de volumes dans le monde d\u2019ici 2025, ce qui en fera la plus grande g\u00e9n\u00e9ration de l\u2019histoire. . C\u2019est la g\u00e9n\u00e9ration A, aux c\u00f4t\u00e9s de certains de leurs homologues plus jeunes de la g\u00e9n\u00e9ration Z, qui bouscule actuellement la sc\u00e8ne musicale dans leur fa\u00e7on de d\u00e9couvrir, de consommer et de [\u2026]<\/p>\n<p>L\u2019article <a href=\"https:\/\/musiquesactuelles.alsace\/pourquoi-la-generation-a-consomme-de-la-musique-si-differemment\/\">Pourquoi la \u00ab g\u00e9n\u00e9ration A \u00bb consomme de la musique si diff\u00e9remment<\/a> est apparu en premier sur <a href=\"https:\/\/musiquesactuelles.alsace\/\">Musiques Actuelles en Alsace<\/a>.<\/p>\n<p>L\u2019article <a href=\"https:\/\/popburo.fr\/pourquoi-la-generation-a-consomme-de-la-musique-si-differemment\/\">Pourquoi la \u00ab g\u00e9n\u00e9ration A \u00bb consomme de la musique si diff\u00e9remment<\/a> est apparu en premier sur <a href=\"https:\/\/popburo.fr\/\">POP B\u00dcRO<\/a>.<\/p>\n","protected":false},"excerpt":{"rendered":"<p>La g\u00e9n\u00e9ration Alpha, ou la g\u00e9n\u00e9ration A comme on les appelle plus commun\u00e9ment, est la g\u00e9n\u00e9ration n\u00e9e depuis l\u2019ann\u00e9e 2010. Relativement naissante en ce moment, elle devrait atteindre 2,2 milliards de volumes dans le monde d\u2019ici 2025, ce qui en fera la plus grande g\u00e9n\u00e9ration de l\u2019histoire. . C\u2019est la g\u00e9n\u00e9ration A, aux c\u00f4t\u00e9s de certains de leurs homologues plus jeunes de la g\u00e9n\u00e9ration Z, qui bouscule actuellement la sc\u00e8ne musicale dans leur fa\u00e7on de d\u00e9couvrir, de consommer et de [&hellip;]<\/p>\n","protected":false},"author":0,"featured_media":0,"comment_status":"closed","ping_status":"open","sticky":false,"template":"","format":"standard","meta":{"footnotes":""},"categories":[1],"tags":[],"class_list":["post-3570","post","type-post","status-publish","format-standard","hentry","category-non-classe"],"yoast_head":"<!-- This site is optimized with the Yoast SEO plugin v27.5 - https:\/\/yoast.com\/product\/yoast-seo-wordpress\/ -->\n<title>Pourquoi la \u00ab g\u00e9n\u00e9ration A \u00bb consomme de la musique si diff\u00e9remment - HIERO STRASBOURG<\/title>\n<meta name=\"robots\" content=\"index, follow, max-snippet:-1, max-image-preview:large, max-video-preview:-1\" \/>\n<link rel=\"canonical\" href=\"https:\/\/hierostrasbourg.com\/index.php\/2022\/09\/07\/pourquoi-la-generation-a-consomme-de-la-musique-si-differemment\/\" \/>\n<meta property=\"og:locale\" content=\"fr_FR\" \/>\n<meta property=\"og:type\" content=\"article\" \/>\n<meta property=\"og:title\" content=\"Pourquoi la \u00ab g\u00e9n\u00e9ration A \u00bb consomme de la musique si diff\u00e9remment - HIERO STRASBOURG\" \/>\n<meta property=\"og:description\" content=\"La g\u00e9n\u00e9ration Alpha, ou la g\u00e9n\u00e9ration A comme on les appelle plus commun\u00e9ment, est la g\u00e9n\u00e9ration n\u00e9e depuis l\u2019ann\u00e9e 2010. Relativement naissante en ce moment, elle devrait atteindre 2,2 milliards de volumes dans le monde d\u2019ici 2025, ce qui en fera la plus grande g\u00e9n\u00e9ration de l\u2019histoire. . C\u2019est la g\u00e9n\u00e9ration A, aux c\u00f4t\u00e9s de certains de leurs homologues plus jeunes de la g\u00e9n\u00e9ration Z, qui bouscule actuellement la sc\u00e8ne musicale dans leur fa\u00e7on de d\u00e9couvrir, de consommer et de [&hellip;]\" \/>\n<meta property=\"og:url\" content=\"https:\/\/hierostrasbourg.com\/index.php\/2022\/09\/07\/pourquoi-la-generation-a-consomme-de-la-musique-si-differemment\/\" \/>\n<meta property=\"og:site_name\" content=\"HIERO STRASBOURG\" \/>\n<meta property=\"article:publisher\" content=\"https:\/\/www.facebook.com\/fedehierostrasbourg\" \/>\n<meta property=\"article:published_time\" content=\"2022-09-07T07:32:31+00:00\" \/>\n<meta name=\"twitter:card\" content=\"summary_large_image\" \/>\n<meta name=\"twitter:creator\" content=\"@hierostrasbourg\" \/>\n<meta name=\"twitter:site\" content=\"@hierostrasbourg\" \/>\n<meta name=\"twitter:label1\" content=\"Dur\u00e9e de lecture estim\u00e9e\" \/>\n\t<meta name=\"twitter:data1\" content=\"1 minute\" \/>\n<script type=\"application\/ld+json\" class=\"yoast-schema-graph\">{\"@context\":\"https:\\\/\\\/schema.org\",\"@graph\":[{\"@type\":\"Article\",\"@id\":\"https:\\\/\\\/hierostrasbourg.com\\\/index.php\\\/2022\\\/09\\\/07\\\/pourquoi-la-generation-a-consomme-de-la-musique-si-differemment\\\/#article\",\"isPartOf\":{\"@id\":\"https:\\\/\\\/hierostrasbourg.com\\\/index.php\\\/2022\\\/09\\\/07\\\/pourquoi-la-generation-a-consomme-de-la-musique-si-differemment\\\/\"},\"author\":{\"name\":\"\",\"@id\":\"\"},\"headline\":\"Pourquoi la \u00ab g\u00e9n\u00e9ration A \u00bb consomme de la musique si diff\u00e9remment\",\"datePublished\":\"2022-09-07T07:32:31+00:00\",\"mainEntityOfPage\":{\"@id\":\"https:\\\/\\\/hierostrasbourg.com\\\/index.php\\\/2022\\\/09\\\/07\\\/pourquoi-la-generation-a-consomme-de-la-musique-si-differemment\\\/\"},\"wordCount\":160,\"publisher\":{\"@id\":\"https:\\\/\\\/hierostrasbourg.com\\\/#organization\"},\"inLanguage\":\"fr-FR\"},{\"@type\":\"WebPage\",\"@id\":\"https:\\\/\\\/hierostrasbourg.com\\\/index.php\\\/2022\\\/09\\\/07\\\/pourquoi-la-generation-a-consomme-de-la-musique-si-differemment\\\/\",\"url\":\"https:\\\/\\\/hierostrasbourg.com\\\/index.php\\\/2022\\\/09\\\/07\\\/pourquoi-la-generation-a-consomme-de-la-musique-si-differemment\\\/\",\"name\":\"Pourquoi la \u00ab g\u00e9n\u00e9ration A \u00bb consomme de la musique si diff\u00e9remment - HIERO STRASBOURG\",\"isPartOf\":{\"@id\":\"https:\\\/\\\/hierostrasbourg.com\\\/#website\"},\"datePublished\":\"2022-09-07T07:32:31+00:00\",\"breadcrumb\":{\"@id\":\"https:\\\/\\\/hierostrasbourg.com\\\/index.php\\\/2022\\\/09\\\/07\\\/pourquoi-la-generation-a-consomme-de-la-musique-si-differemment\\\/#breadcrumb\"},\"inLanguage\":\"fr-FR\",\"potentialAction\":[{\"@type\":\"ReadAction\",\"target\":[\"https:\\\/\\\/hierostrasbourg.com\\\/index.php\\\/2022\\\/09\\\/07\\\/pourquoi-la-generation-a-consomme-de-la-musique-si-differemment\\\/\"]}]},{\"@type\":\"BreadcrumbList\",\"@id\":\"https:\\\/\\\/hierostrasbourg.com\\\/index.php\\\/2022\\\/09\\\/07\\\/pourquoi-la-generation-a-consomme-de-la-musique-si-differemment\\\/#breadcrumb\",\"itemListElement\":[{\"@type\":\"ListItem\",\"position\":1,\"name\":\"Accueil\",\"item\":\"https:\\\/\\\/hierostrasbourg.com\\\/\"},{\"@type\":\"ListItem\",\"position\":2,\"name\":\"Pourquoi la \u00ab g\u00e9n\u00e9ration A \u00bb consomme de la musique si diff\u00e9remment\"}]},{\"@type\":\"WebSite\",\"@id\":\"https:\\\/\\\/hierostrasbourg.com\\\/#website\",\"url\":\"https:\\\/\\\/hierostrasbourg.com\\\/\",\"name\":\"HIERO STRASBOURG\",\"description\":\"Centre de Ressources Musiques Actuelles\",\"publisher\":{\"@id\":\"https:\\\/\\\/hierostrasbourg.com\\\/#organization\"},\"potentialAction\":[{\"@type\":\"SearchAction\",\"target\":{\"@type\":\"EntryPoint\",\"urlTemplate\":\"https:\\\/\\\/hierostrasbourg.com\\\/?s={search_term_string}\"},\"query-input\":{\"@type\":\"PropertyValueSpecification\",\"valueRequired\":true,\"valueName\":\"search_term_string\"}}],\"inLanguage\":\"fr-FR\"},{\"@type\":\"Organization\",\"@id\":\"https:\\\/\\\/hierostrasbourg.com\\\/#organization\",\"name\":\"F\u00e9d\u00e9ration Hi\u00e9ro Strasbourg\",\"url\":\"https:\\\/\\\/hierostrasbourg.com\\\/\",\"logo\":{\"@type\":\"ImageObject\",\"inLanguage\":\"fr-FR\",\"@id\":\"https:\\\/\\\/hierostrasbourg.com\\\/#\\\/schema\\\/logo\\\/image\\\/\",\"url\":\"https:\\\/\\\/hierostrasbourg.com\\\/wp-content\\\/uploads\\\/2026\\\/04\\\/logo-hiero-strasbourg.jpg\",\"contentUrl\":\"https:\\\/\\\/hierostrasbourg.com\\\/wp-content\\\/uploads\\\/2026\\\/04\\\/logo-hiero-strasbourg.jpg\",\"width\":204,\"height\":192,\"caption\":\"F\u00e9d\u00e9ration Hi\u00e9ro Strasbourg\"},\"image\":{\"@id\":\"https:\\\/\\\/hierostrasbourg.com\\\/#\\\/schema\\\/logo\\\/image\\\/\"},\"sameAs\":[\"https:\\\/\\\/www.facebook.com\\\/fedehierostrasbourg\",\"https:\\\/\\\/x.com\\\/hierostrasbourg\"]}]}<\/script>\n<!-- \/ Yoast SEO plugin. -->","yoast_head_json":{"title":"Pourquoi la \u00ab g\u00e9n\u00e9ration A \u00bb consomme de la musique si diff\u00e9remment - HIERO STRASBOURG","robots":{"index":"index","follow":"follow","max-snippet":"max-snippet:-1","max-image-preview":"max-image-preview:large","max-video-preview":"max-video-preview:-1"},"canonical":"https:\/\/hierostrasbourg.com\/index.php\/2022\/09\/07\/pourquoi-la-generation-a-consomme-de-la-musique-si-differemment\/","og_locale":"fr_FR","og_type":"article","og_title":"Pourquoi la \u00ab g\u00e9n\u00e9ration A \u00bb consomme de la musique si diff\u00e9remment - HIERO STRASBOURG","og_description":"La g\u00e9n\u00e9ration Alpha, ou la g\u00e9n\u00e9ration A comme on les appelle plus commun\u00e9ment, est la g\u00e9n\u00e9ration n\u00e9e depuis l\u2019ann\u00e9e 2010. Relativement naissante en ce moment, elle devrait atteindre 2,2 milliards de volumes dans le monde d\u2019ici 2025, ce qui en fera la plus grande g\u00e9n\u00e9ration de l\u2019histoire. . C\u2019est la g\u00e9n\u00e9ration A, aux c\u00f4t\u00e9s de certains de leurs homologues plus jeunes de la g\u00e9n\u00e9ration Z, qui bouscule actuellement la sc\u00e8ne musicale dans leur fa\u00e7on de d\u00e9couvrir, de consommer et de [&hellip;]","og_url":"https:\/\/hierostrasbourg.com\/index.php\/2022\/09\/07\/pourquoi-la-generation-a-consomme-de-la-musique-si-differemment\/","og_site_name":"HIERO STRASBOURG","article_publisher":"https:\/\/www.facebook.com\/fedehierostrasbourg","article_published_time":"2022-09-07T07:32:31+00:00","twitter_card":"summary_large_image","twitter_creator":"@hierostrasbourg","twitter_site":"@hierostrasbourg","twitter_misc":{"Dur\u00e9e de lecture estim\u00e9e":"1 minute"},"schema":{"@context":"https:\/\/schema.org","@graph":[{"@type":"Article","@id":"https:\/\/hierostrasbourg.com\/index.php\/2022\/09\/07\/pourquoi-la-generation-a-consomme-de-la-musique-si-differemment\/#article","isPartOf":{"@id":"https:\/\/hierostrasbourg.com\/index.php\/2022\/09\/07\/pourquoi-la-generation-a-consomme-de-la-musique-si-differemment\/"},"author":{"name":"","@id":""},"headline":"Pourquoi la \u00ab g\u00e9n\u00e9ration A \u00bb consomme de la musique si diff\u00e9remment","datePublished":"2022-09-07T07:32:31+00:00","mainEntityOfPage":{"@id":"https:\/\/hierostrasbourg.com\/index.php\/2022\/09\/07\/pourquoi-la-generation-a-consomme-de-la-musique-si-differemment\/"},"wordCount":160,"publisher":{"@id":"https:\/\/hierostrasbourg.com\/#organization"},"inLanguage":"fr-FR"},{"@type":"WebPage","@id":"https:\/\/hierostrasbourg.com\/index.php\/2022\/09\/07\/pourquoi-la-generation-a-consomme-de-la-musique-si-differemment\/","url":"https:\/\/hierostrasbourg.com\/index.php\/2022\/09\/07\/pourquoi-la-generation-a-consomme-de-la-musique-si-differemment\/","name":"Pourquoi la \u00ab g\u00e9n\u00e9ration A \u00bb consomme de la musique si diff\u00e9remment - HIERO STRASBOURG","isPartOf":{"@id":"https:\/\/hierostrasbourg.com\/#website"},"datePublished":"2022-09-07T07:32:31+00:00","breadcrumb":{"@id":"https:\/\/hierostrasbourg.com\/index.php\/2022\/09\/07\/pourquoi-la-generation-a-consomme-de-la-musique-si-differemment\/#breadcrumb"},"inLanguage":"fr-FR","potentialAction":[{"@type":"ReadAction","target":["https:\/\/hierostrasbourg.com\/index.php\/2022\/09\/07\/pourquoi-la-generation-a-consomme-de-la-musique-si-differemment\/"]}]},{"@type":"BreadcrumbList","@id":"https:\/\/hierostrasbourg.com\/index.php\/2022\/09\/07\/pourquoi-la-generation-a-consomme-de-la-musique-si-differemment\/#breadcrumb","itemListElement":[{"@type":"ListItem","position":1,"name":"Accueil","item":"https:\/\/hierostrasbourg.com\/"},{"@type":"ListItem","position":2,"name":"Pourquoi la \u00ab g\u00e9n\u00e9ration A \u00bb consomme de la musique si diff\u00e9remment"}]},{"@type":"WebSite","@id":"https:\/\/hierostrasbourg.com\/#website","url":"https:\/\/hierostrasbourg.com\/","name":"HIERO STRASBOURG","description":"Centre de Ressources Musiques Actuelles","publisher":{"@id":"https:\/\/hierostrasbourg.com\/#organization"},"potentialAction":[{"@type":"SearchAction","target":{"@type":"EntryPoint","urlTemplate":"https:\/\/hierostrasbourg.com\/?s={search_term_string}"},"query-input":{"@type":"PropertyValueSpecification","valueRequired":true,"valueName":"search_term_string"}}],"inLanguage":"fr-FR"},{"@type":"Organization","@id":"https:\/\/hierostrasbourg.com\/#organization","name":"F\u00e9d\u00e9ration Hi\u00e9ro Strasbourg","url":"https:\/\/hierostrasbourg.com\/","logo":{"@type":"ImageObject","inLanguage":"fr-FR","@id":"https:\/\/hierostrasbourg.com\/#\/schema\/logo\/image\/","url":"https:\/\/hierostrasbourg.com\/wp-content\/uploads\/2026\/04\/logo-hiero-strasbourg.jpg","contentUrl":"https:\/\/hierostrasbourg.com\/wp-content\/uploads\/2026\/04\/logo-hiero-strasbourg.jpg","width":204,"height":192,"caption":"F\u00e9d\u00e9ration Hi\u00e9ro Strasbourg"},"image":{"@id":"https:\/\/hierostrasbourg.com\/#\/schema\/logo\/image\/"},"sameAs":["https:\/\/www.facebook.com\/fedehierostrasbourg","https:\/\/x.com\/hierostrasbourg"]}]}},"_links":{"self":[{"href":"https:\/\/hierostrasbourg.com\/index.php\/wp-json\/wp\/v2\/posts\/3570","targetHints":{"allow":["GET"]}}],"collection":[{"href":"https:\/\/hierostrasbourg.com\/index.php\/wp-json\/wp\/v2\/posts"}],"about":[{"href":"https:\/\/hierostrasbourg.com\/index.php\/wp-json\/wp\/v2\/types\/post"}],"replies":[{"embeddable":true,"href":"https:\/\/hierostrasbourg.com\/index.php\/wp-json\/wp\/v2\/comments?post=3570"}],"version-history":[{"count":0,"href":"https:\/\/hierostrasbourg.com\/index.php\/wp-json\/wp\/v2\/posts\/3570\/revisions"}],"wp:attachment":[{"href":"https:\/\/hierostrasbourg.com\/index.php\/wp-json\/wp\/v2\/media?parent=3570"}],"wp:term":[{"taxonomy":"category","embeddable":true,"href":"https:\/\/hierostrasbourg.com\/index.php\/wp-json\/wp\/v2\/categories?post=3570"},{"taxonomy":"post_tag","embeddable":true,"href":"https:\/\/hierostrasbourg.com\/index.php\/wp-json\/wp\/v2\/tags?post=3570"}],"curies":[{"name":"wp","href":"https:\/\/api.w.org\/{rel}","templated":true}]}}