{"id":3567,"date":"2022-09-06T15:31:40","date_gmt":"2022-09-06T13:31:40","guid":{"rendered":"https:\/\/hierostrasbourg.com\/index.php\/2022\/09\/06\/la-communaute-dagglomerations-de-haguenau-recrute-un-charge-de-communication-pour-la-direction-de-la-culture-et-le-relais-culturel-f-h-2\/"},"modified":"2022-09-06T15:31:40","modified_gmt":"2022-09-06T13:31:40","slug":"la-communaute-dagglomerations-de-haguenau-recrute-un-charge-de-communication-pour-la-direction-de-la-culture-et-le-relais-culturel-f-h-2","status":"publish","type":"post","link":"https:\/\/hierostrasbourg.com\/index.php\/2022\/09\/06\/la-communaute-dagglomerations-de-haguenau-recrute-un-charge-de-communication-pour-la-direction-de-la-culture-et-le-relais-culturel-f-h-2\/","title":{"rendered":"La COMMUNAUT\u00c9 D\u2019AGGLOM\u00c9RATIONS DE HAGUENAU recrute un charg\u00e9 de communication pour la direction de la culture et le Relais culturel [F\/H]"},"content":{"rendered":"<div class=\"job_description\">\n<p>36 communes \u2013 100 000 habitants \u2013 1000 collaborateurs Recrute par voie statutaire ou contractuelle<\/p>\n<p>Pour sa Direction de la culture et le Relais culturel de Haguenau Un charg\u00e9 de communication (f\/h)<\/p>\n<p>Vous serez sous l\u2019autorit\u00e9 du Directeur de la culture et du relais culturel et vous aurez pour principales missions :<\/p>\n<h2>MISSIONS<\/h2>\n<p><strong>Pour la communication g\u00e9n\u00e9rale de la direction de la Culture et ses services supports (Ecole de musique et danse, service Mus\u00e9es Archives), ainsi que pour le Relais culturel (saison culturelle et Humour des Notes)<\/strong><\/p>\n<p>Elaborer et mettre en \u0153uvre la strat\u00e9gie de communication de la Direction de la Culture et du Relais Culturel interne et externe, \u00e9valuer les besoins.<br \/>\nCr\u00e9er et mettre en \u0153uvre des actions de communication pour les services de la Culture et du Relais Culturel.<br \/>\nCoordonner les actions de communication pour l\u2019ensemble des services et du Relais Culturel.<br \/>\nParticiper aux animations, \u00e9v\u00e8nements et missions transversales de la direction et du Relais Culturel sur la ville et dans les actions men\u00e9es sur le territoire de la CAH.<br \/>\nAnimer la relation personnalis\u00e9e avec les publics.<\/p>\n<p>Poste \u00e0 temps partag\u00e9 : 50% pour le relais Culturel\/ 50% pour la Direction de la Culture.<\/p>\n<p><strong>Elaborer et mettre en \u0153uvre la strat\u00e9gie de communication de la Direction de la Culture et du Relais Culturel.<\/strong><\/p>\n<p>Participer \u00e0 la conception et au d\u00e9veloppement de la strat\u00e9gie de communication de la Direction de la Culture et du Relais Culturel y compris de son identit\u00e9 visuelle.<br \/>\nParticiper \u00e0 l\u2019\u00e9laboration, \u00e0 la diffusion et \u00e0 la mise \u00e0 jour de supports de communication (brochures, affiches, portail web). \u00b7 G\u00e9rer les relations presse.<br \/>\nD\u00e9finir et r\u00e9aliser des produits et supports de communication (print et web)<br \/>\nStructurer et animer le site Internet et assurer le community management sur les r\u00e9seaux sociaux, participer \u00e0 la cr\u00e9ation du portail web.<br \/>\nAssurer une veille num\u00e9rique sur la visibilit\u00e9 des services de la Culture et du Relais Culturel.<br \/>\nSuivre les relations avec les prestataires externes<br \/>\nG\u00e9rer les achats publicitaires.<br \/>\nCollaborer avec la Direction de la Communication (calendriers, agendas, supports de communication\u2026)<\/p>\n<p><strong>Coordonner les actions de communication avec les Services de la Culture et du Relais Culturel.<\/strong><\/p>\n<p>Participer \u00e0 la mise en \u0153uvre du plan de communication en lien avec l\u2019agence graphique.<br \/>\nD\u00e9finir une identit\u00e9 culturelle pour les Services de la Culture et le Relais Culturel.<br \/>\nMettre en place et suivre la politique de diffusion.<br \/>\nFavoriser l\u2019appropriation et la prise en main de supports de communication.<br \/>\nCr\u00e9er et publier les newsletters trimestrielles de la Direction de la Culture et du relais Culturel.<br \/>\nAssurer une coordination avec tous les services internes (r\u00e9daction, partenariat, m\u00e9diaplanning,\u2026)<\/p>\n<p><strong>Cr\u00e9er et mettre en \u0153uvre des actions de communication pour la Direction de la Culture et du Relais Culturel.<\/strong><\/p>\n<p>G\u00e9rer les outils de communication existants.<br \/>\nCr\u00e9er et r\u00e9diger des contenus de communication et assurer le suivi des diffusions.<br \/>\nParticiper ponctuellement \u00e0 l\u2019accueil du public.<br \/>\nD\u00e9velopper une approche globale web. Participer aux animations, \u00e9v\u00e8nements et missions transversales de la direction de la Culture et du Relais Culturel sur le territoire de la CAH.<br \/>\nParticiper aux \u00e9v\u00e8nements organis\u00e9s dans le cadre des spectacles d\u00e9centralis\u00e9s (La T\u00eate dans les Etoiles, le Festival de l\u2019Humour des Notes,\u2026).<\/p>\n<p><strong>Animer la relation personnalis\u00e9e avec les publics.<\/strong><\/p>\n<p>Participer \u00e0 la red\u00e9finition des relations aux usagers et spectateurs des services de la Culture et du Relais Culturel via un portail web.<br \/>\nAnimer les r\u00e9flexions communication au sein de la Direction et \u00eatre force de propositions.<\/p>\n<h2>PROFIL<\/h2>\n<p>Formation sup\u00e9rieure en communication<br \/>\nExp\u00e9rience similaire souhait\u00e9e<br \/>\nMa\u00eetrise des outils et techniques de communication : logiciels de mise en page, conception de sites internet, ma\u00eetrise de la cha\u00eene graphique, des relations presse\u2026<br \/>\nMaitrise des logiciels de cr\u00e9ation graphique : suite Adobe<br \/>\nConnaissance des principes d\u2019organisation et de fonctionnement des salles de spectacles, des Mus\u00e9es et des Ecoles de Musiques, des Festivals.<br \/>\nConnaissance du milieu culturel, des artistes, professionnels, et r\u00e9seaux.<br \/>\nMa\u00eetrise des techniques de photographie<br \/>\nAptitude \u00e0 l\u2019animation de groupes<br \/>\nSens du service au public<br \/>\nEsprit d\u2019\u00e9quipe<br \/>\nQualit\u00e9s relationnelles et sens de l\u2019\u00e9coute<br \/>\nAutonomie et polyvalence<br \/>\nCuriosit\u00e9, cr\u00e9ativit\u00e9, sens artistique et ouverture d\u2019esprit<br \/>\nRigueur et organisation<br \/>\nMa\u00eetrise de l\u2019allemand et de l\u2019anglais<br \/>\nGrande disponibilit\u00e9 (en soir\u00e9e, le week-end, quelques jours f\u00e9ri\u00e9s tout au long de la saison culturelle ainsi que durant le festival L\u2019Humour des Notes)<\/p>\n<p>Renseignements compl\u00e9mentaires : Eric WOLFF, Directeur de la culture et du Relais culturel, 03 88 73 73 05.<br \/>\nMerci d\u2019adresser votre candidature (CV et lettre de motivation) avant le 30 septembre 2022 \u00e0 Monsieur le Pr\u00e9sident de la Communaut\u00e9 de d\u2019Agglom\u00e9ration de Haguenau, B.P. 10249, 67504 HAGUENAU CEDEX, ou par courriel \u00e0 ressources.humaines@agglo-haguenau.fr<\/p>\n<p>Rejoignez la Communaut\u00e9 d\u2019Agglom\u00e9ration de Haguenau, une collectivit\u00e9 jeune, dynamique et innovante, offrant \u00e0 ses collaborateurs une belle opportunit\u00e9 d\u2019implication dans des projets intercommunaux ambitieux, ainsi que d\u2019int\u00e9ressantes perspectives de carri\u00e8re.<\/p>\n<\/div>\n<p>L\u2019article <a href=\"https:\/\/popburo.fr\/la-communaute-dagglomerations-de-haguenau-recrute-un-charge-de-communication-pour-la-direction-de-la-culture-et-le-relais-culturel-f-h\/\">La COMMUNAUT\u00c9 D\u2019AGGLOM\u00c9RATIONS DE HAGUENAU recrute un charg\u00e9 de communication pour la direction de la culture et le Relais culturel [F\/H]<\/a> est apparu en premier sur <a href=\"https:\/\/popburo.fr\/\">POP B\u00dcRO<\/a>.<\/p>\n","protected":false},"excerpt":{"rendered":"<p>36 communes \u2013 100 000 habitants \u2013 1000 collaborateurs Recrute par voie statutaire ou contractuelle Pour sa Direction de la culture et le Relais culturel de Haguenau Un charg\u00e9 de communication (f\/h) Vous serez sous l\u2019autorit\u00e9 du Directeur de la culture et du relais culturel et vous aurez pour principales missions : MISSIONS Pour la communication g\u00e9n\u00e9rale de la direction de la Culture et ses services supports (Ecole de musique et danse, service Mus\u00e9es Archives), ainsi que pour le Relais [&hellip;]<\/p>\n","protected":false},"author":0,"featured_media":0,"comment_status":"closed","ping_status":"open","sticky":false,"template":"","format":"standard","meta":{"footnotes":""},"categories":[1],"tags":[],"class_list":["post-3567","post","type-post","status-publish","format-standard","hentry","category-non-classe"],"yoast_head":"<!-- This site is optimized with the Yoast SEO plugin v27.5 - https:\/\/yoast.com\/product\/yoast-seo-wordpress\/ -->\n<title>La COMMUNAUT\u00c9 D\u2019AGGLOM\u00c9RATIONS DE HAGUENAU recrute un charg\u00e9 de communication pour la direction de la culture et le Relais culturel [F\/H] - HIERO STRASBOURG<\/title>\n<meta name=\"robots\" content=\"index, follow, max-snippet:-1, max-image-preview:large, max-video-preview:-1\" \/>\n<link rel=\"canonical\" href=\"https:\/\/hierostrasbourg.com\/index.php\/2022\/09\/06\/la-communaute-dagglomerations-de-haguenau-recrute-un-charge-de-communication-pour-la-direction-de-la-culture-et-le-relais-culturel-f-h-2\/\" \/>\n<meta property=\"og:locale\" content=\"fr_FR\" \/>\n<meta property=\"og:type\" content=\"article\" \/>\n<meta property=\"og:title\" content=\"La COMMUNAUT\u00c9 D\u2019AGGLOM\u00c9RATIONS DE HAGUENAU recrute un charg\u00e9 de communication pour la direction de la culture et le Relais culturel [F\/H] - HIERO STRASBOURG\" \/>\n<meta property=\"og:description\" content=\"36 communes \u2013 100 000 habitants \u2013 1000 collaborateurs Recrute par voie statutaire ou contractuelle Pour sa Direction de la culture et le Relais culturel de Haguenau Un charg\u00e9 de communication (f\/h) Vous serez sous l\u2019autorit\u00e9 du Directeur de la culture et du relais culturel et vous aurez pour principales missions : MISSIONS Pour la communication g\u00e9n\u00e9rale de la direction de la Culture et ses services supports (Ecole de musique et danse, service Mus\u00e9es Archives), ainsi que pour le Relais [&hellip;]\" \/>\n<meta property=\"og:url\" content=\"https:\/\/hierostrasbourg.com\/index.php\/2022\/09\/06\/la-communaute-dagglomerations-de-haguenau-recrute-un-charge-de-communication-pour-la-direction-de-la-culture-et-le-relais-culturel-f-h-2\/\" \/>\n<meta property=\"og:site_name\" content=\"HIERO STRASBOURG\" \/>\n<meta property=\"article:publisher\" content=\"https:\/\/www.facebook.com\/fedehierostrasbourg\" \/>\n<meta property=\"article:published_time\" content=\"2022-09-06T13:31:40+00:00\" \/>\n<meta name=\"twitter:card\" content=\"summary_large_image\" \/>\n<meta name=\"twitter:creator\" content=\"@hierostrasbourg\" \/>\n<meta name=\"twitter:site\" content=\"@hierostrasbourg\" \/>\n<meta name=\"twitter:label1\" content=\"Dur\u00e9e de lecture estim\u00e9e\" \/>\n\t<meta name=\"twitter:data1\" content=\"4 minutes\" \/>\n<script type=\"application\/ld+json\" class=\"yoast-schema-graph\">{\"@context\":\"https:\\\/\\\/schema.org\",\"@graph\":[{\"@type\":\"Article\",\"@id\":\"https:\\\/\\\/hierostrasbourg.com\\\/index.php\\\/2022\\\/09\\\/06\\\/la-communaute-dagglomerations-de-haguenau-recrute-un-charge-de-communication-pour-la-direction-de-la-culture-et-le-relais-culturel-f-h-2\\\/#article\",\"isPartOf\":{\"@id\":\"https:\\\/\\\/hierostrasbourg.com\\\/index.php\\\/2022\\\/09\\\/06\\\/la-communaute-dagglomerations-de-haguenau-recrute-un-charge-de-communication-pour-la-direction-de-la-culture-et-le-relais-culturel-f-h-2\\\/\"},\"author\":{\"name\":\"\",\"@id\":\"\"},\"headline\":\"La COMMUNAUT\u00c9 D\u2019AGGLOM\u00c9RATIONS DE HAGUENAU recrute un charg\u00e9 de communication pour la direction de la culture et le Relais culturel [F\\\/H]\",\"datePublished\":\"2022-09-06T13:31:40+00:00\",\"mainEntityOfPage\":{\"@id\":\"https:\\\/\\\/hierostrasbourg.com\\\/index.php\\\/2022\\\/09\\\/06\\\/la-communaute-dagglomerations-de-haguenau-recrute-un-charge-de-communication-pour-la-direction-de-la-culture-et-le-relais-culturel-f-h-2\\\/\"},\"wordCount\":894,\"publisher\":{\"@id\":\"https:\\\/\\\/hierostrasbourg.com\\\/#organization\"},\"inLanguage\":\"fr-FR\"},{\"@type\":\"WebPage\",\"@id\":\"https:\\\/\\\/hierostrasbourg.com\\\/index.php\\\/2022\\\/09\\\/06\\\/la-communaute-dagglomerations-de-haguenau-recrute-un-charge-de-communication-pour-la-direction-de-la-culture-et-le-relais-culturel-f-h-2\\\/\",\"url\":\"https:\\\/\\\/hierostrasbourg.com\\\/index.php\\\/2022\\\/09\\\/06\\\/la-communaute-dagglomerations-de-haguenau-recrute-un-charge-de-communication-pour-la-direction-de-la-culture-et-le-relais-culturel-f-h-2\\\/\",\"name\":\"La COMMUNAUT\u00c9 D\u2019AGGLOM\u00c9RATIONS DE HAGUENAU recrute un charg\u00e9 de communication pour la direction de la culture et le Relais culturel [F\\\/H] - HIERO STRASBOURG\",\"isPartOf\":{\"@id\":\"https:\\\/\\\/hierostrasbourg.com\\\/#website\"},\"datePublished\":\"2022-09-06T13:31:40+00:00\",\"breadcrumb\":{\"@id\":\"https:\\\/\\\/hierostrasbourg.com\\\/index.php\\\/2022\\\/09\\\/06\\\/la-communaute-dagglomerations-de-haguenau-recrute-un-charge-de-communication-pour-la-direction-de-la-culture-et-le-relais-culturel-f-h-2\\\/#breadcrumb\"},\"inLanguage\":\"fr-FR\",\"potentialAction\":[{\"@type\":\"ReadAction\",\"target\":[\"https:\\\/\\\/hierostrasbourg.com\\\/index.php\\\/2022\\\/09\\\/06\\\/la-communaute-dagglomerations-de-haguenau-recrute-un-charge-de-communication-pour-la-direction-de-la-culture-et-le-relais-culturel-f-h-2\\\/\"]}]},{\"@type\":\"BreadcrumbList\",\"@id\":\"https:\\\/\\\/hierostrasbourg.com\\\/index.php\\\/2022\\\/09\\\/06\\\/la-communaute-dagglomerations-de-haguenau-recrute-un-charge-de-communication-pour-la-direction-de-la-culture-et-le-relais-culturel-f-h-2\\\/#breadcrumb\",\"itemListElement\":[{\"@type\":\"ListItem\",\"position\":1,\"name\":\"Accueil\",\"item\":\"https:\\\/\\\/hierostrasbourg.com\\\/\"},{\"@type\":\"ListItem\",\"position\":2,\"name\":\"La COMMUNAUT\u00c9 D\u2019AGGLOM\u00c9RATIONS DE HAGUENAU recrute un charg\u00e9 de communication pour la direction de la culture et le Relais culturel [F\\\/H]\"}]},{\"@type\":\"WebSite\",\"@id\":\"https:\\\/\\\/hierostrasbourg.com\\\/#website\",\"url\":\"https:\\\/\\\/hierostrasbourg.com\\\/\",\"name\":\"HIERO STRASBOURG\",\"description\":\"Centre de Ressources Musiques Actuelles\",\"publisher\":{\"@id\":\"https:\\\/\\\/hierostrasbourg.com\\\/#organization\"},\"potentialAction\":[{\"@type\":\"SearchAction\",\"target\":{\"@type\":\"EntryPoint\",\"urlTemplate\":\"https:\\\/\\\/hierostrasbourg.com\\\/?s={search_term_string}\"},\"query-input\":{\"@type\":\"PropertyValueSpecification\",\"valueRequired\":true,\"valueName\":\"search_term_string\"}}],\"inLanguage\":\"fr-FR\"},{\"@type\":\"Organization\",\"@id\":\"https:\\\/\\\/hierostrasbourg.com\\\/#organization\",\"name\":\"F\u00e9d\u00e9ration Hi\u00e9ro Strasbourg\",\"url\":\"https:\\\/\\\/hierostrasbourg.com\\\/\",\"logo\":{\"@type\":\"ImageObject\",\"inLanguage\":\"fr-FR\",\"@id\":\"https:\\\/\\\/hierostrasbourg.com\\\/#\\\/schema\\\/logo\\\/image\\\/\",\"url\":\"https:\\\/\\\/hierostrasbourg.com\\\/wp-content\\\/uploads\\\/2026\\\/04\\\/logo-hiero-strasbourg.jpg\",\"contentUrl\":\"https:\\\/\\\/hierostrasbourg.com\\\/wp-content\\\/uploads\\\/2026\\\/04\\\/logo-hiero-strasbourg.jpg\",\"width\":204,\"height\":192,\"caption\":\"F\u00e9d\u00e9ration Hi\u00e9ro Strasbourg\"},\"image\":{\"@id\":\"https:\\\/\\\/hierostrasbourg.com\\\/#\\\/schema\\\/logo\\\/image\\\/\"},\"sameAs\":[\"https:\\\/\\\/www.facebook.com\\\/fedehierostrasbourg\",\"https:\\\/\\\/x.com\\\/hierostrasbourg\"]}]}<\/script>\n<!-- \/ Yoast SEO plugin. -->","yoast_head_json":{"title":"La COMMUNAUT\u00c9 D\u2019AGGLOM\u00c9RATIONS DE HAGUENAU recrute un charg\u00e9 de communication pour la direction de la culture et le Relais culturel [F\/H] - HIERO STRASBOURG","robots":{"index":"index","follow":"follow","max-snippet":"max-snippet:-1","max-image-preview":"max-image-preview:large","max-video-preview":"max-video-preview:-1"},"canonical":"https:\/\/hierostrasbourg.com\/index.php\/2022\/09\/06\/la-communaute-dagglomerations-de-haguenau-recrute-un-charge-de-communication-pour-la-direction-de-la-culture-et-le-relais-culturel-f-h-2\/","og_locale":"fr_FR","og_type":"article","og_title":"La COMMUNAUT\u00c9 D\u2019AGGLOM\u00c9RATIONS DE HAGUENAU recrute un charg\u00e9 de communication pour la direction de la culture et le Relais culturel [F\/H] - HIERO STRASBOURG","og_description":"36 communes \u2013 100 000 habitants \u2013 1000 collaborateurs Recrute par voie statutaire ou contractuelle Pour sa Direction de la culture et le Relais culturel de Haguenau Un charg\u00e9 de communication (f\/h) Vous serez sous l\u2019autorit\u00e9 du Directeur de la culture et du relais culturel et vous aurez pour principales missions : MISSIONS Pour la communication g\u00e9n\u00e9rale de la direction de la Culture et ses services supports (Ecole de musique et danse, service Mus\u00e9es Archives), ainsi que pour le Relais [&hellip;]","og_url":"https:\/\/hierostrasbourg.com\/index.php\/2022\/09\/06\/la-communaute-dagglomerations-de-haguenau-recrute-un-charge-de-communication-pour-la-direction-de-la-culture-et-le-relais-culturel-f-h-2\/","og_site_name":"HIERO STRASBOURG","article_publisher":"https:\/\/www.facebook.com\/fedehierostrasbourg","article_published_time":"2022-09-06T13:31:40+00:00","twitter_card":"summary_large_image","twitter_creator":"@hierostrasbourg","twitter_site":"@hierostrasbourg","twitter_misc":{"Dur\u00e9e de lecture estim\u00e9e":"4 minutes"},"schema":{"@context":"https:\/\/schema.org","@graph":[{"@type":"Article","@id":"https:\/\/hierostrasbourg.com\/index.php\/2022\/09\/06\/la-communaute-dagglomerations-de-haguenau-recrute-un-charge-de-communication-pour-la-direction-de-la-culture-et-le-relais-culturel-f-h-2\/#article","isPartOf":{"@id":"https:\/\/hierostrasbourg.com\/index.php\/2022\/09\/06\/la-communaute-dagglomerations-de-haguenau-recrute-un-charge-de-communication-pour-la-direction-de-la-culture-et-le-relais-culturel-f-h-2\/"},"author":{"name":"","@id":""},"headline":"La COMMUNAUT\u00c9 D\u2019AGGLOM\u00c9RATIONS DE HAGUENAU recrute un charg\u00e9 de communication pour la direction de la culture et le Relais culturel [F\/H]","datePublished":"2022-09-06T13:31:40+00:00","mainEntityOfPage":{"@id":"https:\/\/hierostrasbourg.com\/index.php\/2022\/09\/06\/la-communaute-dagglomerations-de-haguenau-recrute-un-charge-de-communication-pour-la-direction-de-la-culture-et-le-relais-culturel-f-h-2\/"},"wordCount":894,"publisher":{"@id":"https:\/\/hierostrasbourg.com\/#organization"},"inLanguage":"fr-FR"},{"@type":"WebPage","@id":"https:\/\/hierostrasbourg.com\/index.php\/2022\/09\/06\/la-communaute-dagglomerations-de-haguenau-recrute-un-charge-de-communication-pour-la-direction-de-la-culture-et-le-relais-culturel-f-h-2\/","url":"https:\/\/hierostrasbourg.com\/index.php\/2022\/09\/06\/la-communaute-dagglomerations-de-haguenau-recrute-un-charge-de-communication-pour-la-direction-de-la-culture-et-le-relais-culturel-f-h-2\/","name":"La COMMUNAUT\u00c9 D\u2019AGGLOM\u00c9RATIONS DE HAGUENAU recrute un charg\u00e9 de communication pour la direction de la culture et le Relais culturel [F\/H] - HIERO STRASBOURG","isPartOf":{"@id":"https:\/\/hierostrasbourg.com\/#website"},"datePublished":"2022-09-06T13:31:40+00:00","breadcrumb":{"@id":"https:\/\/hierostrasbourg.com\/index.php\/2022\/09\/06\/la-communaute-dagglomerations-de-haguenau-recrute-un-charge-de-communication-pour-la-direction-de-la-culture-et-le-relais-culturel-f-h-2\/#breadcrumb"},"inLanguage":"fr-FR","potentialAction":[{"@type":"ReadAction","target":["https:\/\/hierostrasbourg.com\/index.php\/2022\/09\/06\/la-communaute-dagglomerations-de-haguenau-recrute-un-charge-de-communication-pour-la-direction-de-la-culture-et-le-relais-culturel-f-h-2\/"]}]},{"@type":"BreadcrumbList","@id":"https:\/\/hierostrasbourg.com\/index.php\/2022\/09\/06\/la-communaute-dagglomerations-de-haguenau-recrute-un-charge-de-communication-pour-la-direction-de-la-culture-et-le-relais-culturel-f-h-2\/#breadcrumb","itemListElement":[{"@type":"ListItem","position":1,"name":"Accueil","item":"https:\/\/hierostrasbourg.com\/"},{"@type":"ListItem","position":2,"name":"La COMMUNAUT\u00c9 D\u2019AGGLOM\u00c9RATIONS DE HAGUENAU recrute un charg\u00e9 de communication pour la direction de la culture et le Relais culturel [F\/H]"}]},{"@type":"WebSite","@id":"https:\/\/hierostrasbourg.com\/#website","url":"https:\/\/hierostrasbourg.com\/","name":"HIERO STRASBOURG","description":"Centre de Ressources Musiques Actuelles","publisher":{"@id":"https:\/\/hierostrasbourg.com\/#organization"},"potentialAction":[{"@type":"SearchAction","target":{"@type":"EntryPoint","urlTemplate":"https:\/\/hierostrasbourg.com\/?s={search_term_string}"},"query-input":{"@type":"PropertyValueSpecification","valueRequired":true,"valueName":"search_term_string"}}],"inLanguage":"fr-FR"},{"@type":"Organization","@id":"https:\/\/hierostrasbourg.com\/#organization","name":"F\u00e9d\u00e9ration Hi\u00e9ro Strasbourg","url":"https:\/\/hierostrasbourg.com\/","logo":{"@type":"ImageObject","inLanguage":"fr-FR","@id":"https:\/\/hierostrasbourg.com\/#\/schema\/logo\/image\/","url":"https:\/\/hierostrasbourg.com\/wp-content\/uploads\/2026\/04\/logo-hiero-strasbourg.jpg","contentUrl":"https:\/\/hierostrasbourg.com\/wp-content\/uploads\/2026\/04\/logo-hiero-strasbourg.jpg","width":204,"height":192,"caption":"F\u00e9d\u00e9ration Hi\u00e9ro Strasbourg"},"image":{"@id":"https:\/\/hierostrasbourg.com\/#\/schema\/logo\/image\/"},"sameAs":["https:\/\/www.facebook.com\/fedehierostrasbourg","https:\/\/x.com\/hierostrasbourg"]}]}},"_links":{"self":[{"href":"https:\/\/hierostrasbourg.com\/index.php\/wp-json\/wp\/v2\/posts\/3567","targetHints":{"allow":["GET"]}}],"collection":[{"href":"https:\/\/hierostrasbourg.com\/index.php\/wp-json\/wp\/v2\/posts"}],"about":[{"href":"https:\/\/hierostrasbourg.com\/index.php\/wp-json\/wp\/v2\/types\/post"}],"replies":[{"embeddable":true,"href":"https:\/\/hierostrasbourg.com\/index.php\/wp-json\/wp\/v2\/comments?post=3567"}],"version-history":[{"count":0,"href":"https:\/\/hierostrasbourg.com\/index.php\/wp-json\/wp\/v2\/posts\/3567\/revisions"}],"wp:attachment":[{"href":"https:\/\/hierostrasbourg.com\/index.php\/wp-json\/wp\/v2\/media?parent=3567"}],"wp:term":[{"taxonomy":"category","embeddable":true,"href":"https:\/\/hierostrasbourg.com\/index.php\/wp-json\/wp\/v2\/categories?post=3567"},{"taxonomy":"post_tag","embeddable":true,"href":"https:\/\/hierostrasbourg.com\/index.php\/wp-json\/wp\/v2\/tags?post=3567"}],"curies":[{"name":"wp","href":"https:\/\/api.w.org\/{rel}","templated":true}]}}