{"id":3538,"date":"2022-09-04T08:32:12","date_gmt":"2022-09-04T06:32:12","guid":{"rendered":"https:\/\/hierostrasbourg.com\/index.php\/2022\/09\/04\/tout-comprendre-enfin-des-droits-culturels\/"},"modified":"2022-09-04T08:32:12","modified_gmt":"2022-09-04T06:32:12","slug":"tout-comprendre-enfin-des-droits-culturels","status":"publish","type":"post","link":"https:\/\/hierostrasbourg.com\/index.php\/2022\/09\/04\/tout-comprendre-enfin-des-droits-culturels\/","title":{"rendered":"Tout comprendre (enfin!) des droits culturels"},"content":{"rendered":"<p><a href=\"https:\/\/musiquesactuelles.alsace\/tout-comprendre-enfin-des-droits-culturels\/\" title=\"Tout comprendre (enfin!) des droits culturels\"><\/a><\/p>\n<p>Les droits culturels sont un concept devenu tendance, justifiant tout et son contraire. Pour autant, alors m\u00eame qu\u2019ils ont acquis une existence l\u00e9gale, ils n\u2019existent pas d\u2019impulsion massive pour leur mise au travail. De grands chantiers demeurent, \u00e0 commencer par leur traduction dans le concret. Tel est l\u2019enjeu de cette \u00e9mission qui r\u00e9unit Sonia Leplat, Marie Richard et notre chroniqueur Jean-Michel Lucas. Source \/ Lire la suite : Tout comprendre (enfin!) des droits culturels \ufeff<\/p>\n<p>L\u2019article <a href=\"https:\/\/musiquesactuelles.alsace\/tout-comprendre-enfin-des-droits-culturels\/\">Tout comprendre (enfin!) des droits culturels<\/a> est apparu en premier sur <a href=\"https:\/\/musiquesactuelles.alsace\/\">Musiques Actuelles en Alsace<\/a>.<\/p>\n<p>L\u2019article <a href=\"https:\/\/popburo.fr\/tout-comprendre-enfin-des-droits-culturels-2\/\">Tout comprendre (enfin!) des droits culturels<\/a> est apparu en premier sur <a href=\"https:\/\/popburo.fr\/\">POP B\u00dcRO<\/a>.<\/p>\n","protected":false},"excerpt":{"rendered":"<p>Les droits culturels sont un concept devenu tendance, justifiant tout et son contraire. Pour autant, alors m\u00eame qu\u2019ils ont acquis une existence l\u00e9gale, ils n\u2019existent pas d\u2019impulsion massive pour leur mise au travail. De grands chantiers demeurent, \u00e0 commencer par leur traduction dans le concret. Tel est l\u2019enjeu de cette \u00e9mission qui r\u00e9unit Sonia Leplat, Marie Richard et notre chroniqueur Jean-Michel Lucas. Source \/ Lire la suite : Tout comprendre (enfin!) des droits culturels \ufeff L\u2019article Tout comprendre (enfin!) des [&hellip;]<\/p>\n","protected":false},"author":0,"featured_media":0,"comment_status":"closed","ping_status":"open","sticky":false,"template":"","format":"standard","meta":{"footnotes":""},"categories":[1],"tags":[],"class_list":["post-3538","post","type-post","status-publish","format-standard","hentry","category-non-classe"],"yoast_head":"<!-- This site is optimized with the Yoast SEO plugin v27.5 - https:\/\/yoast.com\/product\/yoast-seo-wordpress\/ -->\n<title>Tout comprendre (enfin!) des droits culturels - HIERO STRASBOURG<\/title>\n<meta name=\"robots\" content=\"index, follow, max-snippet:-1, max-image-preview:large, max-video-preview:-1\" \/>\n<link rel=\"canonical\" href=\"https:\/\/hierostrasbourg.com\/index.php\/2022\/09\/04\/tout-comprendre-enfin-des-droits-culturels\/\" \/>\n<meta property=\"og:locale\" content=\"fr_FR\" \/>\n<meta property=\"og:type\" content=\"article\" \/>\n<meta property=\"og:title\" content=\"Tout comprendre (enfin!) des droits culturels - HIERO STRASBOURG\" \/>\n<meta property=\"og:description\" content=\"Les droits culturels sont un concept devenu tendance, justifiant tout et son contraire. Pour autant, alors m\u00eame qu\u2019ils ont acquis une existence l\u00e9gale, ils n\u2019existent pas d\u2019impulsion massive pour leur mise au travail. De grands chantiers demeurent, \u00e0 commencer par leur traduction dans le concret. Tel est l\u2019enjeu de cette \u00e9mission qui r\u00e9unit Sonia Leplat, Marie Richard et notre chroniqueur Jean-Michel Lucas. Source \/ Lire la suite : Tout comprendre (enfin!) des droits culturels \ufeff L\u2019article Tout comprendre (enfin!) des [&hellip;]\" \/>\n<meta property=\"og:url\" content=\"https:\/\/hierostrasbourg.com\/index.php\/2022\/09\/04\/tout-comprendre-enfin-des-droits-culturels\/\" \/>\n<meta property=\"og:site_name\" content=\"HIERO STRASBOURG\" \/>\n<meta property=\"article:publisher\" content=\"https:\/\/www.facebook.com\/fedehierostrasbourg\" \/>\n<meta property=\"article:published_time\" content=\"2022-09-04T06:32:12+00:00\" \/>\n<meta name=\"twitter:card\" content=\"summary_large_image\" \/>\n<meta name=\"twitter:creator\" content=\"@hierostrasbourg\" \/>\n<meta name=\"twitter:site\" content=\"@hierostrasbourg\" \/>\n<meta name=\"twitter:label1\" content=\"Dur\u00e9e de lecture estim\u00e9e\" \/>\n\t<meta name=\"twitter:data1\" content=\"1 minute\" \/>\n<script type=\"application\/ld+json\" class=\"yoast-schema-graph\">{\"@context\":\"https:\\\/\\\/schema.org\",\"@graph\":[{\"@type\":\"Article\",\"@id\":\"https:\\\/\\\/hierostrasbourg.com\\\/index.php\\\/2022\\\/09\\\/04\\\/tout-comprendre-enfin-des-droits-culturels\\\/#article\",\"isPartOf\":{\"@id\":\"https:\\\/\\\/hierostrasbourg.com\\\/index.php\\\/2022\\\/09\\\/04\\\/tout-comprendre-enfin-des-droits-culturels\\\/\"},\"author\":{\"name\":\"\",\"@id\":\"\"},\"headline\":\"Tout comprendre (enfin!) des droits culturels\",\"datePublished\":\"2022-09-04T06:32:12+00:00\",\"mainEntityOfPage\":{\"@id\":\"https:\\\/\\\/hierostrasbourg.com\\\/index.php\\\/2022\\\/09\\\/04\\\/tout-comprendre-enfin-des-droits-culturels\\\/\"},\"wordCount\":117,\"publisher\":{\"@id\":\"https:\\\/\\\/hierostrasbourg.com\\\/#organization\"},\"inLanguage\":\"fr-FR\"},{\"@type\":\"WebPage\",\"@id\":\"https:\\\/\\\/hierostrasbourg.com\\\/index.php\\\/2022\\\/09\\\/04\\\/tout-comprendre-enfin-des-droits-culturels\\\/\",\"url\":\"https:\\\/\\\/hierostrasbourg.com\\\/index.php\\\/2022\\\/09\\\/04\\\/tout-comprendre-enfin-des-droits-culturels\\\/\",\"name\":\"Tout comprendre (enfin!) des droits culturels - HIERO STRASBOURG\",\"isPartOf\":{\"@id\":\"https:\\\/\\\/hierostrasbourg.com\\\/#website\"},\"datePublished\":\"2022-09-04T06:32:12+00:00\",\"breadcrumb\":{\"@id\":\"https:\\\/\\\/hierostrasbourg.com\\\/index.php\\\/2022\\\/09\\\/04\\\/tout-comprendre-enfin-des-droits-culturels\\\/#breadcrumb\"},\"inLanguage\":\"fr-FR\",\"potentialAction\":[{\"@type\":\"ReadAction\",\"target\":[\"https:\\\/\\\/hierostrasbourg.com\\\/index.php\\\/2022\\\/09\\\/04\\\/tout-comprendre-enfin-des-droits-culturels\\\/\"]}]},{\"@type\":\"BreadcrumbList\",\"@id\":\"https:\\\/\\\/hierostrasbourg.com\\\/index.php\\\/2022\\\/09\\\/04\\\/tout-comprendre-enfin-des-droits-culturels\\\/#breadcrumb\",\"itemListElement\":[{\"@type\":\"ListItem\",\"position\":1,\"name\":\"Accueil\",\"item\":\"https:\\\/\\\/hierostrasbourg.com\\\/\"},{\"@type\":\"ListItem\",\"position\":2,\"name\":\"Tout comprendre (enfin!) des droits culturels\"}]},{\"@type\":\"WebSite\",\"@id\":\"https:\\\/\\\/hierostrasbourg.com\\\/#website\",\"url\":\"https:\\\/\\\/hierostrasbourg.com\\\/\",\"name\":\"HIERO STRASBOURG\",\"description\":\"Centre de Ressources Musiques Actuelles\",\"publisher\":{\"@id\":\"https:\\\/\\\/hierostrasbourg.com\\\/#organization\"},\"potentialAction\":[{\"@type\":\"SearchAction\",\"target\":{\"@type\":\"EntryPoint\",\"urlTemplate\":\"https:\\\/\\\/hierostrasbourg.com\\\/?s={search_term_string}\"},\"query-input\":{\"@type\":\"PropertyValueSpecification\",\"valueRequired\":true,\"valueName\":\"search_term_string\"}}],\"inLanguage\":\"fr-FR\"},{\"@type\":\"Organization\",\"@id\":\"https:\\\/\\\/hierostrasbourg.com\\\/#organization\",\"name\":\"F\u00e9d\u00e9ration Hi\u00e9ro Strasbourg\",\"url\":\"https:\\\/\\\/hierostrasbourg.com\\\/\",\"logo\":{\"@type\":\"ImageObject\",\"inLanguage\":\"fr-FR\",\"@id\":\"https:\\\/\\\/hierostrasbourg.com\\\/#\\\/schema\\\/logo\\\/image\\\/\",\"url\":\"https:\\\/\\\/hierostrasbourg.com\\\/wp-content\\\/uploads\\\/2026\\\/04\\\/logo-hiero-strasbourg.jpg\",\"contentUrl\":\"https:\\\/\\\/hierostrasbourg.com\\\/wp-content\\\/uploads\\\/2026\\\/04\\\/logo-hiero-strasbourg.jpg\",\"width\":204,\"height\":192,\"caption\":\"F\u00e9d\u00e9ration Hi\u00e9ro Strasbourg\"},\"image\":{\"@id\":\"https:\\\/\\\/hierostrasbourg.com\\\/#\\\/schema\\\/logo\\\/image\\\/\"},\"sameAs\":[\"https:\\\/\\\/www.facebook.com\\\/fedehierostrasbourg\",\"https:\\\/\\\/x.com\\\/hierostrasbourg\"]}]}<\/script>\n<!-- \/ Yoast SEO plugin. -->","yoast_head_json":{"title":"Tout comprendre (enfin!) des droits culturels - HIERO STRASBOURG","robots":{"index":"index","follow":"follow","max-snippet":"max-snippet:-1","max-image-preview":"max-image-preview:large","max-video-preview":"max-video-preview:-1"},"canonical":"https:\/\/hierostrasbourg.com\/index.php\/2022\/09\/04\/tout-comprendre-enfin-des-droits-culturels\/","og_locale":"fr_FR","og_type":"article","og_title":"Tout comprendre (enfin!) des droits culturels - HIERO STRASBOURG","og_description":"Les droits culturels sont un concept devenu tendance, justifiant tout et son contraire. Pour autant, alors m\u00eame qu\u2019ils ont acquis une existence l\u00e9gale, ils n\u2019existent pas d\u2019impulsion massive pour leur mise au travail. De grands chantiers demeurent, \u00e0 commencer par leur traduction dans le concret. Tel est l\u2019enjeu de cette \u00e9mission qui r\u00e9unit Sonia Leplat, Marie Richard et notre chroniqueur Jean-Michel Lucas. Source \/ Lire la suite : Tout comprendre (enfin!) des droits culturels \ufeff L\u2019article Tout comprendre (enfin!) des [&hellip;]","og_url":"https:\/\/hierostrasbourg.com\/index.php\/2022\/09\/04\/tout-comprendre-enfin-des-droits-culturels\/","og_site_name":"HIERO STRASBOURG","article_publisher":"https:\/\/www.facebook.com\/fedehierostrasbourg","article_published_time":"2022-09-04T06:32:12+00:00","twitter_card":"summary_large_image","twitter_creator":"@hierostrasbourg","twitter_site":"@hierostrasbourg","twitter_misc":{"Dur\u00e9e de lecture estim\u00e9e":"1 minute"},"schema":{"@context":"https:\/\/schema.org","@graph":[{"@type":"Article","@id":"https:\/\/hierostrasbourg.com\/index.php\/2022\/09\/04\/tout-comprendre-enfin-des-droits-culturels\/#article","isPartOf":{"@id":"https:\/\/hierostrasbourg.com\/index.php\/2022\/09\/04\/tout-comprendre-enfin-des-droits-culturels\/"},"author":{"name":"","@id":""},"headline":"Tout comprendre (enfin!) des droits culturels","datePublished":"2022-09-04T06:32:12+00:00","mainEntityOfPage":{"@id":"https:\/\/hierostrasbourg.com\/index.php\/2022\/09\/04\/tout-comprendre-enfin-des-droits-culturels\/"},"wordCount":117,"publisher":{"@id":"https:\/\/hierostrasbourg.com\/#organization"},"inLanguage":"fr-FR"},{"@type":"WebPage","@id":"https:\/\/hierostrasbourg.com\/index.php\/2022\/09\/04\/tout-comprendre-enfin-des-droits-culturels\/","url":"https:\/\/hierostrasbourg.com\/index.php\/2022\/09\/04\/tout-comprendre-enfin-des-droits-culturels\/","name":"Tout comprendre (enfin!) des droits culturels - HIERO STRASBOURG","isPartOf":{"@id":"https:\/\/hierostrasbourg.com\/#website"},"datePublished":"2022-09-04T06:32:12+00:00","breadcrumb":{"@id":"https:\/\/hierostrasbourg.com\/index.php\/2022\/09\/04\/tout-comprendre-enfin-des-droits-culturels\/#breadcrumb"},"inLanguage":"fr-FR","potentialAction":[{"@type":"ReadAction","target":["https:\/\/hierostrasbourg.com\/index.php\/2022\/09\/04\/tout-comprendre-enfin-des-droits-culturels\/"]}]},{"@type":"BreadcrumbList","@id":"https:\/\/hierostrasbourg.com\/index.php\/2022\/09\/04\/tout-comprendre-enfin-des-droits-culturels\/#breadcrumb","itemListElement":[{"@type":"ListItem","position":1,"name":"Accueil","item":"https:\/\/hierostrasbourg.com\/"},{"@type":"ListItem","position":2,"name":"Tout comprendre (enfin!) des droits culturels"}]},{"@type":"WebSite","@id":"https:\/\/hierostrasbourg.com\/#website","url":"https:\/\/hierostrasbourg.com\/","name":"HIERO STRASBOURG","description":"Centre de Ressources Musiques Actuelles","publisher":{"@id":"https:\/\/hierostrasbourg.com\/#organization"},"potentialAction":[{"@type":"SearchAction","target":{"@type":"EntryPoint","urlTemplate":"https:\/\/hierostrasbourg.com\/?s={search_term_string}"},"query-input":{"@type":"PropertyValueSpecification","valueRequired":true,"valueName":"search_term_string"}}],"inLanguage":"fr-FR"},{"@type":"Organization","@id":"https:\/\/hierostrasbourg.com\/#organization","name":"F\u00e9d\u00e9ration Hi\u00e9ro Strasbourg","url":"https:\/\/hierostrasbourg.com\/","logo":{"@type":"ImageObject","inLanguage":"fr-FR","@id":"https:\/\/hierostrasbourg.com\/#\/schema\/logo\/image\/","url":"https:\/\/hierostrasbourg.com\/wp-content\/uploads\/2026\/04\/logo-hiero-strasbourg.jpg","contentUrl":"https:\/\/hierostrasbourg.com\/wp-content\/uploads\/2026\/04\/logo-hiero-strasbourg.jpg","width":204,"height":192,"caption":"F\u00e9d\u00e9ration Hi\u00e9ro Strasbourg"},"image":{"@id":"https:\/\/hierostrasbourg.com\/#\/schema\/logo\/image\/"},"sameAs":["https:\/\/www.facebook.com\/fedehierostrasbourg","https:\/\/x.com\/hierostrasbourg"]}]}},"_links":{"self":[{"href":"https:\/\/hierostrasbourg.com\/index.php\/wp-json\/wp\/v2\/posts\/3538","targetHints":{"allow":["GET"]}}],"collection":[{"href":"https:\/\/hierostrasbourg.com\/index.php\/wp-json\/wp\/v2\/posts"}],"about":[{"href":"https:\/\/hierostrasbourg.com\/index.php\/wp-json\/wp\/v2\/types\/post"}],"replies":[{"embeddable":true,"href":"https:\/\/hierostrasbourg.com\/index.php\/wp-json\/wp\/v2\/comments?post=3538"}],"version-history":[{"count":0,"href":"https:\/\/hierostrasbourg.com\/index.php\/wp-json\/wp\/v2\/posts\/3538\/revisions"}],"wp:attachment":[{"href":"https:\/\/hierostrasbourg.com\/index.php\/wp-json\/wp\/v2\/media?parent=3538"}],"wp:term":[{"taxonomy":"category","embeddable":true,"href":"https:\/\/hierostrasbourg.com\/index.php\/wp-json\/wp\/v2\/categories?post=3538"},{"taxonomy":"post_tag","embeddable":true,"href":"https:\/\/hierostrasbourg.com\/index.php\/wp-json\/wp\/v2\/tags?post=3538"}],"curies":[{"name":"wp","href":"https:\/\/api.w.org\/{rel}","templated":true}]}}