{"id":3534,"date":"2022-09-03T21:31:48","date_gmt":"2022-09-03T19:31:48","guid":{"rendered":"https:\/\/hierostrasbourg.com\/index.php\/2022\/09\/03\/pourquoi-le-deficit-de-frequentation-des-lieux-culturels-risque-de-durer\/"},"modified":"2022-09-03T21:31:48","modified_gmt":"2022-09-03T19:31:48","slug":"pourquoi-le-deficit-de-frequentation-des-lieux-culturels-risque-de-durer","status":"publish","type":"post","link":"https:\/\/hierostrasbourg.com\/index.php\/2022\/09\/03\/pourquoi-le-deficit-de-frequentation-des-lieux-culturels-risque-de-durer\/","title":{"rendered":"Pourquoi le d\u00e9ficit de fr\u00e9quentation des lieux culturels risque de durer"},"content":{"rendered":"<p><a href=\"https:\/\/musiquesactuelles.alsace\/pourquoi-le-deficit-de-frequentation-des-lieux-culturels-risque-de-durer\/\" title=\"Pourquoi le d\u00e9ficit de fr\u00e9quentation des lieux culturels risque de durer\"><\/a><\/p>\n<p>Six mois apr\u00e8s la lev\u00e9e compl\u00e8te des restrictions sanitaires, les professionnels de la culture s\u2019accordent pour constater que, globalement, le public est moins nombreux qu\u2019en 2019. Cette crise de la fr\u00e9quentation s\u2019av\u00e8re multi-factorielle. Source \/ Lire la suite : Pourquoi le d\u00e9ficit de fr\u00e9quentation des lieux culturels risque de durer<\/p>\n<p>L\u2019article <a href=\"https:\/\/musiquesactuelles.alsace\/pourquoi-le-deficit-de-frequentation-des-lieux-culturels-risque-de-durer\/\">Pourquoi le d\u00e9ficit de fr\u00e9quentation des lieux culturels risque de durer<\/a> est apparu en premier sur <a href=\"https:\/\/musiquesactuelles.alsace\/\">Musiques Actuelles en Alsace<\/a>.<\/p>\n<p>L\u2019article <a href=\"https:\/\/popburo.fr\/pourquoi-le-deficit-de-frequentation-des-lieux-culturels-risque-de-durer-2\/\">Pourquoi le d\u00e9ficit de fr\u00e9quentation des lieux culturels risque de durer<\/a> est apparu en premier sur <a href=\"https:\/\/popburo.fr\/\">POP B\u00dcRO<\/a>.<\/p>\n","protected":false},"excerpt":{"rendered":"<p>Six mois apr\u00e8s la lev\u00e9e compl\u00e8te des restrictions sanitaires, les professionnels de la culture s\u2019accordent pour constater que, globalement, le public est moins nombreux qu\u2019en 2019. Cette crise de la fr\u00e9quentation s\u2019av\u00e8re multi-factorielle. Source \/ Lire la suite : Pourquoi le d\u00e9ficit de fr\u00e9quentation des lieux culturels risque de durer L\u2019article Pourquoi le d\u00e9ficit de fr\u00e9quentation des lieux culturels risque de durer est apparu en premier sur Musiques Actuelles en Alsace. L\u2019article Pourquoi le d\u00e9ficit de fr\u00e9quentation des lieux culturels [&hellip;]<\/p>\n","protected":false},"author":0,"featured_media":0,"comment_status":"closed","ping_status":"open","sticky":false,"template":"","format":"standard","meta":{"footnotes":""},"categories":[1],"tags":[],"class_list":["post-3534","post","type-post","status-publish","format-standard","hentry","category-non-classe"],"yoast_head":"<!-- This site is optimized with the Yoast SEO plugin v27.5 - https:\/\/yoast.com\/product\/yoast-seo-wordpress\/ -->\n<title>Pourquoi le d\u00e9ficit de fr\u00e9quentation des lieux culturels risque de durer - HIERO STRASBOURG<\/title>\n<meta name=\"robots\" content=\"index, follow, max-snippet:-1, max-image-preview:large, max-video-preview:-1\" \/>\n<link rel=\"canonical\" href=\"https:\/\/hierostrasbourg.com\/index.php\/2022\/09\/03\/pourquoi-le-deficit-de-frequentation-des-lieux-culturels-risque-de-durer\/\" \/>\n<meta property=\"og:locale\" content=\"fr_FR\" \/>\n<meta property=\"og:type\" content=\"article\" \/>\n<meta property=\"og:title\" content=\"Pourquoi le d\u00e9ficit de fr\u00e9quentation des lieux culturels risque de durer - HIERO STRASBOURG\" \/>\n<meta property=\"og:description\" content=\"Six mois apr\u00e8s la lev\u00e9e compl\u00e8te des restrictions sanitaires, les professionnels de la culture s\u2019accordent pour constater que, globalement, le public est moins nombreux qu\u2019en 2019. Cette crise de la fr\u00e9quentation s\u2019av\u00e8re multi-factorielle. Source \/ Lire la suite : Pourquoi le d\u00e9ficit de fr\u00e9quentation des lieux culturels risque de durer L\u2019article Pourquoi le d\u00e9ficit de fr\u00e9quentation des lieux culturels risque de durer est apparu en premier sur Musiques Actuelles en Alsace. L\u2019article Pourquoi le d\u00e9ficit de fr\u00e9quentation des lieux culturels [&hellip;]\" \/>\n<meta property=\"og:url\" content=\"https:\/\/hierostrasbourg.com\/index.php\/2022\/09\/03\/pourquoi-le-deficit-de-frequentation-des-lieux-culturels-risque-de-durer\/\" \/>\n<meta property=\"og:site_name\" content=\"HIERO STRASBOURG\" \/>\n<meta property=\"article:publisher\" content=\"https:\/\/www.facebook.com\/fedehierostrasbourg\" \/>\n<meta property=\"article:published_time\" content=\"2022-09-03T19:31:48+00:00\" \/>\n<meta name=\"twitter:card\" content=\"summary_large_image\" \/>\n<meta name=\"twitter:creator\" content=\"@hierostrasbourg\" \/>\n<meta name=\"twitter:site\" content=\"@hierostrasbourg\" \/>\n<meta name=\"twitter:label1\" content=\"Dur\u00e9e de lecture estim\u00e9e\" \/>\n\t<meta name=\"twitter:data1\" content=\"1 minute\" \/>\n<script type=\"application\/ld+json\" class=\"yoast-schema-graph\">{\"@context\":\"https:\\\/\\\/schema.org\",\"@graph\":[{\"@type\":\"Article\",\"@id\":\"https:\\\/\\\/hierostrasbourg.com\\\/index.php\\\/2022\\\/09\\\/03\\\/pourquoi-le-deficit-de-frequentation-des-lieux-culturels-risque-de-durer\\\/#article\",\"isPartOf\":{\"@id\":\"https:\\\/\\\/hierostrasbourg.com\\\/index.php\\\/2022\\\/09\\\/03\\\/pourquoi-le-deficit-de-frequentation-des-lieux-culturels-risque-de-durer\\\/\"},\"author\":{\"name\":\"\",\"@id\":\"\"},\"headline\":\"Pourquoi le d\u00e9ficit de fr\u00e9quentation des lieux culturels risque de durer\",\"datePublished\":\"2022-09-03T19:31:48+00:00\",\"mainEntityOfPage\":{\"@id\":\"https:\\\/\\\/hierostrasbourg.com\\\/index.php\\\/2022\\\/09\\\/03\\\/pourquoi-le-deficit-de-frequentation-des-lieux-culturels-risque-de-durer\\\/\"},\"wordCount\":117,\"publisher\":{\"@id\":\"https:\\\/\\\/hierostrasbourg.com\\\/#organization\"},\"inLanguage\":\"fr-FR\"},{\"@type\":\"WebPage\",\"@id\":\"https:\\\/\\\/hierostrasbourg.com\\\/index.php\\\/2022\\\/09\\\/03\\\/pourquoi-le-deficit-de-frequentation-des-lieux-culturels-risque-de-durer\\\/\",\"url\":\"https:\\\/\\\/hierostrasbourg.com\\\/index.php\\\/2022\\\/09\\\/03\\\/pourquoi-le-deficit-de-frequentation-des-lieux-culturels-risque-de-durer\\\/\",\"name\":\"Pourquoi le d\u00e9ficit de fr\u00e9quentation des lieux culturels risque de durer - HIERO STRASBOURG\",\"isPartOf\":{\"@id\":\"https:\\\/\\\/hierostrasbourg.com\\\/#website\"},\"datePublished\":\"2022-09-03T19:31:48+00:00\",\"breadcrumb\":{\"@id\":\"https:\\\/\\\/hierostrasbourg.com\\\/index.php\\\/2022\\\/09\\\/03\\\/pourquoi-le-deficit-de-frequentation-des-lieux-culturels-risque-de-durer\\\/#breadcrumb\"},\"inLanguage\":\"fr-FR\",\"potentialAction\":[{\"@type\":\"ReadAction\",\"target\":[\"https:\\\/\\\/hierostrasbourg.com\\\/index.php\\\/2022\\\/09\\\/03\\\/pourquoi-le-deficit-de-frequentation-des-lieux-culturels-risque-de-durer\\\/\"]}]},{\"@type\":\"BreadcrumbList\",\"@id\":\"https:\\\/\\\/hierostrasbourg.com\\\/index.php\\\/2022\\\/09\\\/03\\\/pourquoi-le-deficit-de-frequentation-des-lieux-culturels-risque-de-durer\\\/#breadcrumb\",\"itemListElement\":[{\"@type\":\"ListItem\",\"position\":1,\"name\":\"Accueil\",\"item\":\"https:\\\/\\\/hierostrasbourg.com\\\/\"},{\"@type\":\"ListItem\",\"position\":2,\"name\":\"Pourquoi le d\u00e9ficit de fr\u00e9quentation des lieux culturels risque de durer\"}]},{\"@type\":\"WebSite\",\"@id\":\"https:\\\/\\\/hierostrasbourg.com\\\/#website\",\"url\":\"https:\\\/\\\/hierostrasbourg.com\\\/\",\"name\":\"HIERO STRASBOURG\",\"description\":\"Centre de Ressources Musiques Actuelles\",\"publisher\":{\"@id\":\"https:\\\/\\\/hierostrasbourg.com\\\/#organization\"},\"potentialAction\":[{\"@type\":\"SearchAction\",\"target\":{\"@type\":\"EntryPoint\",\"urlTemplate\":\"https:\\\/\\\/hierostrasbourg.com\\\/?s={search_term_string}\"},\"query-input\":{\"@type\":\"PropertyValueSpecification\",\"valueRequired\":true,\"valueName\":\"search_term_string\"}}],\"inLanguage\":\"fr-FR\"},{\"@type\":\"Organization\",\"@id\":\"https:\\\/\\\/hierostrasbourg.com\\\/#organization\",\"name\":\"F\u00e9d\u00e9ration Hi\u00e9ro Strasbourg\",\"url\":\"https:\\\/\\\/hierostrasbourg.com\\\/\",\"logo\":{\"@type\":\"ImageObject\",\"inLanguage\":\"fr-FR\",\"@id\":\"https:\\\/\\\/hierostrasbourg.com\\\/#\\\/schema\\\/logo\\\/image\\\/\",\"url\":\"https:\\\/\\\/hierostrasbourg.com\\\/wp-content\\\/uploads\\\/2026\\\/04\\\/logo-hiero-strasbourg.jpg\",\"contentUrl\":\"https:\\\/\\\/hierostrasbourg.com\\\/wp-content\\\/uploads\\\/2026\\\/04\\\/logo-hiero-strasbourg.jpg\",\"width\":204,\"height\":192,\"caption\":\"F\u00e9d\u00e9ration Hi\u00e9ro Strasbourg\"},\"image\":{\"@id\":\"https:\\\/\\\/hierostrasbourg.com\\\/#\\\/schema\\\/logo\\\/image\\\/\"},\"sameAs\":[\"https:\\\/\\\/www.facebook.com\\\/fedehierostrasbourg\",\"https:\\\/\\\/x.com\\\/hierostrasbourg\"]}]}<\/script>\n<!-- \/ Yoast SEO plugin. -->","yoast_head_json":{"title":"Pourquoi le d\u00e9ficit de fr\u00e9quentation des lieux culturels risque de durer - HIERO STRASBOURG","robots":{"index":"index","follow":"follow","max-snippet":"max-snippet:-1","max-image-preview":"max-image-preview:large","max-video-preview":"max-video-preview:-1"},"canonical":"https:\/\/hierostrasbourg.com\/index.php\/2022\/09\/03\/pourquoi-le-deficit-de-frequentation-des-lieux-culturels-risque-de-durer\/","og_locale":"fr_FR","og_type":"article","og_title":"Pourquoi le d\u00e9ficit de fr\u00e9quentation des lieux culturels risque de durer - HIERO STRASBOURG","og_description":"Six mois apr\u00e8s la lev\u00e9e compl\u00e8te des restrictions sanitaires, les professionnels de la culture s\u2019accordent pour constater que, globalement, le public est moins nombreux qu\u2019en 2019. Cette crise de la fr\u00e9quentation s\u2019av\u00e8re multi-factorielle. Source \/ Lire la suite : Pourquoi le d\u00e9ficit de fr\u00e9quentation des lieux culturels risque de durer L\u2019article Pourquoi le d\u00e9ficit de fr\u00e9quentation des lieux culturels risque de durer est apparu en premier sur Musiques Actuelles en Alsace. L\u2019article Pourquoi le d\u00e9ficit de fr\u00e9quentation des lieux culturels [&hellip;]","og_url":"https:\/\/hierostrasbourg.com\/index.php\/2022\/09\/03\/pourquoi-le-deficit-de-frequentation-des-lieux-culturels-risque-de-durer\/","og_site_name":"HIERO STRASBOURG","article_publisher":"https:\/\/www.facebook.com\/fedehierostrasbourg","article_published_time":"2022-09-03T19:31:48+00:00","twitter_card":"summary_large_image","twitter_creator":"@hierostrasbourg","twitter_site":"@hierostrasbourg","twitter_misc":{"Dur\u00e9e de lecture estim\u00e9e":"1 minute"},"schema":{"@context":"https:\/\/schema.org","@graph":[{"@type":"Article","@id":"https:\/\/hierostrasbourg.com\/index.php\/2022\/09\/03\/pourquoi-le-deficit-de-frequentation-des-lieux-culturels-risque-de-durer\/#article","isPartOf":{"@id":"https:\/\/hierostrasbourg.com\/index.php\/2022\/09\/03\/pourquoi-le-deficit-de-frequentation-des-lieux-culturels-risque-de-durer\/"},"author":{"name":"","@id":""},"headline":"Pourquoi le d\u00e9ficit de fr\u00e9quentation des lieux culturels risque de durer","datePublished":"2022-09-03T19:31:48+00:00","mainEntityOfPage":{"@id":"https:\/\/hierostrasbourg.com\/index.php\/2022\/09\/03\/pourquoi-le-deficit-de-frequentation-des-lieux-culturels-risque-de-durer\/"},"wordCount":117,"publisher":{"@id":"https:\/\/hierostrasbourg.com\/#organization"},"inLanguage":"fr-FR"},{"@type":"WebPage","@id":"https:\/\/hierostrasbourg.com\/index.php\/2022\/09\/03\/pourquoi-le-deficit-de-frequentation-des-lieux-culturels-risque-de-durer\/","url":"https:\/\/hierostrasbourg.com\/index.php\/2022\/09\/03\/pourquoi-le-deficit-de-frequentation-des-lieux-culturels-risque-de-durer\/","name":"Pourquoi le d\u00e9ficit de fr\u00e9quentation des lieux culturels risque de durer - HIERO STRASBOURG","isPartOf":{"@id":"https:\/\/hierostrasbourg.com\/#website"},"datePublished":"2022-09-03T19:31:48+00:00","breadcrumb":{"@id":"https:\/\/hierostrasbourg.com\/index.php\/2022\/09\/03\/pourquoi-le-deficit-de-frequentation-des-lieux-culturels-risque-de-durer\/#breadcrumb"},"inLanguage":"fr-FR","potentialAction":[{"@type":"ReadAction","target":["https:\/\/hierostrasbourg.com\/index.php\/2022\/09\/03\/pourquoi-le-deficit-de-frequentation-des-lieux-culturels-risque-de-durer\/"]}]},{"@type":"BreadcrumbList","@id":"https:\/\/hierostrasbourg.com\/index.php\/2022\/09\/03\/pourquoi-le-deficit-de-frequentation-des-lieux-culturels-risque-de-durer\/#breadcrumb","itemListElement":[{"@type":"ListItem","position":1,"name":"Accueil","item":"https:\/\/hierostrasbourg.com\/"},{"@type":"ListItem","position":2,"name":"Pourquoi le d\u00e9ficit de fr\u00e9quentation des lieux culturels risque de durer"}]},{"@type":"WebSite","@id":"https:\/\/hierostrasbourg.com\/#website","url":"https:\/\/hierostrasbourg.com\/","name":"HIERO STRASBOURG","description":"Centre de Ressources Musiques Actuelles","publisher":{"@id":"https:\/\/hierostrasbourg.com\/#organization"},"potentialAction":[{"@type":"SearchAction","target":{"@type":"EntryPoint","urlTemplate":"https:\/\/hierostrasbourg.com\/?s={search_term_string}"},"query-input":{"@type":"PropertyValueSpecification","valueRequired":true,"valueName":"search_term_string"}}],"inLanguage":"fr-FR"},{"@type":"Organization","@id":"https:\/\/hierostrasbourg.com\/#organization","name":"F\u00e9d\u00e9ration Hi\u00e9ro Strasbourg","url":"https:\/\/hierostrasbourg.com\/","logo":{"@type":"ImageObject","inLanguage":"fr-FR","@id":"https:\/\/hierostrasbourg.com\/#\/schema\/logo\/image\/","url":"https:\/\/hierostrasbourg.com\/wp-content\/uploads\/2026\/04\/logo-hiero-strasbourg.jpg","contentUrl":"https:\/\/hierostrasbourg.com\/wp-content\/uploads\/2026\/04\/logo-hiero-strasbourg.jpg","width":204,"height":192,"caption":"F\u00e9d\u00e9ration Hi\u00e9ro Strasbourg"},"image":{"@id":"https:\/\/hierostrasbourg.com\/#\/schema\/logo\/image\/"},"sameAs":["https:\/\/www.facebook.com\/fedehierostrasbourg","https:\/\/x.com\/hierostrasbourg"]}]}},"_links":{"self":[{"href":"https:\/\/hierostrasbourg.com\/index.php\/wp-json\/wp\/v2\/posts\/3534","targetHints":{"allow":["GET"]}}],"collection":[{"href":"https:\/\/hierostrasbourg.com\/index.php\/wp-json\/wp\/v2\/posts"}],"about":[{"href":"https:\/\/hierostrasbourg.com\/index.php\/wp-json\/wp\/v2\/types\/post"}],"replies":[{"embeddable":true,"href":"https:\/\/hierostrasbourg.com\/index.php\/wp-json\/wp\/v2\/comments?post=3534"}],"version-history":[{"count":0,"href":"https:\/\/hierostrasbourg.com\/index.php\/wp-json\/wp\/v2\/posts\/3534\/revisions"}],"wp:attachment":[{"href":"https:\/\/hierostrasbourg.com\/index.php\/wp-json\/wp\/v2\/media?parent=3534"}],"wp:term":[{"taxonomy":"category","embeddable":true,"href":"https:\/\/hierostrasbourg.com\/index.php\/wp-json\/wp\/v2\/categories?post=3534"},{"taxonomy":"post_tag","embeddable":true,"href":"https:\/\/hierostrasbourg.com\/index.php\/wp-json\/wp\/v2\/tags?post=3534"}],"curies":[{"name":"wp","href":"https:\/\/api.w.org\/{rel}","templated":true}]}}