{"id":351,"date":"2021-04-22T15:18:50","date_gmt":"2021-04-22T13:18:50","guid":{"rendered":"https:\/\/hierostrasbourg.com\/index.php\/2021\/04\/22\/lorchestre-philharmonique-de-strasbourg-recrute-un-apprenti-bibliothecaire-f-h\/"},"modified":"2021-04-22T15:18:50","modified_gmt":"2021-04-22T13:18:50","slug":"lorchestre-philharmonique-de-strasbourg-recrute-un-apprenti-bibliothecaire-f-h","status":"publish","type":"post","link":"https:\/\/hierostrasbourg.com\/index.php\/2021\/04\/22\/lorchestre-philharmonique-de-strasbourg-recrute-un-apprenti-bibliothecaire-f-h\/","title":{"rendered":"L\u2019ORCHESTRE PHILHARMONIQUE DE STRASBOURG recrute un apprenti biblioth\u00e9caire [F\/H]"},"content":{"rendered":"<p>L\u2019Orchestre philharmonique de Strasbourg \u2013 labellis\u00e9 \u00ab orchestre national \u00bb en 1994 \u2013 compte parmi les formations majeures en France. Fort de 110 musiciens perp\u00e9tuant sa double tradition fran\u00e7aise et germanique, plac\u00e9 depuis 2012 sous la direction musicale de Marko Letonja (auquel succ\u00e8dera Aziz Shokhakimov en septembre 2021), il porte un projet ambitieux autour de la musique symphonique avec plus de 100 concerts par an. Outre son activit\u00e9 propre, il contribue \u00e0 la saison lyrique et chor\u00e9graphique de l\u2019Op\u00e9ra national du Rhin.<br \/>\nIl place le d\u00e9veloppement des publics au coeur de son projet, notamment par des concerts d\u00e9centralis\u00e9s, des nouveaux formats de concerts et une large palette d\u2019actions culturelles \u00e0 destination des jeunes publics ou de publics sp\u00e9cifiques. Il m\u00e8ne \u00e9galement une ambitieuse politique audiovisuelle.<br \/>\nPar sa pr\u00e9sence et son action dans sa ville si\u00e8ge, par son rayonnement en France et \u00e0 l\u2019international, l\u2019Orchestre philharmonique se veut un acteur majeur de la politique culturelle de Strasbourg et du territoire.<br \/>\nL\u2019Orchestre est un \u00e9tablissement public administratif depuis le 1er janvier 2020.<\/p>\n<h2>Missions g\u00e9n\u00e9rales et responsabilit\u00e9s<\/h2>\n<p>Faisant partie int\u00e9grante du p\u00f4le production et sous l\u2019autorit\u00e9 et la responsabilit\u00e9 de la biblioth\u00e9caire musicale, l\u2019apprenti-e biblioth\u00e9caire assistera le service biblioth\u00e8que dans ses t\u00e2ches quotidiennes.<\/p>\n<h3>Activit\u00e9s principales<\/h3>\n<p><strong>Pr\u00e9parer le mat\u00e9riel musical pour mise \u00e0 disposition aupr\u00e8s des musiciens :<\/strong><\/p>\n<ul>\n<li>v\u00e9rifier le mat\u00e9riel re\u00e7u<\/li>\n<li>annoter les coups d\u2019archet, selon les indications re\u00e7ues<\/li>\n<li>mettre en forme les partitions, r\u00e9aliser la duplication et la reliure<\/li>\n<li>g\u00e9rer les sorties et retours de mat\u00e9riel<\/li>\n<\/ul>\n<p><strong>Pr\u00e9parer le mat\u00e9riel musical pour les concours de recrutement de l\u2019Orchestre <\/strong><\/p>\n<ul>\n<li>rechercher, pr\u00e9parer et compiler les extraits demand\u00e9s<\/li>\n<\/ul>\n<h3>Activit\u00e9s secondaires<\/h3>\n<p>En parall\u00e8le des t\u00e2ches quotidiennes, l\u2019apprenti.e biblioth\u00e9caire sera accompagn\u00e9.e dans la d\u00e9couverte du fonctionnement d\u2019un orchestre national et des responsabilit\u00e9s d\u2019un.e biblioth\u00e9caire musical :<\/p>\n<ul>\n<li>v\u00e9rifier les effectifs orchestraux des oeuvres programm\u00e9es et les saisir dans le logiciel de r\u00e9gie<\/li>\n<li>initier et suivre les commandes des mat\u00e9riels \u00e0 la location et \u00e0 l\u2019achat<\/li>\n<\/ul>\n<p>Dans le cadre de ces activit\u00e9s, l\u2019apprenti.e biblioth\u00e9caire peut \u00eatre amen\u00e9.e \u00e0 effectuer diverses formalit\u00e9s administratives (ordres de service, demande de devis et suivi des factures, classement et archivage des dossiers, etc.).<\/p>\n<h2>Profil<\/h2>\n<ul>\n<li>\u00c9tudiant-e en formation biblioth\u00e9caire d\u2019orchestre de la Licence Professionnelle M\u00e9tiers de la Sc\u00e8ne Lyrique (CFA Nancy)<\/li>\n<li>connaissances musicales et musicologiques indispensables<\/li>\n<li>connaissance en transposition, harmonie et organologie<\/li>\n<li>anglais niveau interm\u00e9diaire (A2)<\/li>\n<\/ul>\n<h2>Conditions d\u2019exercice<\/h2>\n<ul>\n<li>Poste \u00e0 temps complet (35h), horaires variables dans l\u2019amplitude 8h-18h<\/li>\n<li>Type de recrutement : contrat d\u2019apprentissage uniquement (\u00e0 compter du 1er septembre 2021 pour une dur\u00e9e d\u2019un an)<\/li>\n<\/ul>\n<p>Pour postuler \u00e0 cette offre, merci d\u2019envoyer CV et lettre de motivation \u00e0 l\u2019adresse suivante : ops-rh@strasbourg.eu<br \/>\nFormat demand\u00e9 : NOM_Pr\u00e9nom_CV.pdf ; NOM_Pr\u00e9nom_LM.pdf<br \/>\nDate de cl\u00f4ture : 20 mai 2021<\/p>\n<p>L\u2019article <a rel=\"nofollow\" href=\"https:\/\/popburo.fr\/lorchestre-philharmonique-de-strasbourg-recrute-un-apprenti-bibliothecaire-f-h\/\">L\u2019ORCHESTRE PHILHARMONIQUE DE STRASBOURG recrute un apprenti biblioth\u00e9caire [F\/H]<\/a> est apparu en premier sur <a rel=\"nofollow\" href=\"https:\/\/popburo.fr\/\">POP B\u00dcRO<\/a>.<\/p>\n","protected":false},"excerpt":{"rendered":"<p>L\u2019Orchestre philharmonique de Strasbourg \u2013 labellis\u00e9 \u00ab orchestre national \u00bb en 1994 \u2013 compte parmi les formations majeures en France. Fort de 110 musiciens perp\u00e9tuant sa double tradition fran\u00e7aise et germanique, plac\u00e9 depuis 2012 sous la direction musicale de Marko Letonja (auquel succ\u00e8dera Aziz Shokhakimov en septembre 2021), il porte un projet ambitieux autour de la musique symphonique avec plus de 100 concerts par an. Outre son activit\u00e9 propre, il contribue \u00e0 la saison lyrique et chor\u00e9graphique de l\u2019Op\u00e9ra national [&hellip;]<\/p>\n","protected":false},"author":0,"featured_media":0,"comment_status":"closed","ping_status":"open","sticky":false,"template":"","format":"standard","meta":{"footnotes":""},"categories":[1],"tags":[],"class_list":["post-351","post","type-post","status-publish","format-standard","hentry","category-non-classe"],"yoast_head":"<!-- This site is optimized with the Yoast SEO plugin v27.5 - https:\/\/yoast.com\/product\/yoast-seo-wordpress\/ -->\n<title>L\u2019ORCHESTRE PHILHARMONIQUE DE STRASBOURG recrute un apprenti biblioth\u00e9caire [F\/H] - HIERO STRASBOURG<\/title>\n<meta name=\"robots\" content=\"index, follow, max-snippet:-1, max-image-preview:large, max-video-preview:-1\" \/>\n<link rel=\"canonical\" href=\"https:\/\/hierostrasbourg.com\/index.php\/2021\/04\/22\/lorchestre-philharmonique-de-strasbourg-recrute-un-apprenti-bibliothecaire-f-h\/\" \/>\n<meta property=\"og:locale\" content=\"fr_FR\" \/>\n<meta property=\"og:type\" content=\"article\" \/>\n<meta property=\"og:title\" content=\"L\u2019ORCHESTRE PHILHARMONIQUE DE STRASBOURG recrute un apprenti biblioth\u00e9caire [F\/H] - HIERO STRASBOURG\" \/>\n<meta property=\"og:description\" content=\"L\u2019Orchestre philharmonique de Strasbourg \u2013 labellis\u00e9 \u00ab orchestre national \u00bb en 1994 \u2013 compte parmi les formations majeures en France. Fort de 110 musiciens perp\u00e9tuant sa double tradition fran\u00e7aise et germanique, plac\u00e9 depuis 2012 sous la direction musicale de Marko Letonja (auquel succ\u00e8dera Aziz Shokhakimov en septembre 2021), il porte un projet ambitieux autour de la musique symphonique avec plus de 100 concerts par an. Outre son activit\u00e9 propre, il contribue \u00e0 la saison lyrique et chor\u00e9graphique de l\u2019Op\u00e9ra national [&hellip;]\" \/>\n<meta property=\"og:url\" content=\"https:\/\/hierostrasbourg.com\/index.php\/2021\/04\/22\/lorchestre-philharmonique-de-strasbourg-recrute-un-apprenti-bibliothecaire-f-h\/\" \/>\n<meta property=\"og:site_name\" content=\"HIERO STRASBOURG\" \/>\n<meta property=\"article:publisher\" content=\"https:\/\/www.facebook.com\/fedehierostrasbourg\" \/>\n<meta property=\"article:published_time\" content=\"2021-04-22T13:18:50+00:00\" \/>\n<meta name=\"twitter:card\" content=\"summary_large_image\" \/>\n<meta name=\"twitter:creator\" content=\"@hierostrasbourg\" \/>\n<meta name=\"twitter:site\" content=\"@hierostrasbourg\" \/>\n<meta name=\"twitter:label1\" content=\"Dur\u00e9e de lecture estim\u00e9e\" \/>\n\t<meta name=\"twitter:data1\" content=\"3 minutes\" \/>\n<script type=\"application\/ld+json\" class=\"yoast-schema-graph\">{\"@context\":\"https:\\\/\\\/schema.org\",\"@graph\":[{\"@type\":\"Article\",\"@id\":\"https:\\\/\\\/hierostrasbourg.com\\\/index.php\\\/2021\\\/04\\\/22\\\/lorchestre-philharmonique-de-strasbourg-recrute-un-apprenti-bibliothecaire-f-h\\\/#article\",\"isPartOf\":{\"@id\":\"https:\\\/\\\/hierostrasbourg.com\\\/index.php\\\/2021\\\/04\\\/22\\\/lorchestre-philharmonique-de-strasbourg-recrute-un-apprenti-bibliothecaire-f-h\\\/\"},\"author\":{\"name\":\"\",\"@id\":\"\"},\"headline\":\"L\u2019ORCHESTRE PHILHARMONIQUE DE STRASBOURG recrute un apprenti biblioth\u00e9caire [F\\\/H]\",\"datePublished\":\"2021-04-22T13:18:50+00:00\",\"mainEntityOfPage\":{\"@id\":\"https:\\\/\\\/hierostrasbourg.com\\\/index.php\\\/2021\\\/04\\\/22\\\/lorchestre-philharmonique-de-strasbourg-recrute-un-apprenti-bibliothecaire-f-h\\\/\"},\"wordCount\":537,\"publisher\":{\"@id\":\"https:\\\/\\\/hierostrasbourg.com\\\/#organization\"},\"inLanguage\":\"fr-FR\"},{\"@type\":\"WebPage\",\"@id\":\"https:\\\/\\\/hierostrasbourg.com\\\/index.php\\\/2021\\\/04\\\/22\\\/lorchestre-philharmonique-de-strasbourg-recrute-un-apprenti-bibliothecaire-f-h\\\/\",\"url\":\"https:\\\/\\\/hierostrasbourg.com\\\/index.php\\\/2021\\\/04\\\/22\\\/lorchestre-philharmonique-de-strasbourg-recrute-un-apprenti-bibliothecaire-f-h\\\/\",\"name\":\"L\u2019ORCHESTRE PHILHARMONIQUE DE STRASBOURG recrute un apprenti biblioth\u00e9caire [F\\\/H] - HIERO STRASBOURG\",\"isPartOf\":{\"@id\":\"https:\\\/\\\/hierostrasbourg.com\\\/#website\"},\"datePublished\":\"2021-04-22T13:18:50+00:00\",\"breadcrumb\":{\"@id\":\"https:\\\/\\\/hierostrasbourg.com\\\/index.php\\\/2021\\\/04\\\/22\\\/lorchestre-philharmonique-de-strasbourg-recrute-un-apprenti-bibliothecaire-f-h\\\/#breadcrumb\"},\"inLanguage\":\"fr-FR\",\"potentialAction\":[{\"@type\":\"ReadAction\",\"target\":[\"https:\\\/\\\/hierostrasbourg.com\\\/index.php\\\/2021\\\/04\\\/22\\\/lorchestre-philharmonique-de-strasbourg-recrute-un-apprenti-bibliothecaire-f-h\\\/\"]}]},{\"@type\":\"BreadcrumbList\",\"@id\":\"https:\\\/\\\/hierostrasbourg.com\\\/index.php\\\/2021\\\/04\\\/22\\\/lorchestre-philharmonique-de-strasbourg-recrute-un-apprenti-bibliothecaire-f-h\\\/#breadcrumb\",\"itemListElement\":[{\"@type\":\"ListItem\",\"position\":1,\"name\":\"Accueil\",\"item\":\"https:\\\/\\\/hierostrasbourg.com\\\/\"},{\"@type\":\"ListItem\",\"position\":2,\"name\":\"L\u2019ORCHESTRE PHILHARMONIQUE DE STRASBOURG recrute un apprenti biblioth\u00e9caire [F\\\/H]\"}]},{\"@type\":\"WebSite\",\"@id\":\"https:\\\/\\\/hierostrasbourg.com\\\/#website\",\"url\":\"https:\\\/\\\/hierostrasbourg.com\\\/\",\"name\":\"HIERO STRASBOURG\",\"description\":\"Centre de Ressources Musiques Actuelles\",\"publisher\":{\"@id\":\"https:\\\/\\\/hierostrasbourg.com\\\/#organization\"},\"potentialAction\":[{\"@type\":\"SearchAction\",\"target\":{\"@type\":\"EntryPoint\",\"urlTemplate\":\"https:\\\/\\\/hierostrasbourg.com\\\/?s={search_term_string}\"},\"query-input\":{\"@type\":\"PropertyValueSpecification\",\"valueRequired\":true,\"valueName\":\"search_term_string\"}}],\"inLanguage\":\"fr-FR\"},{\"@type\":\"Organization\",\"@id\":\"https:\\\/\\\/hierostrasbourg.com\\\/#organization\",\"name\":\"F\u00e9d\u00e9ration Hi\u00e9ro Strasbourg\",\"url\":\"https:\\\/\\\/hierostrasbourg.com\\\/\",\"logo\":{\"@type\":\"ImageObject\",\"inLanguage\":\"fr-FR\",\"@id\":\"https:\\\/\\\/hierostrasbourg.com\\\/#\\\/schema\\\/logo\\\/image\\\/\",\"url\":\"https:\\\/\\\/hierostrasbourg.com\\\/wp-content\\\/uploads\\\/2026\\\/04\\\/logo-hiero-strasbourg.jpg\",\"contentUrl\":\"https:\\\/\\\/hierostrasbourg.com\\\/wp-content\\\/uploads\\\/2026\\\/04\\\/logo-hiero-strasbourg.jpg\",\"width\":204,\"height\":192,\"caption\":\"F\u00e9d\u00e9ration Hi\u00e9ro Strasbourg\"},\"image\":{\"@id\":\"https:\\\/\\\/hierostrasbourg.com\\\/#\\\/schema\\\/logo\\\/image\\\/\"},\"sameAs\":[\"https:\\\/\\\/www.facebook.com\\\/fedehierostrasbourg\",\"https:\\\/\\\/x.com\\\/hierostrasbourg\"]}]}<\/script>\n<!-- \/ Yoast SEO plugin. -->","yoast_head_json":{"title":"L\u2019ORCHESTRE PHILHARMONIQUE DE STRASBOURG recrute un apprenti biblioth\u00e9caire [F\/H] - HIERO STRASBOURG","robots":{"index":"index","follow":"follow","max-snippet":"max-snippet:-1","max-image-preview":"max-image-preview:large","max-video-preview":"max-video-preview:-1"},"canonical":"https:\/\/hierostrasbourg.com\/index.php\/2021\/04\/22\/lorchestre-philharmonique-de-strasbourg-recrute-un-apprenti-bibliothecaire-f-h\/","og_locale":"fr_FR","og_type":"article","og_title":"L\u2019ORCHESTRE PHILHARMONIQUE DE STRASBOURG recrute un apprenti biblioth\u00e9caire [F\/H] - HIERO STRASBOURG","og_description":"L\u2019Orchestre philharmonique de Strasbourg \u2013 labellis\u00e9 \u00ab orchestre national \u00bb en 1994 \u2013 compte parmi les formations majeures en France. Fort de 110 musiciens perp\u00e9tuant sa double tradition fran\u00e7aise et germanique, plac\u00e9 depuis 2012 sous la direction musicale de Marko Letonja (auquel succ\u00e8dera Aziz Shokhakimov en septembre 2021), il porte un projet ambitieux autour de la musique symphonique avec plus de 100 concerts par an. Outre son activit\u00e9 propre, il contribue \u00e0 la saison lyrique et chor\u00e9graphique de l\u2019Op\u00e9ra national [&hellip;]","og_url":"https:\/\/hierostrasbourg.com\/index.php\/2021\/04\/22\/lorchestre-philharmonique-de-strasbourg-recrute-un-apprenti-bibliothecaire-f-h\/","og_site_name":"HIERO STRASBOURG","article_publisher":"https:\/\/www.facebook.com\/fedehierostrasbourg","article_published_time":"2021-04-22T13:18:50+00:00","twitter_card":"summary_large_image","twitter_creator":"@hierostrasbourg","twitter_site":"@hierostrasbourg","twitter_misc":{"Dur\u00e9e de lecture estim\u00e9e":"3 minutes"},"schema":{"@context":"https:\/\/schema.org","@graph":[{"@type":"Article","@id":"https:\/\/hierostrasbourg.com\/index.php\/2021\/04\/22\/lorchestre-philharmonique-de-strasbourg-recrute-un-apprenti-bibliothecaire-f-h\/#article","isPartOf":{"@id":"https:\/\/hierostrasbourg.com\/index.php\/2021\/04\/22\/lorchestre-philharmonique-de-strasbourg-recrute-un-apprenti-bibliothecaire-f-h\/"},"author":{"name":"","@id":""},"headline":"L\u2019ORCHESTRE PHILHARMONIQUE DE STRASBOURG recrute un apprenti biblioth\u00e9caire [F\/H]","datePublished":"2021-04-22T13:18:50+00:00","mainEntityOfPage":{"@id":"https:\/\/hierostrasbourg.com\/index.php\/2021\/04\/22\/lorchestre-philharmonique-de-strasbourg-recrute-un-apprenti-bibliothecaire-f-h\/"},"wordCount":537,"publisher":{"@id":"https:\/\/hierostrasbourg.com\/#organization"},"inLanguage":"fr-FR"},{"@type":"WebPage","@id":"https:\/\/hierostrasbourg.com\/index.php\/2021\/04\/22\/lorchestre-philharmonique-de-strasbourg-recrute-un-apprenti-bibliothecaire-f-h\/","url":"https:\/\/hierostrasbourg.com\/index.php\/2021\/04\/22\/lorchestre-philharmonique-de-strasbourg-recrute-un-apprenti-bibliothecaire-f-h\/","name":"L\u2019ORCHESTRE PHILHARMONIQUE DE STRASBOURG recrute un apprenti biblioth\u00e9caire [F\/H] - HIERO STRASBOURG","isPartOf":{"@id":"https:\/\/hierostrasbourg.com\/#website"},"datePublished":"2021-04-22T13:18:50+00:00","breadcrumb":{"@id":"https:\/\/hierostrasbourg.com\/index.php\/2021\/04\/22\/lorchestre-philharmonique-de-strasbourg-recrute-un-apprenti-bibliothecaire-f-h\/#breadcrumb"},"inLanguage":"fr-FR","potentialAction":[{"@type":"ReadAction","target":["https:\/\/hierostrasbourg.com\/index.php\/2021\/04\/22\/lorchestre-philharmonique-de-strasbourg-recrute-un-apprenti-bibliothecaire-f-h\/"]}]},{"@type":"BreadcrumbList","@id":"https:\/\/hierostrasbourg.com\/index.php\/2021\/04\/22\/lorchestre-philharmonique-de-strasbourg-recrute-un-apprenti-bibliothecaire-f-h\/#breadcrumb","itemListElement":[{"@type":"ListItem","position":1,"name":"Accueil","item":"https:\/\/hierostrasbourg.com\/"},{"@type":"ListItem","position":2,"name":"L\u2019ORCHESTRE PHILHARMONIQUE DE STRASBOURG recrute un apprenti biblioth\u00e9caire [F\/H]"}]},{"@type":"WebSite","@id":"https:\/\/hierostrasbourg.com\/#website","url":"https:\/\/hierostrasbourg.com\/","name":"HIERO STRASBOURG","description":"Centre de Ressources Musiques Actuelles","publisher":{"@id":"https:\/\/hierostrasbourg.com\/#organization"},"potentialAction":[{"@type":"SearchAction","target":{"@type":"EntryPoint","urlTemplate":"https:\/\/hierostrasbourg.com\/?s={search_term_string}"},"query-input":{"@type":"PropertyValueSpecification","valueRequired":true,"valueName":"search_term_string"}}],"inLanguage":"fr-FR"},{"@type":"Organization","@id":"https:\/\/hierostrasbourg.com\/#organization","name":"F\u00e9d\u00e9ration Hi\u00e9ro Strasbourg","url":"https:\/\/hierostrasbourg.com\/","logo":{"@type":"ImageObject","inLanguage":"fr-FR","@id":"https:\/\/hierostrasbourg.com\/#\/schema\/logo\/image\/","url":"https:\/\/hierostrasbourg.com\/wp-content\/uploads\/2026\/04\/logo-hiero-strasbourg.jpg","contentUrl":"https:\/\/hierostrasbourg.com\/wp-content\/uploads\/2026\/04\/logo-hiero-strasbourg.jpg","width":204,"height":192,"caption":"F\u00e9d\u00e9ration Hi\u00e9ro Strasbourg"},"image":{"@id":"https:\/\/hierostrasbourg.com\/#\/schema\/logo\/image\/"},"sameAs":["https:\/\/www.facebook.com\/fedehierostrasbourg","https:\/\/x.com\/hierostrasbourg"]}]}},"_links":{"self":[{"href":"https:\/\/hierostrasbourg.com\/index.php\/wp-json\/wp\/v2\/posts\/351","targetHints":{"allow":["GET"]}}],"collection":[{"href":"https:\/\/hierostrasbourg.com\/index.php\/wp-json\/wp\/v2\/posts"}],"about":[{"href":"https:\/\/hierostrasbourg.com\/index.php\/wp-json\/wp\/v2\/types\/post"}],"replies":[{"embeddable":true,"href":"https:\/\/hierostrasbourg.com\/index.php\/wp-json\/wp\/v2\/comments?post=351"}],"version-history":[{"count":0,"href":"https:\/\/hierostrasbourg.com\/index.php\/wp-json\/wp\/v2\/posts\/351\/revisions"}],"wp:attachment":[{"href":"https:\/\/hierostrasbourg.com\/index.php\/wp-json\/wp\/v2\/media?parent=351"}],"wp:term":[{"taxonomy":"category","embeddable":true,"href":"https:\/\/hierostrasbourg.com\/index.php\/wp-json\/wp\/v2\/categories?post=351"},{"taxonomy":"post_tag","embeddable":true,"href":"https:\/\/hierostrasbourg.com\/index.php\/wp-json\/wp\/v2\/tags?post=351"}],"curies":[{"name":"wp","href":"https:\/\/api.w.org\/{rel}","templated":true}]}}