{"id":3505,"date":"2022-09-01T10:32:32","date_gmt":"2022-09-01T08:32:32","guid":{"rendered":"https:\/\/hierostrasbourg.com\/index.php\/2022\/09\/01\/lopera-national-du-rhin-recrute-un-machiniste-cintrier-f-h-2\/"},"modified":"2022-09-01T10:32:32","modified_gmt":"2022-09-01T08:32:32","slug":"lopera-national-du-rhin-recrute-un-machiniste-cintrier-f-h-2","status":"publish","type":"post","link":"https:\/\/hierostrasbourg.com\/index.php\/2022\/09\/01\/lopera-national-du-rhin-recrute-un-machiniste-cintrier-f-h-2\/","title":{"rendered":"L\u2019OP\u00c9RA NATIONAL DU RHIN recrute un machiniste \u2013 cintrier [F\/H]"},"content":{"rendered":"<p>L\u2019Op\u00e9ra national du Rhin, n\u00e9 de la volont\u00e9 des villes de Strasbourg, Mulhouse et Colmar, fait partie des six op\u00e9ras distingu\u00e9s par le label Op\u00e9ra national en r\u00e9gion, et de Centre Chor\u00e9graphique national.<br \/>\nInscrit dans un r\u00e9seau national et international de collaborations artistiques et culturelles, il constitue un p\u00f4le de d\u00e9veloppement lyrique et chor\u00e9graphique, avec des unit\u00e9s de cr\u00e9ation et diffusion r\u00e9parties dans les trois villes, et accueille pr\u00e8s de 120.000 spectateurs par an.<br \/>\nDirecteur g\u00e9n\u00e9ral : Alain Perroux<\/p>\n<h2>MISSIONS<\/h2>\n<p>Technicien.ne de sc\u00e8ne charg\u00e9 de la pr\u00e9paration et l\u2019exploitation des installations sc\u00e9niques et des d\u00e9cors. Il\/elle intervient plus sp\u00e9cifiquement sur l\u2019ensemble des appareils de levage des d\u00e9cors, et des \u00e9quipements de ponts dans le respect des r\u00e8gles de s\u00e9curit\u00e9 applicables aux levages et suspentes sc\u00e9niques dans les diff\u00e9rents th\u00e9\u00e2tres et lieux d\u2019accueil.<\/p>\n<p>Il\/elle est particuli\u00e8rement attentif.ve \u00e0 la qualit\u00e9 d\u2019ex\u00e9cution des travaux qui lui sont confi\u00e9s et veille au bon rangement des d\u00e9cors en coulisses pour permettre aux artistes, musiciens, figurants d\u2019\u00e9voluer dans les meilleures conditions de confort et de s\u00e9curit\u00e9.<\/p>\n<p>Sous l\u2019autorit\u00e9 du chef de service machinerie et du chef cintrier, il\/elle est notamment charg\u00e9.e de :<\/p>\n<p>la mise en \u0153uvre de l\u2019ensemble des appareils de levage des d\u00e9cors (perches, treuils, palans, moufles) et des \u00e9quipements de ponts (structures triangul\u00e9es, poutres \u00e0 treillis,\u2026), en application des modes op\u00e9ratoires \u00e9tablies<br \/>\ns\u2019assure de la bonne ad\u00e9quation du mat\u00e9riel utilis\u00e9 et des charges \u00e0 lever (coef de s\u00e9curit\u00e9, charge maximum d\u2019utilisation)<br \/>\nr\u00e9alise l\u2019assemblage des diff\u00e9rents \u00e9l\u00e9ments intervenant dans la cha\u00eene de levage et de suspente<br \/>\ncontr\u00f4le et v\u00e9rifie le mat\u00e9riel de levage avant chaque utilisation, et en garantie s\u2019assure d\u2019une 2\u00e8me v\u00e9rification de l\u2019installation avant l\u2019utilisation du mat\u00e9riel \u00e9quip\u00e9<br \/>\nsuit les r\u00e9p\u00e9titions en studio et en sc\u00e8ne, et coordonne son travail avec la r\u00e9gie, les autres services techniques de sc\u00e8ne<br \/>\ncommande la mise en mouvement, soit manuelle, soit motoris\u00e9e des \u00e9l\u00e9ments de d\u00e9cors, projecteurs, perches, \u2026 en bonne coordination avec le chef machiniste et la r\u00e9gie de sc\u00e8ne<br \/>\npeut \u00eatre assist\u00e9.e par un machiniste \u00e9lectrom\u00e9canicien en ce qui concerne les param\u00e9trages des syst\u00e8mes motoris\u00e9s<br \/>\npour l\u2019ensemble des travaux r\u00e9alis\u00e9s sur le gril technique et en passerelles, il\/elle s\u2019assure qu\u2019un p\u00e9rim\u00e8tre de s\u00e9curit\u00e9 soit mis en place sur sc\u00e8ne pour \u00e9viter la superposition d\u2019activit\u00e9s dans une m\u00eame zone et ceci en coordination avec le chef de service et le responsable de sc\u00e8ne<br \/>\nassure le rangement et l\u2019entretien courant du mat\u00e9riel de levage.<br \/>\npr\u00e9pare le mat\u00e9riel pour les contr\u00f4les p\u00e9riodiques obligatoires du mat\u00e9riel de levage<br \/>\ns\u2019assure du bon stockage et rangement de l\u2019ensemble des toiles, pendrillons, rideau et du suivi de l\u2019inventaire de ce mat\u00e9riel<\/p>\n<p>Il\/elle peut \u00eatre amen\u00e9.e \u00e0 intervenir dans l\u2019\u00e9quipement d\u2019autres lieux que le th\u00e9\u00e2tre pour l\u2019installation de structures provisoires (tours d\u2019\u00e9chafaudage, gradins, gril technique,\u2026), soit dans d\u2019autres th\u00e9\u00e2tres avec lesquels l\u2019Op\u00e9ra national du Rhin aurait convenu de travailler<\/p>\n<p>Il\/elle garde ses fonctions de machiniste de sc\u00e8ne selon les besoins des productions. Dans ce cadre :<\/p>\n<p>est amen\u00e9.e \u00e0 effectuer tous les travaux li\u00e9s \u00e0 l\u2019utilisation des d\u00e9cors sur sc\u00e8ne (manutention, chargement, d\u00e9chargement, montage et d\u00e9montage des d\u00e9cors, changement des d\u00e9cors pendant les r\u00e9p\u00e9titions et les repr\u00e9sentations, nettoyage et rangement de la sc\u00e8ne, r\u00e9aliser des travaux de finition ou d\u2019adaptation de d\u00e9cors aux ateliers ou sur sc\u00e8ne, effectuer les travaux courants d\u2019entretien des installations sc\u00e9niques ou occasionnellement du b\u00e2timent et annexes<\/p>\n<h2>COMP\u00c9TENCES ET QUALIT\u00c9S REQUISES :<\/h2>\n<p><strong>Formation\u00a0<\/strong><br \/>\nDe formation technique (\u00e9lectrom\u00e9canique, automatisme, construction m\u00e9talliques \u2026) compl\u00e9t\u00e9e par une exp\u00e9rience en machinerie de th\u00e9\u00e2tre ou dans des fonctions analogues<br \/>\nFormation compl\u00e9mentaire et autorisation de conduite des appareils de levage obligatoires<br \/>\n<strong>Comp\u00e9tences et qualit\u00e9s<\/strong><br \/>\nbonnes connaissances des normes et r\u00e8glements de s\u00e9curit\u00e9 dans les th\u00e9\u00e2tres, et de la r\u00e9glementation en vigueur en mati\u00e8re de s\u00e9curit\u00e9 au travail, de levage et de travail en hauteur.<br \/>\nm\u00e9thodique, une grande rigueur et capacit\u00e9 d\u2019organisation du travail<br \/>\ntr\u00e8s bonne aptitude physique, et au travail en hauteur<\/p>\n<h3>OBSERVATIONS COMPL\u00c9MENTAIRES<\/h3>\n<p>De par son intervention sur sc\u00e8ne durant les r\u00e9p\u00e9titions et repr\u00e9sentations, il peut \u00eatre amen\u00e9 \u00e0 devoir effectuer ces travaux \u00e0 vue du public, en v\u00eatement de travail ou costumes<\/p>\n<h3>CONTRAINTES PARTICULI\u00c8RES ET PARTICULARIT\u00c9S DU POSTE<\/h3>\n<p>Mobilit\u00e9 dans le cadre de d\u00e9placements dans les diff\u00e9rents lieux d\u2019exploitations du Syndicat intercommunal (Strasbourg, Mulhouse, Colmar) ou autres en cas de coproductions ou locations<br \/>\nHoraires en rapport avec le spectacle, d\u00e9cal\u00e9s 7j\/7<\/p>\n<\/p>\n<p>Merci de faire parvenir votre candidature (lettre de motivation et curriculum vitae) pour le 17 septembre 2022<\/p>\n<p>A Monsieur le Directeur G\u00e9n\u00e9ral de l\u2019Op\u00e9ra National du Rhin<br \/>\nDirection des Ressources humaines<br \/>\n19, Place Broglie \u2013 67008 Strasbourg Cedex<\/p>\n<p>rh@onr.fr<\/p>\n<p>L\u2019article <a href=\"https:\/\/popburo.fr\/lopera-national-du-rhin-recrute-un-machiniste-cintrier-f-h\/\">L\u2019OP\u00c9RA NATIONAL DU RHIN recrute un machiniste \u2013 cintrier [F\/H]<\/a> est apparu en premier sur <a href=\"https:\/\/popburo.fr\/\">POP B\u00dcRO<\/a>.<\/p>\n","protected":false},"excerpt":{"rendered":"<p>L\u2019Op\u00e9ra national du Rhin, n\u00e9 de la volont\u00e9 des villes de Strasbourg, Mulhouse et Colmar, fait partie des six op\u00e9ras distingu\u00e9s par le label Op\u00e9ra national en r\u00e9gion, et de Centre Chor\u00e9graphique national. Inscrit dans un r\u00e9seau national et international de collaborations artistiques et culturelles, il constitue un p\u00f4le de d\u00e9veloppement lyrique et chor\u00e9graphique, avec des unit\u00e9s de cr\u00e9ation et diffusion r\u00e9parties dans les trois villes, et accueille pr\u00e8s de 120.000 spectateurs par an. Directeur g\u00e9n\u00e9ral : Alain Perroux MISSIONS [&hellip;]<\/p>\n","protected":false},"author":0,"featured_media":0,"comment_status":"closed","ping_status":"open","sticky":false,"template":"","format":"standard","meta":{"footnotes":""},"categories":[1],"tags":[],"class_list":["post-3505","post","type-post","status-publish","format-standard","hentry","category-non-classe"],"yoast_head":"<!-- This site is optimized with the Yoast SEO plugin v27.5 - https:\/\/yoast.com\/product\/yoast-seo-wordpress\/ -->\n<title>L\u2019OP\u00c9RA NATIONAL DU RHIN recrute un machiniste \u2013 cintrier [F\/H] - HIERO STRASBOURG<\/title>\n<meta name=\"robots\" content=\"index, follow, max-snippet:-1, max-image-preview:large, max-video-preview:-1\" \/>\n<link rel=\"canonical\" href=\"https:\/\/hierostrasbourg.com\/index.php\/2022\/09\/01\/lopera-national-du-rhin-recrute-un-machiniste-cintrier-f-h-2\/\" \/>\n<meta property=\"og:locale\" content=\"fr_FR\" \/>\n<meta property=\"og:type\" content=\"article\" \/>\n<meta property=\"og:title\" content=\"L\u2019OP\u00c9RA NATIONAL DU RHIN recrute un machiniste \u2013 cintrier [F\/H] - HIERO STRASBOURG\" \/>\n<meta property=\"og:description\" content=\"L\u2019Op\u00e9ra national du Rhin, n\u00e9 de la volont\u00e9 des villes de Strasbourg, Mulhouse et Colmar, fait partie des six op\u00e9ras distingu\u00e9s par le label Op\u00e9ra national en r\u00e9gion, et de Centre Chor\u00e9graphique national. Inscrit dans un r\u00e9seau national et international de collaborations artistiques et culturelles, il constitue un p\u00f4le de d\u00e9veloppement lyrique et chor\u00e9graphique, avec des unit\u00e9s de cr\u00e9ation et diffusion r\u00e9parties dans les trois villes, et accueille pr\u00e8s de 120.000 spectateurs par an. Directeur g\u00e9n\u00e9ral : Alain Perroux MISSIONS [&hellip;]\" \/>\n<meta property=\"og:url\" content=\"https:\/\/hierostrasbourg.com\/index.php\/2022\/09\/01\/lopera-national-du-rhin-recrute-un-machiniste-cintrier-f-h-2\/\" \/>\n<meta property=\"og:site_name\" content=\"HIERO STRASBOURG\" \/>\n<meta property=\"article:publisher\" content=\"https:\/\/www.facebook.com\/fedehierostrasbourg\" \/>\n<meta property=\"article:published_time\" content=\"2022-09-01T08:32:32+00:00\" \/>\n<meta name=\"twitter:card\" content=\"summary_large_image\" \/>\n<meta name=\"twitter:creator\" content=\"@hierostrasbourg\" \/>\n<meta name=\"twitter:site\" content=\"@hierostrasbourg\" \/>\n<meta name=\"twitter:label1\" content=\"Dur\u00e9e de lecture estim\u00e9e\" \/>\n\t<meta name=\"twitter:data1\" content=\"5 minutes\" \/>\n<script type=\"application\/ld+json\" class=\"yoast-schema-graph\">{\"@context\":\"https:\\\/\\\/schema.org\",\"@graph\":[{\"@type\":\"Article\",\"@id\":\"https:\\\/\\\/hierostrasbourg.com\\\/index.php\\\/2022\\\/09\\\/01\\\/lopera-national-du-rhin-recrute-un-machiniste-cintrier-f-h-2\\\/#article\",\"isPartOf\":{\"@id\":\"https:\\\/\\\/hierostrasbourg.com\\\/index.php\\\/2022\\\/09\\\/01\\\/lopera-national-du-rhin-recrute-un-machiniste-cintrier-f-h-2\\\/\"},\"author\":{\"name\":\"\",\"@id\":\"\"},\"headline\":\"L\u2019OP\u00c9RA NATIONAL DU RHIN recrute un machiniste \u2013 cintrier [F\\\/H]\",\"datePublished\":\"2022-09-01T08:32:32+00:00\",\"mainEntityOfPage\":{\"@id\":\"https:\\\/\\\/hierostrasbourg.com\\\/index.php\\\/2022\\\/09\\\/01\\\/lopera-national-du-rhin-recrute-un-machiniste-cintrier-f-h-2\\\/\"},\"wordCount\":943,\"publisher\":{\"@id\":\"https:\\\/\\\/hierostrasbourg.com\\\/#organization\"},\"inLanguage\":\"fr-FR\"},{\"@type\":\"WebPage\",\"@id\":\"https:\\\/\\\/hierostrasbourg.com\\\/index.php\\\/2022\\\/09\\\/01\\\/lopera-national-du-rhin-recrute-un-machiniste-cintrier-f-h-2\\\/\",\"url\":\"https:\\\/\\\/hierostrasbourg.com\\\/index.php\\\/2022\\\/09\\\/01\\\/lopera-national-du-rhin-recrute-un-machiniste-cintrier-f-h-2\\\/\",\"name\":\"L\u2019OP\u00c9RA NATIONAL DU RHIN recrute un machiniste \u2013 cintrier [F\\\/H] - HIERO STRASBOURG\",\"isPartOf\":{\"@id\":\"https:\\\/\\\/hierostrasbourg.com\\\/#website\"},\"datePublished\":\"2022-09-01T08:32:32+00:00\",\"breadcrumb\":{\"@id\":\"https:\\\/\\\/hierostrasbourg.com\\\/index.php\\\/2022\\\/09\\\/01\\\/lopera-national-du-rhin-recrute-un-machiniste-cintrier-f-h-2\\\/#breadcrumb\"},\"inLanguage\":\"fr-FR\",\"potentialAction\":[{\"@type\":\"ReadAction\",\"target\":[\"https:\\\/\\\/hierostrasbourg.com\\\/index.php\\\/2022\\\/09\\\/01\\\/lopera-national-du-rhin-recrute-un-machiniste-cintrier-f-h-2\\\/\"]}]},{\"@type\":\"BreadcrumbList\",\"@id\":\"https:\\\/\\\/hierostrasbourg.com\\\/index.php\\\/2022\\\/09\\\/01\\\/lopera-national-du-rhin-recrute-un-machiniste-cintrier-f-h-2\\\/#breadcrumb\",\"itemListElement\":[{\"@type\":\"ListItem\",\"position\":1,\"name\":\"Accueil\",\"item\":\"https:\\\/\\\/hierostrasbourg.com\\\/\"},{\"@type\":\"ListItem\",\"position\":2,\"name\":\"L\u2019OP\u00c9RA NATIONAL DU RHIN recrute un machiniste \u2013 cintrier [F\\\/H]\"}]},{\"@type\":\"WebSite\",\"@id\":\"https:\\\/\\\/hierostrasbourg.com\\\/#website\",\"url\":\"https:\\\/\\\/hierostrasbourg.com\\\/\",\"name\":\"HIERO STRASBOURG\",\"description\":\"Centre de Ressources Musiques Actuelles\",\"publisher\":{\"@id\":\"https:\\\/\\\/hierostrasbourg.com\\\/#organization\"},\"potentialAction\":[{\"@type\":\"SearchAction\",\"target\":{\"@type\":\"EntryPoint\",\"urlTemplate\":\"https:\\\/\\\/hierostrasbourg.com\\\/?s={search_term_string}\"},\"query-input\":{\"@type\":\"PropertyValueSpecification\",\"valueRequired\":true,\"valueName\":\"search_term_string\"}}],\"inLanguage\":\"fr-FR\"},{\"@type\":\"Organization\",\"@id\":\"https:\\\/\\\/hierostrasbourg.com\\\/#organization\",\"name\":\"F\u00e9d\u00e9ration Hi\u00e9ro Strasbourg\",\"url\":\"https:\\\/\\\/hierostrasbourg.com\\\/\",\"logo\":{\"@type\":\"ImageObject\",\"inLanguage\":\"fr-FR\",\"@id\":\"https:\\\/\\\/hierostrasbourg.com\\\/#\\\/schema\\\/logo\\\/image\\\/\",\"url\":\"https:\\\/\\\/hierostrasbourg.com\\\/wp-content\\\/uploads\\\/2026\\\/04\\\/logo-hiero-strasbourg.jpg\",\"contentUrl\":\"https:\\\/\\\/hierostrasbourg.com\\\/wp-content\\\/uploads\\\/2026\\\/04\\\/logo-hiero-strasbourg.jpg\",\"width\":204,\"height\":192,\"caption\":\"F\u00e9d\u00e9ration Hi\u00e9ro Strasbourg\"},\"image\":{\"@id\":\"https:\\\/\\\/hierostrasbourg.com\\\/#\\\/schema\\\/logo\\\/image\\\/\"},\"sameAs\":[\"https:\\\/\\\/www.facebook.com\\\/fedehierostrasbourg\",\"https:\\\/\\\/x.com\\\/hierostrasbourg\"]}]}<\/script>\n<!-- \/ Yoast SEO plugin. -->","yoast_head_json":{"title":"L\u2019OP\u00c9RA NATIONAL DU RHIN recrute un machiniste \u2013 cintrier [F\/H] - HIERO STRASBOURG","robots":{"index":"index","follow":"follow","max-snippet":"max-snippet:-1","max-image-preview":"max-image-preview:large","max-video-preview":"max-video-preview:-1"},"canonical":"https:\/\/hierostrasbourg.com\/index.php\/2022\/09\/01\/lopera-national-du-rhin-recrute-un-machiniste-cintrier-f-h-2\/","og_locale":"fr_FR","og_type":"article","og_title":"L\u2019OP\u00c9RA NATIONAL DU RHIN recrute un machiniste \u2013 cintrier [F\/H] - HIERO STRASBOURG","og_description":"L\u2019Op\u00e9ra national du Rhin, n\u00e9 de la volont\u00e9 des villes de Strasbourg, Mulhouse et Colmar, fait partie des six op\u00e9ras distingu\u00e9s par le label Op\u00e9ra national en r\u00e9gion, et de Centre Chor\u00e9graphique national. Inscrit dans un r\u00e9seau national et international de collaborations artistiques et culturelles, il constitue un p\u00f4le de d\u00e9veloppement lyrique et chor\u00e9graphique, avec des unit\u00e9s de cr\u00e9ation et diffusion r\u00e9parties dans les trois villes, et accueille pr\u00e8s de 120.000 spectateurs par an. Directeur g\u00e9n\u00e9ral : Alain Perroux MISSIONS [&hellip;]","og_url":"https:\/\/hierostrasbourg.com\/index.php\/2022\/09\/01\/lopera-national-du-rhin-recrute-un-machiniste-cintrier-f-h-2\/","og_site_name":"HIERO STRASBOURG","article_publisher":"https:\/\/www.facebook.com\/fedehierostrasbourg","article_published_time":"2022-09-01T08:32:32+00:00","twitter_card":"summary_large_image","twitter_creator":"@hierostrasbourg","twitter_site":"@hierostrasbourg","twitter_misc":{"Dur\u00e9e de lecture estim\u00e9e":"5 minutes"},"schema":{"@context":"https:\/\/schema.org","@graph":[{"@type":"Article","@id":"https:\/\/hierostrasbourg.com\/index.php\/2022\/09\/01\/lopera-national-du-rhin-recrute-un-machiniste-cintrier-f-h-2\/#article","isPartOf":{"@id":"https:\/\/hierostrasbourg.com\/index.php\/2022\/09\/01\/lopera-national-du-rhin-recrute-un-machiniste-cintrier-f-h-2\/"},"author":{"name":"","@id":""},"headline":"L\u2019OP\u00c9RA NATIONAL DU RHIN recrute un machiniste \u2013 cintrier [F\/H]","datePublished":"2022-09-01T08:32:32+00:00","mainEntityOfPage":{"@id":"https:\/\/hierostrasbourg.com\/index.php\/2022\/09\/01\/lopera-national-du-rhin-recrute-un-machiniste-cintrier-f-h-2\/"},"wordCount":943,"publisher":{"@id":"https:\/\/hierostrasbourg.com\/#organization"},"inLanguage":"fr-FR"},{"@type":"WebPage","@id":"https:\/\/hierostrasbourg.com\/index.php\/2022\/09\/01\/lopera-national-du-rhin-recrute-un-machiniste-cintrier-f-h-2\/","url":"https:\/\/hierostrasbourg.com\/index.php\/2022\/09\/01\/lopera-national-du-rhin-recrute-un-machiniste-cintrier-f-h-2\/","name":"L\u2019OP\u00c9RA NATIONAL DU RHIN recrute un machiniste \u2013 cintrier [F\/H] - HIERO STRASBOURG","isPartOf":{"@id":"https:\/\/hierostrasbourg.com\/#website"},"datePublished":"2022-09-01T08:32:32+00:00","breadcrumb":{"@id":"https:\/\/hierostrasbourg.com\/index.php\/2022\/09\/01\/lopera-national-du-rhin-recrute-un-machiniste-cintrier-f-h-2\/#breadcrumb"},"inLanguage":"fr-FR","potentialAction":[{"@type":"ReadAction","target":["https:\/\/hierostrasbourg.com\/index.php\/2022\/09\/01\/lopera-national-du-rhin-recrute-un-machiniste-cintrier-f-h-2\/"]}]},{"@type":"BreadcrumbList","@id":"https:\/\/hierostrasbourg.com\/index.php\/2022\/09\/01\/lopera-national-du-rhin-recrute-un-machiniste-cintrier-f-h-2\/#breadcrumb","itemListElement":[{"@type":"ListItem","position":1,"name":"Accueil","item":"https:\/\/hierostrasbourg.com\/"},{"@type":"ListItem","position":2,"name":"L\u2019OP\u00c9RA NATIONAL DU RHIN recrute un machiniste \u2013 cintrier [F\/H]"}]},{"@type":"WebSite","@id":"https:\/\/hierostrasbourg.com\/#website","url":"https:\/\/hierostrasbourg.com\/","name":"HIERO STRASBOURG","description":"Centre de Ressources Musiques Actuelles","publisher":{"@id":"https:\/\/hierostrasbourg.com\/#organization"},"potentialAction":[{"@type":"SearchAction","target":{"@type":"EntryPoint","urlTemplate":"https:\/\/hierostrasbourg.com\/?s={search_term_string}"},"query-input":{"@type":"PropertyValueSpecification","valueRequired":true,"valueName":"search_term_string"}}],"inLanguage":"fr-FR"},{"@type":"Organization","@id":"https:\/\/hierostrasbourg.com\/#organization","name":"F\u00e9d\u00e9ration Hi\u00e9ro Strasbourg","url":"https:\/\/hierostrasbourg.com\/","logo":{"@type":"ImageObject","inLanguage":"fr-FR","@id":"https:\/\/hierostrasbourg.com\/#\/schema\/logo\/image\/","url":"https:\/\/hierostrasbourg.com\/wp-content\/uploads\/2026\/04\/logo-hiero-strasbourg.jpg","contentUrl":"https:\/\/hierostrasbourg.com\/wp-content\/uploads\/2026\/04\/logo-hiero-strasbourg.jpg","width":204,"height":192,"caption":"F\u00e9d\u00e9ration Hi\u00e9ro Strasbourg"},"image":{"@id":"https:\/\/hierostrasbourg.com\/#\/schema\/logo\/image\/"},"sameAs":["https:\/\/www.facebook.com\/fedehierostrasbourg","https:\/\/x.com\/hierostrasbourg"]}]}},"_links":{"self":[{"href":"https:\/\/hierostrasbourg.com\/index.php\/wp-json\/wp\/v2\/posts\/3505","targetHints":{"allow":["GET"]}}],"collection":[{"href":"https:\/\/hierostrasbourg.com\/index.php\/wp-json\/wp\/v2\/posts"}],"about":[{"href":"https:\/\/hierostrasbourg.com\/index.php\/wp-json\/wp\/v2\/types\/post"}],"replies":[{"embeddable":true,"href":"https:\/\/hierostrasbourg.com\/index.php\/wp-json\/wp\/v2\/comments?post=3505"}],"version-history":[{"count":0,"href":"https:\/\/hierostrasbourg.com\/index.php\/wp-json\/wp\/v2\/posts\/3505\/revisions"}],"wp:attachment":[{"href":"https:\/\/hierostrasbourg.com\/index.php\/wp-json\/wp\/v2\/media?parent=3505"}],"wp:term":[{"taxonomy":"category","embeddable":true,"href":"https:\/\/hierostrasbourg.com\/index.php\/wp-json\/wp\/v2\/categories?post=3505"},{"taxonomy":"post_tag","embeddable":true,"href":"https:\/\/hierostrasbourg.com\/index.php\/wp-json\/wp\/v2\/tags?post=3505"}],"curies":[{"name":"wp","href":"https:\/\/api.w.org\/{rel}","templated":true}]}}