{"id":3504,"date":"2022-09-01T10:32:32","date_gmt":"2022-09-01T08:32:32","guid":{"rendered":"https:\/\/hierostrasbourg.com\/index.php\/2022\/09\/01\/lopera-national-du-thin-recrute-un-machiniste-de-scene-electromecanicien-electrotechnicien-f-h-2\/"},"modified":"2022-09-01T10:32:32","modified_gmt":"2022-09-01T08:32:32","slug":"lopera-national-du-thin-recrute-un-machiniste-de-scene-electromecanicien-electrotechnicien-f-h-2","status":"publish","type":"post","link":"https:\/\/hierostrasbourg.com\/index.php\/2022\/09\/01\/lopera-national-du-thin-recrute-un-machiniste-de-scene-electromecanicien-electrotechnicien-f-h-2\/","title":{"rendered":"L\u2019OP\u00c9RA NATIONAL DU THIN recrute un machiniste de sc\u00e8ne \u2013 \u00e9lectrom\u00e9canicien \/ \u00e9lectrotechnicien [F\/H]"},"content":{"rendered":"<p>L\u2019Op\u00e9ra national du Rhin, n\u00e9 de la volont\u00e9 des villes de Strasbourg, Mulhouse et Colmar, fait partie des six op\u00e9ras distingu\u00e9s par le label Op\u00e9ra national en r\u00e9gion, et de Centre Chor\u00e9graphique national.<br \/>\nInscrit dans un r\u00e9seau national et international de collaborations artistiques et culturelles, il constitue un p\u00f4le de d\u00e9veloppement lyrique et chor\u00e9graphique, avec des unit\u00e9s de cr\u00e9ation et diffusion r\u00e9parties dans les trois villes, et accueille pr\u00e8s de 120.000 spectateurs par an.<br \/>\nDirecteur g\u00e9n\u00e9ral : Alain Perroux<\/p>\n<h2>MISSIONS<\/h2>\n<p>Technicien.ne de sc\u00e8ne charg\u00e9.e de la pr\u00e9paration et l\u2019exploitation des installations sc\u00e9niques et des d\u00e9cors, et plus particuli\u00e8rement de la mise en \u0153uvre des installations motoris\u00e9es.<\/p>\n<p>Il\/elle est particuli\u00e8rement attentif.ve \u00e0 la qualit\u00e9 d\u2019ex\u00e9cution des travaux qui lui sont confi\u00e9s et veille au bon rangement des d\u00e9cors en coulisses pour permettre aux artistes, musiciens, figurants d\u2019\u00e9voluer dans les meilleures conditions de confort et de s\u00e9curit\u00e9.<\/p>\n<p>A ce titre, sous l\u2019autorit\u00e9 du chef de service machinerie ou du responsable de production machinerie, il\/elle est amen\u00e9.e \u00e0 :<\/p>\n<p>En tant que sp\u00e9cialiste \u00e9lectrom\u00e9canicien, responsable de l\u2019exploitation et du suivi de la mise en \u0153uvre de l\u2019ensemble des installations sc\u00e9niques motoris\u00e9es.<br \/>\neffectue les travaux d\u2019installation et s\u2019assurera du bon fonctionnement et de la bonne utilisation des appareils motoris\u00e9s, \u00e9quip\u00e9s dans la cage de sc\u00e8ne.<br \/>\nintervient pour le montage et le r\u00e9glage des installations m\u00e9caniques motoris\u00e9es sur les d\u00e9cors<br \/>\npeut \u00eatre amen\u00e9 \u00e0 \u00e9laborer et \u00e0 \u00e9tudier des petits syst\u00e8mes de motorisation sous le contr\u00f4le du chef constructeur.<br \/>\nparticipe \u00e0 l\u2019\u00e9laboration des modes op\u00e9ratoires n\u00e9cessaires \u00e0 tous les syst\u00e8mes motoris\u00e9s en relation directe avec le chef constructeur, les bureaux d\u2019\u00e9tudes et organismes de contr\u00f4le ext\u00e9rieurs<br \/>\nresponsable du suivi de la bonne utilisation des syst\u00e8mes pendant l\u2019exploitation des d\u00e9cors sur sc\u00e8ne<br \/>\nSes responsabilit\u00e9s l\u2019am\u00e8neront \u00e0 travailler en \u00e9troite collaboration avec : \u2013 les cintriers, en ce qui concerne l\u2019installation et l\u2019exploitation de l\u2019ensemble des appareils de levage (mise en place des appareils de levage et alimentation \u00e9lectrique, gestion du parc et suivi du mat\u00e9riel, choix des mat\u00e9riels en fonction des travaux \u00e0 effectuer, contr\u00f4le des installations \u00e9quip\u00e9es sur le gril, organisation et suivi des r\u00e9visions p\u00e9riodiques r\u00e9glementaires pour l\u2019ensemble des appareils de levage, \u00e9laboration des modes op\u00e9ratoires d\u2019utilisation des syst\u00e8mes de levage, param\u00e9trages des installations\u2026.) \u2013 les ateliers de construction de d\u00e9cors, en ce qui concerne les \u00e9quipements des syst\u00e8mes motoris\u00e9s dans les d\u00e9cors, et le c\u00e2blage d\u2019armoire selon les plans fournis<\/p>\n<p>effectuer l\u2019ensemble des t\u00e2ches de machinerie sc\u00e9nique, telles que d\u00e9finies dans le poste de machiniste :<br \/>\nparticipation \u00e0 la pr\u00e9paration de la production et \u00e0 la construction des d\u00e9cors<br \/>\ninstallation et exploitation des d\u00e9cors sur sc\u00e8ne<br \/>\nparticipe aux travaux courants d\u2019entretien des installations sc\u00e9niques (montage, chariotage, manutention, changement de d\u00e9cors, nettoyage, rangement\u2026.)<\/p>\n<p>Il\/elle pourra \u00e9galement \u00eatre amen\u00e9.e \u00e0 intervenir dans l\u2019\u00e9quipement, soit dans d\u2019autres lieux que le th\u00e9\u00e2tre pour l\u2019installation de structures provisoires, soit dans d\u2019autres th\u00e9\u00e2tres avec lesquels l\u2019Op\u00e9ra national du Rhin aurait convenu de travailler.<\/p>\n<p>Pour l\u2019ensemble des travaux qui lui sont confi\u00e9s, il est tenu de respecter les r\u00e8gles de s\u00e9curit\u00e9.<\/p>\n<h2><\/h2>\n<h2>COMPETENCES ET QUALITES REQUISES<\/h2>\n<p><strong>Formation<\/strong><br \/>\nDe formation technique Bac \u00e0 Bac+2 en \u00e9lectrom\u00e9canique, \u00e9lectrotechnique, automatisme,<br \/>\n1\u00e8re exp\u00e9rience en machinerie de th\u00e9\u00e2tre ou dans des le domaine industriel (\u00e9lectrom\u00e9canique g\u00e9n\u00e9rale)<\/p>\n<p><strong>Comp\u00e9tences<\/strong><br \/>\nbonne ma\u00eetrise des syst\u00e8mes motoris\u00e9s g\u00e9r\u00e9s par informatique (automatisme, asservissement \u2026.)<br \/>\nconnaissance de la norme machine 2006\/42\/CE<br \/>\nconnaissance en programmation d\u2019automate Siemens SIMATIC S7 et Touch Panel Siemens, et variateur Siemens Sinamics S120<br \/>\ncapacit\u00e9 \u00e0 mettre en \u0153uvre le c\u00e2blage d\u2019une armoire d\u2019apr\u00e8s des plans fournis<br \/>\nbonne aptitude physique<br \/>\nhabilet\u00e9 aux travaux manuels<br \/>\nla pratique d\u2019une langue \u00e9trang\u00e8re (anglais, allemand) serait un plus<\/p>\n<p><strong>Qualit\u00e9s<\/strong><br \/>\nbonne capacit\u00e9 d\u2019observation, de m\u00e9thode et d\u2019organisation<br \/>\ncapacit\u00e9 \u00e0 travailler en \u00e9quipe, et en hauteur (nacelle, \u2026)<br \/>\ndisponibilit\u00e9 et souplesse pour s\u2019adapter aux \u00e9ventuelles exigences techniques et artistiques<\/p>\n<h3>OBSERVATIONS COMPL\u00c9MENTAIRES :<\/h3>\n<p>De par son intervention sur sc\u00e8ne durant les r\u00e9p\u00e9titions et repr\u00e9sentations il peut \u00eatre amen\u00e9 \u00e0 devoir se rev\u00eatir de costumes pour effectuer ces travaux.<br \/>\nContraintes particuli\u00e8res et particularit\u00e9s du poste :<br \/>\nMobilit\u00e9 dans le cadre de d\u00e9placements dans les diff\u00e9rents lieux d\u2019exploitations du Syndicat intercommunal (Strasbourg, Mulhouse, Colmar) ou autres en cas de coproductions ou locations<br \/>\nHoraires en rapport avec le spectacle, d\u00e9cal\u00e9s 7j\/7<\/p>\n<p>Merci de faire parvenir votre candidature (lettre de motivation et curriculum vitae) pour le 17 septembre 2022<\/p>\n<p>A Monsieur le Directeur G\u00e9n\u00e9ral de l\u2019Op\u00e9ra National du Rhin<br \/>\nDirection des Ressources humaines<br \/>\n19, Place Broglie \u2013 67008 Strasbourg Cedex<\/p>\n<p>rh@onr.fr<\/p>\n<p>L\u2019article <a href=\"https:\/\/popburo.fr\/lopera-national-du-thin-recrute-un-machiniste-de-scene-electromecanicien-electrotechnicien-f-h\/\">L\u2019OP\u00c9RA NATIONAL DU THIN recrute un machiniste de sc\u00e8ne \u2013 \u00e9lectrom\u00e9canicien \/ \u00e9lectrotechnicien [F\/H]<\/a> est apparu en premier sur <a href=\"https:\/\/popburo.fr\/\">POP B\u00dcRO<\/a>.<\/p>\n","protected":false},"excerpt":{"rendered":"<p>L\u2019Op\u00e9ra national du Rhin, n\u00e9 de la volont\u00e9 des villes de Strasbourg, Mulhouse et Colmar, fait partie des six op\u00e9ras distingu\u00e9s par le label Op\u00e9ra national en r\u00e9gion, et de Centre Chor\u00e9graphique national. Inscrit dans un r\u00e9seau national et international de collaborations artistiques et culturelles, il constitue un p\u00f4le de d\u00e9veloppement lyrique et chor\u00e9graphique, avec des unit\u00e9s de cr\u00e9ation et diffusion r\u00e9parties dans les trois villes, et accueille pr\u00e8s de 120.000 spectateurs par an. Directeur g\u00e9n\u00e9ral : Alain Perroux MISSIONS [&hellip;]<\/p>\n","protected":false},"author":0,"featured_media":0,"comment_status":"closed","ping_status":"open","sticky":false,"template":"","format":"standard","meta":{"footnotes":""},"categories":[1],"tags":[],"class_list":["post-3504","post","type-post","status-publish","format-standard","hentry","category-non-classe"],"yoast_head":"<!-- This site is optimized with the Yoast SEO plugin v27.5 - https:\/\/yoast.com\/product\/yoast-seo-wordpress\/ -->\n<title>L\u2019OP\u00c9RA NATIONAL DU THIN recrute un machiniste de sc\u00e8ne \u2013 \u00e9lectrom\u00e9canicien \/ \u00e9lectrotechnicien [F\/H] - HIERO STRASBOURG<\/title>\n<meta name=\"robots\" content=\"index, follow, max-snippet:-1, max-image-preview:large, max-video-preview:-1\" \/>\n<link rel=\"canonical\" href=\"https:\/\/hierostrasbourg.com\/index.php\/2022\/09\/01\/lopera-national-du-thin-recrute-un-machiniste-de-scene-electromecanicien-electrotechnicien-f-h-2\/\" \/>\n<meta property=\"og:locale\" content=\"fr_FR\" \/>\n<meta property=\"og:type\" content=\"article\" \/>\n<meta property=\"og:title\" content=\"L\u2019OP\u00c9RA NATIONAL DU THIN recrute un machiniste de sc\u00e8ne \u2013 \u00e9lectrom\u00e9canicien \/ \u00e9lectrotechnicien [F\/H] - HIERO STRASBOURG\" \/>\n<meta property=\"og:description\" content=\"L\u2019Op\u00e9ra national du Rhin, n\u00e9 de la volont\u00e9 des villes de Strasbourg, Mulhouse et Colmar, fait partie des six op\u00e9ras distingu\u00e9s par le label Op\u00e9ra national en r\u00e9gion, et de Centre Chor\u00e9graphique national. Inscrit dans un r\u00e9seau national et international de collaborations artistiques et culturelles, il constitue un p\u00f4le de d\u00e9veloppement lyrique et chor\u00e9graphique, avec des unit\u00e9s de cr\u00e9ation et diffusion r\u00e9parties dans les trois villes, et accueille pr\u00e8s de 120.000 spectateurs par an. Directeur g\u00e9n\u00e9ral : Alain Perroux MISSIONS [&hellip;]\" \/>\n<meta property=\"og:url\" content=\"https:\/\/hierostrasbourg.com\/index.php\/2022\/09\/01\/lopera-national-du-thin-recrute-un-machiniste-de-scene-electromecanicien-electrotechnicien-f-h-2\/\" \/>\n<meta property=\"og:site_name\" content=\"HIERO STRASBOURG\" \/>\n<meta property=\"article:publisher\" content=\"https:\/\/www.facebook.com\/fedehierostrasbourg\" \/>\n<meta property=\"article:published_time\" content=\"2022-09-01T08:32:32+00:00\" \/>\n<meta name=\"twitter:card\" content=\"summary_large_image\" \/>\n<meta name=\"twitter:creator\" content=\"@hierostrasbourg\" \/>\n<meta name=\"twitter:site\" content=\"@hierostrasbourg\" \/>\n<meta name=\"twitter:label1\" content=\"Dur\u00e9e de lecture estim\u00e9e\" \/>\n\t<meta name=\"twitter:data1\" content=\"4 minutes\" \/>\n<script type=\"application\/ld+json\" class=\"yoast-schema-graph\">{\"@context\":\"https:\\\/\\\/schema.org\",\"@graph\":[{\"@type\":\"Article\",\"@id\":\"https:\\\/\\\/hierostrasbourg.com\\\/index.php\\\/2022\\\/09\\\/01\\\/lopera-national-du-thin-recrute-un-machiniste-de-scene-electromecanicien-electrotechnicien-f-h-2\\\/#article\",\"isPartOf\":{\"@id\":\"https:\\\/\\\/hierostrasbourg.com\\\/index.php\\\/2022\\\/09\\\/01\\\/lopera-national-du-thin-recrute-un-machiniste-de-scene-electromecanicien-electrotechnicien-f-h-2\\\/\"},\"author\":{\"name\":\"\",\"@id\":\"\"},\"headline\":\"L\u2019OP\u00c9RA NATIONAL DU THIN recrute un machiniste de sc\u00e8ne \u2013 \u00e9lectrom\u00e9canicien \\\/ \u00e9lectrotechnicien [F\\\/H]\",\"datePublished\":\"2022-09-01T08:32:32+00:00\",\"mainEntityOfPage\":{\"@id\":\"https:\\\/\\\/hierostrasbourg.com\\\/index.php\\\/2022\\\/09\\\/01\\\/lopera-national-du-thin-recrute-un-machiniste-de-scene-electromecanicien-electrotechnicien-f-h-2\\\/\"},\"wordCount\":902,\"publisher\":{\"@id\":\"https:\\\/\\\/hierostrasbourg.com\\\/#organization\"},\"inLanguage\":\"fr-FR\"},{\"@type\":\"WebPage\",\"@id\":\"https:\\\/\\\/hierostrasbourg.com\\\/index.php\\\/2022\\\/09\\\/01\\\/lopera-national-du-thin-recrute-un-machiniste-de-scene-electromecanicien-electrotechnicien-f-h-2\\\/\",\"url\":\"https:\\\/\\\/hierostrasbourg.com\\\/index.php\\\/2022\\\/09\\\/01\\\/lopera-national-du-thin-recrute-un-machiniste-de-scene-electromecanicien-electrotechnicien-f-h-2\\\/\",\"name\":\"L\u2019OP\u00c9RA NATIONAL DU THIN recrute un machiniste de sc\u00e8ne \u2013 \u00e9lectrom\u00e9canicien \\\/ \u00e9lectrotechnicien [F\\\/H] - HIERO STRASBOURG\",\"isPartOf\":{\"@id\":\"https:\\\/\\\/hierostrasbourg.com\\\/#website\"},\"datePublished\":\"2022-09-01T08:32:32+00:00\",\"breadcrumb\":{\"@id\":\"https:\\\/\\\/hierostrasbourg.com\\\/index.php\\\/2022\\\/09\\\/01\\\/lopera-national-du-thin-recrute-un-machiniste-de-scene-electromecanicien-electrotechnicien-f-h-2\\\/#breadcrumb\"},\"inLanguage\":\"fr-FR\",\"potentialAction\":[{\"@type\":\"ReadAction\",\"target\":[\"https:\\\/\\\/hierostrasbourg.com\\\/index.php\\\/2022\\\/09\\\/01\\\/lopera-national-du-thin-recrute-un-machiniste-de-scene-electromecanicien-electrotechnicien-f-h-2\\\/\"]}]},{\"@type\":\"BreadcrumbList\",\"@id\":\"https:\\\/\\\/hierostrasbourg.com\\\/index.php\\\/2022\\\/09\\\/01\\\/lopera-national-du-thin-recrute-un-machiniste-de-scene-electromecanicien-electrotechnicien-f-h-2\\\/#breadcrumb\",\"itemListElement\":[{\"@type\":\"ListItem\",\"position\":1,\"name\":\"Accueil\",\"item\":\"https:\\\/\\\/hierostrasbourg.com\\\/\"},{\"@type\":\"ListItem\",\"position\":2,\"name\":\"L\u2019OP\u00c9RA NATIONAL DU THIN recrute un machiniste de sc\u00e8ne \u2013 \u00e9lectrom\u00e9canicien \\\/ \u00e9lectrotechnicien [F\\\/H]\"}]},{\"@type\":\"WebSite\",\"@id\":\"https:\\\/\\\/hierostrasbourg.com\\\/#website\",\"url\":\"https:\\\/\\\/hierostrasbourg.com\\\/\",\"name\":\"HIERO STRASBOURG\",\"description\":\"Centre de Ressources Musiques Actuelles\",\"publisher\":{\"@id\":\"https:\\\/\\\/hierostrasbourg.com\\\/#organization\"},\"potentialAction\":[{\"@type\":\"SearchAction\",\"target\":{\"@type\":\"EntryPoint\",\"urlTemplate\":\"https:\\\/\\\/hierostrasbourg.com\\\/?s={search_term_string}\"},\"query-input\":{\"@type\":\"PropertyValueSpecification\",\"valueRequired\":true,\"valueName\":\"search_term_string\"}}],\"inLanguage\":\"fr-FR\"},{\"@type\":\"Organization\",\"@id\":\"https:\\\/\\\/hierostrasbourg.com\\\/#organization\",\"name\":\"F\u00e9d\u00e9ration Hi\u00e9ro Strasbourg\",\"url\":\"https:\\\/\\\/hierostrasbourg.com\\\/\",\"logo\":{\"@type\":\"ImageObject\",\"inLanguage\":\"fr-FR\",\"@id\":\"https:\\\/\\\/hierostrasbourg.com\\\/#\\\/schema\\\/logo\\\/image\\\/\",\"url\":\"https:\\\/\\\/hierostrasbourg.com\\\/wp-content\\\/uploads\\\/2026\\\/04\\\/logo-hiero-strasbourg.jpg\",\"contentUrl\":\"https:\\\/\\\/hierostrasbourg.com\\\/wp-content\\\/uploads\\\/2026\\\/04\\\/logo-hiero-strasbourg.jpg\",\"width\":204,\"height\":192,\"caption\":\"F\u00e9d\u00e9ration Hi\u00e9ro Strasbourg\"},\"image\":{\"@id\":\"https:\\\/\\\/hierostrasbourg.com\\\/#\\\/schema\\\/logo\\\/image\\\/\"},\"sameAs\":[\"https:\\\/\\\/www.facebook.com\\\/fedehierostrasbourg\",\"https:\\\/\\\/x.com\\\/hierostrasbourg\"]}]}<\/script>\n<!-- \/ Yoast SEO plugin. -->","yoast_head_json":{"title":"L\u2019OP\u00c9RA NATIONAL DU THIN recrute un machiniste de sc\u00e8ne \u2013 \u00e9lectrom\u00e9canicien \/ \u00e9lectrotechnicien [F\/H] - HIERO STRASBOURG","robots":{"index":"index","follow":"follow","max-snippet":"max-snippet:-1","max-image-preview":"max-image-preview:large","max-video-preview":"max-video-preview:-1"},"canonical":"https:\/\/hierostrasbourg.com\/index.php\/2022\/09\/01\/lopera-national-du-thin-recrute-un-machiniste-de-scene-electromecanicien-electrotechnicien-f-h-2\/","og_locale":"fr_FR","og_type":"article","og_title":"L\u2019OP\u00c9RA NATIONAL DU THIN recrute un machiniste de sc\u00e8ne \u2013 \u00e9lectrom\u00e9canicien \/ \u00e9lectrotechnicien [F\/H] - HIERO STRASBOURG","og_description":"L\u2019Op\u00e9ra national du Rhin, n\u00e9 de la volont\u00e9 des villes de Strasbourg, Mulhouse et Colmar, fait partie des six op\u00e9ras distingu\u00e9s par le label Op\u00e9ra national en r\u00e9gion, et de Centre Chor\u00e9graphique national. Inscrit dans un r\u00e9seau national et international de collaborations artistiques et culturelles, il constitue un p\u00f4le de d\u00e9veloppement lyrique et chor\u00e9graphique, avec des unit\u00e9s de cr\u00e9ation et diffusion r\u00e9parties dans les trois villes, et accueille pr\u00e8s de 120.000 spectateurs par an. Directeur g\u00e9n\u00e9ral : Alain Perroux MISSIONS [&hellip;]","og_url":"https:\/\/hierostrasbourg.com\/index.php\/2022\/09\/01\/lopera-national-du-thin-recrute-un-machiniste-de-scene-electromecanicien-electrotechnicien-f-h-2\/","og_site_name":"HIERO STRASBOURG","article_publisher":"https:\/\/www.facebook.com\/fedehierostrasbourg","article_published_time":"2022-09-01T08:32:32+00:00","twitter_card":"summary_large_image","twitter_creator":"@hierostrasbourg","twitter_site":"@hierostrasbourg","twitter_misc":{"Dur\u00e9e de lecture estim\u00e9e":"4 minutes"},"schema":{"@context":"https:\/\/schema.org","@graph":[{"@type":"Article","@id":"https:\/\/hierostrasbourg.com\/index.php\/2022\/09\/01\/lopera-national-du-thin-recrute-un-machiniste-de-scene-electromecanicien-electrotechnicien-f-h-2\/#article","isPartOf":{"@id":"https:\/\/hierostrasbourg.com\/index.php\/2022\/09\/01\/lopera-national-du-thin-recrute-un-machiniste-de-scene-electromecanicien-electrotechnicien-f-h-2\/"},"author":{"name":"","@id":""},"headline":"L\u2019OP\u00c9RA NATIONAL DU THIN recrute un machiniste de sc\u00e8ne \u2013 \u00e9lectrom\u00e9canicien \/ \u00e9lectrotechnicien [F\/H]","datePublished":"2022-09-01T08:32:32+00:00","mainEntityOfPage":{"@id":"https:\/\/hierostrasbourg.com\/index.php\/2022\/09\/01\/lopera-national-du-thin-recrute-un-machiniste-de-scene-electromecanicien-electrotechnicien-f-h-2\/"},"wordCount":902,"publisher":{"@id":"https:\/\/hierostrasbourg.com\/#organization"},"inLanguage":"fr-FR"},{"@type":"WebPage","@id":"https:\/\/hierostrasbourg.com\/index.php\/2022\/09\/01\/lopera-national-du-thin-recrute-un-machiniste-de-scene-electromecanicien-electrotechnicien-f-h-2\/","url":"https:\/\/hierostrasbourg.com\/index.php\/2022\/09\/01\/lopera-national-du-thin-recrute-un-machiniste-de-scene-electromecanicien-electrotechnicien-f-h-2\/","name":"L\u2019OP\u00c9RA NATIONAL DU THIN recrute un machiniste de sc\u00e8ne \u2013 \u00e9lectrom\u00e9canicien \/ \u00e9lectrotechnicien [F\/H] - HIERO STRASBOURG","isPartOf":{"@id":"https:\/\/hierostrasbourg.com\/#website"},"datePublished":"2022-09-01T08:32:32+00:00","breadcrumb":{"@id":"https:\/\/hierostrasbourg.com\/index.php\/2022\/09\/01\/lopera-national-du-thin-recrute-un-machiniste-de-scene-electromecanicien-electrotechnicien-f-h-2\/#breadcrumb"},"inLanguage":"fr-FR","potentialAction":[{"@type":"ReadAction","target":["https:\/\/hierostrasbourg.com\/index.php\/2022\/09\/01\/lopera-national-du-thin-recrute-un-machiniste-de-scene-electromecanicien-electrotechnicien-f-h-2\/"]}]},{"@type":"BreadcrumbList","@id":"https:\/\/hierostrasbourg.com\/index.php\/2022\/09\/01\/lopera-national-du-thin-recrute-un-machiniste-de-scene-electromecanicien-electrotechnicien-f-h-2\/#breadcrumb","itemListElement":[{"@type":"ListItem","position":1,"name":"Accueil","item":"https:\/\/hierostrasbourg.com\/"},{"@type":"ListItem","position":2,"name":"L\u2019OP\u00c9RA NATIONAL DU THIN recrute un machiniste de sc\u00e8ne \u2013 \u00e9lectrom\u00e9canicien \/ \u00e9lectrotechnicien [F\/H]"}]},{"@type":"WebSite","@id":"https:\/\/hierostrasbourg.com\/#website","url":"https:\/\/hierostrasbourg.com\/","name":"HIERO STRASBOURG","description":"Centre de Ressources Musiques Actuelles","publisher":{"@id":"https:\/\/hierostrasbourg.com\/#organization"},"potentialAction":[{"@type":"SearchAction","target":{"@type":"EntryPoint","urlTemplate":"https:\/\/hierostrasbourg.com\/?s={search_term_string}"},"query-input":{"@type":"PropertyValueSpecification","valueRequired":true,"valueName":"search_term_string"}}],"inLanguage":"fr-FR"},{"@type":"Organization","@id":"https:\/\/hierostrasbourg.com\/#organization","name":"F\u00e9d\u00e9ration Hi\u00e9ro Strasbourg","url":"https:\/\/hierostrasbourg.com\/","logo":{"@type":"ImageObject","inLanguage":"fr-FR","@id":"https:\/\/hierostrasbourg.com\/#\/schema\/logo\/image\/","url":"https:\/\/hierostrasbourg.com\/wp-content\/uploads\/2026\/04\/logo-hiero-strasbourg.jpg","contentUrl":"https:\/\/hierostrasbourg.com\/wp-content\/uploads\/2026\/04\/logo-hiero-strasbourg.jpg","width":204,"height":192,"caption":"F\u00e9d\u00e9ration Hi\u00e9ro Strasbourg"},"image":{"@id":"https:\/\/hierostrasbourg.com\/#\/schema\/logo\/image\/"},"sameAs":["https:\/\/www.facebook.com\/fedehierostrasbourg","https:\/\/x.com\/hierostrasbourg"]}]}},"_links":{"self":[{"href":"https:\/\/hierostrasbourg.com\/index.php\/wp-json\/wp\/v2\/posts\/3504","targetHints":{"allow":["GET"]}}],"collection":[{"href":"https:\/\/hierostrasbourg.com\/index.php\/wp-json\/wp\/v2\/posts"}],"about":[{"href":"https:\/\/hierostrasbourg.com\/index.php\/wp-json\/wp\/v2\/types\/post"}],"replies":[{"embeddable":true,"href":"https:\/\/hierostrasbourg.com\/index.php\/wp-json\/wp\/v2\/comments?post=3504"}],"version-history":[{"count":0,"href":"https:\/\/hierostrasbourg.com\/index.php\/wp-json\/wp\/v2\/posts\/3504\/revisions"}],"wp:attachment":[{"href":"https:\/\/hierostrasbourg.com\/index.php\/wp-json\/wp\/v2\/media?parent=3504"}],"wp:term":[{"taxonomy":"category","embeddable":true,"href":"https:\/\/hierostrasbourg.com\/index.php\/wp-json\/wp\/v2\/categories?post=3504"},{"taxonomy":"post_tag","embeddable":true,"href":"https:\/\/hierostrasbourg.com\/index.php\/wp-json\/wp\/v2\/tags?post=3504"}],"curies":[{"name":"wp","href":"https:\/\/api.w.org\/{rel}","templated":true}]}}