{"id":3499,"date":"2022-09-01T09:35:29","date_gmt":"2022-09-01T07:35:29","guid":{"rendered":"https:\/\/hierostrasbourg.com\/index.php\/2022\/09\/01\/lopera-national-du-rhin-recrute-un-machiniste-de-scene-mecanicien-f-h\/"},"modified":"2022-09-01T09:35:29","modified_gmt":"2022-09-01T07:35:29","slug":"lopera-national-du-rhin-recrute-un-machiniste-de-scene-mecanicien-f-h","status":"publish","type":"post","link":"https:\/\/hierostrasbourg.com\/index.php\/2022\/09\/01\/lopera-national-du-rhin-recrute-un-machiniste-de-scene-mecanicien-f-h\/","title":{"rendered":"L\u2019OP\u00c9RA NATIONAL DU RHIN recrute un machiniste de sc\u00e8ne \u2013 m\u00e9canicien [F\/H]"},"content":{"rendered":"<p>L\u2019Op\u00e9ra national du Rhin, n\u00e9 de la volont\u00e9 des villes de Strasbourg, Mulhouse et Colmar, fait partie des six op\u00e9ras distingu\u00e9s par le label Op\u00e9ra national en r\u00e9gion, et de Centre Chor\u00e9graphique national.<br \/>\nInscrit dans un r\u00e9seau national et international de collaborations artistiques et culturelles, il constitue un p\u00f4le de d\u00e9veloppement lyrique et chor\u00e9graphique, avec des unit\u00e9s de cr\u00e9ation et diffusion r\u00e9parties dans les trois villes, et accueille pr\u00e8s de 120.000 spectateurs par an.<br \/>\nDirecteur g\u00e9n\u00e9ral : Alain Perroux<\/p>\n<h2>MISSIONS<\/h2>\n<p>Technicien.ne de sc\u00e8ne charg\u00e9.e de la pr\u00e9paration et l\u2019exploitation des installations sc\u00e9niques et des d\u00e9cors, et plus particuli\u00e8rement de la mise en \u0153uvre des installations m\u00e9caniques.<\/p>\n<p>Il\/elle est particuli\u00e8rement attentif.ve \u00e0 la qualit\u00e9 d\u2019ex\u00e9cution des travaux qui lui sont confi\u00e9s et veille au bon rangement des d\u00e9cors en coulisses pour permettre aux artistes, musiciens, figurants d\u2019\u00e9voluer dans les meilleures conditions de confort et de s\u00e9curit\u00e9.<\/p>\n<p>A ce titre, sous l\u2019autorit\u00e9 du chef de service machinerie ou du responsable de production machinerie, il\/elle est amen\u00e9.e \u00e0 :<\/p>\n<p>En tant que sp\u00e9cialiste de la m\u00e9canique, il est plus particuli\u00e8rement responsable de :<br \/>\nl\u2019assemblage et ajustage des \u00e9l\u00e9ments de d\u00e9cors ayant des composants m\u00e9caniques<br \/>\nl\u2019identification et la r\u00e9solution des probl\u00e8mes de fonctionnement<br \/>\nd\u2019effectuer les r\u00e9parations dans le but d\u2019assurer une fiabilit\u00e9 maximale<br \/>\nil\/elle peut \u00eatre amen\u00e9.e \u00e0 intervenir sur les installations sc\u00e9niques, chariots \u00e9l\u00e9vateurs et nacelles<\/p>\n<p>effectuer l\u2019ensemble des t\u00e2ches de machinerie sc\u00e9nique, telles que d\u00e9finies dans le poste de machiniste :<br \/>\nparticipation \u00e0 la pr\u00e9paration de la production et \u00e0 la construction des d\u00e9cors<br \/>\ninstallation et exploitation des d\u00e9cors sur sc\u00e8ne<br \/>\nparticipe aux travaux courants d\u2019entretien des installations sc\u00e9niques (montage, chariotage, manutention, changement de d\u00e9cors, nettoyage, rangement\u2026.)<\/p>\n<p>Il\/elle pourra \u00e9galement \u00eatre amen\u00e9.e \u00e0 intervenir dans l\u2019\u00e9quipement, soit dans d\u2019autres lieux que le th\u00e9\u00e2tre pour l\u2019installation de structures provisoires, soit dans d\u2019autres th\u00e9\u00e2tres avec lesquels l\u2019Op\u00e9ra national du Rhin aurait convenu de travailler.<\/p>\n<p>Pour l\u2019ensemble des travaux qui lui sont confi\u00e9s, il\/elle est tenu.e de respecter les r\u00e8gles de s\u00e9curit\u00e9.<\/p>\n<h2>COMPETENCES ET QUALITES REQUISES<\/h2>\n<p><strong>Formation<\/strong><br \/>\nDe formation technique en m\u00e9canique g\u00e9n\u00e9rale, maintenance des syst\u00e8mes m\u00e9caniques (niveau Bac ou certification d\u2019un \u00e9tablissement de formation professionnelle)<br \/>\n1\u00e8re exp\u00e9rience dans le domaine de la m\u00e9canique, m\u00e9canique industrielle ou en machinerie de th\u00e9\u00e2tre<\/p>\n<p><strong>Comp\u00e9tences<\/strong><br \/>\nbonnes connaissances des machines et des syst\u00e8mes hydrauliques, \u00e9lectriques et autres, et de leurs composants<br \/>\nconnaissance des pr\u00e9cautions de s\u00e9curit\u00e9 et de la norme machine 2006\/42\/CE<br \/>\nbonne aptitude physique<br \/>\nhabilet\u00e9 aux travaux manuels<br \/>\nla pratique d\u2019une langue \u00e9trang\u00e8re (anglais, allemand) serait un plus<\/p>\n<p><strong>Qualit\u00e9s<\/strong><br \/>\nbonne capacit\u00e9 d\u2019observation et du d\u00e9tail, de m\u00e9thode et d\u2019organisation<br \/>\ncapacit\u00e9 \u00e0 suivre les proc\u00e9dures et pratiques \u00e9tablies et \u00e0 la lecture de plans<br \/>\ncapacit\u00e9 \u00e0 travailler en \u00e9quipe, et en hauteur (nacelle, \u2026)<br \/>\ndisponibilit\u00e9 et souplesse pour s\u2019adapter aux \u00e9ventuelles exigences techniques et artistiques<\/p>\n<h3>OBSERVATIONS COMPL\u00c9MENTAIRES<\/h3>\n<p>De par son intervention sur sc\u00e8ne durant les r\u00e9p\u00e9titions et repr\u00e9sentations, il peut \u00eatre amen\u00e9 \u00e0 devoir effectuer ces travaux \u00e0 vue du public, en v\u00eatement de travail ou costumes<\/p>\n<h3>CONTRAINTES PARTICULI\u00c8RES ET PARTICULARIT\u00c9S DU POSTE<\/h3>\n<p>Mobilit\u00e9 dans le cadre de d\u00e9placements dans les diff\u00e9rents lieux d\u2019exploitations du Syndicat intercommunal (Strasbourg, Mulhouse, Colmar) ou autres en cas de coproductions ou locations<br \/>\nHoraires en rapport avec le spectacle, d\u00e9cal\u00e9s 7j\/7Merci de faire parvenir votre candidature (lettre de motivation et curriculum vitae) pour le 17 septembre 2022<\/p>\n<p>A Monsieur le Directeur G\u00e9n\u00e9ral de l\u2019Op\u00e9ra National du Rhin<br \/>\nDirection des Ressources humaines<br \/>\n19, Place Broglie \u2013 67008 Strasbourg Cedex<\/p>\n<p>rh@onr.fr<\/p>\n<p>L\u2019article <a href=\"https:\/\/popburo.fr\/lopera-national-du-rhin-recrute-un-machiniste-de-scene-mecanicien-f-h\/\">L\u2019OP\u00c9RA NATIONAL DU RHIN recrute un machiniste de sc\u00e8ne \u2013 m\u00e9canicien [F\/H]<\/a> est apparu en premier sur <a href=\"https:\/\/popburo.fr\/\">POP B\u00dcRO<\/a>.<\/p>\n","protected":false},"excerpt":{"rendered":"<p>L\u2019Op\u00e9ra national du Rhin, n\u00e9 de la volont\u00e9 des villes de Strasbourg, Mulhouse et Colmar, fait partie des six op\u00e9ras distingu\u00e9s par le label Op\u00e9ra national en r\u00e9gion, et de Centre Chor\u00e9graphique national. Inscrit dans un r\u00e9seau national et international de collaborations artistiques et culturelles, il constitue un p\u00f4le de d\u00e9veloppement lyrique et chor\u00e9graphique, avec des unit\u00e9s de cr\u00e9ation et diffusion r\u00e9parties dans les trois villes, et accueille pr\u00e8s de 120.000 spectateurs par an. Directeur g\u00e9n\u00e9ral : Alain Perroux MISSIONS [&hellip;]<\/p>\n","protected":false},"author":0,"featured_media":0,"comment_status":"closed","ping_status":"open","sticky":false,"template":"","format":"standard","meta":{"footnotes":""},"categories":[1],"tags":[],"class_list":["post-3499","post","type-post","status-publish","format-standard","hentry","category-non-classe"],"yoast_head":"<!-- This site is optimized with the Yoast SEO plugin v27.5 - https:\/\/yoast.com\/product\/yoast-seo-wordpress\/ -->\n<title>L\u2019OP\u00c9RA NATIONAL DU RHIN recrute un machiniste de sc\u00e8ne \u2013 m\u00e9canicien [F\/H] - HIERO STRASBOURG<\/title>\n<meta name=\"robots\" content=\"index, follow, max-snippet:-1, max-image-preview:large, max-video-preview:-1\" \/>\n<link rel=\"canonical\" href=\"https:\/\/hierostrasbourg.com\/index.php\/2022\/09\/01\/lopera-national-du-rhin-recrute-un-machiniste-de-scene-mecanicien-f-h\/\" \/>\n<meta property=\"og:locale\" content=\"fr_FR\" \/>\n<meta property=\"og:type\" content=\"article\" \/>\n<meta property=\"og:title\" content=\"L\u2019OP\u00c9RA NATIONAL DU RHIN recrute un machiniste de sc\u00e8ne \u2013 m\u00e9canicien [F\/H] - HIERO STRASBOURG\" \/>\n<meta property=\"og:description\" content=\"L\u2019Op\u00e9ra national du Rhin, n\u00e9 de la volont\u00e9 des villes de Strasbourg, Mulhouse et Colmar, fait partie des six op\u00e9ras distingu\u00e9s par le label Op\u00e9ra national en r\u00e9gion, et de Centre Chor\u00e9graphique national. Inscrit dans un r\u00e9seau national et international de collaborations artistiques et culturelles, il constitue un p\u00f4le de d\u00e9veloppement lyrique et chor\u00e9graphique, avec des unit\u00e9s de cr\u00e9ation et diffusion r\u00e9parties dans les trois villes, et accueille pr\u00e8s de 120.000 spectateurs par an. Directeur g\u00e9n\u00e9ral : Alain Perroux MISSIONS [&hellip;]\" \/>\n<meta property=\"og:url\" content=\"https:\/\/hierostrasbourg.com\/index.php\/2022\/09\/01\/lopera-national-du-rhin-recrute-un-machiniste-de-scene-mecanicien-f-h\/\" \/>\n<meta property=\"og:site_name\" content=\"HIERO STRASBOURG\" \/>\n<meta property=\"article:publisher\" content=\"https:\/\/www.facebook.com\/fedehierostrasbourg\" \/>\n<meta property=\"article:published_time\" content=\"2022-09-01T07:35:29+00:00\" \/>\n<meta name=\"twitter:card\" content=\"summary_large_image\" \/>\n<meta name=\"twitter:creator\" content=\"@hierostrasbourg\" \/>\n<meta name=\"twitter:site\" content=\"@hierostrasbourg\" \/>\n<meta name=\"twitter:label1\" content=\"Dur\u00e9e de lecture estim\u00e9e\" \/>\n\t<meta name=\"twitter:data1\" content=\"3 minutes\" \/>\n<script type=\"application\/ld+json\" class=\"yoast-schema-graph\">{\"@context\":\"https:\\\/\\\/schema.org\",\"@graph\":[{\"@type\":\"Article\",\"@id\":\"https:\\\/\\\/hierostrasbourg.com\\\/index.php\\\/2022\\\/09\\\/01\\\/lopera-national-du-rhin-recrute-un-machiniste-de-scene-mecanicien-f-h\\\/#article\",\"isPartOf\":{\"@id\":\"https:\\\/\\\/hierostrasbourg.com\\\/index.php\\\/2022\\\/09\\\/01\\\/lopera-national-du-rhin-recrute-un-machiniste-de-scene-mecanicien-f-h\\\/\"},\"author\":{\"name\":\"\",\"@id\":\"\"},\"headline\":\"L\u2019OP\u00c9RA NATIONAL DU RHIN recrute un machiniste de sc\u00e8ne \u2013 m\u00e9canicien [F\\\/H]\",\"datePublished\":\"2022-09-01T07:35:29+00:00\",\"mainEntityOfPage\":{\"@id\":\"https:\\\/\\\/hierostrasbourg.com\\\/index.php\\\/2022\\\/09\\\/01\\\/lopera-national-du-rhin-recrute-un-machiniste-de-scene-mecanicien-f-h\\\/\"},\"wordCount\":710,\"publisher\":{\"@id\":\"https:\\\/\\\/hierostrasbourg.com\\\/#organization\"},\"inLanguage\":\"fr-FR\"},{\"@type\":\"WebPage\",\"@id\":\"https:\\\/\\\/hierostrasbourg.com\\\/index.php\\\/2022\\\/09\\\/01\\\/lopera-national-du-rhin-recrute-un-machiniste-de-scene-mecanicien-f-h\\\/\",\"url\":\"https:\\\/\\\/hierostrasbourg.com\\\/index.php\\\/2022\\\/09\\\/01\\\/lopera-national-du-rhin-recrute-un-machiniste-de-scene-mecanicien-f-h\\\/\",\"name\":\"L\u2019OP\u00c9RA NATIONAL DU RHIN recrute un machiniste de sc\u00e8ne \u2013 m\u00e9canicien [F\\\/H] - HIERO STRASBOURG\",\"isPartOf\":{\"@id\":\"https:\\\/\\\/hierostrasbourg.com\\\/#website\"},\"datePublished\":\"2022-09-01T07:35:29+00:00\",\"breadcrumb\":{\"@id\":\"https:\\\/\\\/hierostrasbourg.com\\\/index.php\\\/2022\\\/09\\\/01\\\/lopera-national-du-rhin-recrute-un-machiniste-de-scene-mecanicien-f-h\\\/#breadcrumb\"},\"inLanguage\":\"fr-FR\",\"potentialAction\":[{\"@type\":\"ReadAction\",\"target\":[\"https:\\\/\\\/hierostrasbourg.com\\\/index.php\\\/2022\\\/09\\\/01\\\/lopera-national-du-rhin-recrute-un-machiniste-de-scene-mecanicien-f-h\\\/\"]}]},{\"@type\":\"BreadcrumbList\",\"@id\":\"https:\\\/\\\/hierostrasbourg.com\\\/index.php\\\/2022\\\/09\\\/01\\\/lopera-national-du-rhin-recrute-un-machiniste-de-scene-mecanicien-f-h\\\/#breadcrumb\",\"itemListElement\":[{\"@type\":\"ListItem\",\"position\":1,\"name\":\"Accueil\",\"item\":\"https:\\\/\\\/hierostrasbourg.com\\\/\"},{\"@type\":\"ListItem\",\"position\":2,\"name\":\"L\u2019OP\u00c9RA NATIONAL DU RHIN recrute un machiniste de sc\u00e8ne \u2013 m\u00e9canicien [F\\\/H]\"}]},{\"@type\":\"WebSite\",\"@id\":\"https:\\\/\\\/hierostrasbourg.com\\\/#website\",\"url\":\"https:\\\/\\\/hierostrasbourg.com\\\/\",\"name\":\"HIERO STRASBOURG\",\"description\":\"Centre de Ressources Musiques Actuelles\",\"publisher\":{\"@id\":\"https:\\\/\\\/hierostrasbourg.com\\\/#organization\"},\"potentialAction\":[{\"@type\":\"SearchAction\",\"target\":{\"@type\":\"EntryPoint\",\"urlTemplate\":\"https:\\\/\\\/hierostrasbourg.com\\\/?s={search_term_string}\"},\"query-input\":{\"@type\":\"PropertyValueSpecification\",\"valueRequired\":true,\"valueName\":\"search_term_string\"}}],\"inLanguage\":\"fr-FR\"},{\"@type\":\"Organization\",\"@id\":\"https:\\\/\\\/hierostrasbourg.com\\\/#organization\",\"name\":\"F\u00e9d\u00e9ration Hi\u00e9ro Strasbourg\",\"url\":\"https:\\\/\\\/hierostrasbourg.com\\\/\",\"logo\":{\"@type\":\"ImageObject\",\"inLanguage\":\"fr-FR\",\"@id\":\"https:\\\/\\\/hierostrasbourg.com\\\/#\\\/schema\\\/logo\\\/image\\\/\",\"url\":\"https:\\\/\\\/hierostrasbourg.com\\\/wp-content\\\/uploads\\\/2026\\\/04\\\/logo-hiero-strasbourg.jpg\",\"contentUrl\":\"https:\\\/\\\/hierostrasbourg.com\\\/wp-content\\\/uploads\\\/2026\\\/04\\\/logo-hiero-strasbourg.jpg\",\"width\":204,\"height\":192,\"caption\":\"F\u00e9d\u00e9ration Hi\u00e9ro Strasbourg\"},\"image\":{\"@id\":\"https:\\\/\\\/hierostrasbourg.com\\\/#\\\/schema\\\/logo\\\/image\\\/\"},\"sameAs\":[\"https:\\\/\\\/www.facebook.com\\\/fedehierostrasbourg\",\"https:\\\/\\\/x.com\\\/hierostrasbourg\"]}]}<\/script>\n<!-- \/ Yoast SEO plugin. -->","yoast_head_json":{"title":"L\u2019OP\u00c9RA NATIONAL DU RHIN recrute un machiniste de sc\u00e8ne \u2013 m\u00e9canicien [F\/H] - HIERO STRASBOURG","robots":{"index":"index","follow":"follow","max-snippet":"max-snippet:-1","max-image-preview":"max-image-preview:large","max-video-preview":"max-video-preview:-1"},"canonical":"https:\/\/hierostrasbourg.com\/index.php\/2022\/09\/01\/lopera-national-du-rhin-recrute-un-machiniste-de-scene-mecanicien-f-h\/","og_locale":"fr_FR","og_type":"article","og_title":"L\u2019OP\u00c9RA NATIONAL DU RHIN recrute un machiniste de sc\u00e8ne \u2013 m\u00e9canicien [F\/H] - HIERO STRASBOURG","og_description":"L\u2019Op\u00e9ra national du Rhin, n\u00e9 de la volont\u00e9 des villes de Strasbourg, Mulhouse et Colmar, fait partie des six op\u00e9ras distingu\u00e9s par le label Op\u00e9ra national en r\u00e9gion, et de Centre Chor\u00e9graphique national. Inscrit dans un r\u00e9seau national et international de collaborations artistiques et culturelles, il constitue un p\u00f4le de d\u00e9veloppement lyrique et chor\u00e9graphique, avec des unit\u00e9s de cr\u00e9ation et diffusion r\u00e9parties dans les trois villes, et accueille pr\u00e8s de 120.000 spectateurs par an. Directeur g\u00e9n\u00e9ral : Alain Perroux MISSIONS [&hellip;]","og_url":"https:\/\/hierostrasbourg.com\/index.php\/2022\/09\/01\/lopera-national-du-rhin-recrute-un-machiniste-de-scene-mecanicien-f-h\/","og_site_name":"HIERO STRASBOURG","article_publisher":"https:\/\/www.facebook.com\/fedehierostrasbourg","article_published_time":"2022-09-01T07:35:29+00:00","twitter_card":"summary_large_image","twitter_creator":"@hierostrasbourg","twitter_site":"@hierostrasbourg","twitter_misc":{"Dur\u00e9e de lecture estim\u00e9e":"3 minutes"},"schema":{"@context":"https:\/\/schema.org","@graph":[{"@type":"Article","@id":"https:\/\/hierostrasbourg.com\/index.php\/2022\/09\/01\/lopera-national-du-rhin-recrute-un-machiniste-de-scene-mecanicien-f-h\/#article","isPartOf":{"@id":"https:\/\/hierostrasbourg.com\/index.php\/2022\/09\/01\/lopera-national-du-rhin-recrute-un-machiniste-de-scene-mecanicien-f-h\/"},"author":{"name":"","@id":""},"headline":"L\u2019OP\u00c9RA NATIONAL DU RHIN recrute un machiniste de sc\u00e8ne \u2013 m\u00e9canicien [F\/H]","datePublished":"2022-09-01T07:35:29+00:00","mainEntityOfPage":{"@id":"https:\/\/hierostrasbourg.com\/index.php\/2022\/09\/01\/lopera-national-du-rhin-recrute-un-machiniste-de-scene-mecanicien-f-h\/"},"wordCount":710,"publisher":{"@id":"https:\/\/hierostrasbourg.com\/#organization"},"inLanguage":"fr-FR"},{"@type":"WebPage","@id":"https:\/\/hierostrasbourg.com\/index.php\/2022\/09\/01\/lopera-national-du-rhin-recrute-un-machiniste-de-scene-mecanicien-f-h\/","url":"https:\/\/hierostrasbourg.com\/index.php\/2022\/09\/01\/lopera-national-du-rhin-recrute-un-machiniste-de-scene-mecanicien-f-h\/","name":"L\u2019OP\u00c9RA NATIONAL DU RHIN recrute un machiniste de sc\u00e8ne \u2013 m\u00e9canicien [F\/H] - HIERO STRASBOURG","isPartOf":{"@id":"https:\/\/hierostrasbourg.com\/#website"},"datePublished":"2022-09-01T07:35:29+00:00","breadcrumb":{"@id":"https:\/\/hierostrasbourg.com\/index.php\/2022\/09\/01\/lopera-national-du-rhin-recrute-un-machiniste-de-scene-mecanicien-f-h\/#breadcrumb"},"inLanguage":"fr-FR","potentialAction":[{"@type":"ReadAction","target":["https:\/\/hierostrasbourg.com\/index.php\/2022\/09\/01\/lopera-national-du-rhin-recrute-un-machiniste-de-scene-mecanicien-f-h\/"]}]},{"@type":"BreadcrumbList","@id":"https:\/\/hierostrasbourg.com\/index.php\/2022\/09\/01\/lopera-national-du-rhin-recrute-un-machiniste-de-scene-mecanicien-f-h\/#breadcrumb","itemListElement":[{"@type":"ListItem","position":1,"name":"Accueil","item":"https:\/\/hierostrasbourg.com\/"},{"@type":"ListItem","position":2,"name":"L\u2019OP\u00c9RA NATIONAL DU RHIN recrute un machiniste de sc\u00e8ne \u2013 m\u00e9canicien [F\/H]"}]},{"@type":"WebSite","@id":"https:\/\/hierostrasbourg.com\/#website","url":"https:\/\/hierostrasbourg.com\/","name":"HIERO STRASBOURG","description":"Centre de Ressources Musiques Actuelles","publisher":{"@id":"https:\/\/hierostrasbourg.com\/#organization"},"potentialAction":[{"@type":"SearchAction","target":{"@type":"EntryPoint","urlTemplate":"https:\/\/hierostrasbourg.com\/?s={search_term_string}"},"query-input":{"@type":"PropertyValueSpecification","valueRequired":true,"valueName":"search_term_string"}}],"inLanguage":"fr-FR"},{"@type":"Organization","@id":"https:\/\/hierostrasbourg.com\/#organization","name":"F\u00e9d\u00e9ration Hi\u00e9ro Strasbourg","url":"https:\/\/hierostrasbourg.com\/","logo":{"@type":"ImageObject","inLanguage":"fr-FR","@id":"https:\/\/hierostrasbourg.com\/#\/schema\/logo\/image\/","url":"https:\/\/hierostrasbourg.com\/wp-content\/uploads\/2026\/04\/logo-hiero-strasbourg.jpg","contentUrl":"https:\/\/hierostrasbourg.com\/wp-content\/uploads\/2026\/04\/logo-hiero-strasbourg.jpg","width":204,"height":192,"caption":"F\u00e9d\u00e9ration Hi\u00e9ro Strasbourg"},"image":{"@id":"https:\/\/hierostrasbourg.com\/#\/schema\/logo\/image\/"},"sameAs":["https:\/\/www.facebook.com\/fedehierostrasbourg","https:\/\/x.com\/hierostrasbourg"]}]}},"_links":{"self":[{"href":"https:\/\/hierostrasbourg.com\/index.php\/wp-json\/wp\/v2\/posts\/3499","targetHints":{"allow":["GET"]}}],"collection":[{"href":"https:\/\/hierostrasbourg.com\/index.php\/wp-json\/wp\/v2\/posts"}],"about":[{"href":"https:\/\/hierostrasbourg.com\/index.php\/wp-json\/wp\/v2\/types\/post"}],"replies":[{"embeddable":true,"href":"https:\/\/hierostrasbourg.com\/index.php\/wp-json\/wp\/v2\/comments?post=3499"}],"version-history":[{"count":0,"href":"https:\/\/hierostrasbourg.com\/index.php\/wp-json\/wp\/v2\/posts\/3499\/revisions"}],"wp:attachment":[{"href":"https:\/\/hierostrasbourg.com\/index.php\/wp-json\/wp\/v2\/media?parent=3499"}],"wp:term":[{"taxonomy":"category","embeddable":true,"href":"https:\/\/hierostrasbourg.com\/index.php\/wp-json\/wp\/v2\/categories?post=3499"},{"taxonomy":"post_tag","embeddable":true,"href":"https:\/\/hierostrasbourg.com\/index.php\/wp-json\/wp\/v2\/tags?post=3499"}],"curies":[{"name":"wp","href":"https:\/\/api.w.org\/{rel}","templated":true}]}}