{"id":3498,"date":"2022-08-31T23:33:42","date_gmt":"2022-08-31T21:33:42","guid":{"rendered":"https:\/\/hierostrasbourg.com\/index.php\/2022\/08\/31\/donne-pour-mort-le-cd-renait-de-ses-cendres\/"},"modified":"2022-08-31T23:33:42","modified_gmt":"2022-08-31T21:33:42","slug":"donne-pour-mort-le-cd-renait-de-ses-cendres","status":"publish","type":"post","link":"https:\/\/hierostrasbourg.com\/index.php\/2022\/08\/31\/donne-pour-mort-le-cd-renait-de-ses-cendres\/","title":{"rendered":"Donn\u00e9 pour mort, le CD rena\u00eet de ses cendres"},"content":{"rendered":"<p><a href=\"https:\/\/musiquesactuelles.alsace\/donne-pour-mort-le-cd-renait-de-ses-cendres\/\" title=\"Donn\u00e9 pour mort, le CD rena\u00eet de ses cendres\"><\/a><\/p>\n<p>Le disque compact f\u00eate en ao\u00fbt cette ann\u00e9e ses 40 ans d\u2019existence. Apr\u00e8s avoir compl\u00e8tement supplant\u00e9 le vinyle au cours des ann\u00e9es 1980 et 1990, ce support \u00e9tait donn\u00e9 pour mort il y a dix ans avec l\u2019arriv\u00e9e du num\u00e9rique et le retour en force du microsillon. Mais voil\u00e0 que le CD conna\u00eet aujourd\u2019hui un regain de popularit\u00e9 inattendu chez les m\u00e9lomanes. Source \/ Lire la suite : Donn\u00e9 pour mort, le CD rena\u00eet de ses cendres<\/p>\n<p>L\u2019article <a href=\"https:\/\/musiquesactuelles.alsace\/donne-pour-mort-le-cd-renait-de-ses-cendres\/\">Donn\u00e9 pour mort, le CD rena\u00eet de ses cendres<\/a> est apparu en premier sur <a href=\"https:\/\/musiquesactuelles.alsace\/\">Musiques Actuelles en Alsace<\/a>.<\/p>\n<p>L\u2019article <a href=\"https:\/\/popburo.fr\/donne-pour-mort-le-cd-renait-de-ses-cendres\/\">Donn\u00e9 pour mort, le CD rena\u00eet de ses cendres<\/a> est apparu en premier sur <a href=\"https:\/\/popburo.fr\/\">POP B\u00dcRO<\/a>.<\/p>\n","protected":false},"excerpt":{"rendered":"<p>Le disque compact f\u00eate en ao\u00fbt cette ann\u00e9e ses 40 ans d\u2019existence. Apr\u00e8s avoir compl\u00e8tement supplant\u00e9 le vinyle au cours des ann\u00e9es 1980 et 1990, ce support \u00e9tait donn\u00e9 pour mort il y a dix ans avec l\u2019arriv\u00e9e du num\u00e9rique et le retour en force du microsillon. Mais voil\u00e0 que le CD conna\u00eet aujourd\u2019hui un regain de popularit\u00e9 inattendu chez les m\u00e9lomanes. Source \/ Lire la suite : Donn\u00e9 pour mort, le CD rena\u00eet de ses cendres L\u2019article Donn\u00e9 pour [&hellip;]<\/p>\n","protected":false},"author":0,"featured_media":0,"comment_status":"closed","ping_status":"open","sticky":false,"template":"","format":"standard","meta":{"footnotes":""},"categories":[1],"tags":[],"class_list":["post-3498","post","type-post","status-publish","format-standard","hentry","category-non-classe"],"yoast_head":"<!-- This site is optimized with the Yoast SEO plugin v27.5 - https:\/\/yoast.com\/product\/yoast-seo-wordpress\/ -->\n<title>Donn\u00e9 pour mort, le CD rena\u00eet de ses cendres - HIERO STRASBOURG<\/title>\n<meta name=\"robots\" content=\"index, follow, max-snippet:-1, max-image-preview:large, max-video-preview:-1\" \/>\n<link rel=\"canonical\" href=\"https:\/\/hierostrasbourg.com\/index.php\/2022\/08\/31\/donne-pour-mort-le-cd-renait-de-ses-cendres\/\" \/>\n<meta property=\"og:locale\" content=\"fr_FR\" \/>\n<meta property=\"og:type\" content=\"article\" \/>\n<meta property=\"og:title\" content=\"Donn\u00e9 pour mort, le CD rena\u00eet de ses cendres - HIERO STRASBOURG\" \/>\n<meta property=\"og:description\" content=\"Le disque compact f\u00eate en ao\u00fbt cette ann\u00e9e ses 40 ans d\u2019existence. Apr\u00e8s avoir compl\u00e8tement supplant\u00e9 le vinyle au cours des ann\u00e9es 1980 et 1990, ce support \u00e9tait donn\u00e9 pour mort il y a dix ans avec l\u2019arriv\u00e9e du num\u00e9rique et le retour en force du microsillon. Mais voil\u00e0 que le CD conna\u00eet aujourd\u2019hui un regain de popularit\u00e9 inattendu chez les m\u00e9lomanes. Source \/ Lire la suite : Donn\u00e9 pour mort, le CD rena\u00eet de ses cendres L\u2019article Donn\u00e9 pour [&hellip;]\" \/>\n<meta property=\"og:url\" content=\"https:\/\/hierostrasbourg.com\/index.php\/2022\/08\/31\/donne-pour-mort-le-cd-renait-de-ses-cendres\/\" \/>\n<meta property=\"og:site_name\" content=\"HIERO STRASBOURG\" \/>\n<meta property=\"article:publisher\" content=\"https:\/\/www.facebook.com\/fedehierostrasbourg\" \/>\n<meta property=\"article:published_time\" content=\"2022-08-31T21:33:42+00:00\" \/>\n<meta name=\"twitter:card\" content=\"summary_large_image\" \/>\n<meta name=\"twitter:creator\" content=\"@hierostrasbourg\" \/>\n<meta name=\"twitter:site\" content=\"@hierostrasbourg\" \/>\n<meta name=\"twitter:label1\" content=\"Dur\u00e9e de lecture estim\u00e9e\" \/>\n\t<meta name=\"twitter:data1\" content=\"1 minute\" \/>\n<script type=\"application\/ld+json\" class=\"yoast-schema-graph\">{\"@context\":\"https:\\\/\\\/schema.org\",\"@graph\":[{\"@type\":\"Article\",\"@id\":\"https:\\\/\\\/hierostrasbourg.com\\\/index.php\\\/2022\\\/08\\\/31\\\/donne-pour-mort-le-cd-renait-de-ses-cendres\\\/#article\",\"isPartOf\":{\"@id\":\"https:\\\/\\\/hierostrasbourg.com\\\/index.php\\\/2022\\\/08\\\/31\\\/donne-pour-mort-le-cd-renait-de-ses-cendres\\\/\"},\"author\":{\"name\":\"\",\"@id\":\"\"},\"headline\":\"Donn\u00e9 pour mort, le CD rena\u00eet de ses cendres\",\"datePublished\":\"2022-08-31T21:33:42+00:00\",\"mainEntityOfPage\":{\"@id\":\"https:\\\/\\\/hierostrasbourg.com\\\/index.php\\\/2022\\\/08\\\/31\\\/donne-pour-mort-le-cd-renait-de-ses-cendres\\\/\"},\"wordCount\":137,\"publisher\":{\"@id\":\"https:\\\/\\\/hierostrasbourg.com\\\/#organization\"},\"inLanguage\":\"fr-FR\"},{\"@type\":\"WebPage\",\"@id\":\"https:\\\/\\\/hierostrasbourg.com\\\/index.php\\\/2022\\\/08\\\/31\\\/donne-pour-mort-le-cd-renait-de-ses-cendres\\\/\",\"url\":\"https:\\\/\\\/hierostrasbourg.com\\\/index.php\\\/2022\\\/08\\\/31\\\/donne-pour-mort-le-cd-renait-de-ses-cendres\\\/\",\"name\":\"Donn\u00e9 pour mort, le CD rena\u00eet de ses cendres - HIERO STRASBOURG\",\"isPartOf\":{\"@id\":\"https:\\\/\\\/hierostrasbourg.com\\\/#website\"},\"datePublished\":\"2022-08-31T21:33:42+00:00\",\"breadcrumb\":{\"@id\":\"https:\\\/\\\/hierostrasbourg.com\\\/index.php\\\/2022\\\/08\\\/31\\\/donne-pour-mort-le-cd-renait-de-ses-cendres\\\/#breadcrumb\"},\"inLanguage\":\"fr-FR\",\"potentialAction\":[{\"@type\":\"ReadAction\",\"target\":[\"https:\\\/\\\/hierostrasbourg.com\\\/index.php\\\/2022\\\/08\\\/31\\\/donne-pour-mort-le-cd-renait-de-ses-cendres\\\/\"]}]},{\"@type\":\"BreadcrumbList\",\"@id\":\"https:\\\/\\\/hierostrasbourg.com\\\/index.php\\\/2022\\\/08\\\/31\\\/donne-pour-mort-le-cd-renait-de-ses-cendres\\\/#breadcrumb\",\"itemListElement\":[{\"@type\":\"ListItem\",\"position\":1,\"name\":\"Accueil\",\"item\":\"https:\\\/\\\/hierostrasbourg.com\\\/\"},{\"@type\":\"ListItem\",\"position\":2,\"name\":\"Donn\u00e9 pour mort, le CD rena\u00eet de ses cendres\"}]},{\"@type\":\"WebSite\",\"@id\":\"https:\\\/\\\/hierostrasbourg.com\\\/#website\",\"url\":\"https:\\\/\\\/hierostrasbourg.com\\\/\",\"name\":\"HIERO STRASBOURG\",\"description\":\"Centre de Ressources Musiques Actuelles\",\"publisher\":{\"@id\":\"https:\\\/\\\/hierostrasbourg.com\\\/#organization\"},\"potentialAction\":[{\"@type\":\"SearchAction\",\"target\":{\"@type\":\"EntryPoint\",\"urlTemplate\":\"https:\\\/\\\/hierostrasbourg.com\\\/?s={search_term_string}\"},\"query-input\":{\"@type\":\"PropertyValueSpecification\",\"valueRequired\":true,\"valueName\":\"search_term_string\"}}],\"inLanguage\":\"fr-FR\"},{\"@type\":\"Organization\",\"@id\":\"https:\\\/\\\/hierostrasbourg.com\\\/#organization\",\"name\":\"F\u00e9d\u00e9ration Hi\u00e9ro Strasbourg\",\"url\":\"https:\\\/\\\/hierostrasbourg.com\\\/\",\"logo\":{\"@type\":\"ImageObject\",\"inLanguage\":\"fr-FR\",\"@id\":\"https:\\\/\\\/hierostrasbourg.com\\\/#\\\/schema\\\/logo\\\/image\\\/\",\"url\":\"https:\\\/\\\/hierostrasbourg.com\\\/wp-content\\\/uploads\\\/2026\\\/04\\\/logo-hiero-strasbourg.jpg\",\"contentUrl\":\"https:\\\/\\\/hierostrasbourg.com\\\/wp-content\\\/uploads\\\/2026\\\/04\\\/logo-hiero-strasbourg.jpg\",\"width\":204,\"height\":192,\"caption\":\"F\u00e9d\u00e9ration Hi\u00e9ro Strasbourg\"},\"image\":{\"@id\":\"https:\\\/\\\/hierostrasbourg.com\\\/#\\\/schema\\\/logo\\\/image\\\/\"},\"sameAs\":[\"https:\\\/\\\/www.facebook.com\\\/fedehierostrasbourg\",\"https:\\\/\\\/x.com\\\/hierostrasbourg\"]}]}<\/script>\n<!-- \/ Yoast SEO plugin. -->","yoast_head_json":{"title":"Donn\u00e9 pour mort, le CD rena\u00eet de ses cendres - HIERO STRASBOURG","robots":{"index":"index","follow":"follow","max-snippet":"max-snippet:-1","max-image-preview":"max-image-preview:large","max-video-preview":"max-video-preview:-1"},"canonical":"https:\/\/hierostrasbourg.com\/index.php\/2022\/08\/31\/donne-pour-mort-le-cd-renait-de-ses-cendres\/","og_locale":"fr_FR","og_type":"article","og_title":"Donn\u00e9 pour mort, le CD rena\u00eet de ses cendres - HIERO STRASBOURG","og_description":"Le disque compact f\u00eate en ao\u00fbt cette ann\u00e9e ses 40 ans d\u2019existence. Apr\u00e8s avoir compl\u00e8tement supplant\u00e9 le vinyle au cours des ann\u00e9es 1980 et 1990, ce support \u00e9tait donn\u00e9 pour mort il y a dix ans avec l\u2019arriv\u00e9e du num\u00e9rique et le retour en force du microsillon. Mais voil\u00e0 que le CD conna\u00eet aujourd\u2019hui un regain de popularit\u00e9 inattendu chez les m\u00e9lomanes. Source \/ Lire la suite : Donn\u00e9 pour mort, le CD rena\u00eet de ses cendres L\u2019article Donn\u00e9 pour [&hellip;]","og_url":"https:\/\/hierostrasbourg.com\/index.php\/2022\/08\/31\/donne-pour-mort-le-cd-renait-de-ses-cendres\/","og_site_name":"HIERO STRASBOURG","article_publisher":"https:\/\/www.facebook.com\/fedehierostrasbourg","article_published_time":"2022-08-31T21:33:42+00:00","twitter_card":"summary_large_image","twitter_creator":"@hierostrasbourg","twitter_site":"@hierostrasbourg","twitter_misc":{"Dur\u00e9e de lecture estim\u00e9e":"1 minute"},"schema":{"@context":"https:\/\/schema.org","@graph":[{"@type":"Article","@id":"https:\/\/hierostrasbourg.com\/index.php\/2022\/08\/31\/donne-pour-mort-le-cd-renait-de-ses-cendres\/#article","isPartOf":{"@id":"https:\/\/hierostrasbourg.com\/index.php\/2022\/08\/31\/donne-pour-mort-le-cd-renait-de-ses-cendres\/"},"author":{"name":"","@id":""},"headline":"Donn\u00e9 pour mort, le CD rena\u00eet de ses cendres","datePublished":"2022-08-31T21:33:42+00:00","mainEntityOfPage":{"@id":"https:\/\/hierostrasbourg.com\/index.php\/2022\/08\/31\/donne-pour-mort-le-cd-renait-de-ses-cendres\/"},"wordCount":137,"publisher":{"@id":"https:\/\/hierostrasbourg.com\/#organization"},"inLanguage":"fr-FR"},{"@type":"WebPage","@id":"https:\/\/hierostrasbourg.com\/index.php\/2022\/08\/31\/donne-pour-mort-le-cd-renait-de-ses-cendres\/","url":"https:\/\/hierostrasbourg.com\/index.php\/2022\/08\/31\/donne-pour-mort-le-cd-renait-de-ses-cendres\/","name":"Donn\u00e9 pour mort, le CD rena\u00eet de ses cendres - HIERO STRASBOURG","isPartOf":{"@id":"https:\/\/hierostrasbourg.com\/#website"},"datePublished":"2022-08-31T21:33:42+00:00","breadcrumb":{"@id":"https:\/\/hierostrasbourg.com\/index.php\/2022\/08\/31\/donne-pour-mort-le-cd-renait-de-ses-cendres\/#breadcrumb"},"inLanguage":"fr-FR","potentialAction":[{"@type":"ReadAction","target":["https:\/\/hierostrasbourg.com\/index.php\/2022\/08\/31\/donne-pour-mort-le-cd-renait-de-ses-cendres\/"]}]},{"@type":"BreadcrumbList","@id":"https:\/\/hierostrasbourg.com\/index.php\/2022\/08\/31\/donne-pour-mort-le-cd-renait-de-ses-cendres\/#breadcrumb","itemListElement":[{"@type":"ListItem","position":1,"name":"Accueil","item":"https:\/\/hierostrasbourg.com\/"},{"@type":"ListItem","position":2,"name":"Donn\u00e9 pour mort, le CD rena\u00eet de ses cendres"}]},{"@type":"WebSite","@id":"https:\/\/hierostrasbourg.com\/#website","url":"https:\/\/hierostrasbourg.com\/","name":"HIERO STRASBOURG","description":"Centre de Ressources Musiques Actuelles","publisher":{"@id":"https:\/\/hierostrasbourg.com\/#organization"},"potentialAction":[{"@type":"SearchAction","target":{"@type":"EntryPoint","urlTemplate":"https:\/\/hierostrasbourg.com\/?s={search_term_string}"},"query-input":{"@type":"PropertyValueSpecification","valueRequired":true,"valueName":"search_term_string"}}],"inLanguage":"fr-FR"},{"@type":"Organization","@id":"https:\/\/hierostrasbourg.com\/#organization","name":"F\u00e9d\u00e9ration Hi\u00e9ro Strasbourg","url":"https:\/\/hierostrasbourg.com\/","logo":{"@type":"ImageObject","inLanguage":"fr-FR","@id":"https:\/\/hierostrasbourg.com\/#\/schema\/logo\/image\/","url":"https:\/\/hierostrasbourg.com\/wp-content\/uploads\/2026\/04\/logo-hiero-strasbourg.jpg","contentUrl":"https:\/\/hierostrasbourg.com\/wp-content\/uploads\/2026\/04\/logo-hiero-strasbourg.jpg","width":204,"height":192,"caption":"F\u00e9d\u00e9ration Hi\u00e9ro Strasbourg"},"image":{"@id":"https:\/\/hierostrasbourg.com\/#\/schema\/logo\/image\/"},"sameAs":["https:\/\/www.facebook.com\/fedehierostrasbourg","https:\/\/x.com\/hierostrasbourg"]}]}},"_links":{"self":[{"href":"https:\/\/hierostrasbourg.com\/index.php\/wp-json\/wp\/v2\/posts\/3498","targetHints":{"allow":["GET"]}}],"collection":[{"href":"https:\/\/hierostrasbourg.com\/index.php\/wp-json\/wp\/v2\/posts"}],"about":[{"href":"https:\/\/hierostrasbourg.com\/index.php\/wp-json\/wp\/v2\/types\/post"}],"replies":[{"embeddable":true,"href":"https:\/\/hierostrasbourg.com\/index.php\/wp-json\/wp\/v2\/comments?post=3498"}],"version-history":[{"count":0,"href":"https:\/\/hierostrasbourg.com\/index.php\/wp-json\/wp\/v2\/posts\/3498\/revisions"}],"wp:attachment":[{"href":"https:\/\/hierostrasbourg.com\/index.php\/wp-json\/wp\/v2\/media?parent=3498"}],"wp:term":[{"taxonomy":"category","embeddable":true,"href":"https:\/\/hierostrasbourg.com\/index.php\/wp-json\/wp\/v2\/categories?post=3498"},{"taxonomy":"post_tag","embeddable":true,"href":"https:\/\/hierostrasbourg.com\/index.php\/wp-json\/wp\/v2\/tags?post=3498"}],"curies":[{"name":"wp","href":"https:\/\/api.w.org\/{rel}","templated":true}]}}