{"id":3492,"date":"2022-08-31T11:35:29","date_gmt":"2022-08-31T09:35:29","guid":{"rendered":"https:\/\/hierostrasbourg.com\/index.php\/2022\/08\/31\/pourquoi-la-decentralisation-culturelle-reste-a-faire-2\/"},"modified":"2022-08-31T11:35:29","modified_gmt":"2022-08-31T09:35:29","slug":"pourquoi-la-decentralisation-culturelle-reste-a-faire-2","status":"publish","type":"post","link":"https:\/\/hierostrasbourg.com\/index.php\/2022\/08\/31\/pourquoi-la-decentralisation-culturelle-reste-a-faire-2\/","title":{"rendered":"Pourquoi la d\u00e9centralisation culturelle reste \u00e0 faire"},"content":{"rendered":"<p><a href=\"https:\/\/musiquesactuelles.alsace\/pourquoi-la-decentralisation-culturelle-reste-a-faire\/\" title=\"Pourquoi la d\u00e9centralisation culturelle reste \u00e0 faire\"><\/a><\/p>\n<p>Dans un article publi\u00e9 par la revue Nectart l\u2019universitaire Philippe Teillet, ma\u00eetre de conf\u00e9rences en sciences politiques \u00e0 l\u2019Universit\u00e9 de Grenoble, explique pourquoi la d\u00e9centralisation culturelle a vite trouv\u00e9 ses limites. Il esquisse quelques pistes pour une \u00ab v\u00e9ritable \u00bb coop\u00e9ration culturelle territoriale. Source \/ Lire la suite : Pourquoi la d\u00e9centralisation culturelle reste \u00e0 faire<\/p>\n<p>L\u2019article <a href=\"https:\/\/musiquesactuelles.alsace\/pourquoi-la-decentralisation-culturelle-reste-a-faire\/\">Pourquoi la d\u00e9centralisation culturelle reste \u00e0 faire<\/a> est apparu en premier sur <a href=\"https:\/\/musiquesactuelles.alsace\/\">Musiques Actuelles en Alsace<\/a>.<\/p>\n<p>L\u2019article <a href=\"https:\/\/popburo.fr\/pourquoi-la-decentralisation-culturelle-reste-a-faire-2\/\">Pourquoi la d\u00e9centralisation culturelle reste \u00e0 faire<\/a> est apparu en premier sur <a href=\"https:\/\/popburo.fr\/\">POP B\u00dcRO<\/a>.<\/p>\n","protected":false},"excerpt":{"rendered":"<p>Dans un article publi\u00e9 par la revue Nectart l\u2019universitaire Philippe Teillet, ma\u00eetre de conf\u00e9rences en sciences politiques \u00e0 l\u2019Universit\u00e9 de Grenoble, explique pourquoi la d\u00e9centralisation culturelle a vite trouv\u00e9 ses limites. Il esquisse quelques pistes pour une \u00ab v\u00e9ritable \u00bb coop\u00e9ration culturelle territoriale. Source \/ Lire la suite : Pourquoi la d\u00e9centralisation culturelle reste \u00e0 faire L\u2019article Pourquoi la d\u00e9centralisation culturelle reste \u00e0 faire est apparu en premier sur Musiques Actuelles en Alsace. L\u2019article Pourquoi la d\u00e9centralisation culturelle reste \u00e0 [&hellip;]<\/p>\n","protected":false},"author":0,"featured_media":0,"comment_status":"closed","ping_status":"open","sticky":false,"template":"","format":"standard","meta":{"footnotes":""},"categories":[1],"tags":[],"class_list":["post-3492","post","type-post","status-publish","format-standard","hentry","category-non-classe"],"yoast_head":"<!-- This site is optimized with the Yoast SEO plugin v27.5 - https:\/\/yoast.com\/product\/yoast-seo-wordpress\/ -->\n<title>Pourquoi la d\u00e9centralisation culturelle reste \u00e0 faire - HIERO STRASBOURG<\/title>\n<meta name=\"robots\" content=\"index, follow, max-snippet:-1, max-image-preview:large, max-video-preview:-1\" \/>\n<link rel=\"canonical\" href=\"https:\/\/hierostrasbourg.com\/index.php\/2022\/08\/31\/pourquoi-la-decentralisation-culturelle-reste-a-faire-2\/\" \/>\n<meta property=\"og:locale\" content=\"fr_FR\" \/>\n<meta property=\"og:type\" content=\"article\" \/>\n<meta property=\"og:title\" content=\"Pourquoi la d\u00e9centralisation culturelle reste \u00e0 faire - HIERO STRASBOURG\" \/>\n<meta property=\"og:description\" content=\"Dans un article publi\u00e9 par la revue Nectart l\u2019universitaire Philippe Teillet, ma\u00eetre de conf\u00e9rences en sciences politiques \u00e0 l\u2019Universit\u00e9 de Grenoble, explique pourquoi la d\u00e9centralisation culturelle a vite trouv\u00e9 ses limites. Il esquisse quelques pistes pour une \u00ab v\u00e9ritable \u00bb coop\u00e9ration culturelle territoriale. Source \/ Lire la suite : Pourquoi la d\u00e9centralisation culturelle reste \u00e0 faire L\u2019article Pourquoi la d\u00e9centralisation culturelle reste \u00e0 faire est apparu en premier sur Musiques Actuelles en Alsace. L\u2019article Pourquoi la d\u00e9centralisation culturelle reste \u00e0 [&hellip;]\" \/>\n<meta property=\"og:url\" content=\"https:\/\/hierostrasbourg.com\/index.php\/2022\/08\/31\/pourquoi-la-decentralisation-culturelle-reste-a-faire-2\/\" \/>\n<meta property=\"og:site_name\" content=\"HIERO STRASBOURG\" \/>\n<meta property=\"article:publisher\" content=\"https:\/\/www.facebook.com\/fedehierostrasbourg\" \/>\n<meta property=\"article:published_time\" content=\"2022-08-31T09:35:29+00:00\" \/>\n<meta name=\"twitter:card\" content=\"summary_large_image\" \/>\n<meta name=\"twitter:creator\" content=\"@hierostrasbourg\" \/>\n<meta name=\"twitter:site\" content=\"@hierostrasbourg\" \/>\n<script type=\"application\/ld+json\" class=\"yoast-schema-graph\">{\"@context\":\"https:\\\/\\\/schema.org\",\"@graph\":[{\"@type\":\"Article\",\"@id\":\"https:\\\/\\\/hierostrasbourg.com\\\/index.php\\\/2022\\\/08\\\/31\\\/pourquoi-la-decentralisation-culturelle-reste-a-faire-2\\\/#article\",\"isPartOf\":{\"@id\":\"https:\\\/\\\/hierostrasbourg.com\\\/index.php\\\/2022\\\/08\\\/31\\\/pourquoi-la-decentralisation-culturelle-reste-a-faire-2\\\/\"},\"author\":{\"name\":\"\",\"@id\":\"\"},\"headline\":\"Pourquoi la d\u00e9centralisation culturelle reste \u00e0 faire\",\"datePublished\":\"2022-08-31T09:35:29+00:00\",\"mainEntityOfPage\":{\"@id\":\"https:\\\/\\\/hierostrasbourg.com\\\/index.php\\\/2022\\\/08\\\/31\\\/pourquoi-la-decentralisation-culturelle-reste-a-faire-2\\\/\"},\"wordCount\":100,\"publisher\":{\"@id\":\"https:\\\/\\\/hierostrasbourg.com\\\/#organization\"},\"inLanguage\":\"fr-FR\"},{\"@type\":\"WebPage\",\"@id\":\"https:\\\/\\\/hierostrasbourg.com\\\/index.php\\\/2022\\\/08\\\/31\\\/pourquoi-la-decentralisation-culturelle-reste-a-faire-2\\\/\",\"url\":\"https:\\\/\\\/hierostrasbourg.com\\\/index.php\\\/2022\\\/08\\\/31\\\/pourquoi-la-decentralisation-culturelle-reste-a-faire-2\\\/\",\"name\":\"Pourquoi la d\u00e9centralisation culturelle reste \u00e0 faire - HIERO STRASBOURG\",\"isPartOf\":{\"@id\":\"https:\\\/\\\/hierostrasbourg.com\\\/#website\"},\"datePublished\":\"2022-08-31T09:35:29+00:00\",\"breadcrumb\":{\"@id\":\"https:\\\/\\\/hierostrasbourg.com\\\/index.php\\\/2022\\\/08\\\/31\\\/pourquoi-la-decentralisation-culturelle-reste-a-faire-2\\\/#breadcrumb\"},\"inLanguage\":\"fr-FR\",\"potentialAction\":[{\"@type\":\"ReadAction\",\"target\":[\"https:\\\/\\\/hierostrasbourg.com\\\/index.php\\\/2022\\\/08\\\/31\\\/pourquoi-la-decentralisation-culturelle-reste-a-faire-2\\\/\"]}]},{\"@type\":\"BreadcrumbList\",\"@id\":\"https:\\\/\\\/hierostrasbourg.com\\\/index.php\\\/2022\\\/08\\\/31\\\/pourquoi-la-decentralisation-culturelle-reste-a-faire-2\\\/#breadcrumb\",\"itemListElement\":[{\"@type\":\"ListItem\",\"position\":1,\"name\":\"Accueil\",\"item\":\"https:\\\/\\\/hierostrasbourg.com\\\/\"},{\"@type\":\"ListItem\",\"position\":2,\"name\":\"Pourquoi la d\u00e9centralisation culturelle reste \u00e0 faire\"}]},{\"@type\":\"WebSite\",\"@id\":\"https:\\\/\\\/hierostrasbourg.com\\\/#website\",\"url\":\"https:\\\/\\\/hierostrasbourg.com\\\/\",\"name\":\"HIERO STRASBOURG\",\"description\":\"Centre de Ressources Musiques Actuelles\",\"publisher\":{\"@id\":\"https:\\\/\\\/hierostrasbourg.com\\\/#organization\"},\"potentialAction\":[{\"@type\":\"SearchAction\",\"target\":{\"@type\":\"EntryPoint\",\"urlTemplate\":\"https:\\\/\\\/hierostrasbourg.com\\\/?s={search_term_string}\"},\"query-input\":{\"@type\":\"PropertyValueSpecification\",\"valueRequired\":true,\"valueName\":\"search_term_string\"}}],\"inLanguage\":\"fr-FR\"},{\"@type\":\"Organization\",\"@id\":\"https:\\\/\\\/hierostrasbourg.com\\\/#organization\",\"name\":\"F\u00e9d\u00e9ration Hi\u00e9ro Strasbourg\",\"url\":\"https:\\\/\\\/hierostrasbourg.com\\\/\",\"logo\":{\"@type\":\"ImageObject\",\"inLanguage\":\"fr-FR\",\"@id\":\"https:\\\/\\\/hierostrasbourg.com\\\/#\\\/schema\\\/logo\\\/image\\\/\",\"url\":\"https:\\\/\\\/hierostrasbourg.com\\\/wp-content\\\/uploads\\\/2026\\\/04\\\/logo-hiero-strasbourg.jpg\",\"contentUrl\":\"https:\\\/\\\/hierostrasbourg.com\\\/wp-content\\\/uploads\\\/2026\\\/04\\\/logo-hiero-strasbourg.jpg\",\"width\":204,\"height\":192,\"caption\":\"F\u00e9d\u00e9ration Hi\u00e9ro Strasbourg\"},\"image\":{\"@id\":\"https:\\\/\\\/hierostrasbourg.com\\\/#\\\/schema\\\/logo\\\/image\\\/\"},\"sameAs\":[\"https:\\\/\\\/www.facebook.com\\\/fedehierostrasbourg\",\"https:\\\/\\\/x.com\\\/hierostrasbourg\"]}]}<\/script>\n<!-- \/ Yoast SEO plugin. -->","yoast_head_json":{"title":"Pourquoi la d\u00e9centralisation culturelle reste \u00e0 faire - HIERO STRASBOURG","robots":{"index":"index","follow":"follow","max-snippet":"max-snippet:-1","max-image-preview":"max-image-preview:large","max-video-preview":"max-video-preview:-1"},"canonical":"https:\/\/hierostrasbourg.com\/index.php\/2022\/08\/31\/pourquoi-la-decentralisation-culturelle-reste-a-faire-2\/","og_locale":"fr_FR","og_type":"article","og_title":"Pourquoi la d\u00e9centralisation culturelle reste \u00e0 faire - HIERO STRASBOURG","og_description":"Dans un article publi\u00e9 par la revue Nectart l\u2019universitaire Philippe Teillet, ma\u00eetre de conf\u00e9rences en sciences politiques \u00e0 l\u2019Universit\u00e9 de Grenoble, explique pourquoi la d\u00e9centralisation culturelle a vite trouv\u00e9 ses limites. Il esquisse quelques pistes pour une \u00ab v\u00e9ritable \u00bb coop\u00e9ration culturelle territoriale. Source \/ Lire la suite : Pourquoi la d\u00e9centralisation culturelle reste \u00e0 faire L\u2019article Pourquoi la d\u00e9centralisation culturelle reste \u00e0 faire est apparu en premier sur Musiques Actuelles en Alsace. L\u2019article Pourquoi la d\u00e9centralisation culturelle reste \u00e0 [&hellip;]","og_url":"https:\/\/hierostrasbourg.com\/index.php\/2022\/08\/31\/pourquoi-la-decentralisation-culturelle-reste-a-faire-2\/","og_site_name":"HIERO STRASBOURG","article_publisher":"https:\/\/www.facebook.com\/fedehierostrasbourg","article_published_time":"2022-08-31T09:35:29+00:00","twitter_card":"summary_large_image","twitter_creator":"@hierostrasbourg","twitter_site":"@hierostrasbourg","schema":{"@context":"https:\/\/schema.org","@graph":[{"@type":"Article","@id":"https:\/\/hierostrasbourg.com\/index.php\/2022\/08\/31\/pourquoi-la-decentralisation-culturelle-reste-a-faire-2\/#article","isPartOf":{"@id":"https:\/\/hierostrasbourg.com\/index.php\/2022\/08\/31\/pourquoi-la-decentralisation-culturelle-reste-a-faire-2\/"},"author":{"name":"","@id":""},"headline":"Pourquoi la d\u00e9centralisation culturelle reste \u00e0 faire","datePublished":"2022-08-31T09:35:29+00:00","mainEntityOfPage":{"@id":"https:\/\/hierostrasbourg.com\/index.php\/2022\/08\/31\/pourquoi-la-decentralisation-culturelle-reste-a-faire-2\/"},"wordCount":100,"publisher":{"@id":"https:\/\/hierostrasbourg.com\/#organization"},"inLanguage":"fr-FR"},{"@type":"WebPage","@id":"https:\/\/hierostrasbourg.com\/index.php\/2022\/08\/31\/pourquoi-la-decentralisation-culturelle-reste-a-faire-2\/","url":"https:\/\/hierostrasbourg.com\/index.php\/2022\/08\/31\/pourquoi-la-decentralisation-culturelle-reste-a-faire-2\/","name":"Pourquoi la d\u00e9centralisation culturelle reste \u00e0 faire - HIERO STRASBOURG","isPartOf":{"@id":"https:\/\/hierostrasbourg.com\/#website"},"datePublished":"2022-08-31T09:35:29+00:00","breadcrumb":{"@id":"https:\/\/hierostrasbourg.com\/index.php\/2022\/08\/31\/pourquoi-la-decentralisation-culturelle-reste-a-faire-2\/#breadcrumb"},"inLanguage":"fr-FR","potentialAction":[{"@type":"ReadAction","target":["https:\/\/hierostrasbourg.com\/index.php\/2022\/08\/31\/pourquoi-la-decentralisation-culturelle-reste-a-faire-2\/"]}]},{"@type":"BreadcrumbList","@id":"https:\/\/hierostrasbourg.com\/index.php\/2022\/08\/31\/pourquoi-la-decentralisation-culturelle-reste-a-faire-2\/#breadcrumb","itemListElement":[{"@type":"ListItem","position":1,"name":"Accueil","item":"https:\/\/hierostrasbourg.com\/"},{"@type":"ListItem","position":2,"name":"Pourquoi la d\u00e9centralisation culturelle reste \u00e0 faire"}]},{"@type":"WebSite","@id":"https:\/\/hierostrasbourg.com\/#website","url":"https:\/\/hierostrasbourg.com\/","name":"HIERO STRASBOURG","description":"Centre de Ressources Musiques Actuelles","publisher":{"@id":"https:\/\/hierostrasbourg.com\/#organization"},"potentialAction":[{"@type":"SearchAction","target":{"@type":"EntryPoint","urlTemplate":"https:\/\/hierostrasbourg.com\/?s={search_term_string}"},"query-input":{"@type":"PropertyValueSpecification","valueRequired":true,"valueName":"search_term_string"}}],"inLanguage":"fr-FR"},{"@type":"Organization","@id":"https:\/\/hierostrasbourg.com\/#organization","name":"F\u00e9d\u00e9ration Hi\u00e9ro Strasbourg","url":"https:\/\/hierostrasbourg.com\/","logo":{"@type":"ImageObject","inLanguage":"fr-FR","@id":"https:\/\/hierostrasbourg.com\/#\/schema\/logo\/image\/","url":"https:\/\/hierostrasbourg.com\/wp-content\/uploads\/2026\/04\/logo-hiero-strasbourg.jpg","contentUrl":"https:\/\/hierostrasbourg.com\/wp-content\/uploads\/2026\/04\/logo-hiero-strasbourg.jpg","width":204,"height":192,"caption":"F\u00e9d\u00e9ration Hi\u00e9ro Strasbourg"},"image":{"@id":"https:\/\/hierostrasbourg.com\/#\/schema\/logo\/image\/"},"sameAs":["https:\/\/www.facebook.com\/fedehierostrasbourg","https:\/\/x.com\/hierostrasbourg"]}]}},"_links":{"self":[{"href":"https:\/\/hierostrasbourg.com\/index.php\/wp-json\/wp\/v2\/posts\/3492","targetHints":{"allow":["GET"]}}],"collection":[{"href":"https:\/\/hierostrasbourg.com\/index.php\/wp-json\/wp\/v2\/posts"}],"about":[{"href":"https:\/\/hierostrasbourg.com\/index.php\/wp-json\/wp\/v2\/types\/post"}],"replies":[{"embeddable":true,"href":"https:\/\/hierostrasbourg.com\/index.php\/wp-json\/wp\/v2\/comments?post=3492"}],"version-history":[{"count":0,"href":"https:\/\/hierostrasbourg.com\/index.php\/wp-json\/wp\/v2\/posts\/3492\/revisions"}],"wp:attachment":[{"href":"https:\/\/hierostrasbourg.com\/index.php\/wp-json\/wp\/v2\/media?parent=3492"}],"wp:term":[{"taxonomy":"category","embeddable":true,"href":"https:\/\/hierostrasbourg.com\/index.php\/wp-json\/wp\/v2\/categories?post=3492"},{"taxonomy":"post_tag","embeddable":true,"href":"https:\/\/hierostrasbourg.com\/index.php\/wp-json\/wp\/v2\/tags?post=3492"}],"curies":[{"name":"wp","href":"https:\/\/api.w.org\/{rel}","templated":true}]}}