{"id":3491,"date":"2022-08-31T10:35:05","date_gmt":"2022-08-31T08:35:05","guid":{"rendered":"https:\/\/hierostrasbourg.com\/index.php\/2022\/08\/31\/prestataires-le-syndicat-synpase-sinterroge-sur-les-recrutements-futurs-2\/"},"modified":"2022-08-31T10:35:05","modified_gmt":"2022-08-31T08:35:05","slug":"prestataires-le-syndicat-synpase-sinterroge-sur-les-recrutements-futurs-2","status":"publish","type":"post","link":"https:\/\/hierostrasbourg.com\/index.php\/2022\/08\/31\/prestataires-le-syndicat-synpase-sinterroge-sur-les-recrutements-futurs-2\/","title":{"rendered":"Prestataires : le syndicat Synpase s\u2019interroge sur les recrutements futurs"},"content":{"rendered":"<p><em>La saison a \u00e9t\u00e9 bonne pour les prestataires, dont l\u2019activit\u00e9 a bien repris cette saison. Se pose cependant la question des effectifs, toujours en carence, \u00e0 l\u2019heure o\u00f9 la suractivit\u00e9 se fait toujours ressentir, sans savoir sur quelle dur\u00e9e, soul\u00e8ve Philippe Abergel du syndicat Synpase. <\/em><\/p>\n<p>Source \/ Lire la suite : <a href=\"https:\/\/www.culturematin.com\/production\/materiel\/prestataires-le-syndicat-synpase-s-interroge-sur-les-recrutements-futurs.html?nl=102749&amp;utm_source=email&amp;utm_id=262236&amp;utm_campaign=newsletter-culturematin-2022-08-31\">Prestataires : le syndicat Synpase s\u2019interroge sur les recrutements futurs<\/a><\/p>\n<p>L\u2019article <a href=\"https:\/\/popburo.fr\/prestataires-le-syndicat-synpase-sinterroge-sur-les-recrutements-futurs\/\">Prestataires : le syndicat Synpase s\u2019interroge sur les recrutements futurs<\/a> est apparu en premier sur <a href=\"https:\/\/popburo.fr\/\">POP B\u00dcRO<\/a>.<\/p>\n","protected":false},"excerpt":{"rendered":"<p>La saison a \u00e9t\u00e9 bonne pour les prestataires, dont l\u2019activit\u00e9 a bien repris cette saison. Se pose cependant la question des effectifs, toujours en carence, \u00e0 l\u2019heure o\u00f9 la suractivit\u00e9 se fait toujours ressentir, sans savoir sur quelle dur\u00e9e, soul\u00e8ve Philippe Abergel du syndicat Synpase. Source \/ Lire la suite : Prestataires : le syndicat Synpase s\u2019interroge sur les recrutements futurs L\u2019article Prestataires : le syndicat Synpase s\u2019interroge sur les recrutements futurs est apparu en premier sur POP B\u00dcRO.<\/p>\n","protected":false},"author":0,"featured_media":0,"comment_status":"closed","ping_status":"open","sticky":false,"template":"","format":"standard","meta":{"footnotes":""},"categories":[1],"tags":[],"class_list":["post-3491","post","type-post","status-publish","format-standard","hentry","category-non-classe"],"yoast_head":"<!-- This site is optimized with the Yoast SEO plugin v27.5 - https:\/\/yoast.com\/product\/yoast-seo-wordpress\/ -->\n<title>Prestataires : le syndicat Synpase s\u2019interroge sur les recrutements futurs - HIERO STRASBOURG<\/title>\n<meta name=\"robots\" content=\"index, follow, max-snippet:-1, max-image-preview:large, max-video-preview:-1\" \/>\n<link rel=\"canonical\" href=\"https:\/\/hierostrasbourg.com\/index.php\/2022\/08\/31\/prestataires-le-syndicat-synpase-sinterroge-sur-les-recrutements-futurs-2\/\" \/>\n<meta property=\"og:locale\" content=\"fr_FR\" \/>\n<meta property=\"og:type\" content=\"article\" \/>\n<meta property=\"og:title\" content=\"Prestataires : le syndicat Synpase s\u2019interroge sur les recrutements futurs - HIERO STRASBOURG\" \/>\n<meta property=\"og:description\" content=\"La saison a \u00e9t\u00e9 bonne pour les prestataires, dont l\u2019activit\u00e9 a bien repris cette saison. Se pose cependant la question des effectifs, toujours en carence, \u00e0 l\u2019heure o\u00f9 la suractivit\u00e9 se fait toujours ressentir, sans savoir sur quelle dur\u00e9e, soul\u00e8ve Philippe Abergel du syndicat Synpase. Source \/ Lire la suite : Prestataires : le syndicat Synpase s\u2019interroge sur les recrutements futurs L\u2019article Prestataires : le syndicat Synpase s\u2019interroge sur les recrutements futurs est apparu en premier sur POP B\u00dcRO.\" \/>\n<meta property=\"og:url\" content=\"https:\/\/hierostrasbourg.com\/index.php\/2022\/08\/31\/prestataires-le-syndicat-synpase-sinterroge-sur-les-recrutements-futurs-2\/\" \/>\n<meta property=\"og:site_name\" content=\"HIERO STRASBOURG\" \/>\n<meta property=\"article:publisher\" content=\"https:\/\/www.facebook.com\/fedehierostrasbourg\" \/>\n<meta property=\"article:published_time\" content=\"2022-08-31T08:35:05+00:00\" \/>\n<meta name=\"twitter:card\" content=\"summary_large_image\" \/>\n<meta name=\"twitter:creator\" content=\"@hierostrasbourg\" \/>\n<meta name=\"twitter:site\" content=\"@hierostrasbourg\" \/>\n<script type=\"application\/ld+json\" class=\"yoast-schema-graph\">{\"@context\":\"https:\\\/\\\/schema.org\",\"@graph\":[{\"@type\":\"Article\",\"@id\":\"https:\\\/\\\/hierostrasbourg.com\\\/index.php\\\/2022\\\/08\\\/31\\\/prestataires-le-syndicat-synpase-sinterroge-sur-les-recrutements-futurs-2\\\/#article\",\"isPartOf\":{\"@id\":\"https:\\\/\\\/hierostrasbourg.com\\\/index.php\\\/2022\\\/08\\\/31\\\/prestataires-le-syndicat-synpase-sinterroge-sur-les-recrutements-futurs-2\\\/\"},\"author\":{\"name\":\"\",\"@id\":\"\"},\"headline\":\"Prestataires : le syndicat Synpase s\u2019interroge sur les recrutements futurs\",\"datePublished\":\"2022-08-31T08:35:05+00:00\",\"mainEntityOfPage\":{\"@id\":\"https:\\\/\\\/hierostrasbourg.com\\\/index.php\\\/2022\\\/08\\\/31\\\/prestataires-le-syndicat-synpase-sinterroge-sur-les-recrutements-futurs-2\\\/\"},\"wordCount\":92,\"publisher\":{\"@id\":\"https:\\\/\\\/hierostrasbourg.com\\\/#organization\"},\"inLanguage\":\"fr-FR\"},{\"@type\":\"WebPage\",\"@id\":\"https:\\\/\\\/hierostrasbourg.com\\\/index.php\\\/2022\\\/08\\\/31\\\/prestataires-le-syndicat-synpase-sinterroge-sur-les-recrutements-futurs-2\\\/\",\"url\":\"https:\\\/\\\/hierostrasbourg.com\\\/index.php\\\/2022\\\/08\\\/31\\\/prestataires-le-syndicat-synpase-sinterroge-sur-les-recrutements-futurs-2\\\/\",\"name\":\"Prestataires : le syndicat Synpase s\u2019interroge sur les recrutements futurs - HIERO STRASBOURG\",\"isPartOf\":{\"@id\":\"https:\\\/\\\/hierostrasbourg.com\\\/#website\"},\"datePublished\":\"2022-08-31T08:35:05+00:00\",\"breadcrumb\":{\"@id\":\"https:\\\/\\\/hierostrasbourg.com\\\/index.php\\\/2022\\\/08\\\/31\\\/prestataires-le-syndicat-synpase-sinterroge-sur-les-recrutements-futurs-2\\\/#breadcrumb\"},\"inLanguage\":\"fr-FR\",\"potentialAction\":[{\"@type\":\"ReadAction\",\"target\":[\"https:\\\/\\\/hierostrasbourg.com\\\/index.php\\\/2022\\\/08\\\/31\\\/prestataires-le-syndicat-synpase-sinterroge-sur-les-recrutements-futurs-2\\\/\"]}]},{\"@type\":\"BreadcrumbList\",\"@id\":\"https:\\\/\\\/hierostrasbourg.com\\\/index.php\\\/2022\\\/08\\\/31\\\/prestataires-le-syndicat-synpase-sinterroge-sur-les-recrutements-futurs-2\\\/#breadcrumb\",\"itemListElement\":[{\"@type\":\"ListItem\",\"position\":1,\"name\":\"Accueil\",\"item\":\"https:\\\/\\\/hierostrasbourg.com\\\/\"},{\"@type\":\"ListItem\",\"position\":2,\"name\":\"Prestataires : le syndicat Synpase s\u2019interroge sur les recrutements futurs\"}]},{\"@type\":\"WebSite\",\"@id\":\"https:\\\/\\\/hierostrasbourg.com\\\/#website\",\"url\":\"https:\\\/\\\/hierostrasbourg.com\\\/\",\"name\":\"HIERO STRASBOURG\",\"description\":\"Centre de Ressources Musiques Actuelles\",\"publisher\":{\"@id\":\"https:\\\/\\\/hierostrasbourg.com\\\/#organization\"},\"potentialAction\":[{\"@type\":\"SearchAction\",\"target\":{\"@type\":\"EntryPoint\",\"urlTemplate\":\"https:\\\/\\\/hierostrasbourg.com\\\/?s={search_term_string}\"},\"query-input\":{\"@type\":\"PropertyValueSpecification\",\"valueRequired\":true,\"valueName\":\"search_term_string\"}}],\"inLanguage\":\"fr-FR\"},{\"@type\":\"Organization\",\"@id\":\"https:\\\/\\\/hierostrasbourg.com\\\/#organization\",\"name\":\"F\u00e9d\u00e9ration Hi\u00e9ro Strasbourg\",\"url\":\"https:\\\/\\\/hierostrasbourg.com\\\/\",\"logo\":{\"@type\":\"ImageObject\",\"inLanguage\":\"fr-FR\",\"@id\":\"https:\\\/\\\/hierostrasbourg.com\\\/#\\\/schema\\\/logo\\\/image\\\/\",\"url\":\"https:\\\/\\\/hierostrasbourg.com\\\/wp-content\\\/uploads\\\/2026\\\/04\\\/logo-hiero-strasbourg.jpg\",\"contentUrl\":\"https:\\\/\\\/hierostrasbourg.com\\\/wp-content\\\/uploads\\\/2026\\\/04\\\/logo-hiero-strasbourg.jpg\",\"width\":204,\"height\":192,\"caption\":\"F\u00e9d\u00e9ration Hi\u00e9ro Strasbourg\"},\"image\":{\"@id\":\"https:\\\/\\\/hierostrasbourg.com\\\/#\\\/schema\\\/logo\\\/image\\\/\"},\"sameAs\":[\"https:\\\/\\\/www.facebook.com\\\/fedehierostrasbourg\",\"https:\\\/\\\/x.com\\\/hierostrasbourg\"]}]}<\/script>\n<!-- \/ Yoast SEO plugin. -->","yoast_head_json":{"title":"Prestataires : le syndicat Synpase s\u2019interroge sur les recrutements futurs - HIERO STRASBOURG","robots":{"index":"index","follow":"follow","max-snippet":"max-snippet:-1","max-image-preview":"max-image-preview:large","max-video-preview":"max-video-preview:-1"},"canonical":"https:\/\/hierostrasbourg.com\/index.php\/2022\/08\/31\/prestataires-le-syndicat-synpase-sinterroge-sur-les-recrutements-futurs-2\/","og_locale":"fr_FR","og_type":"article","og_title":"Prestataires : le syndicat Synpase s\u2019interroge sur les recrutements futurs - HIERO STRASBOURG","og_description":"La saison a \u00e9t\u00e9 bonne pour les prestataires, dont l\u2019activit\u00e9 a bien repris cette saison. Se pose cependant la question des effectifs, toujours en carence, \u00e0 l\u2019heure o\u00f9 la suractivit\u00e9 se fait toujours ressentir, sans savoir sur quelle dur\u00e9e, soul\u00e8ve Philippe Abergel du syndicat Synpase. Source \/ Lire la suite : Prestataires : le syndicat Synpase s\u2019interroge sur les recrutements futurs L\u2019article Prestataires : le syndicat Synpase s\u2019interroge sur les recrutements futurs est apparu en premier sur POP B\u00dcRO.","og_url":"https:\/\/hierostrasbourg.com\/index.php\/2022\/08\/31\/prestataires-le-syndicat-synpase-sinterroge-sur-les-recrutements-futurs-2\/","og_site_name":"HIERO STRASBOURG","article_publisher":"https:\/\/www.facebook.com\/fedehierostrasbourg","article_published_time":"2022-08-31T08:35:05+00:00","twitter_card":"summary_large_image","twitter_creator":"@hierostrasbourg","twitter_site":"@hierostrasbourg","schema":{"@context":"https:\/\/schema.org","@graph":[{"@type":"Article","@id":"https:\/\/hierostrasbourg.com\/index.php\/2022\/08\/31\/prestataires-le-syndicat-synpase-sinterroge-sur-les-recrutements-futurs-2\/#article","isPartOf":{"@id":"https:\/\/hierostrasbourg.com\/index.php\/2022\/08\/31\/prestataires-le-syndicat-synpase-sinterroge-sur-les-recrutements-futurs-2\/"},"author":{"name":"","@id":""},"headline":"Prestataires : le syndicat Synpase s\u2019interroge sur les recrutements futurs","datePublished":"2022-08-31T08:35:05+00:00","mainEntityOfPage":{"@id":"https:\/\/hierostrasbourg.com\/index.php\/2022\/08\/31\/prestataires-le-syndicat-synpase-sinterroge-sur-les-recrutements-futurs-2\/"},"wordCount":92,"publisher":{"@id":"https:\/\/hierostrasbourg.com\/#organization"},"inLanguage":"fr-FR"},{"@type":"WebPage","@id":"https:\/\/hierostrasbourg.com\/index.php\/2022\/08\/31\/prestataires-le-syndicat-synpase-sinterroge-sur-les-recrutements-futurs-2\/","url":"https:\/\/hierostrasbourg.com\/index.php\/2022\/08\/31\/prestataires-le-syndicat-synpase-sinterroge-sur-les-recrutements-futurs-2\/","name":"Prestataires : le syndicat Synpase s\u2019interroge sur les recrutements futurs - HIERO STRASBOURG","isPartOf":{"@id":"https:\/\/hierostrasbourg.com\/#website"},"datePublished":"2022-08-31T08:35:05+00:00","breadcrumb":{"@id":"https:\/\/hierostrasbourg.com\/index.php\/2022\/08\/31\/prestataires-le-syndicat-synpase-sinterroge-sur-les-recrutements-futurs-2\/#breadcrumb"},"inLanguage":"fr-FR","potentialAction":[{"@type":"ReadAction","target":["https:\/\/hierostrasbourg.com\/index.php\/2022\/08\/31\/prestataires-le-syndicat-synpase-sinterroge-sur-les-recrutements-futurs-2\/"]}]},{"@type":"BreadcrumbList","@id":"https:\/\/hierostrasbourg.com\/index.php\/2022\/08\/31\/prestataires-le-syndicat-synpase-sinterroge-sur-les-recrutements-futurs-2\/#breadcrumb","itemListElement":[{"@type":"ListItem","position":1,"name":"Accueil","item":"https:\/\/hierostrasbourg.com\/"},{"@type":"ListItem","position":2,"name":"Prestataires : le syndicat Synpase s\u2019interroge sur les recrutements futurs"}]},{"@type":"WebSite","@id":"https:\/\/hierostrasbourg.com\/#website","url":"https:\/\/hierostrasbourg.com\/","name":"HIERO STRASBOURG","description":"Centre de Ressources Musiques Actuelles","publisher":{"@id":"https:\/\/hierostrasbourg.com\/#organization"},"potentialAction":[{"@type":"SearchAction","target":{"@type":"EntryPoint","urlTemplate":"https:\/\/hierostrasbourg.com\/?s={search_term_string}"},"query-input":{"@type":"PropertyValueSpecification","valueRequired":true,"valueName":"search_term_string"}}],"inLanguage":"fr-FR"},{"@type":"Organization","@id":"https:\/\/hierostrasbourg.com\/#organization","name":"F\u00e9d\u00e9ration Hi\u00e9ro Strasbourg","url":"https:\/\/hierostrasbourg.com\/","logo":{"@type":"ImageObject","inLanguage":"fr-FR","@id":"https:\/\/hierostrasbourg.com\/#\/schema\/logo\/image\/","url":"https:\/\/hierostrasbourg.com\/wp-content\/uploads\/2026\/04\/logo-hiero-strasbourg.jpg","contentUrl":"https:\/\/hierostrasbourg.com\/wp-content\/uploads\/2026\/04\/logo-hiero-strasbourg.jpg","width":204,"height":192,"caption":"F\u00e9d\u00e9ration Hi\u00e9ro Strasbourg"},"image":{"@id":"https:\/\/hierostrasbourg.com\/#\/schema\/logo\/image\/"},"sameAs":["https:\/\/www.facebook.com\/fedehierostrasbourg","https:\/\/x.com\/hierostrasbourg"]}]}},"_links":{"self":[{"href":"https:\/\/hierostrasbourg.com\/index.php\/wp-json\/wp\/v2\/posts\/3491","targetHints":{"allow":["GET"]}}],"collection":[{"href":"https:\/\/hierostrasbourg.com\/index.php\/wp-json\/wp\/v2\/posts"}],"about":[{"href":"https:\/\/hierostrasbourg.com\/index.php\/wp-json\/wp\/v2\/types\/post"}],"replies":[{"embeddable":true,"href":"https:\/\/hierostrasbourg.com\/index.php\/wp-json\/wp\/v2\/comments?post=3491"}],"version-history":[{"count":0,"href":"https:\/\/hierostrasbourg.com\/index.php\/wp-json\/wp\/v2\/posts\/3491\/revisions"}],"wp:attachment":[{"href":"https:\/\/hierostrasbourg.com\/index.php\/wp-json\/wp\/v2\/media?parent=3491"}],"wp:term":[{"taxonomy":"category","embeddable":true,"href":"https:\/\/hierostrasbourg.com\/index.php\/wp-json\/wp\/v2\/categories?post=3491"},{"taxonomy":"post_tag","embeddable":true,"href":"https:\/\/hierostrasbourg.com\/index.php\/wp-json\/wp\/v2\/tags?post=3491"}],"curies":[{"name":"wp","href":"https:\/\/api.w.org\/{rel}","templated":true}]}}