{"id":3476,"date":"2022-08-30T15:32:23","date_gmt":"2022-08-30T13:32:23","guid":{"rendered":"https:\/\/hierostrasbourg.com\/index.php\/2022\/08\/30\/le-programme-daide-au-developpement-editorial-pour-les-musiques-actuelles-evolue\/"},"modified":"2022-08-30T15:32:23","modified_gmt":"2022-08-30T13:32:23","slug":"le-programme-daide-au-developpement-editorial-pour-les-musiques-actuelles-evolue","status":"publish","type":"post","link":"https:\/\/hierostrasbourg.com\/index.php\/2022\/08\/30\/le-programme-daide-au-developpement-editorial-pour-les-musiques-actuelles-evolue\/","title":{"rendered":"Le programme d\u2019aide au d\u00e9veloppement \u00e9ditorial pour les musiques actuelles \u00e9volue"},"content":{"rendered":"<p><a href=\"https:\/\/musiquesactuelles.alsace\/le-programme-daide-au-developpement-editorial-pour-les-musiques-actuelles-evolue\/\" title=\"Le programme d\u2019aide au d\u00e9veloppement \u00e9ditorial pour les musiques actuelles \u00e9volue\"><\/a><\/p>\n<p>communiqu\u00e9\u00a0 Afin de prendre mieux en compte les mutations dans la chaine de valeur cr\u00e9ative et la croissance des investissements des \u00e9diteurs pour accompagner l\u2019\u00e9mergence et le d\u00e9veloppement d\u2019auteurs compositeurs\u2026 Ce programme comprend deux volets d\u2019aide\u00a0: l\u2019aide au d\u00e9veloppement des \u0153uvres et du r\u00e9pertoire d\u2019auteurs compositeurs\u00a0(volet 1) et\u00a0l\u2019aide \u00e0 la valorisation du patrimoine des \u00e9diteurs\u00a0(leur catalogue \u00e9ditorial \u2013 volet 2) SUR LE VOLET 1\u00a0: Jusqu\u2019\u00e0 pr\u00e9sent les d\u00e9penses \u00e9ligibles concernaient les d\u00e9penses externes. Or ces d\u00e9penses ne sont qu\u2019une partie [\u2026]<\/p>\n<p>L\u2019article <a href=\"https:\/\/musiquesactuelles.alsace\/le-programme-daide-au-developpement-editorial-pour-les-musiques-actuelles-evolue\/\">Le programme d\u2019aide au d\u00e9veloppement \u00e9ditorial pour les musiques actuelles \u00e9volue<\/a> est apparu en premier sur <a href=\"https:\/\/musiquesactuelles.alsace\/\">Musiques Actuelles en Alsace<\/a>.<\/p>\n<p>L\u2019article <a href=\"https:\/\/popburo.fr\/le-programme-daide-au-developpement-editorial-pour-les-musiques-actuelles-evolue-2\/\">Le programme d\u2019aide au d\u00e9veloppement \u00e9ditorial pour les musiques actuelles \u00e9volue<\/a> est apparu en premier sur <a href=\"https:\/\/popburo.fr\/\">POP B\u00dcRO<\/a>.<\/p>\n","protected":false},"excerpt":{"rendered":"<p>communiqu\u00e9\u00a0 Afin de prendre mieux en compte les mutations dans la chaine de valeur cr\u00e9ative et la croissance des investissements des \u00e9diteurs pour accompagner l\u2019\u00e9mergence et le d\u00e9veloppement d\u2019auteurs compositeurs\u2026 Ce programme comprend deux volets d\u2019aide\u00a0: l\u2019aide au d\u00e9veloppement des \u0153uvres et du r\u00e9pertoire d\u2019auteurs compositeurs\u00a0(volet 1) et\u00a0l\u2019aide \u00e0 la valorisation du patrimoine des \u00e9diteurs\u00a0(leur catalogue \u00e9ditorial \u2013 volet 2) SUR LE VOLET 1\u00a0: Jusqu\u2019\u00e0 pr\u00e9sent les d\u00e9penses \u00e9ligibles concernaient les d\u00e9penses externes. Or ces d\u00e9penses ne sont qu\u2019une partie [&hellip;]<\/p>\n","protected":false},"author":0,"featured_media":0,"comment_status":"closed","ping_status":"open","sticky":false,"template":"","format":"standard","meta":{"footnotes":""},"categories":[1],"tags":[],"class_list":["post-3476","post","type-post","status-publish","format-standard","hentry","category-non-classe"],"yoast_head":"<!-- This site is optimized with the Yoast SEO plugin v27.5 - https:\/\/yoast.com\/product\/yoast-seo-wordpress\/ -->\n<title>Le programme d\u2019aide au d\u00e9veloppement \u00e9ditorial pour les musiques actuelles \u00e9volue - HIERO STRASBOURG<\/title>\n<meta name=\"robots\" content=\"index, follow, max-snippet:-1, max-image-preview:large, max-video-preview:-1\" \/>\n<link rel=\"canonical\" href=\"https:\/\/hierostrasbourg.com\/index.php\/2022\/08\/30\/le-programme-daide-au-developpement-editorial-pour-les-musiques-actuelles-evolue\/\" \/>\n<meta property=\"og:locale\" content=\"fr_FR\" \/>\n<meta property=\"og:type\" content=\"article\" \/>\n<meta property=\"og:title\" content=\"Le programme d\u2019aide au d\u00e9veloppement \u00e9ditorial pour les musiques actuelles \u00e9volue - HIERO STRASBOURG\" \/>\n<meta property=\"og:description\" content=\"communiqu\u00e9\u00a0 Afin de prendre mieux en compte les mutations dans la chaine de valeur cr\u00e9ative et la croissance des investissements des \u00e9diteurs pour accompagner l\u2019\u00e9mergence et le d\u00e9veloppement d\u2019auteurs compositeurs\u2026 Ce programme comprend deux volets d\u2019aide\u00a0: l\u2019aide au d\u00e9veloppement des \u0153uvres et du r\u00e9pertoire d\u2019auteurs compositeurs\u00a0(volet 1) et\u00a0l\u2019aide \u00e0 la valorisation du patrimoine des \u00e9diteurs\u00a0(leur catalogue \u00e9ditorial \u2013 volet 2) SUR LE VOLET 1\u00a0: Jusqu\u2019\u00e0 pr\u00e9sent les d\u00e9penses \u00e9ligibles concernaient les d\u00e9penses externes. Or ces d\u00e9penses ne sont qu\u2019une partie [&hellip;]\" \/>\n<meta property=\"og:url\" content=\"https:\/\/hierostrasbourg.com\/index.php\/2022\/08\/30\/le-programme-daide-au-developpement-editorial-pour-les-musiques-actuelles-evolue\/\" \/>\n<meta property=\"og:site_name\" content=\"HIERO STRASBOURG\" \/>\n<meta property=\"article:publisher\" content=\"https:\/\/www.facebook.com\/fedehierostrasbourg\" \/>\n<meta property=\"article:published_time\" content=\"2022-08-30T13:32:23+00:00\" \/>\n<meta name=\"twitter:card\" content=\"summary_large_image\" \/>\n<meta name=\"twitter:creator\" content=\"@hierostrasbourg\" \/>\n<meta name=\"twitter:site\" content=\"@hierostrasbourg\" \/>\n<meta name=\"twitter:label1\" content=\"Dur\u00e9e de lecture estim\u00e9e\" \/>\n\t<meta name=\"twitter:data1\" content=\"1 minute\" \/>\n<script type=\"application\/ld+json\" class=\"yoast-schema-graph\">{\"@context\":\"https:\\\/\\\/schema.org\",\"@graph\":[{\"@type\":\"Article\",\"@id\":\"https:\\\/\\\/hierostrasbourg.com\\\/index.php\\\/2022\\\/08\\\/30\\\/le-programme-daide-au-developpement-editorial-pour-les-musiques-actuelles-evolue\\\/#article\",\"isPartOf\":{\"@id\":\"https:\\\/\\\/hierostrasbourg.com\\\/index.php\\\/2022\\\/08\\\/30\\\/le-programme-daide-au-developpement-editorial-pour-les-musiques-actuelles-evolue\\\/\"},\"author\":{\"name\":\"\",\"@id\":\"\"},\"headline\":\"Le programme d\u2019aide au d\u00e9veloppement \u00e9ditorial pour les musiques actuelles \u00e9volue\",\"datePublished\":\"2022-08-30T13:32:23+00:00\",\"mainEntityOfPage\":{\"@id\":\"https:\\\/\\\/hierostrasbourg.com\\\/index.php\\\/2022\\\/08\\\/30\\\/le-programme-daide-au-developpement-editorial-pour-les-musiques-actuelles-evolue\\\/\"},\"wordCount\":153,\"publisher\":{\"@id\":\"https:\\\/\\\/hierostrasbourg.com\\\/#organization\"},\"inLanguage\":\"fr-FR\"},{\"@type\":\"WebPage\",\"@id\":\"https:\\\/\\\/hierostrasbourg.com\\\/index.php\\\/2022\\\/08\\\/30\\\/le-programme-daide-au-developpement-editorial-pour-les-musiques-actuelles-evolue\\\/\",\"url\":\"https:\\\/\\\/hierostrasbourg.com\\\/index.php\\\/2022\\\/08\\\/30\\\/le-programme-daide-au-developpement-editorial-pour-les-musiques-actuelles-evolue\\\/\",\"name\":\"Le programme d\u2019aide au d\u00e9veloppement \u00e9ditorial pour les musiques actuelles \u00e9volue - HIERO STRASBOURG\",\"isPartOf\":{\"@id\":\"https:\\\/\\\/hierostrasbourg.com\\\/#website\"},\"datePublished\":\"2022-08-30T13:32:23+00:00\",\"breadcrumb\":{\"@id\":\"https:\\\/\\\/hierostrasbourg.com\\\/index.php\\\/2022\\\/08\\\/30\\\/le-programme-daide-au-developpement-editorial-pour-les-musiques-actuelles-evolue\\\/#breadcrumb\"},\"inLanguage\":\"fr-FR\",\"potentialAction\":[{\"@type\":\"ReadAction\",\"target\":[\"https:\\\/\\\/hierostrasbourg.com\\\/index.php\\\/2022\\\/08\\\/30\\\/le-programme-daide-au-developpement-editorial-pour-les-musiques-actuelles-evolue\\\/\"]}]},{\"@type\":\"BreadcrumbList\",\"@id\":\"https:\\\/\\\/hierostrasbourg.com\\\/index.php\\\/2022\\\/08\\\/30\\\/le-programme-daide-au-developpement-editorial-pour-les-musiques-actuelles-evolue\\\/#breadcrumb\",\"itemListElement\":[{\"@type\":\"ListItem\",\"position\":1,\"name\":\"Accueil\",\"item\":\"https:\\\/\\\/hierostrasbourg.com\\\/\"},{\"@type\":\"ListItem\",\"position\":2,\"name\":\"Le programme d\u2019aide au d\u00e9veloppement \u00e9ditorial pour les musiques actuelles \u00e9volue\"}]},{\"@type\":\"WebSite\",\"@id\":\"https:\\\/\\\/hierostrasbourg.com\\\/#website\",\"url\":\"https:\\\/\\\/hierostrasbourg.com\\\/\",\"name\":\"HIERO STRASBOURG\",\"description\":\"Centre de Ressources Musiques Actuelles\",\"publisher\":{\"@id\":\"https:\\\/\\\/hierostrasbourg.com\\\/#organization\"},\"potentialAction\":[{\"@type\":\"SearchAction\",\"target\":{\"@type\":\"EntryPoint\",\"urlTemplate\":\"https:\\\/\\\/hierostrasbourg.com\\\/?s={search_term_string}\"},\"query-input\":{\"@type\":\"PropertyValueSpecification\",\"valueRequired\":true,\"valueName\":\"search_term_string\"}}],\"inLanguage\":\"fr-FR\"},{\"@type\":\"Organization\",\"@id\":\"https:\\\/\\\/hierostrasbourg.com\\\/#organization\",\"name\":\"F\u00e9d\u00e9ration Hi\u00e9ro Strasbourg\",\"url\":\"https:\\\/\\\/hierostrasbourg.com\\\/\",\"logo\":{\"@type\":\"ImageObject\",\"inLanguage\":\"fr-FR\",\"@id\":\"https:\\\/\\\/hierostrasbourg.com\\\/#\\\/schema\\\/logo\\\/image\\\/\",\"url\":\"https:\\\/\\\/hierostrasbourg.com\\\/wp-content\\\/uploads\\\/2026\\\/04\\\/logo-hiero-strasbourg.jpg\",\"contentUrl\":\"https:\\\/\\\/hierostrasbourg.com\\\/wp-content\\\/uploads\\\/2026\\\/04\\\/logo-hiero-strasbourg.jpg\",\"width\":204,\"height\":192,\"caption\":\"F\u00e9d\u00e9ration Hi\u00e9ro Strasbourg\"},\"image\":{\"@id\":\"https:\\\/\\\/hierostrasbourg.com\\\/#\\\/schema\\\/logo\\\/image\\\/\"},\"sameAs\":[\"https:\\\/\\\/www.facebook.com\\\/fedehierostrasbourg\",\"https:\\\/\\\/x.com\\\/hierostrasbourg\"]}]}<\/script>\n<!-- \/ Yoast SEO plugin. -->","yoast_head_json":{"title":"Le programme d\u2019aide au d\u00e9veloppement \u00e9ditorial pour les musiques actuelles \u00e9volue - HIERO STRASBOURG","robots":{"index":"index","follow":"follow","max-snippet":"max-snippet:-1","max-image-preview":"max-image-preview:large","max-video-preview":"max-video-preview:-1"},"canonical":"https:\/\/hierostrasbourg.com\/index.php\/2022\/08\/30\/le-programme-daide-au-developpement-editorial-pour-les-musiques-actuelles-evolue\/","og_locale":"fr_FR","og_type":"article","og_title":"Le programme d\u2019aide au d\u00e9veloppement \u00e9ditorial pour les musiques actuelles \u00e9volue - HIERO STRASBOURG","og_description":"communiqu\u00e9\u00a0 Afin de prendre mieux en compte les mutations dans la chaine de valeur cr\u00e9ative et la croissance des investissements des \u00e9diteurs pour accompagner l\u2019\u00e9mergence et le d\u00e9veloppement d\u2019auteurs compositeurs\u2026 Ce programme comprend deux volets d\u2019aide\u00a0: l\u2019aide au d\u00e9veloppement des \u0153uvres et du r\u00e9pertoire d\u2019auteurs compositeurs\u00a0(volet 1) et\u00a0l\u2019aide \u00e0 la valorisation du patrimoine des \u00e9diteurs\u00a0(leur catalogue \u00e9ditorial \u2013 volet 2) SUR LE VOLET 1\u00a0: Jusqu\u2019\u00e0 pr\u00e9sent les d\u00e9penses \u00e9ligibles concernaient les d\u00e9penses externes. Or ces d\u00e9penses ne sont qu\u2019une partie [&hellip;]","og_url":"https:\/\/hierostrasbourg.com\/index.php\/2022\/08\/30\/le-programme-daide-au-developpement-editorial-pour-les-musiques-actuelles-evolue\/","og_site_name":"HIERO STRASBOURG","article_publisher":"https:\/\/www.facebook.com\/fedehierostrasbourg","article_published_time":"2022-08-30T13:32:23+00:00","twitter_card":"summary_large_image","twitter_creator":"@hierostrasbourg","twitter_site":"@hierostrasbourg","twitter_misc":{"Dur\u00e9e de lecture estim\u00e9e":"1 minute"},"schema":{"@context":"https:\/\/schema.org","@graph":[{"@type":"Article","@id":"https:\/\/hierostrasbourg.com\/index.php\/2022\/08\/30\/le-programme-daide-au-developpement-editorial-pour-les-musiques-actuelles-evolue\/#article","isPartOf":{"@id":"https:\/\/hierostrasbourg.com\/index.php\/2022\/08\/30\/le-programme-daide-au-developpement-editorial-pour-les-musiques-actuelles-evolue\/"},"author":{"name":"","@id":""},"headline":"Le programme d\u2019aide au d\u00e9veloppement \u00e9ditorial pour les musiques actuelles \u00e9volue","datePublished":"2022-08-30T13:32:23+00:00","mainEntityOfPage":{"@id":"https:\/\/hierostrasbourg.com\/index.php\/2022\/08\/30\/le-programme-daide-au-developpement-editorial-pour-les-musiques-actuelles-evolue\/"},"wordCount":153,"publisher":{"@id":"https:\/\/hierostrasbourg.com\/#organization"},"inLanguage":"fr-FR"},{"@type":"WebPage","@id":"https:\/\/hierostrasbourg.com\/index.php\/2022\/08\/30\/le-programme-daide-au-developpement-editorial-pour-les-musiques-actuelles-evolue\/","url":"https:\/\/hierostrasbourg.com\/index.php\/2022\/08\/30\/le-programme-daide-au-developpement-editorial-pour-les-musiques-actuelles-evolue\/","name":"Le programme d\u2019aide au d\u00e9veloppement \u00e9ditorial pour les musiques actuelles \u00e9volue - HIERO STRASBOURG","isPartOf":{"@id":"https:\/\/hierostrasbourg.com\/#website"},"datePublished":"2022-08-30T13:32:23+00:00","breadcrumb":{"@id":"https:\/\/hierostrasbourg.com\/index.php\/2022\/08\/30\/le-programme-daide-au-developpement-editorial-pour-les-musiques-actuelles-evolue\/#breadcrumb"},"inLanguage":"fr-FR","potentialAction":[{"@type":"ReadAction","target":["https:\/\/hierostrasbourg.com\/index.php\/2022\/08\/30\/le-programme-daide-au-developpement-editorial-pour-les-musiques-actuelles-evolue\/"]}]},{"@type":"BreadcrumbList","@id":"https:\/\/hierostrasbourg.com\/index.php\/2022\/08\/30\/le-programme-daide-au-developpement-editorial-pour-les-musiques-actuelles-evolue\/#breadcrumb","itemListElement":[{"@type":"ListItem","position":1,"name":"Accueil","item":"https:\/\/hierostrasbourg.com\/"},{"@type":"ListItem","position":2,"name":"Le programme d\u2019aide au d\u00e9veloppement \u00e9ditorial pour les musiques actuelles \u00e9volue"}]},{"@type":"WebSite","@id":"https:\/\/hierostrasbourg.com\/#website","url":"https:\/\/hierostrasbourg.com\/","name":"HIERO STRASBOURG","description":"Centre de Ressources Musiques Actuelles","publisher":{"@id":"https:\/\/hierostrasbourg.com\/#organization"},"potentialAction":[{"@type":"SearchAction","target":{"@type":"EntryPoint","urlTemplate":"https:\/\/hierostrasbourg.com\/?s={search_term_string}"},"query-input":{"@type":"PropertyValueSpecification","valueRequired":true,"valueName":"search_term_string"}}],"inLanguage":"fr-FR"},{"@type":"Organization","@id":"https:\/\/hierostrasbourg.com\/#organization","name":"F\u00e9d\u00e9ration Hi\u00e9ro Strasbourg","url":"https:\/\/hierostrasbourg.com\/","logo":{"@type":"ImageObject","inLanguage":"fr-FR","@id":"https:\/\/hierostrasbourg.com\/#\/schema\/logo\/image\/","url":"https:\/\/hierostrasbourg.com\/wp-content\/uploads\/2026\/04\/logo-hiero-strasbourg.jpg","contentUrl":"https:\/\/hierostrasbourg.com\/wp-content\/uploads\/2026\/04\/logo-hiero-strasbourg.jpg","width":204,"height":192,"caption":"F\u00e9d\u00e9ration Hi\u00e9ro Strasbourg"},"image":{"@id":"https:\/\/hierostrasbourg.com\/#\/schema\/logo\/image\/"},"sameAs":["https:\/\/www.facebook.com\/fedehierostrasbourg","https:\/\/x.com\/hierostrasbourg"]}]}},"_links":{"self":[{"href":"https:\/\/hierostrasbourg.com\/index.php\/wp-json\/wp\/v2\/posts\/3476","targetHints":{"allow":["GET"]}}],"collection":[{"href":"https:\/\/hierostrasbourg.com\/index.php\/wp-json\/wp\/v2\/posts"}],"about":[{"href":"https:\/\/hierostrasbourg.com\/index.php\/wp-json\/wp\/v2\/types\/post"}],"replies":[{"embeddable":true,"href":"https:\/\/hierostrasbourg.com\/index.php\/wp-json\/wp\/v2\/comments?post=3476"}],"version-history":[{"count":0,"href":"https:\/\/hierostrasbourg.com\/index.php\/wp-json\/wp\/v2\/posts\/3476\/revisions"}],"wp:attachment":[{"href":"https:\/\/hierostrasbourg.com\/index.php\/wp-json\/wp\/v2\/media?parent=3476"}],"wp:term":[{"taxonomy":"category","embeddable":true,"href":"https:\/\/hierostrasbourg.com\/index.php\/wp-json\/wp\/v2\/categories?post=3476"},{"taxonomy":"post_tag","embeddable":true,"href":"https:\/\/hierostrasbourg.com\/index.php\/wp-json\/wp\/v2\/tags?post=3476"}],"curies":[{"name":"wp","href":"https:\/\/api.w.org\/{rel}","templated":true}]}}